{"id":4959,"date":"2013-08-17T09:47:47","date_gmt":"2013-08-17T07:47:47","guid":{"rendered":"http:\/\/blogs.diariosur.es\/pasarelaurbana\/?p=4959"},"modified":"2013-08-17T09:47:47","modified_gmt":"2013-08-17T07:47:47","slug":"a-la-feria-con-garbo","status":"publish","type":"post","link":"https:\/\/blogs.diariosur.es\/pasarelaurbana\/2013\/08\/17\/a-la-feria-con-garbo\/","title":{"rendered":"A la feria, con garbo"},"content":{"rendered":"<p style=\"text-align: center;\">M\u00e1laga est\u00e1 de feria. Por delante, una semana de fiesta, color, diversi\u00f3n, baile, comidas, reuniones con amigos&#8230;y estilismos. \u00bfC\u00f3mo acertar con los looks estos d\u00edas repletos de actos sociales en los que las jornadas se prolongan, en muchos casos, hasta altas horas de la madrugada? El traje de flamenca ha sido tradicionalmente el gran protagonista del \u2018street style\u2019 de la Feria de M\u00e1laga. Sin embargo, existen otras muchas alternativas con las que deslumbrar tanto en el Centro como en el Real. SUR le propuso a cuatro j\u00f3venes malague\u00f1os estrechamente vinculados con el mundo de la moda compartir en esta pasarela urbana alguno de los\u2018outfits\u2019 que lucir\u00e1n en las casetas durante los pr\u00f3ximos d\u00edas. El resultado de este particular reto son los cuatro looks que ilustran esta p\u00e1gina, alejados del cl\u00e1sico traje de faralaes pero con diferentes gui\u00f1os al folclore andaluz.<\/p>\n<p>\nSe trata de peque\u00f1os detalles que marcan la diferencia. Cuidadas pinceladas que aportan al estilismo ese sello festivo que los hace especiales. En el caso de la blogger Lidia Moreno, los delicados volantes que adornan los pu\u00f1os de su camisa de plumeti de inspiraci\u00f3n rom\u00e1ntica consiguen transformar por completo un \u2018outfit\u2019 sencillo en color marfil donde los complementos juegan un papel determinante. Jennifer Urbano, una estilosa personal shopper, logra el mismo efecto con un espectacular vestido en verde esmeralda de Beatriz Pe\u00f1alver rematado con madro\u00f1os, una terminaci\u00f3n que lo convierte en el vestido perfecto para pasear por la feria.<br \/>\nRosa Ramada, directora y editora de belleza de la revista \u2018Mad about M\u00e1laga\u2019, se decanta por un escote asim\u00e9trico coronado por volantes mientras que el dise\u00f1ador Alberto de Santiago pone la nota festiva con una elegante camisa de lunares.<\/p>\n<p style=\"text-align: center;\">Desde aqu\u00ed un mill\u00f3n de gracias a cada uno de ellos por aceptar este primer reto de Pasarela Urbana  (que tendr\u00e1 continuidad a lo largo de los pr\u00f3ximos meses) y mandarnos estas fotos tan maravillosas.  Os dejo con sus inspiradoras propuestas. Espero que os gusten. \u00a1Feliz feria!<\/p>\n<p><a href=\"\/pasarelaurbana\/wp-content\/uploads\/sites\/49\/2013\/08\/114.jpg\"><img loading=\"lazy\" class=\"aligncenter size-full wp-image-4961\" title=\"SONY DSC\" src=\"\/pasarelaurbana\/wp-content\/uploads\/sites\/49\/2013\/08\/114.jpg\" alt=\"\" width=\"600\" height=\"898\" srcset=\"https:\/\/static-blogs.diariosur.es\/wp-content\/uploads\/sites\/49\/2013\/08\/114.jpg 600w, https:\/\/static-blogs.diariosur.es\/wp-content\/uploads\/sites\/49\/2013\/08\/114-200x300.jpg 200w\" sizes=\"(max-width: 600px) 100vw, 600px\" \/><\/a><!--more--><a href=\"\/pasarelaurbana\/wp-content\/uploads\/sites\/49\/2013\/08\/213.jpg\"><img loading=\"lazy\" class=\"aligncenter size-full wp-image-4962\" title=\"SONY DSC\" src=\"\/pasarelaurbana\/wp-content\/uploads\/sites\/49\/2013\/08\/213.jpg\" alt=\"\" width=\"600\" height=\"401\" srcset=\"https:\/\/static-blogs.diariosur.es\/wp-content\/uploads\/sites\/49\/2013\/08\/213.jpg 600w, https:\/\/static-blogs.diariosur.es\/wp-content\/uploads\/sites\/49\/2013\/08\/213-300x201.jpg 300w\" sizes=\"(max-width: 600px) 100vw, 600px\" \/><\/a><\/p>\n<p><a href=\"\/pasarelaurbana\/wp-content\/uploads\/sites\/49\/2013\/08\/33.jpg\"><img loading=\"lazy\" class=\"aligncenter size-full wp-image-4963\" title=\"SONY DSC\" src=\"\/pasarelaurbana\/wp-content\/uploads\/sites\/49\/2013\/08\/33.jpg\" alt=\"\" width=\"600\" height=\"401\" srcset=\"https:\/\/static-blogs.diariosur.es\/wp-content\/uploads\/sites\/49\/2013\/08\/33.jpg 600w, https:\/\/static-blogs.diariosur.es\/wp-content\/uploads\/sites\/49\/2013\/08\/33-300x201.jpg 300w\" sizes=\"(max-width: 600px) 100vw, 600px\" \/><\/a><\/p>\n<p><a href=\"\/pasarelaurbana\/wp-content\/uploads\/sites\/49\/2013\/08\/43.jpg\"><img loading=\"lazy\" class=\"aligncenter size-full wp-image-4964\" title=\"SONY DSC\" src=\"\/pasarelaurbana\/wp-content\/uploads\/sites\/49\/2013\/08\/43.jpg\" alt=\"\" width=\"600\" height=\"401\" srcset=\"https:\/\/static-blogs.diariosur.es\/wp-content\/uploads\/sites\/49\/2013\/08\/43.jpg 600w, https:\/\/static-blogs.diariosur.es\/wp-content\/uploads\/sites\/49\/2013\/08\/43-300x201.jpg 300w\" sizes=\"(max-width: 600px) 100vw, 600px\" \/><\/a><\/p>\n<p style=\"text-align: center;\"><strong>Lidia Moreno<\/strong>. Blogger (autora de <a href=\"http:\/\/yoymistacones.com\/\" rel=\"external nofollow\">&#8216;Yo y mis tacones&#8217;<\/a>). 26 a\u00f1os<\/p>\n<p style=\"text-align: center;\"><span style=\"text-decoration: underline;\">Un \u2018outfit\u2019 rom\u00e1ntico y sexy con detalles de alta costura<\/span><br \/>\nLidia Moreno, una joven blogger malague\u00f1a, apuesta para un look de feria por el estilo flamenco, pero en peque\u00f1as y acertadas dosis. As\u00ed, en lugar del traje tradicional, la autora del blog \u2018Yo y mis tacones\u2019 se decanta por un \u2018outfit\u2019 alternativo y juvenil en versi\u00f3n \u2018corta\u2019 compuesto por short de guipur en marfil y blusa con tejido de plumeti rematada con llamativos volantes en los pu\u00f1os, ambos del dise\u00f1ador malague\u00f1o Jos\u00e9 Antonio Mart\u00ednez Alarc\u00f3n, conocido como Jote Mart\u00ednez. \u00abMe gustan los trajes que no parezcan de flamenca pero que guarden esa esencia de lo que es la Feria de M\u00e1laga. Indagando por estos lares conoc\u00ed a Jote Mart\u00ednez, participante del certamen de Simof 2012, y me encantaron sus propuestas en las que la comodidad y la creatividad se conjugan para dar forma a estilismos diferentes a los t\u00edpicos trajes\u00bb, explica esta apasionada de la moda de 26 a\u00f1os. Remata el look, que a\u00fana con \u00e9xito el sabor andaluz con la inspiraci\u00f3n rom\u00e1ntica, con unos pendientes XL tambi\u00e9n firmado por Jote Mart\u00ednez Alta Costura y unos peep toes en nude de Zara.<\/p>\n<p style=\"text-align: center;\">Blusa, shorts y complementos: <strong>Jote Mart\u00ednez Alta Costura<\/strong>. <\/p>\n<p style=\"text-align: center;\">Peep Toes:<strong> Zara<\/strong>.<\/p>\n<p>&nbsp;<\/p>\n<p><a href=\"\/pasarelaurbana\/wp-content\/uploads\/sites\/49\/2013\/08\/53.jpg\"><img loading=\"lazy\" class=\"aligncenter size-full wp-image-4965\" title=\"5\" src=\"\/pasarelaurbana\/wp-content\/uploads\/sites\/49\/2013\/08\/53.jpg\" alt=\"\" width=\"600\" height=\"900\" srcset=\"https:\/\/static-blogs.diariosur.es\/wp-content\/uploads\/sites\/49\/2013\/08\/53.jpg 600w, https:\/\/static-blogs.diariosur.es\/wp-content\/uploads\/sites\/49\/2013\/08\/53-200x300.jpg 200w\" sizes=\"(max-width: 600px) 100vw, 600px\" \/><\/a><\/p>\n<p><a href=\"\/pasarelaurbana\/wp-content\/uploads\/sites\/49\/2013\/08\/63.jpg\"><img loading=\"lazy\" class=\"aligncenter size-full wp-image-4966\" title=\"6\" src=\"\/pasarelaurbana\/wp-content\/uploads\/sites\/49\/2013\/08\/63.jpg\" alt=\"\" width=\"600\" height=\"400\" srcset=\"https:\/\/static-blogs.diariosur.es\/wp-content\/uploads\/sites\/49\/2013\/08\/63.jpg 600w, https:\/\/static-blogs.diariosur.es\/wp-content\/uploads\/sites\/49\/2013\/08\/63-300x200.jpg 300w\" sizes=\"(max-width: 600px) 100vw, 600px\" \/><\/a><\/p>\n<p>&nbsp;<\/p>\n<p><a href=\"\/pasarelaurbana\/wp-content\/uploads\/sites\/49\/2013\/08\/83.jpg\"><img loading=\"lazy\" class=\"aligncenter size-full wp-image-4968\" title=\"8\" src=\"\/pasarelaurbana\/wp-content\/uploads\/sites\/49\/2013\/08\/83.jpg\" alt=\"\" width=\"600\" height=\"421\" srcset=\"https:\/\/static-blogs.diariosur.es\/wp-content\/uploads\/sites\/49\/2013\/08\/83.jpg 600w, https:\/\/static-blogs.diariosur.es\/wp-content\/uploads\/sites\/49\/2013\/08\/83-300x211.jpg 300w\" sizes=\"(max-width: 600px) 100vw, 600px\" \/><\/a><\/p>\n<p><a href=\"\/pasarelaurbana\/wp-content\/uploads\/sites\/49\/2013\/08\/7nueva.jpg\"><img loading=\"lazy\" class=\"aligncenter size-full wp-image-4977\" title=\"7nueva\" src=\"\/pasarelaurbana\/wp-content\/uploads\/sites\/49\/2013\/08\/7nueva.jpg\" alt=\"\" width=\"600\" height=\"900\" srcset=\"https:\/\/static-blogs.diariosur.es\/wp-content\/uploads\/sites\/49\/2013\/08\/7nueva.jpg 600w, https:\/\/static-blogs.diariosur.es\/wp-content\/uploads\/sites\/49\/2013\/08\/7nueva-200x300.jpg 200w\" sizes=\"(max-width: 600px) 100vw, 600px\" \/><\/a><\/p>\n<p><a href=\"\/pasarelaurbana\/wp-content\/uploads\/sites\/49\/2013\/08\/93.jpg\"><img loading=\"lazy\" class=\"aligncenter size-full wp-image-4969\" title=\"9\" src=\"\/pasarelaurbana\/wp-content\/uploads\/sites\/49\/2013\/08\/93.jpg\" alt=\"\" width=\"600\" height=\"900\" srcset=\"https:\/\/static-blogs.diariosur.es\/wp-content\/uploads\/sites\/49\/2013\/08\/93.jpg 600w, https:\/\/static-blogs.diariosur.es\/wp-content\/uploads\/sites\/49\/2013\/08\/93-200x300.jpg 200w\" sizes=\"(max-width: 600px) 100vw, 600px\" \/><\/a><\/p>\n<p><a href=\"\/pasarelaurbana\/wp-content\/uploads\/sites\/49\/2013\/08\/103.jpg\"><img loading=\"lazy\" class=\"aligncenter size-full wp-image-4970\" title=\"10\" src=\"\/pasarelaurbana\/wp-content\/uploads\/sites\/49\/2013\/08\/103.jpg\" alt=\"\" width=\"600\" height=\"900\" srcset=\"https:\/\/static-blogs.diariosur.es\/wp-content\/uploads\/sites\/49\/2013\/08\/103.jpg 600w, https:\/\/static-blogs.diariosur.es\/wp-content\/uploads\/sites\/49\/2013\/08\/103-200x300.jpg 200w\" sizes=\"(max-width: 600px) 100vw, 600px\" \/><\/a><\/p>\n<p style=\"text-align: center;\"><strong>Jennifer Urbano<\/strong>. Personal shopper y blogger (autora de<a href=\"http:\/\/www.divinasenace.com\/\" rel=\"external nofollow\"> &#8216;Divina se nace&#8217;)<\/a>. 26 a\u00f1os<\/p>\n<p style=\"text-align: center;\"><span style=\"text-decoration: underline;\">Los madro\u00f1os, el acabado ideal para un look impecable<\/span><br \/>\nSofisticado, c\u00f3modo, muy chic&#8230;y con marcado sabor andaluz. As\u00ed es el \u2018outfit\u2019 que propone Jennifer Urbano, una personal shopper malague\u00f1a de 26 a\u00f1os. Para una jornada de feria, la autora del blog  \u2018Divina se nace\u2019 se decanta por un elegante vestido verde esmeralda ce\u00f1ido con un cintur\u00f3n con borlones y con mangas y bajos rematados con madro\u00f1os en negros. Urbano combina el espectacular modelo, firmado por Beatriz Pe\u00f1alver, con unas sandalias negras de v\u00e9rtigo de Yves Saint Laurent, clutch negro a rayas (el \u2018print\u2019 recuerda a una peineta) y pulseras XL de eslabones dorados \u00abEl look me parece ideal tanto para el d\u00eda como para la noche, c\u00f3modo y sin olvidarnos de que estamos en feria gracias a los madro\u00f1os\u00bb, nos apunt\u00f3.<\/p>\n<p style=\"text-align: center;\">Vestido: <strong>Beatriz Pe\u00f1alver<\/strong>. <\/p>\n<p style=\"text-align: center;\">Sandalias: <strong>Yves Saint Laurent<\/strong>.<\/p>\n<p style=\"text-align: center;\">Clutch: <strong>Parfois<\/strong>.<\/p>\n<p style=\"text-align: center;\">Pulseras: <strong>Joyer\u00eda Kronox (Nerja)<\/strong>.<\/p>\n<p><a href=\"\/pasarelaurbana\/wp-content\/uploads\/sites\/49\/2013\/08\/113.jpg\"><img loading=\"lazy\" class=\"aligncenter size-full wp-image-4960\" title=\"11\" src=\"\/pasarelaurbana\/wp-content\/uploads\/sites\/49\/2013\/08\/113.jpg\" alt=\"\" width=\"600\" height=\"800\" srcset=\"https:\/\/static-blogs.diariosur.es\/wp-content\/uploads\/sites\/49\/2013\/08\/113.jpg 600w, https:\/\/static-blogs.diariosur.es\/wp-content\/uploads\/sites\/49\/2013\/08\/113-225x300.jpg 225w\" sizes=\"(max-width: 600px) 100vw, 600px\" \/><\/a><\/p>\n<p><a href=\"\/pasarelaurbana\/wp-content\/uploads\/sites\/49\/2013\/08\/122.jpg\"><img loading=\"lazy\" class=\"aligncenter size-full wp-image-4972\" title=\"12\" src=\"\/pasarelaurbana\/wp-content\/uploads\/sites\/49\/2013\/08\/122.jpg\" alt=\"\" width=\"600\" height=\"870\" srcset=\"https:\/\/static-blogs.diariosur.es\/wp-content\/uploads\/sites\/49\/2013\/08\/122.jpg 600w, https:\/\/static-blogs.diariosur.es\/wp-content\/uploads\/sites\/49\/2013\/08\/122-207x300.jpg 207w\" sizes=\"(max-width: 600px) 100vw, 600px\" \/><\/a><\/p>\n<p><a href=\"\/pasarelaurbana\/wp-content\/uploads\/sites\/49\/2013\/08\/132.jpg\"><img loading=\"lazy\" class=\"aligncenter size-full wp-image-4973\" title=\"13\" src=\"\/pasarelaurbana\/wp-content\/uploads\/sites\/49\/2013\/08\/132.jpg\" alt=\"\" width=\"600\" height=\"450\" srcset=\"https:\/\/static-blogs.diariosur.es\/wp-content\/uploads\/sites\/49\/2013\/08\/132.jpg 600w, https:\/\/static-blogs.diariosur.es\/wp-content\/uploads\/sites\/49\/2013\/08\/132-300x225.jpg 300w\" sizes=\"(max-width: 600px) 100vw, 600px\" \/><\/a><\/p>\n<p><a href=\"\/pasarelaurbana\/wp-content\/uploads\/sites\/49\/2013\/08\/142.jpg\"><img loading=\"lazy\" class=\"aligncenter size-full wp-image-4974\" title=\"14\" src=\"\/pasarelaurbana\/wp-content\/uploads\/sites\/49\/2013\/08\/142.jpg\" alt=\"\" width=\"600\" height=\"812\" srcset=\"https:\/\/static-blogs.diariosur.es\/wp-content\/uploads\/sites\/49\/2013\/08\/142.jpg 600w, https:\/\/static-blogs.diariosur.es\/wp-content\/uploads\/sites\/49\/2013\/08\/142-222x300.jpg 222w\" sizes=\"(max-width: 600px) 100vw, 600px\" \/><\/a><\/p>\n<p><a href=\"\/pasarelaurbana\/wp-content\/uploads\/sites\/49\/2013\/08\/152.jpg\"><img loading=\"lazy\" class=\"aligncenter size-full wp-image-4975\" title=\"15\" src=\"\/pasarelaurbana\/wp-content\/uploads\/sites\/49\/2013\/08\/152.jpg\" alt=\"\" width=\"600\" height=\"450\" srcset=\"https:\/\/static-blogs.diariosur.es\/wp-content\/uploads\/sites\/49\/2013\/08\/152.jpg 600w, https:\/\/static-blogs.diariosur.es\/wp-content\/uploads\/sites\/49\/2013\/08\/152-300x225.jpg 300w\" sizes=\"(max-width: 600px) 100vw, 600px\" \/><\/a><\/p>\n<p style=\"text-align: center;\"><strong>Alberto de Santiago<\/strong>. Dise\u00f1ador. 24 a\u00f1os<\/p>\n<p style=\"text-align: center;\"><span style=\"text-decoration: underline;\">Camisa de lunares, el toque chic para un perfecto dandy<\/span><br \/>\nUn buen truco para acertar con el estilismo estos d\u00edas consiste en recurrir a cl\u00e1sicos infalibles pero incorporando alg\u00fan gui\u00f1o a la feria. En el caso del joven dise\u00f1ador Alberto de Santiago acierta con un \u2018outfit\u2019 sencillo en azul y negro, compuesto por  chaqueta de lino con doble abotonadura y sin forro \u00abpara combatir las altas temperaturas\u00bb, pitillos y mocasines. \u00abA pesar del calor, me gustan los looks arreglados para feria, por eso apuesto por b\u00e1sicos con prendas que rompan la monoton\u00eda, en este caso una camisa con lunaritos blancos\u00bb, nos detall\u00f3.<\/p>\n<p style=\"text-align: center;\">Camisa y blazer:<strong> Zara<\/strong>. <\/p>\n<p style=\"text-align: center;\">Pantal\u00f3n pitillo: <strong>H&#038;M.<\/strong><\/p>\n<p style=\"text-align: center;\">Mocasines: <strong>Castellanos.<\/strong><\/p>\n<p><a href=\"\/pasarelaurbana\/wp-content\/uploads\/sites\/49\/2013\/08\/182.jpg\"><img loading=\"lazy\" class=\"aligncenter size-full wp-image-4976\" title=\"OLYMPUS DIGITAL CAMERA\" src=\"\/pasarelaurbana\/wp-content\/uploads\/sites\/49\/2013\/08\/182.jpg\" alt=\"\" width=\"600\" height=\"800\" srcset=\"https:\/\/static-blogs.diariosur.es\/wp-content\/uploads\/sites\/49\/2013\/08\/182.jpg 600w, https:\/\/static-blogs.diariosur.es\/wp-content\/uploads\/sites\/49\/2013\/08\/182-225x300.jpg 225w\" sizes=\"(max-width: 600px) 100vw, 600px\" \/><\/a><\/p>\n<p><a href=\"\/pasarelaurbana\/wp-content\/uploads\/sites\/49\/2013\/08\/192.jpg\"><img loading=\"lazy\" class=\"aligncenter size-full wp-image-4971\" title=\"OLYMPUS DIGITAL CAMERA\" src=\"\/pasarelaurbana\/wp-content\/uploads\/sites\/49\/2013\/08\/192.jpg\" alt=\"\" width=\"600\" height=\"800\" srcset=\"https:\/\/static-blogs.diariosur.es\/wp-content\/uploads\/sites\/49\/2013\/08\/192.jpg 600w, https:\/\/static-blogs.diariosur.es\/wp-content\/uploads\/sites\/49\/2013\/08\/192-225x300.jpg 225w\" sizes=\"(max-width: 600px) 100vw, 600px\" \/><\/a><\/p>\n<p style=\"text-align: center;\"><strong>Rosa Ramada<\/strong>. Directora y editora de belleza de la revista <a href=\"http:\/\/www.madaboutmalaga.com\/\" rel=\"external nofollow\">&#8216;Mad about M\u00e1laga&#8217;<\/a>)<\/p>\n<p style=\"text-align: center;\"><span style=\"text-decoration: underline;\">Corte asim\u00e9trico con volantes, una buena opci\u00f3n para el d\u00eda<\/span><br \/>\nAnte la duda de qu\u00e9 ponerse para pasar un d\u00eda de feria, cualquier detalle de volantes siempre es un buen aliado. Rosa Ramada, directora y editora de belleza de la revista \u2018Mad about M\u00e1laga\u2019, los lleva coronando el escote asim\u00e9trico de su vestido, un modelo c\u00f3modo y fresquito de Vila Clothes ideal para lucir durante el d\u00eda. Completa el estilismo con un clutch de Thirty 30 de inspiraci\u00f3n \u00e9tnica y cu\u00f1as de esparto de Sacha London. \u00abLo he elegido porque en verano soy fan\u00e1tica de los vestidos, sobre todo de \u00e9ste, en agua marina. Para huir del \u2018total look\u2019 lo combino con este clutch en tonos naranjas\u00bb, nos explic\u00f3.<\/p>\n<p style=\"text-align: center;\">Vestido: <strong>Vila Clothes<\/strong>.<\/p>\n<p style=\"text-align: center;\">Clutch: <strong>Thirty30<\/strong>.<\/p>\n<p style=\"text-align: center;\">Cu\u00f1as: <strong>Sacha London<\/strong>.<\/p>\n<p style=\"text-align: center;\">\u00a1Qu\u00e9 disfrut\u00e9is de la feria! \u00a1Feliz fin de semana! (Os espero en Twitter: @almunogues)<\/p>\n","protected":false},"excerpt":{"rendered":"<p>M\u00e1laga est\u00e1 de feria. Por delante, una semana de fiesta, color, diversi\u00f3n, baile, comidas, reuniones con amigos&#8230;y estilismos. \u00bfC\u00f3mo acertar con los looks estos d\u00edas repletos de actos sociales en los que las jornadas se prolongan, en muchos casos, hasta altas horas de la madrugada? El traje de flamenca ha sido tradicionalmente el gran protagonista [&hellip;]<\/p>\n","protected":false},"author":54,"featured_media":0,"comment_status":"open","ping_status":"open","sticky":false,"template":"","format":"standard","meta":[],"categories":[2],"tags":[],"_links":{"self":[{"href":"https:\/\/blogs.diariosur.es\/pasarelaurbana\/wp-json\/wp\/v2\/posts\/4959"}],"collection":[{"href":"https:\/\/blogs.diariosur.es\/pasarelaurbana\/wp-json\/wp\/v2\/posts"}],"about":[{"href":"https:\/\/blogs.diariosur.es\/pasarelaurbana\/wp-json\/wp\/v2\/types\/post"}],"author":[{"embeddable":true,"href":"https:\/\/blogs.diariosur.es\/pasarelaurbana\/wp-json\/wp\/v2\/users\/54"}],"replies":[{"embeddable":true,"href":"https:\/\/blogs.diariosur.es\/pasarelaurbana\/wp-json\/wp\/v2\/comments?post=4959"}],"version-history":[{"count":0,"href":"https:\/\/blogs.diariosur.es\/pasarelaurbana\/wp-json\/wp\/v2\/posts\/4959\/revisions"}],"wp:attachment":[{"href":"https:\/\/blogs.diariosur.es\/pasarelaurbana\/wp-json\/wp\/v2\/media?parent=4959"}],"wp:term":[{"taxonomy":"category","embeddable":true,"href":"https:\/\/blogs.diariosur.es\/pasarelaurbana\/wp-json\/wp\/v2\/categories?post=4959"},{"taxonomy":"post_tag","embeddable":true,"href":"https:\/\/blogs.diariosur.es\/pasarelaurbana\/wp-json\/wp\/v2\/tags?post=4959"}],"curies":[{"name":"wp","href":"https:\/\/api.w.org\/{rel}","templated":true}]}}