{"id":4979,"date":"2013-08-24T00:11:09","date_gmt":"2013-08-23T22:11:09","guid":{"rendered":"http:\/\/blogs.diariosur.es\/pasarelaurbana\/?p=4979"},"modified":"2013-08-24T00:11:09","modified_gmt":"2013-08-23T22:11:09","slug":"el-armario-de-manuel-calero","status":"publish","type":"post","link":"https:\/\/blogs.diariosur.es\/pasarelaurbana\/2013\/08\/24\/el-armario-de-manuel-calero\/","title":{"rendered":"El armario de Manuel Calero"},"content":{"rendered":"<p style=\"text-align: center;\">La moda es el epicentro de su vida. \u00abDesde siempre me gusta, la sigo, la estudio&#8230;es mi pasi\u00f3n\u00bb, subraya. \u00bfSu objetivo a la hora de arreglarse? Lo confiesa sin tapujos: \u00abLlamar la atenci\u00f3n, no pasar desapercibido. Los que no somos bonitos nos tenemos que adornar y el primer impacto es fundamental\u00bb, afirma entre risas <strong>Manuel Calero<\/strong>, un empleado de banca de 37 a\u00f1os que se ha ganado por m\u00e9ritos propios el ser conocido como el banquero m\u00e1s fashion de M\u00e1laga. \u00abLas clientas me dicen que les encanta ver qu\u00e9 americana llevo, que reloj, qu\u00e9 pa\u00f1uelo&#8230;Y eso que a la oficina voy m\u00e1s serio y discreto\u00bb, nos cont\u00f3 durante la realizaci\u00f3n de este reportaje, en el taller del dise\u00f1ador Mario Blanca.<br \/>\nDe marcado estilo dandy (en sus looks no faltan las chaquetas con corbata o pajarita), a Calero no hay mezcla que se le resista. Asegura que se atreve con todo. \u00abMis amigos me dicen que soy un circo porque arriesgo mucho. Como dir\u00eda Nati Abascal, me lo pongo todo: lo bueno, lo malo y lo que voy encontrando\u00bb, se\u00f1ala este onubense afincado en M\u00e1laga desde hace seis a\u00f1os y asiduo a todo sarao de moda que se tercie en la provincia.<br \/>\nPara los \u2018outfits\u2019 de d\u00eda Manuel es incondicional a las blazers (en verano las lleva remangadas y muchas veces combinadas con bermudas) en tonalidades tierra mientras que para la noche apuesta por colores vivos como el rojo, el azul klein o el rosa que marida con pantalones de otras gamas crom\u00e1ticas para crear llamativos contrastes. \u00abAnte todo me gusta romper moldes. Lo mismo me pongo una chaqueta s\u00faper arreglada con unos vaqueros muy muy rotos y un faj\u00edn\u00bb, indica.<br \/>\nEn su vestidor, escrupulosamente ordenado por tipo de prendas y colores, no hay sitio para las camisetas -\u00abnunca las uso\u00bb- ni para las\u00a0 camisas negras, \u00abno me favorecen as\u00ed que intento evitarlas\u00bb, revela Calero, para quien los complementos son la piedra angular de sus \u2018outfits\u2019, \u00abes lo que m\u00e1s te define, por eso siempre invierto en ellos\u00bb. \u00bfSu debilidad? Los cinturones a juego con las corbatas, (\u00abla prenda que a mi juicio hace m\u00e1s elegante al hombre\u00bb, dice) y las carteras de mano, que reivindica para el colectivo masculino. \u00abHay modelos fant\u00e1sticos para hombres y son comod\u00edsimas para llevarlo todo y no deformar el bolsillo de los pantalones\u00bb, defiende. Los fajines, los relojes y los pa\u00f1uelos (que luce a juego con su inseparable perrita Martina, de cuatro meses) tampoco faltan en sus estilismos, donde cada detalle est\u00e1 estudiado hasta el mil\u00edmetro con una meta clara: dejar huella. \u00a1Y vaya \u00a0si lo consigue! Os dejo con sus looks al detalle fotografiados por mi compa\u00f1era <strong>Yhasmina Garc\u00eda.<\/strong> Espero que os gusten. Y recordad: estoy disfrutando de mi segunda recta de vacaciones as\u00ed que estar\u00e9 ausente hasta el pr\u00f3ximo s\u00e1bado. Gracias por estar all\u00ed. Muakkkkkk.<\/p>\n<p style=\"text-align: center;\"><a href=\"\/pasarelaurbana\/wp-content\/uploads\/sites\/49\/2013\/08\/115.jpg\"><img loading=\"lazy\" class=\"aligncenter size-full wp-image-4981\" title=\"1\" src=\"\/pasarelaurbana\/wp-content\/uploads\/sites\/49\/2013\/08\/115.jpg\" alt=\"\" width=\"600\" height=\"400\" srcset=\"https:\/\/static-blogs.diariosur.es\/wp-content\/uploads\/sites\/49\/2013\/08\/115.jpg 600w, https:\/\/static-blogs.diariosur.es\/wp-content\/uploads\/sites\/49\/2013\/08\/115-300x200.jpg 300w\" sizes=\"(max-width: 600px) 100vw, 600px\" \/><\/a><!--more--><strong>LOOK DE D\u00cdA<\/strong>: <span style=\"text-decoration: underline;\">Sahariana-+pantal\u00f3n crudo+borsalino+ cartera verde botella<\/span><\/p>\n<p style=\"text-align: center;\"><a href=\"\/pasarelaurbana\/wp-content\/uploads\/sites\/49\/2013\/08\/214.jpg\"><img loading=\"lazy\" class=\"aligncenter size-full wp-image-4982\" title=\"2\" src=\"\/pasarelaurbana\/wp-content\/uploads\/sites\/49\/2013\/08\/214.jpg\" alt=\"\" width=\"600\" height=\"400\" srcset=\"https:\/\/static-blogs.diariosur.es\/wp-content\/uploads\/sites\/49\/2013\/08\/214.jpg 600w, https:\/\/static-blogs.diariosur.es\/wp-content\/uploads\/sites\/49\/2013\/08\/214-300x200.jpg 300w\" sizes=\"(max-width: 600px) 100vw, 600px\" \/><\/a><\/p>\n<p style=\"text-align: center;\"><a href=\"\/pasarelaurbana\/wp-content\/uploads\/sites\/49\/2013\/08\/34.jpg\"><img loading=\"lazy\" class=\"aligncenter size-full wp-image-4983\" title=\"3\" src=\"\/pasarelaurbana\/wp-content\/uploads\/sites\/49\/2013\/08\/34.jpg\" alt=\"\" width=\"600\" height=\"400\" srcset=\"https:\/\/static-blogs.diariosur.es\/wp-content\/uploads\/sites\/49\/2013\/08\/34.jpg 600w, https:\/\/static-blogs.diariosur.es\/wp-content\/uploads\/sites\/49\/2013\/08\/34-300x200.jpg 300w\" sizes=\"(max-width: 600px) 100vw, 600px\" \/><\/a><\/p>\n<p style=\"text-align: center;\"><a href=\"\/pasarelaurbana\/wp-content\/uploads\/sites\/49\/2013\/08\/44.jpg\"><img loading=\"lazy\" class=\"aligncenter size-full wp-image-4984\" title=\"4\" src=\"\/pasarelaurbana\/wp-content\/uploads\/sites\/49\/2013\/08\/44.jpg\" alt=\"\" width=\"600\" height=\"400\" srcset=\"https:\/\/static-blogs.diariosur.es\/wp-content\/uploads\/sites\/49\/2013\/08\/44.jpg 600w, https:\/\/static-blogs.diariosur.es\/wp-content\/uploads\/sites\/49\/2013\/08\/44-300x200.jpg 300w\" sizes=\"(max-width: 600px) 100vw, 600px\" \/><\/a><\/p>\n<p style=\"text-align: center;\"><a href=\"\/pasarelaurbana\/wp-content\/uploads\/sites\/49\/2013\/08\/54.jpg\"><img loading=\"lazy\" class=\"aligncenter size-full wp-image-4985\" title=\"5\" src=\"\/pasarelaurbana\/wp-content\/uploads\/sites\/49\/2013\/08\/54.jpg\" alt=\"\" width=\"600\" height=\"900\" srcset=\"https:\/\/static-blogs.diariosur.es\/wp-content\/uploads\/sites\/49\/2013\/08\/54.jpg 600w, https:\/\/static-blogs.diariosur.es\/wp-content\/uploads\/sites\/49\/2013\/08\/54-200x300.jpg 200w\" sizes=\"(max-width: 600px) 100vw, 600px\" \/><\/a><\/p>\n<p style=\"text-align: center;\"><a href=\"\/pasarelaurbana\/wp-content\/uploads\/sites\/49\/2013\/08\/64.jpg\"><img loading=\"lazy\" class=\"aligncenter size-full wp-image-4986\" title=\"6\" src=\"\/pasarelaurbana\/wp-content\/uploads\/sites\/49\/2013\/08\/64.jpg\" alt=\"\" width=\"600\" height=\"400\" srcset=\"https:\/\/static-blogs.diariosur.es\/wp-content\/uploads\/sites\/49\/2013\/08\/64.jpg 600w, https:\/\/static-blogs.diariosur.es\/wp-content\/uploads\/sites\/49\/2013\/08\/64-300x200.jpg 300w\" sizes=\"(max-width: 600px) 100vw, 600px\" \/><\/a><\/p>\n<p style=\"text-align: center;\"><a href=\"\/pasarelaurbana\/wp-content\/uploads\/sites\/49\/2013\/08\/74.jpg\"><img loading=\"lazy\" class=\"aligncenter size-full wp-image-4987\" title=\"7\" src=\"\/pasarelaurbana\/wp-content\/uploads\/sites\/49\/2013\/08\/74.jpg\" alt=\"\" width=\"600\" height=\"400\" srcset=\"https:\/\/static-blogs.diariosur.es\/wp-content\/uploads\/sites\/49\/2013\/08\/74.jpg 600w, https:\/\/static-blogs.diariosur.es\/wp-content\/uploads\/sites\/49\/2013\/08\/74-300x200.jpg 300w\" sizes=\"(max-width: 600px) 100vw, 600px\" \/><\/a><\/p>\n<p style=\"text-align: center;\"><a href=\"\/pasarelaurbana\/wp-content\/uploads\/sites\/49\/2013\/08\/231.jpg\"><img loading=\"lazy\" class=\"aligncenter size-full wp-image-5002\" title=\"23\" src=\"\/pasarelaurbana\/wp-content\/uploads\/sites\/49\/2013\/08\/231.jpg\" alt=\"\" width=\"600\" height=\"400\" srcset=\"https:\/\/static-blogs.diariosur.es\/wp-content\/uploads\/sites\/49\/2013\/08\/231.jpg 600w, https:\/\/static-blogs.diariosur.es\/wp-content\/uploads\/sites\/49\/2013\/08\/231-300x200.jpg 300w\" sizes=\"(max-width: 600px) 100vw, 600px\" \/><\/a><\/p>\n<p style=\"text-align: center;\">Para el d\u00eda Manuel apuesta por una sahariana con pantal\u00f3n beige (de <strong>Zara<\/strong>), camisa blanca de<strong> Benetton<\/strong>, corbata, reloj, cintur\u00f3n y zapatos de <strong>Gucci. <\/strong>Completa el look con<strong>\u00a0<\/strong>borsalino Panama Jack y cartera de mano verde comprada en una marroquiner\u00eda de Ronda.<\/p>\n<p style=\"text-align: center;\"><strong>PARA IR A CENAR<\/strong>:<span style=\"text-decoration: underline;\"> Look en tonos azules inspirado en el Mediterr\u00e1neo<\/span><\/p>\n<p style=\"text-align: center;\"><a href=\"\/pasarelaurbana\/wp-content\/uploads\/sites\/49\/2013\/08\/84.jpg\"><img loading=\"lazy\" class=\"aligncenter size-full wp-image-4988\" title=\"8\" src=\"\/pasarelaurbana\/wp-content\/uploads\/sites\/49\/2013\/08\/84.jpg\" alt=\"\" width=\"600\" height=\"400\" srcset=\"https:\/\/static-blogs.diariosur.es\/wp-content\/uploads\/sites\/49\/2013\/08\/84.jpg 600w, https:\/\/static-blogs.diariosur.es\/wp-content\/uploads\/sites\/49\/2013\/08\/84-300x200.jpg 300w\" sizes=\"(max-width: 600px) 100vw, 600px\" \/><\/a><\/p>\n<p style=\"text-align: center;\"><a href=\"\/pasarelaurbana\/wp-content\/uploads\/sites\/49\/2013\/08\/94.jpg\"><img loading=\"lazy\" class=\"aligncenter size-full wp-image-4989\" title=\"9\" src=\"\/pasarelaurbana\/wp-content\/uploads\/sites\/49\/2013\/08\/94.jpg\" alt=\"\" width=\"600\" height=\"400\" srcset=\"https:\/\/static-blogs.diariosur.es\/wp-content\/uploads\/sites\/49\/2013\/08\/94.jpg 600w, https:\/\/static-blogs.diariosur.es\/wp-content\/uploads\/sites\/49\/2013\/08\/94-300x200.jpg 300w\" sizes=\"(max-width: 600px) 100vw, 600px\" \/><\/a><\/p>\n<p style=\"text-align: center;\"><a href=\"\/pasarelaurbana\/wp-content\/uploads\/sites\/49\/2013\/08\/133.jpg\"><img loading=\"lazy\" class=\"aligncenter size-full wp-image-4993\" title=\"13\" src=\"\/pasarelaurbana\/wp-content\/uploads\/sites\/49\/2013\/08\/133.jpg\" alt=\"\" width=\"600\" height=\"400\" srcset=\"https:\/\/static-blogs.diariosur.es\/wp-content\/uploads\/sites\/49\/2013\/08\/133.jpg 600w, https:\/\/static-blogs.diariosur.es\/wp-content\/uploads\/sites\/49\/2013\/08\/133-300x200.jpg 300w\" sizes=\"(max-width: 600px) 100vw, 600px\" \/><\/a><\/p>\n<p style=\"text-align: center;\"><a href=\"\/pasarelaurbana\/wp-content\/uploads\/sites\/49\/2013\/08\/143.jpg\"><img loading=\"lazy\" class=\"aligncenter size-full wp-image-4994\" title=\"14\" src=\"\/pasarelaurbana\/wp-content\/uploads\/sites\/49\/2013\/08\/143.jpg\" alt=\"\" width=\"600\" height=\"900\" srcset=\"https:\/\/static-blogs.diariosur.es\/wp-content\/uploads\/sites\/49\/2013\/08\/143.jpg 600w, https:\/\/static-blogs.diariosur.es\/wp-content\/uploads\/sites\/49\/2013\/08\/143-200x300.jpg 200w\" sizes=\"(max-width: 600px) 100vw, 600px\" \/><\/a><\/p>\n<p style=\"text-align: center;\"><a href=\"\/pasarelaurbana\/wp-content\/uploads\/sites\/49\/2013\/08\/104.jpg\"><img loading=\"lazy\" class=\"aligncenter size-full wp-image-4990\" title=\"10\" src=\"\/pasarelaurbana\/wp-content\/uploads\/sites\/49\/2013\/08\/104.jpg\" alt=\"\" width=\"600\" height=\"400\" srcset=\"https:\/\/static-blogs.diariosur.es\/wp-content\/uploads\/sites\/49\/2013\/08\/104.jpg 600w, https:\/\/static-blogs.diariosur.es\/wp-content\/uploads\/sites\/49\/2013\/08\/104-300x200.jpg 300w\" sizes=\"(max-width: 600px) 100vw, 600px\" \/><\/a><\/p>\n<p style=\"text-align: center;\"><a href=\"\/pasarelaurbana\/wp-content\/uploads\/sites\/49\/2013\/08\/116.jpg\"><img loading=\"lazy\" class=\"aligncenter size-full wp-image-4991\" title=\"11\" src=\"\/pasarelaurbana\/wp-content\/uploads\/sites\/49\/2013\/08\/116.jpg\" alt=\"\" width=\"600\" height=\"400\" srcset=\"https:\/\/static-blogs.diariosur.es\/wp-content\/uploads\/sites\/49\/2013\/08\/116.jpg 600w, https:\/\/static-blogs.diariosur.es\/wp-content\/uploads\/sites\/49\/2013\/08\/116-300x200.jpg 300w\" sizes=\"(max-width: 600px) 100vw, 600px\" \/><\/a><\/p>\n<p style=\"text-align: center;\"><a href=\"\/pasarelaurbana\/wp-content\/uploads\/sites\/49\/2013\/08\/123.jpg\"><img loading=\"lazy\" class=\"aligncenter size-full wp-image-4980\" title=\"12\" src=\"\/pasarelaurbana\/wp-content\/uploads\/sites\/49\/2013\/08\/123.jpg\" alt=\"\" width=\"600\" height=\"400\" srcset=\"https:\/\/static-blogs.diariosur.es\/wp-content\/uploads\/sites\/49\/2013\/08\/123.jpg 600w, https:\/\/static-blogs.diariosur.es\/wp-content\/uploads\/sites\/49\/2013\/08\/123-300x200.jpg 300w\" sizes=\"(max-width: 600px) 100vw, 600px\" \/><\/a><\/p>\n<p style=\"text-align: center;\">La inspiraci\u00f3n mediterr\u00e1nea centra su look de noche: blazer azul, pantal\u00f3n blanco y camisa de<strong> Zara<\/strong>. Complementos de <strong>Mario Teo<\/strong> y zapatos italianos de <strong>Muratti<\/strong>. Me gusta el juego de estampados construido con el contraste del vichy de la pajarita y las rayas de la camisa. Ideal el broche del ancla, adquirido en el <strong>mercadillo de Fuengirola<\/strong> que le imprime ese toque navy indispensable en las noches de verano. La cartera de mano es de una marroquiner\u00eda de Ronda de la que es asiduo. El reloj, de oro, herencia familiar.<\/p>\n<p style=\"text-align: center;\"><strong>LOOK PARA UN EVENTO<\/strong>: <span style=\"text-decoration: underline;\">Bicolor black&#038;white con notas rojas y cuadros british. \u00bfLa nota chic? Un collar de flecos de h&#038;m<\/span><\/p>\n<p style=\"text-align: center;\"><a href=\"\/pasarelaurbana\/wp-content\/uploads\/sites\/49\/2013\/08\/162.jpg\"><img loading=\"lazy\" class=\"aligncenter size-full wp-image-4995\" title=\"16\" src=\"\/pasarelaurbana\/wp-content\/uploads\/sites\/49\/2013\/08\/162.jpg\" alt=\"\" width=\"600\" height=\"900\" srcset=\"https:\/\/static-blogs.diariosur.es\/wp-content\/uploads\/sites\/49\/2013\/08\/162.jpg 600w, https:\/\/static-blogs.diariosur.es\/wp-content\/uploads\/sites\/49\/2013\/08\/162-200x300.jpg 200w\" sizes=\"(max-width: 600px) 100vw, 600px\" \/><\/a><\/p>\n<p style=\"text-align: center;\"><a href=\"\/pasarelaurbana\/wp-content\/uploads\/sites\/49\/2013\/08\/172.jpg\"><img loading=\"lazy\" class=\"aligncenter size-full wp-image-4996\" title=\"17\" src=\"\/pasarelaurbana\/wp-content\/uploads\/sites\/49\/2013\/08\/172.jpg\" alt=\"\" width=\"600\" height=\"900\" srcset=\"https:\/\/static-blogs.diariosur.es\/wp-content\/uploads\/sites\/49\/2013\/08\/172.jpg 600w, https:\/\/static-blogs.diariosur.es\/wp-content\/uploads\/sites\/49\/2013\/08\/172-200x300.jpg 200w\" sizes=\"(max-width: 600px) 100vw, 600px\" \/><\/a><\/p>\n<p style=\"text-align: center;\"><a href=\"\/pasarelaurbana\/wp-content\/uploads\/sites\/49\/2013\/08\/183.jpg\"><img loading=\"lazy\" class=\"aligncenter size-full wp-image-4997\" title=\"18\" src=\"\/pasarelaurbana\/wp-content\/uploads\/sites\/49\/2013\/08\/183.jpg\" alt=\"\" width=\"600\" height=\"400\" srcset=\"https:\/\/static-blogs.diariosur.es\/wp-content\/uploads\/sites\/49\/2013\/08\/183.jpg 600w, https:\/\/static-blogs.diariosur.es\/wp-content\/uploads\/sites\/49\/2013\/08\/183-300x200.jpg 300w\" sizes=\"(max-width: 600px) 100vw, 600px\" \/><\/a><\/p>\n<p style=\"text-align: center;\"><a href=\"\/pasarelaurbana\/wp-content\/uploads\/sites\/49\/2013\/08\/193.jpg\"><img loading=\"lazy\" class=\"aligncenter size-full wp-image-4998\" title=\"19\" src=\"\/pasarelaurbana\/wp-content\/uploads\/sites\/49\/2013\/08\/193.jpg\" alt=\"\" width=\"600\" height=\"900\" srcset=\"https:\/\/static-blogs.diariosur.es\/wp-content\/uploads\/sites\/49\/2013\/08\/193.jpg 600w, https:\/\/static-blogs.diariosur.es\/wp-content\/uploads\/sites\/49\/2013\/08\/193-200x300.jpg 200w\" sizes=\"(max-width: 600px) 100vw, 600px\" \/><\/a><\/p>\n<p style=\"text-align: center;\"><a href=\"\/pasarelaurbana\/wp-content\/uploads\/sites\/49\/2013\/08\/202.jpg\"><img loading=\"lazy\" class=\"aligncenter size-full wp-image-4999\" title=\"20\" src=\"\/pasarelaurbana\/wp-content\/uploads\/sites\/49\/2013\/08\/202.jpg\" alt=\"\" width=\"600\" height=\"400\" srcset=\"https:\/\/static-blogs.diariosur.es\/wp-content\/uploads\/sites\/49\/2013\/08\/202.jpg 600w, https:\/\/static-blogs.diariosur.es\/wp-content\/uploads\/sites\/49\/2013\/08\/202-300x200.jpg 300w\" sizes=\"(max-width: 600px) 100vw, 600px\" \/><\/a><\/p>\n<p style=\"text-align: center;\"><a href=\"\/pasarelaurbana\/wp-content\/uploads\/sites\/49\/2013\/08\/215.jpg\"><img loading=\"lazy\" class=\"aligncenter size-full wp-image-5000\" title=\"21\" src=\"\/pasarelaurbana\/wp-content\/uploads\/sites\/49\/2013\/08\/215.jpg\" alt=\"\" width=\"600\" height=\"400\" srcset=\"https:\/\/static-blogs.diariosur.es\/wp-content\/uploads\/sites\/49\/2013\/08\/215.jpg 600w, https:\/\/static-blogs.diariosur.es\/wp-content\/uploads\/sites\/49\/2013\/08\/215-300x200.jpg 300w\" sizes=\"(max-width: 600px) 100vw, 600px\" \/><\/a><\/p>\n<p style=\"text-align: center;\"><a href=\"\/pasarelaurbana\/wp-content\/uploads\/sites\/49\/2013\/08\/221.jpg\"><img loading=\"lazy\" class=\"aligncenter size-full wp-image-5001\" title=\"22\" src=\"\/pasarelaurbana\/wp-content\/uploads\/sites\/49\/2013\/08\/221.jpg\" alt=\"\" width=\"600\" height=\"400\" srcset=\"https:\/\/static-blogs.diariosur.es\/wp-content\/uploads\/sites\/49\/2013\/08\/221.jpg 600w, https:\/\/static-blogs.diariosur.es\/wp-content\/uploads\/sites\/49\/2013\/08\/221-300x200.jpg 300w\" sizes=\"(max-width: 600px) 100vw, 600px\" \/><\/a><\/p>\n<p style=\"text-align: center;\">Su propuesta para un evento: chaqueta de<strong> Zara<\/strong>, camisa con botones met\u00e1licos negros de <strong>El<\/strong>\u00a0<strong>Corte Ingl\u00e9s<\/strong>, collar de flecos de <strong>H&#038;M<\/strong>, pantal\u00f3n de<strong> Massimo Dutti<\/strong> y slippers y pajarita de <strong>Mario Teo<\/strong>.<\/p>\n<p style=\"text-align: center;\">EN SUS LOOKS NO FALTAN&#8230;LOS <strong>ZAPATOS A JUEGO CON LOS COMPLEMENTOS<\/strong><\/p>\n<p style=\"text-align: center;\"><a href=\"\/pasarelaurbana\/wp-content\/uploads\/sites\/49\/2013\/08\/271.jpg\"><img loading=\"lazy\" class=\"aligncenter size-full wp-image-5007\" title=\"27\" src=\"\/pasarelaurbana\/wp-content\/uploads\/sites\/49\/2013\/08\/271.jpg\" alt=\"\" width=\"600\" height=\"400\" srcset=\"https:\/\/static-blogs.diariosur.es\/wp-content\/uploads\/sites\/49\/2013\/08\/271.jpg 600w, https:\/\/static-blogs.diariosur.es\/wp-content\/uploads\/sites\/49\/2013\/08\/271-300x200.jpg 300w\" sizes=\"(max-width: 600px) 100vw, 600px\" \/><\/a><\/p>\n<p style=\"text-align: center;\">En piel, un fondo de armario que combina con todo. Zapatos de <strong>Massimo Dutti<\/strong>, cartera y cintur\u00f3n de <strong>Pedro del Hierro.<\/strong><\/p>\n<p style=\"text-align: center;\"><a href=\"\/pasarelaurbana\/wp-content\/uploads\/sites\/49\/2013\/08\/281.jpg\"><img loading=\"lazy\" class=\"aligncenter size-full wp-image-5008\" title=\"28\" src=\"\/pasarelaurbana\/wp-content\/uploads\/sites\/49\/2013\/08\/281.jpg\" alt=\"\" width=\"600\" height=\"400\" srcset=\"https:\/\/static-blogs.diariosur.es\/wp-content\/uploads\/sites\/49\/2013\/08\/281.jpg 600w, https:\/\/static-blogs.diariosur.es\/wp-content\/uploads\/sites\/49\/2013\/08\/281-300x200.jpg 300w\" sizes=\"(max-width: 600px) 100vw, 600px\" \/><\/a><\/p>\n<p style=\"text-align: center;\">En verde militar y negro, ideal para los looks invernales. Cartera con mini calaveras de un <strong>rastro de Madrid<\/strong>. Zapatos y cintur\u00f3n de <strong>Zara.<\/strong><\/p>\n<p style=\"text-align: center;\"><span style=\"text-decoration: underline;\">SUS COMPLEMENTOS<\/span><\/p>\n<p style=\"text-align: center;\"><a href=\"\/pasarelaurbana\/wp-content\/uploads\/sites\/49\/2013\/08\/242.jpg\"><img loading=\"lazy\" class=\"aligncenter size-full wp-image-5004\" title=\"24\" src=\"\/pasarelaurbana\/wp-content\/uploads\/sites\/49\/2013\/08\/242.jpg\" alt=\"\" width=\"600\" height=\"400\" srcset=\"https:\/\/static-blogs.diariosur.es\/wp-content\/uploads\/sites\/49\/2013\/08\/242.jpg 600w, https:\/\/static-blogs.diariosur.es\/wp-content\/uploads\/sites\/49\/2013\/08\/242-300x200.jpg 300w\" sizes=\"(max-width: 600px) 100vw, 600px\" \/><\/a><\/p>\n<p style=\"text-align: center;\">Parte de su colecci\u00f3n de relojes. Para el d\u00eda a d\u00eda y los usa de colores chillones a juego con la ropa. \u201cSon todos malos, de mercadillos, bazares o tiendas low cost\u201dda explica.<\/p>\n<p style=\"text-align: center;\"><a href=\"\/pasarelaurbana\/wp-content\/uploads\/sites\/49\/2013\/08\/251.jpg\"><img loading=\"lazy\" class=\"aligncenter  wp-image-5005\" title=\"25\" src=\"\/pasarelaurbana\/wp-content\/uploads\/sites\/49\/2013\/08\/251.jpg\" alt=\"\" width=\"600\" height=\"400\" srcset=\"https:\/\/static-blogs.diariosur.es\/wp-content\/uploads\/sites\/49\/2013\/08\/251.jpg 600w, https:\/\/static-blogs.diariosur.es\/wp-content\/uploads\/sites\/49\/2013\/08\/251-300x200.jpg 300w\" sizes=\"(max-width: 600px) 100vw, 600px\" \/><\/a><\/p>\n<p style=\"text-align: center;\">Una muestra de su amplia colecci\u00f3n de pajaritas, pieza que no falta en sus looks. Las de la foto son hechas a medida para \u00e9l en <strong>Mario Teo<\/strong>.<\/p>\n<p style=\"text-align: center;\"><a href=\"\/pasarelaurbana\/wp-content\/uploads\/sites\/49\/2013\/08\/261.jpg\"><img loading=\"lazy\" class=\"aligncenter size-full wp-image-5006\" title=\"26\" src=\"\/pasarelaurbana\/wp-content\/uploads\/sites\/49\/2013\/08\/261.jpg\" alt=\"\" width=\"600\" height=\"400\" srcset=\"https:\/\/static-blogs.diariosur.es\/wp-content\/uploads\/sites\/49\/2013\/08\/261.jpg 600w, https:\/\/static-blogs.diariosur.es\/wp-content\/uploads\/sites\/49\/2013\/08\/261-300x200.jpg 300w\" sizes=\"(max-width: 600px) 100vw, 600px\" \/><\/a><\/p>\n<p style=\"text-align: center;\">Manuel combina los cinturones con las corbatas. Los de arriba son de<strong> Gucci y Sfera<\/strong>. Las corbatas: <strong>Pedro del Hierro, Francisco Pav\u00f3n, Scalpers y Mario Teo<\/strong>.<\/p>\n<p style=\"text-align: center;\"><a href=\"\/pasarelaurbana\/wp-content\/uploads\/sites\/49\/2013\/08\/301.jpg\"><img loading=\"lazy\" class=\"aligncenter size-full wp-image-5010\" title=\"30\" src=\"\/pasarelaurbana\/wp-content\/uploads\/sites\/49\/2013\/08\/301.jpg\" alt=\"\" width=\"600\" height=\"400\" srcset=\"https:\/\/static-blogs.diariosur.es\/wp-content\/uploads\/sites\/49\/2013\/08\/301.jpg 600w, https:\/\/static-blogs.diariosur.es\/wp-content\/uploads\/sites\/49\/2013\/08\/301-300x200.jpg 300w\" sizes=\"(max-width: 600px) 100vw, 600px\" \/><\/a><\/p>\n<p style=\"text-align: center;\"><a href=\"\/pasarelaurbana\/wp-content\/uploads\/sites\/49\/2013\/08\/311.jpg\"><img loading=\"lazy\" class=\"aligncenter size-full wp-image-5011\" title=\"31\" src=\"\/pasarelaurbana\/wp-content\/uploads\/sites\/49\/2013\/08\/311.jpg\" alt=\"\" width=\"600\" height=\"400\" srcset=\"https:\/\/static-blogs.diariosur.es\/wp-content\/uploads\/sites\/49\/2013\/08\/311.jpg 600w, https:\/\/static-blogs.diariosur.es\/wp-content\/uploads\/sites\/49\/2013\/08\/311-300x200.jpg 300w\" sizes=\"(max-width: 600px) 100vw, 600px\" \/><\/a><\/p>\n<p style=\"text-align: center;\"><a href=\"\/pasarelaurbana\/wp-content\/uploads\/sites\/49\/2013\/08\/321.jpg\"><img loading=\"lazy\" class=\"aligncenter size-full wp-image-5003\" title=\"32\" src=\"\/pasarelaurbana\/wp-content\/uploads\/sites\/49\/2013\/08\/321.jpg\" alt=\"\" width=\"600\" height=\"400\" srcset=\"https:\/\/static-blogs.diariosur.es\/wp-content\/uploads\/sites\/49\/2013\/08\/321.jpg 600w, https:\/\/static-blogs.diariosur.es\/wp-content\/uploads\/sites\/49\/2013\/08\/321-300x200.jpg 300w\" sizes=\"(max-width: 600px) 100vw, 600px\" \/><\/a><\/p>\n<p style=\"text-align: center;\">Sobre estas l\u00edneas Manuel y una servidora tras la sesi\u00f3n de fotos. \u00c9l lleva camisa blanca con bordados, chaqueta verde esmeralda y pantalones negros de <strong>Zara<\/strong> y zapatos de <strong>Blanco<\/strong>. La pajarita y el faj\u00edn, ambos con print de cisnes son de <strong>Mario Teo<\/strong>. El broche de pedrer\u00eda con forma de tortuga es de un <strong>bazar<\/strong> de Torremolinos. \u00bfUn truco? Remangarse la blazer para lucir pulseras y conseguir un resultado menos formal. En mi caso llevo camiseta azul klein y falda rom\u00e1ntica de encajes de <strong>Zara<\/strong>. \u00a0Las cu\u00f1as son de <strong>Oysho<\/strong> y el collar \u00e9tnico de <strong>Sfera<\/strong>.<\/p>\n<p style=\"text-align: center;\">Desde aqu\u00ed un mill\u00f3n de gracias a Mario Blanca por abrirnos las puertas de su espectacular taller (decorado con un gusto exquisito) y hacernos sentir como en casa.<\/p>\n<p style=\"text-align: center;\"><span style=\"text-decoration: underline;\">SU RUTA DE TIENDAS<\/span><\/p>\n<p style=\"text-align: center;\">1. <strong>Mario Teo<\/strong>. Su templo para corbatas, pajaritas y dem\u00e1s complementos.<br \/>\n2. <strong>Francisco Pav\u00f3n<\/strong>. Es otra de sus paradas obligadas para corbatas.<br \/>\n3. <strong>Zara<\/strong>. Al gigante de Inditex recurre para adquirir tendencias de temporada.<br \/>\n4. <strong>Massimo Dutt<\/strong>i. En esta firma busca ropa m\u00e1s cl\u00e1sica para ir a la oficina.<br \/>\n5. <strong>Emilio Tucci<\/strong>. Es una de sus marcas favoritas en cuanto a trajes.<\/p>\n<p style=\"text-align: center;\">\u00a1Espero que os haya gustado, feliz fin de semana!<\/p>\n","protected":false},"excerpt":{"rendered":"<p>La moda es el epicentro de su vida. \u00abDesde siempre me gusta, la sigo, la estudio&#8230;es mi pasi\u00f3n\u00bb, subraya. \u00bfSu objetivo a la hora de arreglarse? Lo confiesa sin tapujos: \u00abLlamar la atenci\u00f3n, no pasar desapercibido. Los que no somos bonitos nos tenemos que adornar y el primer impacto es fundamental\u00bb, afirma entre risas Manuel [&hellip;]<\/p>\n","protected":false},"author":54,"featured_media":0,"comment_status":"open","ping_status":"open","sticky":false,"template":"","format":"standard","meta":[],"categories":[2],"tags":[],"_links":{"self":[{"href":"https:\/\/blogs.diariosur.es\/pasarelaurbana\/wp-json\/wp\/v2\/posts\/4979"}],"collection":[{"href":"https:\/\/blogs.diariosur.es\/pasarelaurbana\/wp-json\/wp\/v2\/posts"}],"about":[{"href":"https:\/\/blogs.diariosur.es\/pasarelaurbana\/wp-json\/wp\/v2\/types\/post"}],"author":[{"embeddable":true,"href":"https:\/\/blogs.diariosur.es\/pasarelaurbana\/wp-json\/wp\/v2\/users\/54"}],"replies":[{"embeddable":true,"href":"https:\/\/blogs.diariosur.es\/pasarelaurbana\/wp-json\/wp\/v2\/comments?post=4979"}],"version-history":[{"count":0,"href":"https:\/\/blogs.diariosur.es\/pasarelaurbana\/wp-json\/wp\/v2\/posts\/4979\/revisions"}],"wp:attachment":[{"href":"https:\/\/blogs.diariosur.es\/pasarelaurbana\/wp-json\/wp\/v2\/media?parent=4979"}],"wp:term":[{"taxonomy":"category","embeddable":true,"href":"https:\/\/blogs.diariosur.es\/pasarelaurbana\/wp-json\/wp\/v2\/categories?post=4979"},{"taxonomy":"post_tag","embeddable":true,"href":"https:\/\/blogs.diariosur.es\/pasarelaurbana\/wp-json\/wp\/v2\/tags?post=4979"}],"curies":[{"name":"wp","href":"https:\/\/api.w.org\/{rel}","templated":true}]}}