{"id":5012,"date":"2013-08-30T23:25:31","date_gmt":"2013-08-30T21:25:31","guid":{"rendered":"http:\/\/blogs.diariosur.es\/pasarelaurbana\/?p=5012"},"modified":"2013-08-30T23:25:31","modified_gmt":"2013-08-30T21:25:31","slug":"laura-olea-estrena-tienda-on-line-de-tocados","status":"publish","type":"post","link":"https:\/\/blogs.diariosur.es\/pasarelaurbana\/2013\/08\/30\/laura-olea-estrena-tienda-on-line-de-tocados\/","title":{"rendered":"Laura Olea estrena tienda &#039;on line&#039; de tocados"},"content":{"rendered":"<p style=\"text-align: center;\">En los tiempos que corren no basta con \u00a0tener un imponente taller en pleno Centro (en calle Strachan, 4 para m\u00e1s se\u00f1as). Tambi\u00e9n hay que tener el arranque para abrir una ventana al ciberespacio desde donde estar abiertos las 24 horas del d\u00eda en todos los rincones del mundo. Renovarse o morir. As\u00ed son las reglas del arrollante siglo XXI. \u00a0Y de tener olfato y capacidad emprendedora sabe muy mucho la malague\u00f1a <strong>Laura Olea<\/strong>. Sus creaciones destilan elegancia, sofisticaci\u00f3n y buen gusto. Tocados, turbantes y pamelas imprescindibles para rematar un buen look cuando se acude, por ejemplo, de invitada a un evento. Para Olea, el tocado es el broche de oro de todo estilismo,, \u201csiempre resulta definitivo y perfecto\u201d, me apunt\u00f3 hace meses en una charla. Preguntada por el rasgo que define y caracteriza a sus obras, la malague\u00f1a, 100% exigente con su trabajo, que minma al detalle, \u00a0no lo duda: \u201csobre todo, por los materiales, por las combinaciones y por la clase\u201d, nos indic\u00f3. \u00bfSu p\u00fablico?: \u201cMujeres que quieren ir diferentes a un acto se\u00f1alado, que quieren pas\u00e1rselo bien, seguras de s\u00ed mismas y atrevidas\u201d, nos subray\u00f3 Laura, quien tiene otra tienda propia en C\u00f3rdoba y aspira a\u00a0continuar su expansi\u00f3n por Andaluc\u00eda a corto plazo. De momento, sus espectaculares tocados (no solo habituales en la Pasarela Larios sino que han desfilado tambi\u00e9n en Cibeles de la mano de Juana Mart\u00edn) ya est\u00e1n disponibles a golpe de clic. Los hay ya hechos y con posibilidades de personalizaci\u00f3n, a trav\u00e9s de la pesta\u00f1a de dise\u00f1o a medida. Para ello solo hay que enviarle una muestra de tela, de bobina de hilo o del pantone del vestido y \u00a1voil\u00e1! Para abrir boca os dejo con una selecci\u00f3n de algunos de mis favoritos a la venta a trav\u00e9s de la web www.lauraolea.com Simplemente preciosos! Desde aqu\u00ed mi enhorabuena a Laura (en cuyo armario tuvimos la suerte de colarnos hace meses, como pod\u00e9is recordar\u00a0<a href=\"https:\/\/blogs.diariosur.es\/pasarelaurbana\/2012\/09\/08\/el-armario-de-laura-olea\/\">aqui<\/a>).<\/p>\n<p style=\"text-align: center;\">Por cierto, se me han acabado las vacaciones, as\u00ed que <strong>a partir del lunes volvemos con actualizaciones diarias<\/strong> y nuevos contenidos. \u00a1Qu\u00e9 ganas! \u00a1Un besazo y feliz fin de semana! Os espero en Twitter: <strong>@almunogues<\/strong><\/p>\n<p><a href=\"\/pasarelaurbana\/wp-content\/uploads\/sites\/49\/2013\/08\/oleauno.jpg\"><img loading=\"lazy\" class=\"aligncenter size-full wp-image-5017\" title=\"oleauno\" src=\"\/pasarelaurbana\/wp-content\/uploads\/sites\/49\/2013\/08\/oleauno.jpg\" alt=\"\" width=\"600\" height=\"408\" srcset=\"https:\/\/static-blogs.diariosur.es\/wp-content\/uploads\/sites\/49\/2013\/08\/oleauno.jpg 600w, https:\/\/static-blogs.diariosur.es\/wp-content\/uploads\/sites\/49\/2013\/08\/oleauno-300x204.jpg 300w\" sizes=\"(max-width: 600px) 100vw, 600px\" \/><\/a><!--more--><\/p>\n<p><a href=\"\/pasarelaurbana\/wp-content\/uploads\/sites\/49\/2013\/08\/oleados.jpg\"><img loading=\"lazy\" class=\"aligncenter size-full wp-image-5015\" title=\"oleados\" src=\"\/pasarelaurbana\/wp-content\/uploads\/sites\/49\/2013\/08\/oleados.jpg\" alt=\"\" width=\"600\" height=\"405\" srcset=\"https:\/\/static-blogs.diariosur.es\/wp-content\/uploads\/sites\/49\/2013\/08\/oleados.jpg 600w, https:\/\/static-blogs.diariosur.es\/wp-content\/uploads\/sites\/49\/2013\/08\/oleados-300x203.jpg 300w\" sizes=\"(max-width: 600px) 100vw, 600px\" \/><\/a><\/p>\n<p><a href=\"\/pasarelaurbana\/wp-content\/uploads\/sites\/49\/2013\/08\/oleatres.jpg\"><img loading=\"lazy\" class=\"aligncenter size-full wp-image-5016\" title=\"oleatres\" src=\"\/pasarelaurbana\/wp-content\/uploads\/sites\/49\/2013\/08\/oleatres.jpg\" alt=\"\" width=\"600\" height=\"383\" srcset=\"https:\/\/static-blogs.diariosur.es\/wp-content\/uploads\/sites\/49\/2013\/08\/oleatres.jpg 600w, https:\/\/static-blogs.diariosur.es\/wp-content\/uploads\/sites\/49\/2013\/08\/oleatres-300x192.jpg 300w\" sizes=\"(max-width: 600px) 100vw, 600px\" \/><\/a><\/p>\n<p><a href=\"\/pasarelaurbana\/wp-content\/uploads\/sites\/49\/2013\/08\/oleacuatro.jpg\"><img loading=\"lazy\" class=\"aligncenter size-full wp-image-5014\" title=\"oleacuatro\" src=\"\/pasarelaurbana\/wp-content\/uploads\/sites\/49\/2013\/08\/oleacuatro.jpg\" alt=\"\" width=\"600\" height=\"380\" srcset=\"https:\/\/static-blogs.diariosur.es\/wp-content\/uploads\/sites\/49\/2013\/08\/oleacuatro.jpg 600w, https:\/\/static-blogs.diariosur.es\/wp-content\/uploads\/sites\/49\/2013\/08\/oleacuatro-300x190.jpg 300w\" sizes=\"(max-width: 600px) 100vw, 600px\" \/><\/a><\/p>\n<p><a href=\"\/pasarelaurbana\/wp-content\/uploads\/sites\/49\/2013\/08\/oleacinco.jpg\"><img loading=\"lazy\" class=\"aligncenter size-full wp-image-5013\" title=\"oleacinco\" src=\"\/pasarelaurbana\/wp-content\/uploads\/sites\/49\/2013\/08\/oleacinco.jpg\" alt=\"\" width=\"600\" height=\"412\" srcset=\"https:\/\/static-blogs.diariosur.es\/wp-content\/uploads\/sites\/49\/2013\/08\/oleacinco.jpg 600w, https:\/\/static-blogs.diariosur.es\/wp-content\/uploads\/sites\/49\/2013\/08\/oleacinco-300x206.jpg 300w\" sizes=\"(max-width: 600px) 100vw, 600px\" \/><\/a><\/p>\n","protected":false},"excerpt":{"rendered":"<p>En los tiempos que corren no basta con \u00a0tener un imponente taller en pleno Centro (en calle Strachan, 4 para m\u00e1s se\u00f1as). Tambi\u00e9n hay que tener el arranque para abrir una ventana al ciberespacio desde donde estar abiertos las 24 horas del d\u00eda en todos los rincones del mundo. Renovarse o morir. As\u00ed son las [&hellip;]<\/p>\n","protected":false},"author":54,"featured_media":0,"comment_status":"open","ping_status":"open","sticky":false,"template":"","format":"standard","meta":[],"categories":[2],"tags":[],"_links":{"self":[{"href":"https:\/\/blogs.diariosur.es\/pasarelaurbana\/wp-json\/wp\/v2\/posts\/5012"}],"collection":[{"href":"https:\/\/blogs.diariosur.es\/pasarelaurbana\/wp-json\/wp\/v2\/posts"}],"about":[{"href":"https:\/\/blogs.diariosur.es\/pasarelaurbana\/wp-json\/wp\/v2\/types\/post"}],"author":[{"embeddable":true,"href":"https:\/\/blogs.diariosur.es\/pasarelaurbana\/wp-json\/wp\/v2\/users\/54"}],"replies":[{"embeddable":true,"href":"https:\/\/blogs.diariosur.es\/pasarelaurbana\/wp-json\/wp\/v2\/comments?post=5012"}],"version-history":[{"count":0,"href":"https:\/\/blogs.diariosur.es\/pasarelaurbana\/wp-json\/wp\/v2\/posts\/5012\/revisions"}],"wp:attachment":[{"href":"https:\/\/blogs.diariosur.es\/pasarelaurbana\/wp-json\/wp\/v2\/media?parent=5012"}],"wp:term":[{"taxonomy":"category","embeddable":true,"href":"https:\/\/blogs.diariosur.es\/pasarelaurbana\/wp-json\/wp\/v2\/categories?post=5012"},{"taxonomy":"post_tag","embeddable":true,"href":"https:\/\/blogs.diariosur.es\/pasarelaurbana\/wp-json\/wp\/v2\/tags?post=5012"}],"curies":[{"name":"wp","href":"https:\/\/api.w.org\/{rel}","templated":true}]}}