{"id":5018,"date":"2013-09-02T18:50:05","date_gmt":"2013-09-02T16:50:05","guid":{"rendered":"http:\/\/blogs.diariosur.es\/pasarelaurbana\/?p=5018"},"modified":"2013-09-02T18:50:05","modified_gmt":"2013-09-02T16:50:05","slug":"un-otono-a-cuadros","status":"publish","type":"post","link":"https:\/\/blogs.diariosur.es\/pasarelaurbana\/2013\/09\/02\/un-otono-a-cuadros\/","title":{"rendered":"Un oto\u00f1o a cuadros"},"content":{"rendered":"<p>\u00a1Buenas! \u00a1Ya estoy de vuelta! Toca regresar a la rutina tras agotar la \u00faltima parte de mis vacaciones. \u00a1Pero yo encantada! Como os he contado en alguna ocasi\u00f3n tengo la inmensa suerte de trabajar en lo que me gusta, as\u00ed que puedo considerarme una privilegiada. Dicho esto, vamos a lo nuestro: hablar de moda. Este lunes es d\u00eda de vuelta al cole, o m\u00e1s bien a la guarde (ay que mal lo pasamos las mam\u00e1s). Y precisamente algo de eso tiene la tendencia que repasamos hoy: el estampado de cuadros escoceses. El tart\u00e1n arrasa en las nuevas colecciones de oto\u00f1o. M\u00e1s vale que os guste, porque lo vamos a tener hasta en la sopa. En esta temporada nos quedaremos a cuadros.<\/p>\n<p>En formato mini, maxi, opaco, con transparencias, tradicional (con el rojo y verde como base) o m\u00e1s innovador buscando nuevas parejas crom\u00e1ticas&#8230;Los vimos en pasarela reinvent\u00e1ndose de la mano de <strong>Givenchy<\/strong> (quien apost\u00f3 por un mix de estampados) o del gran <strong>Saint Laurent<\/strong>. <strong>Stella McCartney<\/strong> o <strong>Celine<\/strong> fueron otros de los que se rindieron a este print con ese halo de entre patio de colegio y caba\u00f1a perdida en mitad del campo.<\/p>\n<p style=\"text-align: center;\">Si quer\u00e9is uniros a este peculiar clan escoc\u00e9s, lo tendr\u00e9is muy f\u00e1cil. Los lookbooks de <strong>Zara, Pull&#038;Bear o Mango<\/strong> ofrecen m\u00faltiples opciones, al igual que tiendas on line como <strong>Asos<\/strong>. Las camisas de cuadros ser\u00e1n protagonistas del street style durante los pr\u00f3ximos meses. Pero no solo de camisas vive el tart\u00e1n. Los cuadros salpican faldas, pitillos, vestidos, shorts, bolsos, slippers, pa\u00f1uelos&#8230;\u00a1una aut\u00e9ntica plaga!<\/p>\n<p style=\"text-align: center;\">Particularmente me gusta la propuesta de Givenchy (de combinar los cuadros <strong>con prendas de cuero<\/strong> y con otros estampados -por ejemplo, flores- creando sugerentes contrastes) y la de Saint Laurent,<strong> en clave punk<\/strong> (una de las m\u00e1s copiadas por las low cost). Muy recomendables tambi\u00e9n <strong>en formato lencero <\/strong>(ojo con algunos vestiditos que ha sacado Zara y que pueden crear outfits muy chulos) y maridados (en el caso de faldas, shorts o pantalones) con camisetas con mensaje o sudaderas de <strong>est\u00e9tica universitaria<\/strong> americana.\u00a0\u00bfLos mejores aliados? Camisas vaqueras o prendas b\u00e1sicas que ayuden a equilibrar el resultado final y no recargar el look.<\/p>\n<p style=\"text-align: center;\">\n<p style=\"text-align: center;\">Os dejo con algunas apuestas de tiendas low cost que he fichado. \u00a1Espero que os inspiren! \u00a1Hasta ma\u00f1ana!<\/p>\n<p style=\"text-align: center;\">\u00a0<a href=\"\/pasarelaurbana\/wp-content\/uploads\/sites\/49\/2013\/09\/mangofalda.jpg\"><img loading=\"lazy\" class=\"aligncenter size-full wp-image-5023\" title=\"mangofalda\" src=\"\/pasarelaurbana\/wp-content\/uploads\/sites\/49\/2013\/09\/mangofalda.jpg\" alt=\"\" width=\"600\" height=\"600\" srcset=\"https:\/\/static-blogs.diariosur.es\/wp-content\/uploads\/sites\/49\/2013\/09\/mangofalda.jpg 600w, https:\/\/static-blogs.diariosur.es\/wp-content\/uploads\/sites\/49\/2013\/09\/mangofalda-150x150.jpg 150w, https:\/\/static-blogs.diariosur.es\/wp-content\/uploads\/sites\/49\/2013\/09\/mangofalda-300x300.jpg 300w\" sizes=\"(max-width: 600px) 100vw, 600px\" \/><\/a>Me gusta esta falda de Mango, con cremalleras. Con camisa vaquera queda genial.<\/p>\n<p><!--more--><\/p>\n<p style=\"text-align: center;\"><a href=\"\/pasarelaurbana\/wp-content\/uploads\/sites\/49\/2013\/09\/falda-lapiz-asos.jpg\"><img loading=\"lazy\" class=\"aligncenter size-full wp-image-5021\" title=\"falda-lapiz-asos\" src=\"\/pasarelaurbana\/wp-content\/uploads\/sites\/49\/2013\/09\/falda-lapiz-asos.jpg\" alt=\"\" width=\"600\" height=\"600\" srcset=\"https:\/\/static-blogs.diariosur.es\/wp-content\/uploads\/sites\/49\/2013\/09\/falda-lapiz-asos.jpg 600w, https:\/\/static-blogs.diariosur.es\/wp-content\/uploads\/sites\/49\/2013\/09\/falda-lapiz-asos-150x150.jpg 150w, https:\/\/static-blogs.diariosur.es\/wp-content\/uploads\/sites\/49\/2013\/09\/falda-lapiz-asos-300x300.jpg 300w\" sizes=\"(max-width: 600px) 100vw, 600px\" \/><\/a><\/p>\n<p style=\"text-align: center;\">Falda l\u00e1piz de Asos con camiseta con mensaje y botines \u00a1Me gusta el resultado!<\/p>\n<p style=\"text-align: center;\"><a href=\"\/pasarelaurbana\/wp-content\/uploads\/sites\/49\/2013\/09\/kling-2-49516.jpg\"><img loading=\"lazy\" class=\"aligncenter size-full wp-image-5022\" title=\"kling-2-49516\" src=\"\/pasarelaurbana\/wp-content\/uploads\/sites\/49\/2013\/09\/kling-2-49516.jpg\" alt=\"\" width=\"500\" height=\"500\" srcset=\"https:\/\/static-blogs.diariosur.es\/wp-content\/uploads\/sites\/49\/2013\/09\/kling-2-49516.jpg 500w, https:\/\/static-blogs.diariosur.es\/wp-content\/uploads\/sites\/49\/2013\/09\/kling-2-49516-150x150.jpg 150w, https:\/\/static-blogs.diariosur.es\/wp-content\/uploads\/sites\/49\/2013\/09\/kling-2-49516-300x300.jpg 300w\" sizes=\"(max-width: 500px) 100vw, 500px\" \/><\/a><\/p>\n<p style=\"text-align: center;\">Este vestidito de Kling me ha enamorado. Precioso!!! Ojal\u00e1 la Habitaci\u00f3n de Kate nos lo traiga \ud83d\ude09<\/p>\n<p><a href=\"\/pasarelaurbana\/wp-content\/uploads\/sites\/49\/2013\/09\/zaracuadros.jpg\"><img loading=\"lazy\" class=\"aligncenter size-full wp-image-5019\" title=\"zaracuadros\" src=\"\/pasarelaurbana\/wp-content\/uploads\/sites\/49\/2013\/09\/zaracuadros.jpg\" alt=\"\" width=\"600\" height=\"600\" srcset=\"https:\/\/static-blogs.diariosur.es\/wp-content\/uploads\/sites\/49\/2013\/09\/zaracuadros.jpg 600w, https:\/\/static-blogs.diariosur.es\/wp-content\/uploads\/sites\/49\/2013\/09\/zaracuadros-150x150.jpg 150w, https:\/\/static-blogs.diariosur.es\/wp-content\/uploads\/sites\/49\/2013\/09\/zaracuadros-300x300.jpg 300w\" sizes=\"(max-width: 600px) 100vw, 600px\" \/><\/a><\/p>\n<p style=\"text-align: center;\">Vestiditos en clave lencera del lookbook de Zara.<\/p>\n<p style=\"text-align: center;\"><a href=\"\/pasarelaurbana\/wp-content\/uploads\/sites\/49\/2013\/09\/bolsocuadros.jpg\"><img loading=\"lazy\" class=\"aligncenter size-full wp-image-5020\" title=\"bolsocuadros\" src=\"\/pasarelaurbana\/wp-content\/uploads\/sites\/49\/2013\/09\/bolsocuadros.jpg\" alt=\"\" width=\"600\" height=\"600\" srcset=\"https:\/\/static-blogs.diariosur.es\/wp-content\/uploads\/sites\/49\/2013\/09\/bolsocuadros.jpg 600w, https:\/\/static-blogs.diariosur.es\/wp-content\/uploads\/sites\/49\/2013\/09\/bolsocuadros-150x150.jpg 150w, https:\/\/static-blogs.diariosur.es\/wp-content\/uploads\/sites\/49\/2013\/09\/bolsocuadros-300x300.jpg 300w\" sizes=\"(max-width: 600px) 100vw, 600px\" \/><\/a><\/p>\n<p style=\"text-align: center;\">La tendencia m\u00e1s &#8216;in&#8217; del momento tambi\u00e9n llega a los bolsos de la mano de The Cambridge Satchel<\/p>\n<p style=\"text-align: center;\"><a href=\"\/pasarelaurbana\/wp-content\/uploads\/sites\/49\/2013\/09\/zapatillaspull.jpg\"><img loading=\"lazy\" class=\"aligncenter size-full wp-image-5024\" title=\"zapatillaspull\" src=\"\/pasarelaurbana\/wp-content\/uploads\/sites\/49\/2013\/09\/zapatillaspull.jpg\" alt=\"\" width=\"600\" height=\"600\" srcset=\"https:\/\/static-blogs.diariosur.es\/wp-content\/uploads\/sites\/49\/2013\/09\/zapatillaspull.jpg 600w, https:\/\/static-blogs.diariosur.es\/wp-content\/uploads\/sites\/49\/2013\/09\/zapatillaspull-150x150.jpg 150w, https:\/\/static-blogs.diariosur.es\/wp-content\/uploads\/sites\/49\/2013\/09\/zapatillaspull-300x300.jpg 300w\" sizes=\"(max-width: 600px) 100vw, 600px\" \/><\/a><\/p>\n<p style=\"text-align: center;\">\u00bfY qu\u00e9 os parecen estas slippers de Pull&#038;Bear? Ideales!<\/p>\n<p style=\"text-align: center;\">\n<p style=\"text-align: center;\">Y vosotras, \u00bfos apunt\u00e1is al tart\u00e1n? \u00a0En mi casi algo caer\u00e1&#8230;\u00a1Hasta ma\u00f1ana!<\/p>\n","protected":false},"excerpt":{"rendered":"<p>\u00a1Buenas! \u00a1Ya estoy de vuelta! Toca regresar a la rutina tras agotar la \u00faltima parte de mis vacaciones. \u00a1Pero yo encantada! Como os he contado en alguna ocasi\u00f3n tengo la inmensa suerte de trabajar en lo que me gusta, as\u00ed que puedo considerarme una privilegiada. Dicho esto, vamos a lo nuestro: hablar de moda. Este [&hellip;]<\/p>\n","protected":false},"author":54,"featured_media":0,"comment_status":"open","ping_status":"open","sticky":false,"template":"","format":"standard","meta":[],"categories":[2],"tags":[],"_links":{"self":[{"href":"https:\/\/blogs.diariosur.es\/pasarelaurbana\/wp-json\/wp\/v2\/posts\/5018"}],"collection":[{"href":"https:\/\/blogs.diariosur.es\/pasarelaurbana\/wp-json\/wp\/v2\/posts"}],"about":[{"href":"https:\/\/blogs.diariosur.es\/pasarelaurbana\/wp-json\/wp\/v2\/types\/post"}],"author":[{"embeddable":true,"href":"https:\/\/blogs.diariosur.es\/pasarelaurbana\/wp-json\/wp\/v2\/users\/54"}],"replies":[{"embeddable":true,"href":"https:\/\/blogs.diariosur.es\/pasarelaurbana\/wp-json\/wp\/v2\/comments?post=5018"}],"version-history":[{"count":0,"href":"https:\/\/blogs.diariosur.es\/pasarelaurbana\/wp-json\/wp\/v2\/posts\/5018\/revisions"}],"wp:attachment":[{"href":"https:\/\/blogs.diariosur.es\/pasarelaurbana\/wp-json\/wp\/v2\/media?parent=5018"}],"wp:term":[{"taxonomy":"category","embeddable":true,"href":"https:\/\/blogs.diariosur.es\/pasarelaurbana\/wp-json\/wp\/v2\/categories?post=5018"},{"taxonomy":"post_tag","embeddable":true,"href":"https:\/\/blogs.diariosur.es\/pasarelaurbana\/wp-json\/wp\/v2\/tags?post=5018"}],"curies":[{"name":"wp","href":"https:\/\/api.w.org\/{rel}","templated":true}]}}