{"id":5026,"date":"2013-09-03T19:02:55","date_gmt":"2013-09-03T17:02:55","guid":{"rendered":"http:\/\/blogs.diariosur.es\/pasarelaurbana\/?p=5026"},"modified":"2013-09-03T19:02:55","modified_gmt":"2013-09-03T17:02:55","slug":"la-moraga-de-pablo-moya-ojo-con-este-chico","status":"publish","type":"post","link":"https:\/\/blogs.diariosur.es\/pasarelaurbana\/2013\/09\/03\/la-moraga-de-pablo-moya-ojo-con-este-chico\/","title":{"rendered":"La moraga&#8230;de Pablo Moya (ojo con este chico)"},"content":{"rendered":"<p>Lo prometido es deuda. Os dije que volv\u00eda a actualizar el blog a diario y que ir\u00eda inaugurando nuevos contenidos poco a poco&#8230;.\u00a1y aqu\u00ed ten\u00e9is la muestra de que estoy haciendo los deberes! El objetivo de este espacio es hablar de moda malague\u00f1a. De lo que se cuece a pie de calle (en forma de street style), de las colecciones de los comercios de la provincia, de las propuestas de los dise\u00f1adores locales\u00a0ya consagrados y, como no pod\u00eda ser de otra manera, de las j\u00f3venes promesas. Pues bien,<strong> &#8216;Con nombre propio&#8217; es el t\u00edtulo de la nueva secci\u00f3n que inauguramos hoy<\/strong>. Tan necesaria como apasionante (al menos para mi). Y es que a las nuevas generaciones les sobra talento y creatividad pero les falta -como ellos mismos denuncian hasta la saciedad- apoyo, proyecci\u00f3n, ese peque\u00f1o empujoncito que en muchos casos puede ser decisivo para que levanten el vuelo y despeguen. As\u00ed que desde este humilde espacio queremos poner nuestro peque\u00f1o granito de arena para ayudarles en ese dif\u00edcil camino que es hacerse un hueco en el mundo de la moda.<\/p>\n<p>Inauguramos secci\u00f3n y lo hacemos de la mano de <strong>Pablo Moya<\/strong>. Os lo presento: Malague\u00f1o. 22 a\u00f1os. Tras pasar por la Escuela de Arte de San Telmo acaba de instalarse en Madrid para continuar su formaci\u00f3n en el Centro Superior de Dise\u00f1o de Moda. Consigui\u00f3 una <strong>menci\u00f3n especial en la \u00faltima edici\u00f3n del certamen M\u00e1laga<\/strong> Crea, en la categor\u00eda de moda, y este verano ha desfilado en la terraza del hotel <strong>Molina Lario<\/strong>. Sobre la pasarela, <strong>su primera colecci\u00f3n: Moraga<\/strong>. Una peque\u00f1a l\u00ednea de seis vestidos inspirada, como su propio nombre indica, en el mar, la playa, los espetos &#8220;y en una noche de fiesta&#8221;. Seis trajes te\u00f1idos de negro y azul klein donde los encajes, el juego de vol\u00famenes y las asimetr\u00edas son protagonistas.<\/p>\n<p>Moya se dirige \u00a0a una mujer &#8220;elegante, joven, fresca y din\u00e1mica&#8221; y tiene las ideas bien claras. A corto plazo, su sue\u00f1o pasa por trabajar en alg\u00fan taller de Par\u00eds o Mil\u00e1n &#8220;para seguir aprendiendo&#8221; como paso previo a la que es su meta final: crear su propia marca. De momento, este joven ya cuenta con un importante bagaje gracias a las lecciones magistrales recibidas del maestro<strong> \u00c1ngel Palazuelos<\/strong>, con quien ha hecho las pr\u00e1cticas. &#8220;Es un maestro de la aguja del que he aprendido la importancia de dominar todos los \u00e1mbitos, desde el dibujo, al patronaje o la costura para poder dirigir adecuadamente un taller y lograr qye funcione&#8221;, nos confes\u00f3.<\/p>\n<p>Os dejo con un resumen gr\u00e1fico del trabajo de este joven dise\u00f1ador malague\u00f1o atener muy en cuenta en el futuro m\u00e1s pr\u00f3ximo. Desde aqu\u00ed, toda la suerte del mundo Pablo. Por cierto, si est\u00e1is dando los primeros pasos en el mundo de la moda, sois malague\u00f1os y quer\u00e9is dar a conocer vuestro trabajo pod\u00e9is seguirme por Twitter @almunogues y ense\u00f1arme vuestro trabajo, estar\u00e9 encantada de echarle un vistazo!<\/p>\n<p>Dicho esto, <span style=\"text-decoration: underline;\">AVISO A NAVEGANTES: Ma\u00f1ana andar\u00e9 a media ma\u00f1ana por el Centro fichando de nuevo el mejor street style malague\u00f1o.<\/span> \u00a1Si quer\u00e9is desfilar por esta pasarela urbana, all\u00ed os espero! \u00a1Hasta ma\u00f1ana!<\/p>\n<p>&nbsp;<\/p>\n<p><a><img loading=\"lazy\" class=\"aligncenter size-full wp-image-5029\" title=\"2\" src=\"\/pasarelaurbana\/wp-content\/uploads\/sites\/49\" alt=\"\" width=\"600\" height=\"400\" \/><\/a><!--more--><\/p>\n<p><a href=\"\/pasarelaurbana\/wp-content\/uploads\/sites\/49\"><img loading=\"lazy\" class=\"aligncenter size-full wp-image-5028\" title=\"1\" src=\"\/pasarelaurbana\/wp-content\/uploads\/sites\/49\" alt=\"\" width=\"600\" height=\"400\" \/><\/a><\/p>\n<p><a href=\"\/pasarelaurbana\/wp-content\/uploads\/sites\/49\"><img loading=\"lazy\" class=\"aligncenter size-full wp-image-5030\" title=\"3\" src=\"\/pasarelaurbana\/wp-content\/uploads\/sites\/49\" alt=\"\" width=\"600\" height=\"758\" \/><\/a><\/p>\n<p><a href=\"\/pasarelaurbana\/wp-content\/uploads\/sites\/49\"><img loading=\"lazy\" class=\"aligncenter size-full wp-image-5031\" title=\"4\" src=\"\/pasarelaurbana\/wp-content\/uploads\/sites\/49\" alt=\"\" width=\"600\" height=\"950\" \/><\/a><\/p>\n<p><a href=\"\/pasarelaurbana\/wp-content\/uploads\/sites\/49\"><img loading=\"lazy\" class=\"aligncenter size-full wp-image-5027\" title=\"5\" src=\"\/pasarelaurbana\/wp-content\/uploads\/sites\/49\" alt=\"\" width=\"600\" height=\"996\" \/><\/a><\/p>\n","protected":false},"excerpt":{"rendered":"<p>Lo prometido es deuda. Os dije que volv\u00eda a actualizar el blog a diario y que ir\u00eda inaugurando nuevos contenidos poco a poco&#8230;.\u00a1y aqu\u00ed ten\u00e9is la muestra de que estoy haciendo los deberes! El objetivo de este espacio es hablar de moda malague\u00f1a. De lo que se cuece a pie de calle (en forma de [&hellip;]<\/p>\n","protected":false},"author":54,"featured_media":0,"comment_status":"open","ping_status":"open","sticky":false,"template":"","format":"standard","meta":[],"categories":[2],"tags":[],"_links":{"self":[{"href":"https:\/\/blogs.diariosur.es\/pasarelaurbana\/wp-json\/wp\/v2\/posts\/5026"}],"collection":[{"href":"https:\/\/blogs.diariosur.es\/pasarelaurbana\/wp-json\/wp\/v2\/posts"}],"about":[{"href":"https:\/\/blogs.diariosur.es\/pasarelaurbana\/wp-json\/wp\/v2\/types\/post"}],"author":[{"embeddable":true,"href":"https:\/\/blogs.diariosur.es\/pasarelaurbana\/wp-json\/wp\/v2\/users\/54"}],"replies":[{"embeddable":true,"href":"https:\/\/blogs.diariosur.es\/pasarelaurbana\/wp-json\/wp\/v2\/comments?post=5026"}],"version-history":[{"count":0,"href":"https:\/\/blogs.diariosur.es\/pasarelaurbana\/wp-json\/wp\/v2\/posts\/5026\/revisions"}],"wp:attachment":[{"href":"https:\/\/blogs.diariosur.es\/pasarelaurbana\/wp-json\/wp\/v2\/media?parent=5026"}],"wp:term":[{"taxonomy":"category","embeddable":true,"href":"https:\/\/blogs.diariosur.es\/pasarelaurbana\/wp-json\/wp\/v2\/categories?post=5026"},{"taxonomy":"post_tag","embeddable":true,"href":"https:\/\/blogs.diariosur.es\/pasarelaurbana\/wp-json\/wp\/v2\/tags?post=5026"}],"curies":[{"name":"wp","href":"https:\/\/api.w.org\/{rel}","templated":true}]}}