{"id":5032,"date":"2013-09-04T15:17:28","date_gmt":"2013-09-04T13:17:28","guid":{"rendered":"http:\/\/blogs.diariosur.es\/pasarelaurbana\/?p=5032"},"modified":"2013-09-04T15:17:28","modified_gmt":"2013-09-04T13:17:28","slug":"con-la-explosion-de-color-a-los-pies","status":"publish","type":"post","link":"https:\/\/blogs.diariosur.es\/pasarelaurbana\/2013\/09\/04\/con-la-explosion-de-color-a-los-pies\/","title":{"rendered":"Con la explosi\u00f3n de color a los pies"},"content":{"rendered":"<p style=\"text-align: center;\">\u00a1Buenas! Volvemos a la carga con la que es la columna vertebral de este blog: fichar el street style de M\u00e1laga. Tras el peque\u00f1o par\u00e9ntesis de mis vacaciones esta ma\u00f1ana he regresado al Centro para poner la lupa sobre la moda de la calle. Y entre paseo y paseo, calle Larios arriba, calle Larios abajo me he cruzado con <strong>Gabriela Merino<\/strong>. \u00bfQu\u00e9 es lo que me ha llamado la atenci\u00f3n de su look? Si os soy sincera, la elegancia que destilaba su sencillez. Para esta joven de 22 a\u00f1os graduada en Turismo este mi\u00e9rcoles ha arrancado muy pronto. Desde muy temprano ten\u00eda cita con la academia de ingl\u00e9s as\u00ed que, como nos confes\u00f3, su prioridad era elegir un estilismo c\u00f3modo y funcional. Para ello opt\u00f3 por un <em>total look<\/em> nude con un halo rom\u00e1ntico compuesto por camisa XL y falda larga vaporosa con una apertura frontal. \u00bfEl toque chic? La explosi\u00f3n de color que Gabriela reserva a las sandalias de tiras de Bimba y Lola y que, a mi juicio, es el contrapunto perfecto para darle fuerza al &#8216;outfit&#8217;. Os dejo con ella. \u00a1Hasta ma\u00f1ana!<\/p>\n<p><a href=\"\/pasarelaurbana\/wp-content\/uploads\/sites\/49\/2013\/09\/11.jpg\">\u00a0<img loading=\"lazy\" class=\"aligncenter size-full wp-image-5034\" title=\"1\" src=\"\/pasarelaurbana\/wp-content\/uploads\/sites\/49\/2013\/09\/11.jpg\" alt=\"\" width=\"600\" height=\"803\" srcset=\"https:\/\/static-blogs.diariosur.es\/wp-content\/uploads\/sites\/49\/2013\/09\/11.jpg 600w, https:\/\/static-blogs.diariosur.es\/wp-content\/uploads\/sites\/49\/2013\/09\/11-224x300.jpg 224w\" sizes=\"(max-width: 600px) 100vw, 600px\" \/><\/a><!--more--><a href=\"\/pasarelaurbana\/wp-content\/uploads\/sites\/49\/2013\/09\/31.jpg\"><img loading=\"lazy\" class=\"aligncenter size-full wp-image-5036\" title=\"3\" src=\"\/pasarelaurbana\/wp-content\/uploads\/sites\/49\/2013\/09\/31.jpg\" alt=\"\" width=\"600\" height=\"803\" srcset=\"https:\/\/static-blogs.diariosur.es\/wp-content\/uploads\/sites\/49\/2013\/09\/31.jpg 600w, https:\/\/static-blogs.diariosur.es\/wp-content\/uploads\/sites\/49\/2013\/09\/31-224x300.jpg 224w\" sizes=\"(max-width: 600px) 100vw, 600px\" \/><\/a><\/p>\n<p><a href=\"\/pasarelaurbana\/wp-content\/uploads\/sites\/49\/2013\/09\/21.jpg\"><img loading=\"lazy\" class=\"aligncenter size-full wp-image-5035\" title=\"2\" src=\"\/pasarelaurbana\/wp-content\/uploads\/sites\/49\/2013\/09\/21.jpg\" alt=\"\" width=\"600\" height=\"803\" srcset=\"https:\/\/static-blogs.diariosur.es\/wp-content\/uploads\/sites\/49\/2013\/09\/21.jpg 600w, https:\/\/static-blogs.diariosur.es\/wp-content\/uploads\/sites\/49\/2013\/09\/21-224x300.jpg 224w\" sizes=\"(max-width: 600px) 100vw, 600px\" \/><\/a><\/p>\n<p><a href=\"\/pasarelaurbana\/wp-content\/uploads\/sites\/49\/2013\/09\/41.jpg\"><img loading=\"lazy\" class=\"aligncenter size-full wp-image-5037\" title=\"4\" src=\"\/pasarelaurbana\/wp-content\/uploads\/sites\/49\/2013\/09\/41.jpg\" alt=\"\" width=\"600\" height=\"803\" srcset=\"https:\/\/static-blogs.diariosur.es\/wp-content\/uploads\/sites\/49\/2013\/09\/41.jpg 600w, https:\/\/static-blogs.diariosur.es\/wp-content\/uploads\/sites\/49\/2013\/09\/41-224x300.jpg 224w\" sizes=\"(max-width: 600px) 100vw, 600px\" \/><\/a><\/p>\n<p><a href=\"\/pasarelaurbana\/wp-content\/uploads\/sites\/49\/2013\/09\/51.jpg\"><img loading=\"lazy\" class=\"aligncenter size-full wp-image-5033\" title=\"5\" src=\"\/pasarelaurbana\/wp-content\/uploads\/sites\/49\/2013\/09\/51.jpg\" alt=\"\" width=\"600\" height=\"803\" srcset=\"https:\/\/static-blogs.diariosur.es\/wp-content\/uploads\/sites\/49\/2013\/09\/51.jpg 600w, https:\/\/static-blogs.diariosur.es\/wp-content\/uploads\/sites\/49\/2013\/09\/51-224x300.jpg 224w\" sizes=\"(max-width: 600px) 100vw, 600px\" \/><\/a><\/p>\n<p style=\"text-align: center;\">Camisa y falda: <strong>Zara<\/strong><\/p>\n<p style=\"text-align: center;\">Sandalias: <strong>Bimba y Lola<\/strong><\/p>\n<p style=\"text-align: center;\">Bolso: <strong>DayaDay<\/strong><\/p>\n","protected":false},"excerpt":{"rendered":"<p>\u00a1Buenas! Volvemos a la carga con la que es la columna vertebral de este blog: fichar el street style de M\u00e1laga. Tras el peque\u00f1o par\u00e9ntesis de mis vacaciones esta ma\u00f1ana he regresado al Centro para poner la lupa sobre la moda de la calle. Y entre paseo y paseo, calle Larios arriba, calle Larios abajo [&hellip;]<\/p>\n","protected":false},"author":54,"featured_media":0,"comment_status":"open","ping_status":"open","sticky":false,"template":"","format":"standard","meta":[],"categories":[2],"tags":[],"_links":{"self":[{"href":"https:\/\/blogs.diariosur.es\/pasarelaurbana\/wp-json\/wp\/v2\/posts\/5032"}],"collection":[{"href":"https:\/\/blogs.diariosur.es\/pasarelaurbana\/wp-json\/wp\/v2\/posts"}],"about":[{"href":"https:\/\/blogs.diariosur.es\/pasarelaurbana\/wp-json\/wp\/v2\/types\/post"}],"author":[{"embeddable":true,"href":"https:\/\/blogs.diariosur.es\/pasarelaurbana\/wp-json\/wp\/v2\/users\/54"}],"replies":[{"embeddable":true,"href":"https:\/\/blogs.diariosur.es\/pasarelaurbana\/wp-json\/wp\/v2\/comments?post=5032"}],"version-history":[{"count":0,"href":"https:\/\/blogs.diariosur.es\/pasarelaurbana\/wp-json\/wp\/v2\/posts\/5032\/revisions"}],"wp:attachment":[{"href":"https:\/\/blogs.diariosur.es\/pasarelaurbana\/wp-json\/wp\/v2\/media?parent=5032"}],"wp:term":[{"taxonomy":"category","embeddable":true,"href":"https:\/\/blogs.diariosur.es\/pasarelaurbana\/wp-json\/wp\/v2\/categories?post=5032"},{"taxonomy":"post_tag","embeddable":true,"href":"https:\/\/blogs.diariosur.es\/pasarelaurbana\/wp-json\/wp\/v2\/tags?post=5032"}],"curies":[{"name":"wp","href":"https:\/\/api.w.org\/{rel}","templated":true}]}}