{"id":5038,"date":"2013-09-07T10:07:39","date_gmt":"2013-09-07T08:07:39","guid":{"rendered":"http:\/\/blogs.diariosur.es\/pasarelaurbana\/?p=5038"},"modified":"2013-09-07T10:07:39","modified_gmt":"2013-09-07T08:07:39","slug":"no-sin-mis-vaqueros","status":"publish","type":"post","link":"https:\/\/blogs.diariosur.es\/pasarelaurbana\/2013\/09\/07\/no-sin-mis-vaqueros\/","title":{"rendered":"No sin mis vaqueros"},"content":{"rendered":"<p style=\"text-align: center;\">Anchos o entubados (en algunos casos hasta casi cortar la circulaci\u00f3n), el\u00e1sticos, de talle alto o bajo, deste\u00f1idos, pesqueros, ca\u00eddos (en clave \u2018boyfriend\u2019, rotos, deshilachados&#8230; Si hay una prenda capaz de reinventarse a s\u00ed misma y sobrevivir al embiste de las modas esa es el vaquero. No ha habido tendencia que no haya sabido adaptar esta prenda, cuyo reinado en los armarios es absoluto. Este 2013 se cumplen la friolera de 140 a\u00f1os desde que Levi Strauss y Jacob Davis crearan aquel primer pantal\u00f3n con remaches ultra resistente dise\u00f1ado como uniforme de trabajo para los hombres de la \u00e9poca. Mucho ha llovido desde entonces. El pasado mi\u00e9rcoles SUR despleg\u00f3 su pasarela urbana por el entorno de calle Larios para fichar las mejores propuestas de \u2018street style\u2019 malague\u00f1o basadas en el \u2018denim\u2019, un tejido que salpica desde pantalones min\u00fasculos a faldas, vestidos, chalecos, camisas o bolsos.<br \/>\nNo fue hasta la d\u00e9cada de los 50 cuando los vaqueros comenzaron a popularizarse de manos de adolescentes estadounidenses que los vest\u00edan como forma sutil de protesta contra el conformismo. El hecho se consider\u00f3 una provocaci\u00f3n, hasta el punto de que algunos cines no permit\u00edan la entrada con ellos puestos. Hoy, sin embargo, rara es la persona que no tenga, como m\u00ednimo, un par de ellos en su vestidor.<br \/>\nEn las calles de M\u00e1laga triunfan estos \u00faltimos d\u00edas de verano en formato de mini shorts (se llevan min\u00fasculos), de efecto roto y en clave \u2018boyfriend\u2019 (como si hubieran salido de un armario masculino). \u00bfLo m\u00e1s \u2018in\u2019 de la nueva temporada? Apostar por el denim en versi\u00f3n chaleco, una prenda imprescindible cara al pr\u00f3ximo oto\u00f1o.<\/p>\n<p style=\"text-align: center;\">Os dejo con las 4 protagonistas de nuestro especial street style del fin de semana. \u00a1hasta el lunes!<\/p>\n<p><a href=\"\/pasarelaurbana\/wp-content\/uploads\/sites\/49\/2013\/09\/10.jpg\"><img loading=\"lazy\" class=\"aligncenter size-full wp-image-5049\" title=\"10\" src=\"\/pasarelaurbana\/wp-content\/uploads\/sites\/49\/2013\/09\/10.jpg\" alt=\"\" width=\"600\" height=\"803\" srcset=\"https:\/\/static-blogs.diariosur.es\/wp-content\/uploads\/sites\/49\/2013\/09\/10.jpg 600w, https:\/\/static-blogs.diariosur.es\/wp-content\/uploads\/sites\/49\/2013\/09\/10-224x300.jpg 224w\" sizes=\"(max-width: 600px) 100vw, 600px\" \/><\/a><!--more--><a href=\"\/pasarelaurbana\/wp-content\/uploads\/sites\/49\/2013\/09\/111.jpg\"><img loading=\"lazy\" class=\"aligncenter size-full wp-image-5039\" title=\"11\" src=\"\/pasarelaurbana\/wp-content\/uploads\/sites\/49\/2013\/09\/111.jpg\" alt=\"\" width=\"601\" height=\"804\" srcset=\"https:\/\/static-blogs.diariosur.es\/wp-content\/uploads\/sites\/49\/2013\/09\/111.jpg 601w, https:\/\/static-blogs.diariosur.es\/wp-content\/uploads\/sites\/49\/2013\/09\/111-224x300.jpg 224w\" sizes=\"(max-width: 601px) 100vw, 601px\" \/><\/a><\/p>\n<p><a href=\"\/pasarelaurbana\/wp-content\/uploads\/sites\/49\/2013\/09\/121.jpg\"><img loading=\"lazy\" class=\"aligncenter size-full wp-image-5051\" title=\"12\" src=\"\/pasarelaurbana\/wp-content\/uploads\/sites\/49\/2013\/09\/121.jpg\" alt=\"\" width=\"600\" height=\"803\" srcset=\"https:\/\/static-blogs.diariosur.es\/wp-content\/uploads\/sites\/49\/2013\/09\/121.jpg 600w, https:\/\/static-blogs.diariosur.es\/wp-content\/uploads\/sites\/49\/2013\/09\/121-224x300.jpg 224w\" sizes=\"(max-width: 600px) 100vw, 600px\" \/><\/a><\/p>\n<p><a href=\"\/pasarelaurbana\/wp-content\/uploads\/sites\/49\/2013\/09\/13.jpg\"><img loading=\"lazy\" class=\"aligncenter size-full wp-image-5052\" title=\"13\" src=\"\/pasarelaurbana\/wp-content\/uploads\/sites\/49\/2013\/09\/13.jpg\" alt=\"\" width=\"600\" height=\"803\" srcset=\"https:\/\/static-blogs.diariosur.es\/wp-content\/uploads\/sites\/49\/2013\/09\/13.jpg 600w, https:\/\/static-blogs.diariosur.es\/wp-content\/uploads\/sites\/49\/2013\/09\/13-224x300.jpg 224w\" sizes=\"(max-width: 600px) 100vw, 600px\" \/><\/a><\/p>\n<p><a href=\"\/pasarelaurbana\/wp-content\/uploads\/sites\/49\/2013\/09\/14.jpg\"><img loading=\"lazy\" class=\"aligncenter size-full wp-image-5053\" title=\"14\" src=\"\/pasarelaurbana\/wp-content\/uploads\/sites\/49\/2013\/09\/14.jpg\" alt=\"\" width=\"600\" height=\"448\" srcset=\"https:\/\/static-blogs.diariosur.es\/wp-content\/uploads\/sites\/49\/2013\/09\/14.jpg 600w, https:\/\/static-blogs.diariosur.es\/wp-content\/uploads\/sites\/49\/2013\/09\/14-300x224.jpg 300w\" sizes=\"(max-width: 600px) 100vw, 600px\" \/><\/a><\/p>\n<p><a href=\"\/pasarelaurbana\/wp-content\/uploads\/sites\/49\/2013\/09\/15.jpg\"><img loading=\"lazy\" class=\"aligncenter size-full wp-image-5054\" title=\"15\" src=\"\/pasarelaurbana\/wp-content\/uploads\/sites\/49\/2013\/09\/15.jpg\" alt=\"\" width=\"600\" height=\"803\" srcset=\"https:\/\/static-blogs.diariosur.es\/wp-content\/uploads\/sites\/49\/2013\/09\/15.jpg 600w, https:\/\/static-blogs.diariosur.es\/wp-content\/uploads\/sites\/49\/2013\/09\/15-224x300.jpg 224w\" sizes=\"(max-width: 600px) 100vw, 600px\" \/><\/a><\/p>\n<p style=\"text-align: center;\"><strong>Roc\u00edo Ruiz<\/strong>. Desempleada. 26 a\u00f1os<\/p>\n<p style=\"text-align: center;\"><span style=\"text-decoration: underline;\">El tejido \u2018denim\u2019, imprescindible en camisas<\/span><br \/>\nLas camisas vaqueras son uno de esos b\u00e1sicos de fondo de armario que nunca pasan de moda. Son f\u00e1ciles de combinar, dado su tono neutro, y casan igual de bien con la mayor\u00eda de las tendencias. Roc\u00edo Ruiz, una desempleada malague\u00f1a de 29 a\u00f1os, opt\u00f3 por una de ellas el pasado mi\u00e9rcoles para realizar una serie de gestiones por el Centro. Nos gust\u00f3 su modelo por salirse de los cortes tradicionales: de efecto desgastado y con mangas semi transparentes de contraste con un coqueto estampado naif de mini corazones negros. El toque perfecto para imprimir estilo y sofisticaci\u00f3n a un look sencillo y funcional que complet\u00f3 con unos pantalones entubados negros de Desigual (la firma catalana es noticia esta semana por haber debutado en la Semana de =la Moda de Nueva York) y sandalias de tiras negras adquiridas en un mercadillo de Candem Town (al igual que el collar). Como confes\u00f3 Roc\u00edo, el tejido vaquero es clave en su armario. \u00abMe gusta por su comodidad, porque es juvenil y siempre est\u00e1 de moda. Adem\u00e1s, sirve tanto para ocasiones especiales como para el d\u00eda a d\u00eda\u00bb, destac\u00f3.<\/p>\n<p style=\"text-align: center;\">Camisa: Primark (comprada en una tienda en Londres).<\/p>\n<p style=\"text-align: center;\">Pantalones: Desigual.<\/p>\n<p style=\"text-align: center;\">Sandalias: De mercadillo.<\/p>\n<p style=\"text-align: center;\">Gafas: De Londres.<\/p>\n<p style=\"text-align: center;\"><a href=\"\/pasarelaurbana\/wp-content\/uploads\/sites\/49\"><img loading=\"lazy\" class=\"aligncenter size-full wp-image-5045\" title=\"6\" src=\"\/pasarelaurbana\/wp-content\/uploads\/sites\/49\" alt=\"\" width=\"600\" height=\"803\" \/><\/a><\/p>\n<p style=\"text-align: center;\"><a href=\"\/pasarelaurbana\/wp-content\/uploads\/sites\/49\"><img loading=\"lazy\" class=\"aligncenter size-full wp-image-5046\" title=\"7\" src=\"\/pasarelaurbana\/wp-content\/uploads\/sites\/49\" alt=\"\" width=\"600\" height=\"803\" \/><\/a><\/p>\n<p style=\"text-align: center;\"><a href=\"\/pasarelaurbana\/wp-content\/uploads\/sites\/49\"><img loading=\"lazy\" class=\"aligncenter size-full wp-image-5047\" title=\"8\" src=\"\/pasarelaurbana\/wp-content\/uploads\/sites\/49\" alt=\"\" width=\"600\" height=\"803\" \/><\/a><\/p>\n<p style=\"text-align: center;\"><a href=\"\/pasarelaurbana\/wp-content\/uploads\/sites\/49\"><img loading=\"lazy\" class=\"aligncenter size-full wp-image-5048\" title=\"9\" src=\"\/pasarelaurbana\/wp-content\/uploads\/sites\/49\" alt=\"\" width=\"600\" height=\"803\" \/><\/a><\/p>\n<p style=\"text-align: center;\"><strong>Cristina Cuberos<\/strong>. Dietista. 26 a\u00f1os<\/p>\n<p style=\"text-align: center;\"><span style=\"text-decoration: underline;\">Los chalecos vuelven convertidos en \u2018must have\u2019<\/span><br \/>\nEsta temporada han vuelto con fuerza a la carga y, a la vista de las nuevas colecciones, amenazan con quedarse este oto\u00f1o en los armarios. Hablamos de los chalecos vaqueros. Una de las mejores formas de lucirlos es combinarlos con vestidos largos en clave \u2018boho\u2019, como plantea Cristina Cuberos, una dietista malague\u00f1a con la que nos cruzamos paseando por calle Larios durante nuestra \u00faltima sesi\u00f3n de \u2018street style\u2019. Esta joven de 26 a\u00f1os remat\u00f3 el estilismo con complementos en morado (un maxi collar de cuentas con brazalete a juego de Mango y unas sandalias planas con incrustaciones de cristales de Zara en el mismo tono). Nos gust\u00f3 su bolso bandolera con flecos, perfecto para reforzar la inspiraci\u00f3n \u2018hippy chic\u2019.<\/p>\n<p style=\"text-align: center;\">Vestido: H&#038;M.<\/p>\n<p style=\"text-align: center;\">Chaleco: Bershka.<\/p>\n<p style=\"text-align: center;\">Sandalias: Zara.<\/p>\n<p style=\"text-align: center;\">Collar y pulsera: Mango.<\/p>\n<p style=\"text-align: center;\">Bolso: Zara.<\/p>\n<p style=\"text-align: center;\"><a href=\"\/pasarelaurbana\/wp-content\/uploads\/sites\/49\/2013\/09\/110.jpg\"><img loading=\"lazy\" class=\"aligncenter size-full wp-image-5060\" title=\"1\" src=\"\/pasarelaurbana\/wp-content\/uploads\/sites\/49\/2013\/09\/110.jpg\" alt=\"\" width=\"600\" height=\"803\" srcset=\"https:\/\/static-blogs.diariosur.es\/wp-content\/uploads\/sites\/49\/2013\/09\/110.jpg 600w, https:\/\/static-blogs.diariosur.es\/wp-content\/uploads\/sites\/49\/2013\/09\/110-224x300.jpg 224w\" sizes=\"(max-width: 600px) 100vw, 600px\" \/><\/a><\/p>\n<p style=\"text-align: center;\"><a href=\"\/pasarelaurbana\/wp-content\/uploads\/sites\/49\/2013\/09\/23.jpg\"><img loading=\"lazy\" class=\"aligncenter size-full wp-image-5061\" title=\"2\" src=\"\/pasarelaurbana\/wp-content\/uploads\/sites\/49\/2013\/09\/23.jpg\" alt=\"\" width=\"600\" height=\"803\" srcset=\"https:\/\/static-blogs.diariosur.es\/wp-content\/uploads\/sites\/49\/2013\/09\/23.jpg 600w, https:\/\/static-blogs.diariosur.es\/wp-content\/uploads\/sites\/49\/2013\/09\/23-224x300.jpg 224w\" sizes=\"(max-width: 600px) 100vw, 600px\" \/><\/a><\/p>\n<p style=\"text-align: center;\"><a href=\"\/pasarelaurbana\/wp-content\/uploads\/sites\/49\/2013\/09\/33.jpg\"><img loading=\"lazy\" class=\"aligncenter size-full wp-image-5062\" title=\"3\" src=\"\/pasarelaurbana\/wp-content\/uploads\/sites\/49\/2013\/09\/33.jpg\" alt=\"\" width=\"600\" height=\"803\" srcset=\"https:\/\/static-blogs.diariosur.es\/wp-content\/uploads\/sites\/49\/2013\/09\/33.jpg 600w, https:\/\/static-blogs.diariosur.es\/wp-content\/uploads\/sites\/49\/2013\/09\/33-224x300.jpg 224w\" sizes=\"(max-width: 600px) 100vw, 600px\" \/><\/a><\/p>\n<p style=\"text-align: center;\"><a href=\"\/pasarelaurbana\/wp-content\/uploads\/sites\/49\/2013\/09\/43.jpg\"><img loading=\"lazy\" class=\"aligncenter size-full wp-image-5063\" title=\"4\" src=\"\/pasarelaurbana\/wp-content\/uploads\/sites\/49\/2013\/09\/43.jpg\" alt=\"\" width=\"600\" height=\"803\" srcset=\"https:\/\/static-blogs.diariosur.es\/wp-content\/uploads\/sites\/49\/2013\/09\/43.jpg 600w, https:\/\/static-blogs.diariosur.es\/wp-content\/uploads\/sites\/49\/2013\/09\/43-224x300.jpg 224w\" sizes=\"(max-width: 600px) 100vw, 600px\" \/><\/a><\/p>\n<p style=\"text-align: center;\"><a href=\"\/pasarelaurbana\/wp-content\/uploads\/sites\/49\/2013\/09\/53.jpg\"><img loading=\"lazy\" class=\"aligncenter size-full wp-image-5059\" title=\"5\" src=\"\/pasarelaurbana\/wp-content\/uploads\/sites\/49\/2013\/09\/53.jpg\" alt=\"\" width=\"600\" height=\"803\" srcset=\"https:\/\/static-blogs.diariosur.es\/wp-content\/uploads\/sites\/49\/2013\/09\/53.jpg 600w, https:\/\/static-blogs.diariosur.es\/wp-content\/uploads\/sites\/49\/2013\/09\/53-224x300.jpg 224w\" sizes=\"(max-width: 600px) 100vw, 600px\" \/><\/a><\/p>\n<p style=\"text-align: center;\"><strong>Estefan\u00eda Kraus<\/strong>. Estudiante de Turismo y dependienta . 27 a\u00f1os<\/p>\n<p style=\"text-align: center;\"><span style=\"text-decoration: underline;\">En formato short con \u2018crop top\u2019, un d\u00fao de tendencia<\/span><br \/>\nEn verano, conforme el calor aprieta, los pantalones vaqueros quedan reservados a las m\u00e1s valientes. En su lugar, son los shorts los reyes del street style. Estos meses se han llevado min\u00fasculos, deshilachados y en clave \u2018boyfriend\u2019 (v\u00e9ase, como si parecieran sacados de un armario masculino). Estefan\u00eda Kraus, una estudiante de Turismo de 27 a\u00f1os, apuesta por unos maridados con un bonito crop top con mangas cuajadas de flores bordadas. \u00bfEl toque chic? Unas Superga rosas ideales para un \u2018outfit\u2019 sport.<\/p>\n<p style=\"text-align: center;\">Camiseta: Bershka.<\/p>\n<p style=\"text-align: center;\">Shorts: Blanco.<\/p>\n<p style=\"text-align: center;\">Deportivas: Superga.<\/p>\n<p style=\"text-align: center;\">Mochila: Adidas.<\/p>\n<p style=\"text-align: center;\"><a href=\"\/pasarelaurbana\/wp-content\/uploads\/sites\/49\/2013\/09\/161.jpg\"><img loading=\"lazy\" class=\"aligncenter size-full wp-image-5065\" title=\"16\" src=\"\/pasarelaurbana\/wp-content\/uploads\/sites\/49\/2013\/09\/161.jpg\" alt=\"\" width=\"600\" height=\"803\" srcset=\"https:\/\/static-blogs.diariosur.es\/wp-content\/uploads\/sites\/49\/2013\/09\/161.jpg 600w, https:\/\/static-blogs.diariosur.es\/wp-content\/uploads\/sites\/49\/2013\/09\/161-224x300.jpg 224w\" sizes=\"(max-width: 600px) 100vw, 600px\" \/><\/a><\/p>\n<p style=\"text-align: center;\"><a href=\"\/pasarelaurbana\/wp-content\/uploads\/sites\/49\/2013\/09\/171.jpg\"><img loading=\"lazy\" class=\"aligncenter size-full wp-image-5066\" title=\"17\" src=\"\/pasarelaurbana\/wp-content\/uploads\/sites\/49\/2013\/09\/171.jpg\" alt=\"\" width=\"600\" height=\"803\" srcset=\"https:\/\/static-blogs.diariosur.es\/wp-content\/uploads\/sites\/49\/2013\/09\/171.jpg 600w, https:\/\/static-blogs.diariosur.es\/wp-content\/uploads\/sites\/49\/2013\/09\/171-224x300.jpg 224w\" sizes=\"(max-width: 600px) 100vw, 600px\" \/><\/a><\/p>\n<p style=\"text-align: center;\"><a href=\"\/pasarelaurbana\/wp-content\/uploads\/sites\/49\/2013\/09\/181.jpg\"><img loading=\"lazy\" class=\"aligncenter size-full wp-image-5067\" title=\"18\" src=\"\/pasarelaurbana\/wp-content\/uploads\/sites\/49\/2013\/09\/181.jpg\" alt=\"\" width=\"600\" height=\"803\" srcset=\"https:\/\/static-blogs.diariosur.es\/wp-content\/uploads\/sites\/49\/2013\/09\/181.jpg 600w, https:\/\/static-blogs.diariosur.es\/wp-content\/uploads\/sites\/49\/2013\/09\/181-224x300.jpg 224w\" sizes=\"(max-width: 600px) 100vw, 600px\" \/><\/a><\/p>\n<p style=\"text-align: center;\"><a href=\"\/pasarelaurbana\/wp-content\/uploads\/sites\/49\/2013\/09\/191.jpg\"><img loading=\"lazy\" class=\"aligncenter size-full wp-image-5068\" title=\"19\" src=\"\/pasarelaurbana\/wp-content\/uploads\/sites\/49\/2013\/09\/191.jpg\" alt=\"\" width=\"600\" height=\"803\" srcset=\"https:\/\/static-blogs.diariosur.es\/wp-content\/uploads\/sites\/49\/2013\/09\/191.jpg 600w, https:\/\/static-blogs.diariosur.es\/wp-content\/uploads\/sites\/49\/2013\/09\/191-224x300.jpg 224w\" sizes=\"(max-width: 600px) 100vw, 600px\" \/><\/a><\/p>\n<p style=\"text-align: center;\"><a href=\"\/pasarelaurbana\/wp-content\/uploads\/sites\/49\/2013\/09\/201.jpg\"><img loading=\"lazy\" class=\"aligncenter size-full wp-image-5064\" title=\"20\" src=\"\/pasarelaurbana\/wp-content\/uploads\/sites\/49\/2013\/09\/201.jpg\" alt=\"\" width=\"600\" height=\"803\" srcset=\"https:\/\/static-blogs.diariosur.es\/wp-content\/uploads\/sites\/49\/2013\/09\/201.jpg 600w, https:\/\/static-blogs.diariosur.es\/wp-content\/uploads\/sites\/49\/2013\/09\/201-224x300.jpg 224w\" sizes=\"(max-width: 600px) 100vw, 600px\" \/><\/a><\/p>\n<p style=\"text-align: center;\"><strong>Alicia Rold\u00e1n<\/strong>. Propietaria de una asesor\u00eda fiscal. 50 a\u00f1os<\/p>\n<p style=\"text-align: center;\"><span style=\"text-decoration: underline;\">Las gafas de cristales objeto de deseo de las fashionistas<\/span><br \/>\nSe define como una \u2018fashion victim\u2019. \u00abMe encanta la moda e intento seguir muy de cerca las tendencias\u00bb, nos confes\u00f3 Alicia Rold\u00e1n, una asesora fiscal de 50 a\u00f1os incondicional al tejido \u2018denim\u2019. \u00abMe gustan los vaqueros porque me siento favorecida con ellos y me dan ese toque juvenil que persigo. Adem\u00e1s, bien combinados pueden ser super sexys\u00bb, nos destac\u00f3. El mi\u00e9rcoles la pillamos de paseo con un \u2018look\u2019 de batalla compuesto por shorts y camiseta b\u00e1sica negra. La nota de distinci\u00f3n la reserv\u00f3 a los complementos: botas moteras con tachuelas de Ibiza, bolso Louis Vuitton y las gafas m\u00e1s \u2018in\u2019 del momento: las Mr. Boho.<\/p>\n<p style=\"text-align: center;\">Camiseta: Primark.<\/p>\n<p style=\"text-align: center;\">Shorts: Zara.<\/p>\n<p style=\"text-align: center;\">Botas: \u00abCompradas en ibiza\u00bb.<\/p>\n<p style=\"text-align: center;\">Bolso: Louis Vuitton.<\/p>\n<p style=\"text-align: center;\">Gafas: Mr. Boho.<\/p>\n<p style=\"text-align: center;\">\n","protected":false},"excerpt":{"rendered":"<p>Anchos o entubados (en algunos casos hasta casi cortar la circulaci\u00f3n), el\u00e1sticos, de talle alto o bajo, deste\u00f1idos, pesqueros, ca\u00eddos (en clave \u2018boyfriend\u2019, rotos, deshilachados&#8230; Si hay una prenda capaz de reinventarse a s\u00ed misma y sobrevivir al embiste de las modas esa es el vaquero. No ha habido tendencia que no haya sabido adaptar [&hellip;]<\/p>\n","protected":false},"author":54,"featured_media":0,"comment_status":"open","ping_status":"open","sticky":false,"template":"","format":"standard","meta":[],"categories":[2],"tags":[],"_links":{"self":[{"href":"https:\/\/blogs.diariosur.es\/pasarelaurbana\/wp-json\/wp\/v2\/posts\/5038"}],"collection":[{"href":"https:\/\/blogs.diariosur.es\/pasarelaurbana\/wp-json\/wp\/v2\/posts"}],"about":[{"href":"https:\/\/blogs.diariosur.es\/pasarelaurbana\/wp-json\/wp\/v2\/types\/post"}],"author":[{"embeddable":true,"href":"https:\/\/blogs.diariosur.es\/pasarelaurbana\/wp-json\/wp\/v2\/users\/54"}],"replies":[{"embeddable":true,"href":"https:\/\/blogs.diariosur.es\/pasarelaurbana\/wp-json\/wp\/v2\/comments?post=5038"}],"version-history":[{"count":0,"href":"https:\/\/blogs.diariosur.es\/pasarelaurbana\/wp-json\/wp\/v2\/posts\/5038\/revisions"}],"wp:attachment":[{"href":"https:\/\/blogs.diariosur.es\/pasarelaurbana\/wp-json\/wp\/v2\/media?parent=5038"}],"wp:term":[{"taxonomy":"category","embeddable":true,"href":"https:\/\/blogs.diariosur.es\/pasarelaurbana\/wp-json\/wp\/v2\/categories?post=5038"},{"taxonomy":"post_tag","embeddable":true,"href":"https:\/\/blogs.diariosur.es\/pasarelaurbana\/wp-json\/wp\/v2\/tags?post=5038"}],"curies":[{"name":"wp","href":"https:\/\/api.w.org\/{rel}","templated":true}]}}