{"id":5069,"date":"2013-09-14T10:46:16","date_gmt":"2013-09-14T08:46:16","guid":{"rendered":"http:\/\/blogs.diariosur.es\/pasarelaurbana\/?p=5069"},"modified":"2013-09-14T10:46:16","modified_gmt":"2013-09-14T08:46:16","slug":"modas-que-no-caducan","status":"publish","type":"post","link":"https:\/\/blogs.diariosur.es\/pasarelaurbana\/2013\/09\/14\/modas-que-no-caducan\/","title":{"rendered":"Modas que no caducan"},"content":{"rendered":"<p style=\"text-align: center;\">Los term\u00f3metros comienzan a relajarse. El verano da sus \u00faltimos coletazos a la espera de que el oto\u00f1o le de en breve el relevo. En el calendario&#8230;y en los armario. Toca estrenar temporada y colecciones de las firmas, que ya han empezado a poner sus cartas sobre la mesa trazando la que ser\u00e1 la principal hoja de ruta de la moda de los pr\u00f3ximos meses a pie de calle. A\u00fan es pronto para hacer apuestas pero basta con echar un vistazo a los \u2018lookbooks\u2019 (una especie de libros de tendencias) de las principales franquicias para fijar qu\u00e9 prendas y complementos est\u00e1n llamados a convertirse en los m\u00e1s firmes candidatos a ocupar el trono del \u2018street style\u2019. Este oto\u00f1o\/invierno triunfar\u00e1n las flores (principalmente,combinadas con otros estampados o con detalles de est\u00e9tica punk), el tart\u00e1n (los cuadros escoceses ser\u00e1n imprescindibles), la est\u00e9tica de los a\u00f1os 50 o la inspiraci\u00f3n lencera (las sexys combinaciones salen de la cama para conquistar el asfalto -solo apto para las m\u00e1s atrevidas-)<br \/>\nNuevas tendencias&#8230;y, como ocurre cada temporada, una notable herencia de la moda que ha dominado hasta el momento. As\u00ed, en los pr\u00f3ximos meses volver\u00e1n a pisar fuerte las faldas largas (por las que apuesta Gabriela Merino), los \u2018crop top\u2019 (Noelia Alba lo lleva en su versi\u00f3n m\u00e1s recatada), las denominadas faldas pareo (\u00c1ngela Mesa elige una en negro) o los botines metalizados, elegidos por Desir\u00e9 S\u00e1nchez para poner el toque chic a su look, ideal para ir a la oficina. Y m\u00e1s modas que no caducan: el animal print, que volver\u00e1 a llevarse tanto en ropa como en complementos en todas sus versiones.<br \/>\nEn lo que a colores se refiere, el rosa ser\u00e1 uno de los grandes protagonistas del oto\u00f1o. Codo con codo con el mostaza, el rojo o el blanco y negro.<\/p>\n<p><a href=\"\/pasarelaurbana\/wp-content\/uploads\/sites\/49\/2013\/09\/61.jpg\"><img loading=\"lazy\" class=\"aligncenter size-full wp-image-5076\" title=\"6\" src=\"\/pasarelaurbana\/wp-content\/uploads\/sites\/49\/2013\/09\/61.jpg\" alt=\"\" width=\"600\" height=\"803\" srcset=\"https:\/\/static-blogs.diariosur.es\/wp-content\/uploads\/sites\/49\/2013\/09\/61.jpg 600w, https:\/\/static-blogs.diariosur.es\/wp-content\/uploads\/sites\/49\/2013\/09\/61-224x300.jpg 224w\" sizes=\"(max-width: 600px) 100vw, 600px\" \/><\/a><!--more--><a href=\"\/pasarelaurbana\/wp-content\/uploads\/sites\/49\/2013\/09\/71.jpg\"><img loading=\"lazy\" class=\"aligncenter size-full wp-image-5077\" title=\"7\" src=\"\/pasarelaurbana\/wp-content\/uploads\/sites\/49\/2013\/09\/71.jpg\" alt=\"\" width=\"600\" height=\"803\" srcset=\"https:\/\/static-blogs.diariosur.es\/wp-content\/uploads\/sites\/49\/2013\/09\/71.jpg 600w, https:\/\/static-blogs.diariosur.es\/wp-content\/uploads\/sites\/49\/2013\/09\/71-224x300.jpg 224w\" sizes=\"(max-width: 600px) 100vw, 600px\" \/><\/a><\/p>\n<p><a href=\"\/pasarelaurbana\/wp-content\/uploads\/sites\/49\/2013\/09\/81.jpg\"><img loading=\"lazy\" class=\"aligncenter size-full wp-image-5078\" title=\"8\" src=\"\/pasarelaurbana\/wp-content\/uploads\/sites\/49\/2013\/09\/81.jpg\" alt=\"\" width=\"600\" height=\"803\" srcset=\"https:\/\/static-blogs.diariosur.es\/wp-content\/uploads\/sites\/49\/2013\/09\/81.jpg 600w, https:\/\/static-blogs.diariosur.es\/wp-content\/uploads\/sites\/49\/2013\/09\/81-224x300.jpg 224w\" sizes=\"(max-width: 600px) 100vw, 600px\" \/><\/a><\/p>\n<p><a href=\"\/pasarelaurbana\/wp-content\/uploads\/sites\/49\/2013\/09\/91.jpg\"><img loading=\"lazy\" class=\"aligncenter size-full wp-image-5079\" title=\"9\" src=\"\/pasarelaurbana\/wp-content\/uploads\/sites\/49\/2013\/09\/91.jpg\" alt=\"\" width=\"600\" height=\"803\" srcset=\"https:\/\/static-blogs.diariosur.es\/wp-content\/uploads\/sites\/49\/2013\/09\/91.jpg 600w, https:\/\/static-blogs.diariosur.es\/wp-content\/uploads\/sites\/49\/2013\/09\/91-224x300.jpg 224w\" sizes=\"(max-width: 600px) 100vw, 600px\" \/><\/a><\/p>\n<p><a href=\"\/pasarelaurbana\/wp-content\/uploads\/sites\/49\/2013\/09\/113.jpg\"><img loading=\"lazy\" class=\"aligncenter size-full wp-image-5080\" title=\"11\" src=\"\/pasarelaurbana\/wp-content\/uploads\/sites\/49\/2013\/09\/113.jpg\" alt=\"\" width=\"600\" height=\"803\" srcset=\"https:\/\/static-blogs.diariosur.es\/wp-content\/uploads\/sites\/49\/2013\/09\/113.jpg 600w, https:\/\/static-blogs.diariosur.es\/wp-content\/uploads\/sites\/49\/2013\/09\/113-224x300.jpg 224w\" sizes=\"(max-width: 600px) 100vw, 600px\" \/><\/a><\/p>\n<p><a href=\"\/pasarelaurbana\/wp-content\/uploads\/sites\/49\/2013\/09\/122.jpg\"><img loading=\"lazy\" class=\"aligncenter size-full wp-image-5070\" title=\"12\" src=\"\/pasarelaurbana\/wp-content\/uploads\/sites\/49\/2013\/09\/122.jpg\" alt=\"\" width=\"600\" height=\"803\" srcset=\"https:\/\/static-blogs.diariosur.es\/wp-content\/uploads\/sites\/49\/2013\/09\/122.jpg 600w, https:\/\/static-blogs.diariosur.es\/wp-content\/uploads\/sites\/49\/2013\/09\/122-224x300.jpg 224w\" sizes=\"(max-width: 600px) 100vw, 600px\" \/><\/a><\/p>\n<p style=\"text-align: center;\"><strong>\u00c1ngela Mesa<\/strong>. Publicista. 24 a\u00f1os<\/p>\n<p style=\"text-align: center;\"><span style=\"text-decoration: underline;\">La falda pareo de Zara contin\u00faa en el podio este oto\u00f1o<\/span><br \/>\nNo hay bloggera ni fashionista que se precie que se haya resistido a inventar \u2018outfits\u2019 con ella. La falda pareo (o \u2018wrap skirt\u2019) se convirti\u00f3 la pasada primavera-verano en la prenda estrella de la colecci\u00f3n de Zara. Christine Centenera, editora de moda de Harpers Bazaar Australia, desat\u00f3 la fiebre enfund\u00e1ndose una. El gigante de Inditex oli\u00f3 el negocio y el resultado son millones de faldas vendidas por todo el mundo. Tanto es as\u00ed, que la firma mantiene el modelo con nuevas tonalidades para este oto\u00f1o, dispuesta a no matar a la gallina de los huevos de oro. \u00c1ngela Mesa, una publicista de 24 a\u00f1os amante de la moda, la lleva combinada con un top de print animal de Primak y sandalias. Un brazalete \u00e9tnico remata el look.<\/p>\n<p style=\"text-align: center;\">Top: Primark.<\/p>\n<p style=\"text-align: center;\">Falda: Zara.<\/p>\n<p style=\"text-align: center;\">Sandalias: Zara.<\/p>\n<p style=\"text-align: center;\">Pulseras: Pinsapo y Louis Vuitton.<\/p>\n<p style=\"text-align: center;\"><a href=\"\/pasarelaurbana\/wp-content\/uploads\/sites\/49\/2013\/09\/112.jpg\"><img loading=\"lazy\" class=\"aligncenter size-full wp-image-5071\" title=\"1\" src=\"\/pasarelaurbana\/wp-content\/uploads\/sites\/49\/2013\/09\/112.jpg\" alt=\"\" width=\"600\" height=\"803\" srcset=\"https:\/\/static-blogs.diariosur.es\/wp-content\/uploads\/sites\/49\/2013\/09\/112.jpg 600w, https:\/\/static-blogs.diariosur.es\/wp-content\/uploads\/sites\/49\/2013\/09\/112-224x300.jpg 224w\" sizes=\"(max-width: 600px) 100vw, 600px\" \/><\/a><\/p>\n<p style=\"text-align: center;\"><a href=\"\/pasarelaurbana\/wp-content\/uploads\/sites\/49\/2013\/09\/24.jpg\"><img loading=\"lazy\" class=\"aligncenter size-full wp-image-5072\" title=\"2\" src=\"\/pasarelaurbana\/wp-content\/uploads\/sites\/49\/2013\/09\/24.jpg\" alt=\"\" width=\"600\" height=\"803\" srcset=\"https:\/\/static-blogs.diariosur.es\/wp-content\/uploads\/sites\/49\/2013\/09\/24.jpg 600w, https:\/\/static-blogs.diariosur.es\/wp-content\/uploads\/sites\/49\/2013\/09\/24-224x300.jpg 224w\" sizes=\"(max-width: 600px) 100vw, 600px\" \/><\/a><\/p>\n<p style=\"text-align: center;\"><a href=\"\/pasarelaurbana\/wp-content\/uploads\/sites\/49\/2013\/09\/34.jpg\"><img loading=\"lazy\" class=\"aligncenter size-full wp-image-5073\" title=\"3\" src=\"\/pasarelaurbana\/wp-content\/uploads\/sites\/49\/2013\/09\/34.jpg\" alt=\"\" width=\"600\" height=\"803\" srcset=\"https:\/\/static-blogs.diariosur.es\/wp-content\/uploads\/sites\/49\/2013\/09\/34.jpg 600w, https:\/\/static-blogs.diariosur.es\/wp-content\/uploads\/sites\/49\/2013\/09\/34-224x300.jpg 224w\" sizes=\"(max-width: 600px) 100vw, 600px\" \/><\/a><\/p>\n<p style=\"text-align: center;\"><a href=\"\/pasarelaurbana\/wp-content\/uploads\/sites\/49\/2013\/09\/44.jpg\"><img loading=\"lazy\" class=\"aligncenter size-full wp-image-5074\" title=\"4\" src=\"\/pasarelaurbana\/wp-content\/uploads\/sites\/49\/2013\/09\/44.jpg\" alt=\"\" width=\"600\" height=\"803\" srcset=\"https:\/\/static-blogs.diariosur.es\/wp-content\/uploads\/sites\/49\/2013\/09\/44.jpg 600w, https:\/\/static-blogs.diariosur.es\/wp-content\/uploads\/sites\/49\/2013\/09\/44-224x300.jpg 224w\" sizes=\"(max-width: 600px) 100vw, 600px\" \/><\/a><\/p>\n<p style=\"text-align: center;\"><a href=\"\/pasarelaurbana\/wp-content\/uploads\/sites\/49\/2013\/09\/54.jpg\"><img loading=\"lazy\" class=\"aligncenter size-full wp-image-5075\" title=\"5\" src=\"\/pasarelaurbana\/wp-content\/uploads\/sites\/49\/2013\/09\/54.jpg\" alt=\"\" width=\"600\" height=\"803\" srcset=\"https:\/\/static-blogs.diariosur.es\/wp-content\/uploads\/sites\/49\/2013\/09\/54.jpg 600w, https:\/\/static-blogs.diariosur.es\/wp-content\/uploads\/sites\/49\/2013\/09\/54-224x300.jpg 224w\" sizes=\"(max-width: 600px) 100vw, 600px\" \/><\/a><\/p>\n<p style=\"text-align: center;\"><strong>Gabriela Merino<\/strong>. Graduada en Turismo. 22 a\u00f1os<\/p>\n<p style=\"text-align: center;\"><span style=\"text-decoration: underline;\">Las faldas largas seguir\u00e1n dando mucha guerra<\/span><br \/>\nJunto a los denominados palazzo (v\u00e9ase, faldas pantal\u00f3n) han sido la prenda m\u00e1s \u2018in\u2019 de este verano. Y a juzgar por lo que vamos conociendo de las nuevas colecciones volver\u00e1n a ser imprescindible durante los pr\u00f3ximos meses. Hablamos de las faldas largas. Una prenda que tiene a su favor la comodidad y ese punto \u2018boho chic\u2019 tan sofisticado que imprimen a cualquier estilismo. A Gabriela Merino, una joven malague\u00f1a de 22 a\u00f1os graduada en Turismo, la pillamos con este delicado modelo durante nuestra \u00faltima sesi\u00f3n de \u2018street style\u2019 por el Centro. Nos gust\u00f3 la elegancia que destilaba su sencillez. Desde muy temprano ten\u00eda cita con la academia de ingl\u00e9s as\u00ed que, como nos confes\u00f3, su prioridad era elegir un estilismo c\u00f3modo y funcional. Para ello opt\u00f3 por un \u2018total look nude\u2019 con un halo rom\u00e1ntico compuesto por camisa XL y falda larga vaporosa con una apertura frontal. \u00bfEl toque chic? La explosi\u00f3n de color que Gabriela reserv\u00f3 a las sandalias de tiras de Bimba y Lola y que, a mi juicio, es el contrapunto perfecto para darle fuerza al \u2018outfit\u2019.<\/p>\n<p style=\"text-align: center;\">Camisa y falda: Zara.<\/p>\n<p style=\"text-align: center;\">Sandalias: Bimba y Lola.<\/p>\n<p style=\"text-align: center;\">Bolso: Dayaday.<\/p>\n<p style=\"text-align: center;\"><a href=\"\/pasarelaurbana\/wp-content\/uploads\/sites\/49\/2013\/09\/151.jpg\"><img loading=\"lazy\" class=\"aligncenter size-full wp-image-5084\" title=\"15\" src=\"\/pasarelaurbana\/wp-content\/uploads\/sites\/49\/2013\/09\/151.jpg\" alt=\"\" width=\"600\" height=\"803\" srcset=\"https:\/\/static-blogs.diariosur.es\/wp-content\/uploads\/sites\/49\/2013\/09\/151.jpg 600w, https:\/\/static-blogs.diariosur.es\/wp-content\/uploads\/sites\/49\/2013\/09\/151-224x300.jpg 224w\" sizes=\"(max-width: 600px) 100vw, 600px\" \/><\/a><\/p>\n<p style=\"text-align: center;\"><a href=\"\/pasarelaurbana\/wp-content\/uploads\/sites\/49\/2013\/09\/162.jpg\"><img loading=\"lazy\" class=\"aligncenter size-full wp-image-5085\" title=\"16\" src=\"\/pasarelaurbana\/wp-content\/uploads\/sites\/49\/2013\/09\/162.jpg\" alt=\"\" width=\"600\" height=\"803\" srcset=\"https:\/\/static-blogs.diariosur.es\/wp-content\/uploads\/sites\/49\/2013\/09\/162.jpg 600w, https:\/\/static-blogs.diariosur.es\/wp-content\/uploads\/sites\/49\/2013\/09\/162-224x300.jpg 224w\" sizes=\"(max-width: 600px) 100vw, 600px\" \/><\/a><\/p>\n<p style=\"text-align: center;\"><a href=\"\/pasarelaurbana\/wp-content\/uploads\/sites\/49\/2013\/09\/141.jpg\"><img loading=\"lazy\" class=\"aligncenter size-full wp-image-5083\" title=\"14\" src=\"\/pasarelaurbana\/wp-content\/uploads\/sites\/49\/2013\/09\/141.jpg\" alt=\"\" width=\"600\" height=\"803\" srcset=\"https:\/\/static-blogs.diariosur.es\/wp-content\/uploads\/sites\/49\/2013\/09\/141.jpg 600w, https:\/\/static-blogs.diariosur.es\/wp-content\/uploads\/sites\/49\/2013\/09\/141-224x300.jpg 224w\" sizes=\"(max-width: 600px) 100vw, 600px\" \/><\/a><\/p>\n<p style=\"text-align: center;\"><a href=\"\/pasarelaurbana\/wp-content\/uploads\/sites\/49\/2013\/09\/172.jpg\"><img loading=\"lazy\" class=\"aligncenter size-full wp-image-5086\" title=\"17\" src=\"\/pasarelaurbana\/wp-content\/uploads\/sites\/49\/2013\/09\/172.jpg\" alt=\"\" width=\"600\" height=\"803\" srcset=\"https:\/\/static-blogs.diariosur.es\/wp-content\/uploads\/sites\/49\/2013\/09\/172.jpg 600w, https:\/\/static-blogs.diariosur.es\/wp-content\/uploads\/sites\/49\/2013\/09\/172-224x300.jpg 224w\" sizes=\"(max-width: 600px) 100vw, 600px\" \/><\/a><\/p>\n<p style=\"text-align: center;\"><a href=\"\/pasarelaurbana\/wp-content\/uploads\/sites\/49\/2013\/09\/182.jpg\"><img loading=\"lazy\" class=\"aligncenter size-full wp-image-5087\" title=\"18\" src=\"\/pasarelaurbana\/wp-content\/uploads\/sites\/49\/2013\/09\/182.jpg\" alt=\"\" width=\"600\" height=\"448\" srcset=\"https:\/\/static-blogs.diariosur.es\/wp-content\/uploads\/sites\/49\/2013\/09\/182.jpg 600w, https:\/\/static-blogs.diariosur.es\/wp-content\/uploads\/sites\/49\/2013\/09\/182-300x224.jpg 300w\" sizes=\"(max-width: 600px) 100vw, 600px\" \/><\/a><\/p>\n<p style=\"text-align: center;\"><strong>Desir\u00e9 S\u00e1nchez<\/strong>. Licenciada en Filolog\u00eda Hisp\u00e1nica. 34 a\u00f1os<\/p>\n<p style=\"text-align: center;\"><span style=\"text-decoration: underline;\">Botines metalizados, una tendencia que de nuevo pisa fuerte<\/span><br \/>\nLos zapatos con acabado metalizado (especialmente los dorados y plateados) volver\u00e1n a brillar con luz propia esta nueva temporada que ya asoma t\u00edmidamente por los armarios. Desir\u00e9 S\u00e1nchez, una malague\u00f1a Licenciada en Filolog\u00eda Hisp\u00e1nicas de 34 a\u00f1os, se los calza cada vez que quiere dar un toque especial a cualquier look. Y el resultado es perfecto. A pie de calle la pillamos con este \u2018outfit\u2019 construido en torno al verde esmeralda (el color revelaci\u00f3n de este 2013) a base de pantalones entubados, chaleco multibolsillos, camisa blanca y pa\u00f1uelo. Ideal, por ejemplo, para ir a la oficina.<\/p>\n<p style=\"text-align: center;\">Total look: De la marca Caroll, a la venta en El Corte Ingl\u00e9s.<\/p>\n<p style=\"text-align: center;\"><a href=\"\/pasarelaurbana\/wp-content\/uploads\/sites\/49\/2013\/09\/192.jpg\"><img loading=\"lazy\" class=\"aligncenter size-full wp-image-5088\" title=\"19\" src=\"\/pasarelaurbana\/wp-content\/uploads\/sites\/49\/2013\/09\/192.jpg\" alt=\"\" width=\"600\" height=\"803\" srcset=\"https:\/\/static-blogs.diariosur.es\/wp-content\/uploads\/sites\/49\/2013\/09\/192.jpg 600w, https:\/\/static-blogs.diariosur.es\/wp-content\/uploads\/sites\/49\/2013\/09\/192-224x300.jpg 224w\" sizes=\"(max-width: 600px) 100vw, 600px\" \/><\/a><\/p>\n<p style=\"text-align: center;\"><a href=\"\/pasarelaurbana\/wp-content\/uploads\/sites\/49\/2013\/09\/202.jpg\"><img loading=\"lazy\" class=\"aligncenter size-full wp-image-5089\" title=\"20\" src=\"\/pasarelaurbana\/wp-content\/uploads\/sites\/49\/2013\/09\/202.jpg\" alt=\"\" width=\"600\" height=\"803\" srcset=\"https:\/\/static-blogs.diariosur.es\/wp-content\/uploads\/sites\/49\/2013\/09\/202.jpg 600w, https:\/\/static-blogs.diariosur.es\/wp-content\/uploads\/sites\/49\/2013\/09\/202-224x300.jpg 224w\" sizes=\"(max-width: 600px) 100vw, 600px\" \/><\/a><\/p>\n<p style=\"text-align: center;\"><a href=\"\/pasarelaurbana\/wp-content\/uploads\/sites\/49\/2013\/09\/211.jpg\"><img loading=\"lazy\" class=\"aligncenter size-full wp-image-5090\" title=\"21\" src=\"\/pasarelaurbana\/wp-content\/uploads\/sites\/49\/2013\/09\/211.jpg\" alt=\"\" width=\"600\" height=\"803\" srcset=\"https:\/\/static-blogs.diariosur.es\/wp-content\/uploads\/sites\/49\/2013\/09\/211.jpg 600w, https:\/\/static-blogs.diariosur.es\/wp-content\/uploads\/sites\/49\/2013\/09\/211-224x300.jpg 224w\" sizes=\"(max-width: 600px) 100vw, 600px\" \/><\/a><\/p>\n<p style=\"text-align: center;\"><a href=\"\/pasarelaurbana\/wp-content\/uploads\/sites\/49\/2013\/09\/221.jpg\"><img loading=\"lazy\" class=\"aligncenter size-full wp-image-5091\" title=\"22\" src=\"\/pasarelaurbana\/wp-content\/uploads\/sites\/49\/2013\/09\/221.jpg\" alt=\"\" width=\"600\" height=\"803\" srcset=\"https:\/\/static-blogs.diariosur.es\/wp-content\/uploads\/sites\/49\/2013\/09\/221.jpg 600w, https:\/\/static-blogs.diariosur.es\/wp-content\/uploads\/sites\/49\/2013\/09\/221-224x300.jpg 224w\" sizes=\"(max-width: 600px) 100vw, 600px\" \/><\/a><\/p>\n<p style=\"text-align: center;\"><a href=\"\/pasarelaurbana\/wp-content\/uploads\/sites\/49\/2013\/09\/231.jpg\"><img loading=\"lazy\" class=\"aligncenter size-full wp-image-5081\" title=\"23\" src=\"\/pasarelaurbana\/wp-content\/uploads\/sites\/49\/2013\/09\/231.jpg\" alt=\"\" width=\"600\" height=\"582\" srcset=\"https:\/\/static-blogs.diariosur.es\/wp-content\/uploads\/sites\/49\/2013\/09\/231.jpg 600w, https:\/\/static-blogs.diariosur.es\/wp-content\/uploads\/sites\/49\/2013\/09\/231-300x291.jpg 300w\" sizes=\"(max-width: 600px) 100vw, 600px\" \/><\/a><\/p>\n<p style=\"text-align: center;\"><strong>Noelia Alba<\/strong>. Estudiante de Derecho. 28 a\u00f1os<\/p>\n<p style=\"text-align: center;\"><span style=\"text-decoration: underline;\">\u00bfLucir ombligo? Los \u2018crop top\u2019 desaf\u00edan al fr\u00edo<\/span><br \/>\n\u00bfFr\u00edo? \u00bfQui\u00e9n dijo fr\u00edo? Cuando se trata de seguir las tendencias las bajas temperaturas no son un impedimento. Al menos eso deben pensar los dise\u00f1adores de las principales firmas \u2018low cost\u2019 que vuelven a apostar fuerte por los denominados \u2018crop top\u2019 para los pr\u00f3ximos meses. No sabemos c\u00f3mo responder\u00e1 el \u2018street style\u2019 pero de momento, estas prendas han calado a pie de calle en M\u00e1laga. Noelia Alba, una estudiante de Derecho de 28 a\u00f1os, la lleva en formato de sobrecamisa con falda-pantal\u00f3n.<\/p>\n<p style=\"text-align: center;\">Blusa y Falda-pantal\u00f3n: Purificaci\u00f3n Garc\u00eda.<\/p>\n<p style=\"text-align: center;\">Bolso bandolera: Carolina Herrera.<\/p>\n<p style=\"text-align: center;\">Cu\u00f1as: Latouche.<\/p>\n","protected":false},"excerpt":{"rendered":"<p>Los term\u00f3metros comienzan a relajarse. El verano da sus \u00faltimos coletazos a la espera de que el oto\u00f1o le de en breve el relevo. En el calendario&#8230;y en los armario. Toca estrenar temporada y colecciones de las firmas, que ya han empezado a poner sus cartas sobre la mesa trazando la que ser\u00e1 la principal [&hellip;]<\/p>\n","protected":false},"author":54,"featured_media":0,"comment_status":"open","ping_status":"open","sticky":false,"template":"","format":"standard","meta":[],"categories":[2],"tags":[],"_links":{"self":[{"href":"https:\/\/blogs.diariosur.es\/pasarelaurbana\/wp-json\/wp\/v2\/posts\/5069"}],"collection":[{"href":"https:\/\/blogs.diariosur.es\/pasarelaurbana\/wp-json\/wp\/v2\/posts"}],"about":[{"href":"https:\/\/blogs.diariosur.es\/pasarelaurbana\/wp-json\/wp\/v2\/types\/post"}],"author":[{"embeddable":true,"href":"https:\/\/blogs.diariosur.es\/pasarelaurbana\/wp-json\/wp\/v2\/users\/54"}],"replies":[{"embeddable":true,"href":"https:\/\/blogs.diariosur.es\/pasarelaurbana\/wp-json\/wp\/v2\/comments?post=5069"}],"version-history":[{"count":0,"href":"https:\/\/blogs.diariosur.es\/pasarelaurbana\/wp-json\/wp\/v2\/posts\/5069\/revisions"}],"wp:attachment":[{"href":"https:\/\/blogs.diariosur.es\/pasarelaurbana\/wp-json\/wp\/v2\/media?parent=5069"}],"wp:term":[{"taxonomy":"category","embeddable":true,"href":"https:\/\/blogs.diariosur.es\/pasarelaurbana\/wp-json\/wp\/v2\/categories?post=5069"},{"taxonomy":"post_tag","embeddable":true,"href":"https:\/\/blogs.diariosur.es\/pasarelaurbana\/wp-json\/wp\/v2\/tags?post=5069"}],"curies":[{"name":"wp","href":"https:\/\/api.w.org\/{rel}","templated":true}]}}