{"id":5096,"date":"2013-09-16T17:50:13","date_gmt":"2013-09-16T15:50:13","guid":{"rendered":"http:\/\/blogs.diariosur.es\/pasarelaurbana\/?p=5096"},"modified":"2013-09-16T17:50:13","modified_gmt":"2013-09-16T15:50:13","slug":"orgullosa-de-la-moda-malaguena","status":"publish","type":"post","link":"https:\/\/blogs.diariosur.es\/pasarelaurbana\/2013\/09\/16\/orgullosa-de-la-moda-malaguena\/","title":{"rendered":"Orgullosa de la moda malague\u00f1a"},"content":{"rendered":"<p style=\"text-align: center;\">\u00a1Buenas! \u00a1Arrancamos una semana m\u00e1s! Y lo hacemos tras la resaca de un fin de semana magn\u00edfico en el que M\u00e1laga se ha reencontrado con la Pasarela Larios. Una servidora estuvo viernes y s\u00e1bado a pie de pasarela (la m\u00e1s larga de Europa) disfrutando de unos desfiles que, edici\u00f3n tras edici\u00f3n (y ya van tres) se superan en todo: ambiente, calidad de las colecciones, puesta en escena, agilidad&#8230;La gran fiesta de la moda local no defraud\u00f3 y volvi\u00f3 a sorprender demostrando que la alta costura malague\u00f1a tiene mucho que decir. Y hay que escucharla. La f\u00f3rmula funciona. El inter\u00e9s por la moda ha ido ganando enteros en los \u00faltimos a\u00f1os y se ha convertido en una baza y un valor a\u00f1adido que una ciudad tan dependiente del Turismo como es M\u00e1laga tiene que contemplar y explotar. Hemos enfilado el buen camino&#8230;pero hay que seguir dando m\u00e1s pasos. Y desde aqu\u00ed conf\u00edo en que as\u00ed sea. Dicho esto (un peque\u00f1o mensaje dirigido a las autoridades que correspondan) quiero aprovechar esta Pasarela Urbana para compartir con vosotros la amplia cobertura que desde SUR hemos hecho de la Pasarela Larios 2013 (encontrar\u00e9is todos los enlaces al final del post). Que est\u00e1 feo que yo lo diga, pero que ha sido magn\u00edfica. Tanto por el despliegue gr\u00e1fico (con espectaculares fotos de mi compa\u00f1ero \u00c1lvaro Cabrera) como por el audiovisual (geniales los v\u00eddeos montados y editados por Pedro J. Quero donde pod\u00e9is repasar cada desfile) y, por supuesto, el period\u00edstico puro y duro, con cr\u00f3nicas y an\u00e1lisis a cargo de mi compi (y ya experimentada compa\u00f1era de fatigas en esto de la alfombra azul) Ana P\u00e9rez-Bryan, Alexis Ojeda y una servidora. \u00a1S\u00faper despliegue, vamos! \u00a1Pero la ocasi\u00f3n lo merec\u00eda! \u00bfMis sensaciones tras los visto sobre la pasarela? Muy buenas.<\/p>\n<p style=\"text-align: center;\">Antonia Galiano, encargada de abrir los desfiles, se super\u00f3 respecto a a\u00f1os anteriores con una colecci\u00f3n inspirada en los a\u00f1os 30 y 40 con algunas propuestas exquisitas. Ideal su modelo en lila y plata con falda de vuelo (muy repetidas en su l\u00ednea). Miguel \u00c1ngel Ruiz (alfiler de oro de esta edici\u00f3n por su trayectoria) apost\u00f3 por el bicolor con vestidos de corte impecable (el negro con transparencias me enamor\u00f3) mientras que Rafael Urqu\u00edzar reivindic\u00f3 con bastante acierto el mono como vestido de fiesta (me encantaron sus capas, la guinda a unos estilismos de est\u00e9tica retro te\u00f1idos de blanco, negro y beige tostado). A \u00c1ngel Palazuelos no acab\u00e9 de entenderlo. Su &#8216;Pureza Her\u00e1ldica&#8217; me dej\u00f3 algo fr\u00eda.\u00a0Dominada por tonos blancos y a\u00f1iles, el dise\u00f1ador afirm\u00f3 haber recogido un poso de aquel imperialismo de los zares de Rusia, Chino o Japon\u00e9s que tanto influyeron en grandes maestros como Balenciaga. Pero insisto, no me acab\u00f3 de convencer sobre la pasarela. Demasiado conceptual quiz\u00e1s, lo que no quita una costura impecable. Gemma Mel\u00e9 fue de las m\u00e1s coloristas de la jornada con dise\u00f1os pensados para realzar al m\u00e1ximo la silueta de la mujer. Muy llamativo el vestido rosa fucsia que luci\u00f3 su hija Leticia. Eso s\u00ed, excesivos los complementos que recargaban en muchos casos el look final. Pero si he de elegir dos nombres de la noche, me quedo con Montesco y con Jes\u00fas Segado, que un a\u00f1o m\u00e1s lo bord\u00f3 en may\u00fasculas. Mario Camino y Carlos Aguirre presentaron una colecci\u00f3n basada en el bicolor y en el lujo austero de los 40 que funcion\u00f3 muy bien sobre calle Larios (a destacar sus gui\u00f1os a Andaluc\u00eda en forma de flecos, lunares o volantes). Segado, simplemente me enamor\u00f3. \u00a0Su alianza con Laura Olea (que firm\u00f3 sus tocados, a modo de ramas de \u00e1rboles) constituy\u00f3 el t\u00e1ndem perfecto logrando el espect\u00e1culo que requer\u00eda la cita. \u00a0Ideal sus detalles de pedrer\u00eda, sus delicados bordados, sus estudiadas transparencias, los bolsillos en los vestidos (sello de la casa)&#8230; Todos hicieron un gran trabajo que dej\u00f3 el list\u00f3n m\u00e1s que alto.<\/p>\n<p><a href=\"\/pasarelaurbana\/wp-content\/uploads\/sites\/49\/2013\/09\/82.jpg\"><img loading=\"lazy\" class=\"aligncenter size-full wp-image-5105\" title=\"8\" src=\"\/pasarelaurbana\/wp-content\/uploads\/sites\/49\/2013\/09\/82.jpg\" alt=\"\" width=\"600\" height=\"951\" srcset=\"https:\/\/static-blogs.diariosur.es\/wp-content\/uploads\/sites\/49\/2013\/09\/82.jpg 600w, https:\/\/static-blogs.diariosur.es\/wp-content\/uploads\/sites\/49\/2013\/09\/82-189x300.jpg 189w\" sizes=\"(max-width: 600px) 100vw, 600px\" \/><\/a><\/p>\n<p><!--more--><\/p>\n<p><a href=\"\/pasarelaurbana\/wp-content\/uploads\/sites\/49\/2013\/09\/101.jpg\"><img loading=\"lazy\" class=\"aligncenter size-full wp-image-5107\" title=\"10\" src=\"\/pasarelaurbana\/wp-content\/uploads\/sites\/49\/2013\/09\/101.jpg\" alt=\"\" width=\"600\" height=\"894\" srcset=\"https:\/\/static-blogs.diariosur.es\/wp-content\/uploads\/sites\/49\/2013\/09\/101.jpg 600w, https:\/\/static-blogs.diariosur.es\/wp-content\/uploads\/sites\/49\/2013\/09\/101-201x300.jpg 201w\" sizes=\"(max-width: 600px) 100vw, 600px\" \/><\/a><\/p>\n<p style=\"text-align: center;\">\n<p style=\"text-align: center;\">Os dejo con mis cr\u00f3nicas, publicadas en SUR<\/p>\n<p style=\"text-align: center;\"><strong>El bicolor y las transparencias, claves<\/strong><\/p>\n<p style=\"text-align: center;\">La alta costura malague\u00f1a puede presumir de hilar muy fino. El viernes, los dise\u00f1adores locales volvieron a dar una lecci\u00f3n de maestr\u00eda sobre la espectacular alfombra azul que, por tercera vez, convirti\u00f3 a calle Larios en una gran fiesta de la moda. Entre las invitadas, una clara protagonista: una mujer hiperfemenina dispuesta a explotar su sensualidad con prendas confeccionadas para realzar al m\u00e1ximo su figura. Curvas en la silueta&#8230; y bicolor en la paleta crom\u00e1tica. Una vez m\u00e1s, el inagotable blanco y negro (siempre tan sofisticado) triunf\u00f3 en una pasarela transformada en m\u00e1quina del tiempo con parada en los a\u00f1os 20, 30 y 40 con la discreci\u00f3n, la elegancia y la sencillez por bandera. Los dise\u00f1adores malague\u00f1os hicieron una fuerte apuesta por lo retro que impregn\u00f3, entre otras, las colecciones de Antonia Galiano (precioso el juego de vol\u00famenes de su segundo traje en plateado y lila), Miguel \u00c1ngel Ruiz (quien explot\u00f3 el largo \u2018midi\u2019 por debajo de la rodilla) o los Montesco. Mario Camino y Carlos Aguirre deslumbraron con una l\u00ednea basada en el lujo austero de los 40 y en la que destacaron los cortes arquitect\u00f3nicos de sus impecables chaquetas y los gui\u00f1os a Andaluc\u00eda presente en lunares, flecos o volantes (muy interesantes combinados con rosa palo, color clave este oto\u00f1o). La magia del Sur tambi\u00e9n fue protagonista de la colecci\u00f3n de Rafael Urqu\u00edzar, quien reivindic\u00f3 el mono como prenda clave para las noches de fiesta y los vestidos maridados con capas. Palazuelos recurri\u00f3 a la inspiraci\u00f3n her\u00e1ldica e hizo de la flor de lis su estampado estrella mientras que Gemma Mel\u00e9 propuso vestidos ce\u00f1idos con vertiginosos escotes traseros en fucsia y turquesa. Jes\u00fas Segado, por su parte, volvi\u00f3 a\u00a0 sorprender con arriesgadas mezclas de tejidos y delicados bordados con pedrer\u00eda convertidos en obras de arte. Su apuesta: bolsillos en los trajes de noche. \u00a1Tomen nota!<\/p>\n<p style=\"text-align: center;\"><a href=\"\/pasarelaurbana\/wp-content\/uploads\/sites\/49\/2013\/09\/92.jpg\"><img loading=\"lazy\" class=\"aligncenter size-full wp-image-5106\" title=\"9\" src=\"\/pasarelaurbana\/wp-content\/uploads\/sites\/49\/2013\/09\/92.jpg\" alt=\"\" width=\"600\" height=\"870\" srcset=\"https:\/\/static-blogs.diariosur.es\/wp-content\/uploads\/sites\/49\/2013\/09\/92.jpg 600w, https:\/\/static-blogs.diariosur.es\/wp-content\/uploads\/sites\/49\/2013\/09\/92-207x300.jpg 207w\" sizes=\"(max-width: 600px) 100vw, 600px\" \/><\/a><\/p>\n<p style=\"text-align: center;\">Sobre estas l\u00edneas, dise\u00f1os de Jes\u00fas Segado. Os he seleccionado tres de mis favoritos. Espectaculares los modelos en turquesa y fucsia y este \u00faltimo de novia que salvando las distancias me record\u00f3 un poco al traje que David Delf\u00edn llev\u00f3 a Cibeles, cuajado de capullos de rosas rojas.<\/p>\n<p><a href=\"\/pasarelaurbana\/wp-content\/uploads\/sites\/49\/2013\/09\/72.jpg\"><img loading=\"lazy\" class=\"aligncenter size-full wp-image-5104\" title=\"7\" src=\"\/pasarelaurbana\/wp-content\/uploads\/sites\/49\/2013\/09\/72.jpg\" alt=\"\" width=\"600\" height=\"400\" srcset=\"https:\/\/static-blogs.diariosur.es\/wp-content\/uploads\/sites\/49\/2013\/09\/72.jpg 600w, https:\/\/static-blogs.diariosur.es\/wp-content\/uploads\/sites\/49\/2013\/09\/72-300x200.jpg 300w\" sizes=\"(max-width: 600px) 100vw, 600px\" \/><\/a><\/p>\n<p><a href=\"\/pasarelaurbana\/wp-content\/uploads\/sites\/49\/2013\/09\/62.jpg\"><img loading=\"lazy\" class=\"aligncenter size-full wp-image-5103\" title=\"6\" src=\"\/pasarelaurbana\/wp-content\/uploads\/sites\/49\/2013\/09\/62.jpg\" alt=\"\" width=\"600\" height=\"848\" srcset=\"https:\/\/static-blogs.diariosur.es\/wp-content\/uploads\/sites\/49\/2013\/09\/62.jpg 600w, https:\/\/static-blogs.diariosur.es\/wp-content\/uploads\/sites\/49\/2013\/09\/62-212x300.jpg 212w\" sizes=\"(max-width: 600px) 100vw, 600px\" \/><\/a><\/p>\n<p style=\"text-align: center;\">Sobre estas l\u00edneas, dos propuestas de Montesco<\/p>\n<p><a href=\"\/pasarelaurbana\/wp-content\/uploads\/sites\/49\/2013\/09\/25.jpg\"><img loading=\"lazy\" class=\"aligncenter size-full wp-image-5099\" title=\"2\" src=\"\/pasarelaurbana\/wp-content\/uploads\/sites\/49\/2013\/09\/25.jpg\" alt=\"\" width=\"600\" height=\"940\" srcset=\"https:\/\/static-blogs.diariosur.es\/wp-content\/uploads\/sites\/49\/2013\/09\/25.jpg 600w, https:\/\/static-blogs.diariosur.es\/wp-content\/uploads\/sites\/49\/2013\/09\/25-191x300.jpg 191w\" sizes=\"(max-width: 600px) 100vw, 600px\" \/><\/a><\/p>\n<p style=\"text-align: center;\">Este vestido corto de Miguel \u00c1ngel Ruiz fue uno de mis favoritos de la noche. \u00a1Impresionante!<\/p>\n<p style=\"text-align: center;\"><a href=\"\/pasarelaurbana\/wp-content\/uploads\/sites\/49\/2013\/09\/45.jpg\"><img loading=\"lazy\" class=\"aligncenter size-full wp-image-5101\" title=\"4\" src=\"\/pasarelaurbana\/wp-content\/uploads\/sites\/49\/2013\/09\/45.jpg\" alt=\"\" width=\"600\" height=\"1044\" srcset=\"https:\/\/static-blogs.diariosur.es\/wp-content\/uploads\/sites\/49\/2013\/09\/45.jpg 600w, https:\/\/static-blogs.diariosur.es\/wp-content\/uploads\/sites\/49\/2013\/09\/45-172x300.jpg 172w, https:\/\/static-blogs.diariosur.es\/wp-content\/uploads\/sites\/49\/2013\/09\/45-589x1024.jpg 589w\" sizes=\"(max-width: 600px) 100vw, 600px\" \/><\/a>Rafael Urqu\u00edzar<\/p>\n<p style=\"text-align: center;\"><a href=\"\/pasarelaurbana\/wp-content\/uploads\/sites\/49\/2013\/09\/115.jpg\"><img loading=\"lazy\" class=\"aligncenter  wp-image-5098\" title=\"1\" src=\"\/pasarelaurbana\/wp-content\/uploads\/sites\/49\/2013\/09\/115.jpg\" alt=\"\" width=\"600\" height=\"900\" srcset=\"https:\/\/static-blogs.diariosur.es\/wp-content\/uploads\/sites\/49\/2013\/09\/115.jpg 600w, https:\/\/static-blogs.diariosur.es\/wp-content\/uploads\/sites\/49\/2013\/09\/115-200x300.jpg 200w\" sizes=\"(max-width: 600px) 100vw, 600px\" \/><\/a>Antonia Galiano<\/p>\n<p style=\"text-align: center;\"><a href=\"\/pasarelaurbana\/wp-content\/uploads\/sites\/49\/2013\/09\/35.jpg\"><img loading=\"lazy\" class=\"aligncenter size-full wp-image-5100\" title=\"3\" src=\"\/pasarelaurbana\/wp-content\/uploads\/sites\/49\/2013\/09\/35.jpg\" alt=\"\" width=\"600\" height=\"374\" srcset=\"https:\/\/static-blogs.diariosur.es\/wp-content\/uploads\/sites\/49\/2013\/09\/35.jpg 600w, https:\/\/static-blogs.diariosur.es\/wp-content\/uploads\/sites\/49\/2013\/09\/35-300x187.jpg 300w\" sizes=\"(max-width: 600px) 100vw, 600px\" \/><\/a>\u00c1ngel Palazuelos y su &#8216;Pureza Her\u00e1ldica&#8217;<\/p>\n<p style=\"text-align: center;\"><a href=\"\/pasarelaurbana\/wp-content\/uploads\/sites\/49\/2013\/09\/55.jpg\"><img loading=\"lazy\" class=\"aligncenter size-full wp-image-5102\" title=\"5\" src=\"\/pasarelaurbana\/wp-content\/uploads\/sites\/49\/2013\/09\/55.jpg\" alt=\"\" width=\"600\" height=\"400\" srcset=\"https:\/\/static-blogs.diariosur.es\/wp-content\/uploads\/sites\/49\/2013\/09\/55.jpg 600w, https:\/\/static-blogs.diariosur.es\/wp-content\/uploads\/sites\/49\/2013\/09\/55-300x200.jpg 300w\" sizes=\"(max-width: 600px) 100vw, 600px\" \/><\/a>\u00a0Dise\u00f1o de Gemma Mel\u00e9 lucido por su hija Leticia.<\/p>\n<p style=\"text-align: center;\"><a href=\"\/pasarelaurbana\/wp-content\/uploads\/sites\/49\/2013\/09\/114.jpg\"><img loading=\"lazy\" class=\"aligncenter size-full wp-image-5097\" title=\"11\" src=\"\/pasarelaurbana\/wp-content\/uploads\/sites\/49\/2013\/09\/114.jpg\" alt=\"\" width=\"600\" height=\"930\" srcset=\"https:\/\/static-blogs.diariosur.es\/wp-content\/uploads\/sites\/49\/2013\/09\/114.jpg 600w, https:\/\/static-blogs.diariosur.es\/wp-content\/uploads\/sites\/49\/2013\/09\/114-194x300.jpg 194w\" sizes=\"(max-width: 600px) 100vw, 600px\" \/><\/a>Y para terminar, uno de los modelos de la dise\u00f1adora invitada: Ikram El Louah. Me gust\u00f3 mucho este traje con gui\u00f1os al tradicional mant\u00f3n de manila en forma de bordados de flores rojas.<\/p>\n<div style=\"text-align: center;\">GALER\u00cdA DE FOTOS:\u00a0<strong><a href=\"http:\/\/www.diariosur.es\/multimedia\/fotos\/malaga\/20130915\/mejores-imagenes-segunda-jornada-3061704919916-mm.html\" rel=\"external nofollow\">Aqu\u00ed<\/a>\u00a0(de \u00c1lvaro Cabrera)<\/strong><\/div>\n<div style=\"text-align: center;\"><\/div>\n<div style=\"text-align: center;\">V\u00cdDEOS de PEDRO J. QUERO:\u00a0\u00a0<a href=\"http:\/\/www.diariosur.es\/videos\/malaga\/actualidad\/2670699095001\" rel=\"external nofollow\">Antonia Garc\u00eda Galiano<\/a><\/div>\n<div style=\"text-align: center;\"><a href=\"http:\/\/www.diariosur.es\/videos\/malaga\/actualidad\/2670695711001\" rel=\"external nofollow\">Miguel \u00c1ngel Ruiz<\/a><\/div>\n<div style=\"text-align: center;\"><a href=\"http:\/\/www.diariosur.es\/videos\/malaga\/actualidad\/2670738621001\" rel=\"external nofollow\">Rafael Urgu\u00edzar<\/a><\/div>\n<div style=\"text-align: center;\"><a href=\"http:\/\/www.diariosur.es\/videos\/malaga\/actualidad\/2670805467001\" rel=\"external nofollow\">\u00c1ngel Palazuelo<\/a><\/div>\n<div style=\"text-align: center;\"><a href=\"http:\/\/www.diariosur.es\/videos\/malaga\/actualidad\/2670805467001\" rel=\"external nofollow\">Montesco<\/a><\/div>\n<div style=\"text-align: center;\"><a href=\"http:\/\/www.diariosur.es\/videos\/malaga\/actualidad\/2670951724001\" rel=\"external nofollow\">Gemma Mel\u00e9<\/a><\/div>\n<div style=\"text-align: center;\"><a href=\"http:\/\/www.diariosur.es\/videos\/malaga\/actualidad\/2670805467001\" rel=\"external nofollow\">Jes\u00fas Segado\u00a0<\/a><\/div>\n<div style=\"text-align: center;\"><a href=\"http:\/\/www.diariosur.es\/videos\/malaga\/actualidad\/2670994533001\" rel=\"external nofollow\">Ikram<\/a><\/div>\n<div style=\"text-align: center;\"><\/div>\n<div style=\"text-align: center;\">El s\u00e1bado, las firmas comerciales tomaron la Pasarela. Esta fueron las principales tendencias que vimos sobre la alfombra azul:<\/div>\n<div>\n<p style=\"text-align: center;\"><strong>Tendencias bien hilvanadas<\/strong><\/p>\n<p style=\"text-align: center;\">M\u00e1laga. Pitillos de cuero, m\u00e1s \u2018print\u2019 animal (eso s\u00ed, reinventado en colores, como el rojo), cuadros escoceses, vestidos vaporosos, cortes asim\u00e9tricos, complementos con flecos, cinturones joya&#8230;Estas son algunas de las propuestas de los comercios malague\u00f1os para el oto\u00f1o\/invierno que ya asoma t\u00edmidamente por el calendario. Nueva temporada, nuevos c\u00e1nones de moda y un magn\u00edfico escaparate para conocerlos de cerca: la Pasarela Larios. Sobre la imponente alfombra azul nueve de las firmas m\u00e1s destacadas del Centro mostraron sus cartas, con colecciones aptas para todos los estilos. Tornay apost\u00f3 por toques \u00e9tnicos, botas infinitas por encima de la rodilla (imprescindibles en los pr\u00f3ximos meses) y por un interesante reciclaje: collares joya convertidos en tocados. Jones New York reivindic\u00f3 el regreso de estampados como el cashmere o la pata de gallo mientras que Rachel Roy derroch\u00f3 frescura con una l\u00ednea juvenil y urbana en la que destacaron los bolsos de flecos, los abrigos masculinos y las faldas acabadas en sutiles picos (tendencia de finales de los 90 que vuelve a la carga). Mario Teo hizo del tart\u00e1n el protagonista de su elegante l\u00ednea masculina (100% british), mientras que Spagnolo reivindic\u00f3 el color tambi\u00e9n para ellos con atrevidas combinaciones en clave \u2018sporty chic\u2019. M\u00e1s cl\u00e1sicas fueron las propuestas de Classic Noveau, entre las que se impuso la inspiraci\u00f3n \u2018navy\u2019 en tonos rojos, blancos y azules. Para deslumbrar en una fiesta, La Gioconda Novias recurri\u00f3 a trajes largos con sutiles colas y corte sirena mientras que Olimara sugiri\u00f3 faldas semitransparentes. Para ellos, Rio de la Plata present\u00f3 chaquetas con brocados y originales pisacorbatas de pedrer\u00eda.<\/p>\n<div><\/div>\n<\/div>\n","protected":false},"excerpt":{"rendered":"<p>\u00a1Buenas! \u00a1Arrancamos una semana m\u00e1s! Y lo hacemos tras la resaca de un fin de semana magn\u00edfico en el que M\u00e1laga se ha reencontrado con la Pasarela Larios. Una servidora estuvo viernes y s\u00e1bado a pie de pasarela (la m\u00e1s larga de Europa) disfrutando de unos desfiles que, edici\u00f3n tras edici\u00f3n (y ya van tres) [&hellip;]<\/p>\n","protected":false},"author":54,"featured_media":0,"comment_status":"open","ping_status":"open","sticky":false,"template":"","format":"standard","meta":[],"categories":[2],"tags":[],"_links":{"self":[{"href":"https:\/\/blogs.diariosur.es\/pasarelaurbana\/wp-json\/wp\/v2\/posts\/5096"}],"collection":[{"href":"https:\/\/blogs.diariosur.es\/pasarelaurbana\/wp-json\/wp\/v2\/posts"}],"about":[{"href":"https:\/\/blogs.diariosur.es\/pasarelaurbana\/wp-json\/wp\/v2\/types\/post"}],"author":[{"embeddable":true,"href":"https:\/\/blogs.diariosur.es\/pasarelaurbana\/wp-json\/wp\/v2\/users\/54"}],"replies":[{"embeddable":true,"href":"https:\/\/blogs.diariosur.es\/pasarelaurbana\/wp-json\/wp\/v2\/comments?post=5096"}],"version-history":[{"count":0,"href":"https:\/\/blogs.diariosur.es\/pasarelaurbana\/wp-json\/wp\/v2\/posts\/5096\/revisions"}],"wp:attachment":[{"href":"https:\/\/blogs.diariosur.es\/pasarelaurbana\/wp-json\/wp\/v2\/media?parent=5096"}],"wp:term":[{"taxonomy":"category","embeddable":true,"href":"https:\/\/blogs.diariosur.es\/pasarelaurbana\/wp-json\/wp\/v2\/categories?post=5096"},{"taxonomy":"post_tag","embeddable":true,"href":"https:\/\/blogs.diariosur.es\/pasarelaurbana\/wp-json\/wp\/v2\/tags?post=5096"}],"curies":[{"name":"wp","href":"https:\/\/api.w.org\/{rel}","templated":true}]}}