{"id":5109,"date":"2013-09-19T18:04:05","date_gmt":"2013-09-19T16:04:05","guid":{"rendered":"http:\/\/blogs.diariosur.es\/pasarelaurbana\/?p=5109"},"modified":"2013-09-19T18:04:05","modified_gmt":"2013-09-19T16:04:05","slug":"ear-cuff-el-nuevo-must-have-en-complementos","status":"publish","type":"post","link":"https:\/\/blogs.diariosur.es\/pasarelaurbana\/2013\/09\/19\/ear-cuff-el-nuevo-must-have-en-complementos\/","title":{"rendered":"Ear cuff, el nuevo &#039;must have&#039; en complementos"},"content":{"rendered":"<p style=\"text-align: center;\">\u00a1Buenas tardes de jueves! Perdonad mi ausencia de los \u00faltimos d\u00edas pero el ritmo de trabajo y los nuevos virus que han hecho estragos en mi peque no me han dejado ni cinco minutos libres para poder sentarme y actualizar el blog. Presentadas mis disculpas, hoy os quiero hablar de una tendencia que, de arraigar, estar\u00e1 hasta en la sopa este pr\u00f3ximo oto\u00f1o-invierno. A nivel nacional ya se ha convertido en una de las reinas del street style, aunque como aqu\u00ed en M\u00e1laga somos m\u00e1s recatados a la hora de incorporar ciertas modas permitidme que tenga mis reservas sobre su calado (el tiempo nos lo dir\u00e1). Os hablo de los &#8216;<strong>ear cuff&#8217;, s\u00ed, aquellos pendientes cart\u00edlagos que triunfaron en los 90<\/strong>. Pues bien, esta temporada vuelven a la carga pero despojados de esa impronta punk con el reto de acompa\u00f1ar ahora los looks m\u00e1s rom\u00e1nticos y delicados. Se llevan en formato joya, cuajados de pedrer\u00eda, de cristales, en tonos metalizados, con cadenas&#8230;cubriendo desde la parte superior de la oreja hasta taparla completamente a modo de pinganillo decorativo. It girls de la talla de <strong>Cara Delevingne<\/strong> han convertido a estos pendientes en imprescindibles en los joyeros de las fashionistas. Sobre la pasarela los vimos en los desfiles de\u00a0\u00a0<strong>Chanel, Rodarte, Dries Van Noten, Versace o Chloe<\/strong>\u00a0y ahora la mayor\u00eda de tiendas &#8216;low cost&#8217; los han incluido en su cat\u00e1logo de accesorios. Personalmente dudo que me ponga unos&#8230;Por muy chic que sean me veo rara con ellos y no puedo evitar sentirme como si llevara un sonotone. Sin embargo, cuando los veo integrados en ciertos looks me convence el resultado. Pod\u00e9is encontrar miles de propuestas interesantes navegando por la blogosfera&#8230;pero dado que estamos en M\u00e1laga prefiero quedarme con las sugerencias de una de las j\u00f3venes malague\u00f1as con m\u00e1s \u00e9xito en el mundo blogger. <strong>Ver\u00f3nica D\u00edaz<\/strong>, de <strong>Just Coco<\/strong> ha integrado con bastante acierto los &#8216;ear cuff&#8217; en algunos de sus outfits recientes. Os dejo con dos de sus estilismos con el accesorio de moda (el de las primeras fotos es de <strong>Must Laredo<\/strong> y el de las \u00faltimas de <strong>Lovelix<\/strong>). Y vosotras, \u00bfOs atrev\u00e9is a poneros un &#8216;ear cuff&#8217;? \u00a1Hasta el s\u00e1bado!<\/p>\n<p><a href=\"\/pasarelaurbana\/wp-content\/uploads\/sites\/49\/2013\/09\/justcocouno.jpg\"><img loading=\"lazy\" class=\"aligncenter size-full wp-image-5110\" title=\"justcocouno\" src=\"\/pasarelaurbana\/wp-content\/uploads\/sites\/49\/2013\/09\/justcocouno.jpg\" alt=\"\" width=\"600\" height=\"400\" srcset=\"https:\/\/static-blogs.diariosur.es\/wp-content\/uploads\/sites\/49\/2013\/09\/justcocouno.jpg 600w, https:\/\/static-blogs.diariosur.es\/wp-content\/uploads\/sites\/49\/2013\/09\/justcocouno-300x200.jpg 300w\" sizes=\"(max-width: 600px) 100vw, 600px\" \/><\/a><\/p>\n<p><!--more--><\/p>\n<p><a href=\"\/pasarelaurbana\/wp-content\/uploads\/sites\/49\/2013\/09\/justcocodos.jpg\"><img loading=\"lazy\" class=\"aligncenter size-full wp-image-5112\" title=\"justcocodos\" src=\"\/pasarelaurbana\/wp-content\/uploads\/sites\/49\/2013\/09\/justcocodos.jpg\" alt=\"\" width=\"600\" height=\"900\" srcset=\"https:\/\/static-blogs.diariosur.es\/wp-content\/uploads\/sites\/49\/2013\/09\/justcocodos.jpg 600w, https:\/\/static-blogs.diariosur.es\/wp-content\/uploads\/sites\/49\/2013\/09\/justcocodos-200x300.jpg 200w\" sizes=\"(max-width: 600px) 100vw, 600px\" \/><\/a><\/p>\n<p><a href=\"\/pasarelaurbana\/wp-content\/uploads\/sites\/49\/2013\/09\/justcocotres.jpg\"><img loading=\"lazy\" class=\"aligncenter size-full wp-image-5113\" title=\"justcocotres\" src=\"\/pasarelaurbana\/wp-content\/uploads\/sites\/49\/2013\/09\/justcocotres.jpg\" alt=\"\" width=\"600\" height=\"900\" srcset=\"https:\/\/static-blogs.diariosur.es\/wp-content\/uploads\/sites\/49\/2013\/09\/justcocotres.jpg 600w, https:\/\/static-blogs.diariosur.es\/wp-content\/uploads\/sites\/49\/2013\/09\/justcocotres-200x300.jpg 200w\" sizes=\"(max-width: 600px) 100vw, 600px\" \/><\/a><\/p>\n<p><a href=\"\/pasarelaurbana\/wp-content\/uploads\/sites\/49\/2013\/09\/justcoccuatro.jpg\"><img loading=\"lazy\" class=\"aligncenter size-full wp-image-5111\" title=\"justcoccuatro\" src=\"\/pasarelaurbana\/wp-content\/uploads\/sites\/49\/2013\/09\/justcoccuatro.jpg\" alt=\"\" width=\"600\" height=\"900\" srcset=\"https:\/\/static-blogs.diariosur.es\/wp-content\/uploads\/sites\/49\/2013\/09\/justcoccuatro.jpg 600w, https:\/\/static-blogs.diariosur.es\/wp-content\/uploads\/sites\/49\/2013\/09\/justcoccuatro-200x300.jpg 200w\" sizes=\"(max-width: 600px) 100vw, 600px\" \/><\/a><\/p>\n<p>&nbsp;<\/p>\n","protected":false},"excerpt":{"rendered":"<p>\u00a1Buenas tardes de jueves! Perdonad mi ausencia de los \u00faltimos d\u00edas pero el ritmo de trabajo y los nuevos virus que han hecho estragos en mi peque no me han dejado ni cinco minutos libres para poder sentarme y actualizar el blog. Presentadas mis disculpas, hoy os quiero hablar de una tendencia que, de arraigar, [&hellip;]<\/p>\n","protected":false},"author":54,"featured_media":0,"comment_status":"open","ping_status":"open","sticky":false,"template":"","format":"standard","meta":[],"categories":[2],"tags":[],"_links":{"self":[{"href":"https:\/\/blogs.diariosur.es\/pasarelaurbana\/wp-json\/wp\/v2\/posts\/5109"}],"collection":[{"href":"https:\/\/blogs.diariosur.es\/pasarelaurbana\/wp-json\/wp\/v2\/posts"}],"about":[{"href":"https:\/\/blogs.diariosur.es\/pasarelaurbana\/wp-json\/wp\/v2\/types\/post"}],"author":[{"embeddable":true,"href":"https:\/\/blogs.diariosur.es\/pasarelaurbana\/wp-json\/wp\/v2\/users\/54"}],"replies":[{"embeddable":true,"href":"https:\/\/blogs.diariosur.es\/pasarelaurbana\/wp-json\/wp\/v2\/comments?post=5109"}],"version-history":[{"count":0,"href":"https:\/\/blogs.diariosur.es\/pasarelaurbana\/wp-json\/wp\/v2\/posts\/5109\/revisions"}],"wp:attachment":[{"href":"https:\/\/blogs.diariosur.es\/pasarelaurbana\/wp-json\/wp\/v2\/media?parent=5109"}],"wp:term":[{"taxonomy":"category","embeddable":true,"href":"https:\/\/blogs.diariosur.es\/pasarelaurbana\/wp-json\/wp\/v2\/categories?post=5109"},{"taxonomy":"post_tag","embeddable":true,"href":"https:\/\/blogs.diariosur.es\/pasarelaurbana\/wp-json\/wp\/v2\/tags?post=5109"}],"curies":[{"name":"wp","href":"https:\/\/api.w.org\/{rel}","templated":true}]}}