{"id":5138,"date":"2013-09-24T18:04:53","date_gmt":"2013-09-24T16:04:53","guid":{"rendered":"http:\/\/blogs.diariosur.es\/pasarelaurbana\/?p=5138"},"modified":"2013-09-24T18:04:53","modified_gmt":"2013-09-24T16:04:53","slug":"la-gallina-de-los-huevos-de-oro-de-inditex","status":"publish","type":"post","link":"https:\/\/blogs.diariosur.es\/pasarelaurbana\/2013\/09\/24\/la-gallina-de-los-huevos-de-oro-de-inditex\/","title":{"rendered":"La gallina de los huevos de oro de Inditex"},"content":{"rendered":"<p style=\"text-align: center;\">&#8220;\u00bfQu\u00e9 os parece la origami?&#8221; Seguramente si hici\u00e9ramos la prueba y lanz\u00e1ramos la pregunta a cualquier persona ajena al mundo blogger la respuesta -acompa\u00f1ada de arrugas en el entrecejo- no se har\u00eda de rogar: &#8220;\u00bfEso que es ni\u00f1a?&#8221; Ya me imagino a mi madre la pobre, por ejemplo, poniendo cara de p\u00f3quer, y eso que una servidora lleva a\u00f1os meti\u00e9ndola en materia cada vez que salimos de tiendas con estos vocablos tan pedantes que rigen el mundillo de la moda. Que si esto es un &#8216;must have&#8217; s\u00faper &#8216;trendy&#8217;, que si necesito un &#8216;shopping bag&#8217;, que si no me atrevo a ponerme ese &#8216;crop top&#8217; \u00a0tan ideal&#8230;\u00a1Con lo bonito y sencillo de pronunciar que es nuestro castellano, jajajajaja! Dicho esto (y perdonad que me vaya por las ramas) continuamos con la &#8216;<strong>origami&#8217;. Un nombre ex\u00f3tico con el que el buque insignia de Inditex bautiz\u00f3 en su momento a su ya archifamosa falda pantal\u00f3n inspirada en la papiroflexia japonesa.<\/strong> Hechas las presentaciones, pues, os lo traduzco:la origami se ha convertido por m\u00e9ritos propios en una de las grandes gallinas de los huevos de oro de Zara de los \u00faltimos a\u00f1os. Sus cifras de ventas en todo el mundo son astron\u00f3micas. Y claro, con tan subid\u00f3n de facturaci\u00f3n, \u00bfqui\u00e9n es el guapo o la guapa que no la mantiene en el cat\u00e1logo? As\u00ed que ah\u00ed la ten\u00e9is, anclada a la nueva colecci\u00f3n (la pod\u00e9is encontrar en blanco, negro, a rayas diplom\u00e1ticas y hasta en estampado pa\u00f1uelo) dispuesta a seguir dando mucha guerra en los armarios y en el street style. \u00bfC\u00f3mo combinarla? En esta ocasi\u00f3n, y a modo de inspiraci\u00f3n, os propongo las sugerencias (una m\u00e1s veraniega y otra m\u00e1s oto\u00f1al) de la blogger malague\u00f1a Laura S\u00e1nchez (pod\u00e9is consultar su interesante\u00a0blog\u00a0<a href=\"http:\/\/www.perrystreet.es\/\" rel=\"external nofollow\">aqui<\/a>). Del primer look me he enamorado de las alpargatas \u00a0customizadas con la puntera en negra (imitando a las \u00faltimas que sac\u00f3 Chanel y que se han convertido este verano en objeto de deseo de las fashionistas), del segundo me quedo con el toque motero de la chupa de cuero, el contrapunto perfecto para un &#8216;total white&#8217;, y con los mocasines de charol con print animal (chul\u00edsimos!). \u00a0\u00a1Espero que os gusten! \u00a1Hasta ma\u00f1ana! \u00a1Sed felices!<\/p>\n<p><a href=\"\/pasarelaurbana\/wp-content\/uploads\/sites\/49\/2013\/09\/lauracuatro.jpg\"><img loading=\"lazy\" class=\"aligncenter size-full wp-image-5141\" title=\"lauracuatro\" src=\"\/pasarelaurbana\/wp-content\/uploads\/sites\/49\/2013\/09\/lauracuatro.jpg\" alt=\"\" width=\"600\" height=\"800\" srcset=\"https:\/\/static-blogs.diariosur.es\/wp-content\/uploads\/sites\/49\/2013\/09\/lauracuatro.jpg 600w, https:\/\/static-blogs.diariosur.es\/wp-content\/uploads\/sites\/49\/2013\/09\/lauracuatro-225x300.jpg 225w\" sizes=\"(max-width: 600px) 100vw, 600px\" \/><\/a><\/p>\n<p><!--more--><\/p>\n<p><a href=\"\/pasarelaurbana\/wp-content\/uploads\/sites\/49\/2013\/09\/lauracinco.jpg\"><img loading=\"lazy\" class=\"aligncenter size-full wp-image-5140\" title=\"lauracinco\" src=\"\/pasarelaurbana\/wp-content\/uploads\/sites\/49\/2013\/09\/lauracinco.jpg\" alt=\"\" width=\"600\" height=\"800\" srcset=\"https:\/\/static-blogs.diariosur.es\/wp-content\/uploads\/sites\/49\/2013\/09\/lauracinco.jpg 600w, https:\/\/static-blogs.diariosur.es\/wp-content\/uploads\/sites\/49\/2013\/09\/lauracinco-225x300.jpg 225w\" sizes=\"(max-width: 600px) 100vw, 600px\" \/><\/a><\/p>\n<p style=\"text-align: center;\">Total look: Zara. Bolso: Mango. Alpargatas: Customizadas por ella<\/p>\n<p style=\"text-align: center;\"><a href=\"\/pasarelaurbana\/wp-content\/uploads\/sites\/49\/2013\/09\/laurauno.jpg\"><img loading=\"lazy\" class=\"aligncenter size-full wp-image-5139\" title=\"laurauno\" src=\"\/pasarelaurbana\/wp-content\/uploads\/sites\/49\/2013\/09\/laurauno.jpg\" alt=\"\" width=\"600\" height=\"800\" srcset=\"https:\/\/static-blogs.diariosur.es\/wp-content\/uploads\/sites\/49\/2013\/09\/laurauno.jpg 600w, https:\/\/static-blogs.diariosur.es\/wp-content\/uploads\/sites\/49\/2013\/09\/laurauno-225x300.jpg 225w\" sizes=\"(max-width: 600px) 100vw, 600px\" \/><\/a><\/p>\n<p style=\"text-align: center;\"><a href=\"\/pasarelaurbana\/wp-content\/uploads\/sites\/49\/2013\/09\/laurados.jpg\"><img loading=\"lazy\" class=\"aligncenter size-full wp-image-5142\" title=\"laurados\" src=\"\/pasarelaurbana\/wp-content\/uploads\/sites\/49\/2013\/09\/laurados.jpg\" alt=\"\" width=\"600\" height=\"800\" srcset=\"https:\/\/static-blogs.diariosur.es\/wp-content\/uploads\/sites\/49\/2013\/09\/laurados.jpg 600w, https:\/\/static-blogs.diariosur.es\/wp-content\/uploads\/sites\/49\/2013\/09\/laurados-225x300.jpg 225w\" sizes=\"(max-width: 600px) 100vw, 600px\" \/><\/a><\/p>\n<p style=\"text-align: center;\"><a href=\"\/pasarelaurbana\/wp-content\/uploads\/sites\/49\/2013\/09\/lauratres.jpg\"><img loading=\"lazy\" class=\"aligncenter size-full wp-image-5143\" title=\"lauratres\" src=\"\/pasarelaurbana\/wp-content\/uploads\/sites\/49\/2013\/09\/lauratres.jpg\" alt=\"\" width=\"600\" height=\"800\" srcset=\"https:\/\/static-blogs.diariosur.es\/wp-content\/uploads\/sites\/49\/2013\/09\/lauratres.jpg 600w, https:\/\/static-blogs.diariosur.es\/wp-content\/uploads\/sites\/49\/2013\/09\/lauratres-225x300.jpg 225w\" sizes=\"(max-width: 600px) 100vw, 600px\" \/><\/a><\/p>\n<div style=\"text-align: center;\">Total look: Zara<\/div>\n<div><\/div>\n<div><\/div>\n<div><\/div>\n<div><\/div>\n<p>&nbsp;<\/p>\n","protected":false},"excerpt":{"rendered":"<p>&#8220;\u00bfQu\u00e9 os parece la origami?&#8221; Seguramente si hici\u00e9ramos la prueba y lanz\u00e1ramos la pregunta a cualquier persona ajena al mundo blogger la respuesta -acompa\u00f1ada de arrugas en el entrecejo- no se har\u00eda de rogar: &#8220;\u00bfEso que es ni\u00f1a?&#8221; Ya me imagino a mi madre la pobre, por ejemplo, poniendo cara de p\u00f3quer, y eso que [&hellip;]<\/p>\n","protected":false},"author":54,"featured_media":0,"comment_status":"open","ping_status":"open","sticky":false,"template":"","format":"standard","meta":[],"categories":[2],"tags":[],"_links":{"self":[{"href":"https:\/\/blogs.diariosur.es\/pasarelaurbana\/wp-json\/wp\/v2\/posts\/5138"}],"collection":[{"href":"https:\/\/blogs.diariosur.es\/pasarelaurbana\/wp-json\/wp\/v2\/posts"}],"about":[{"href":"https:\/\/blogs.diariosur.es\/pasarelaurbana\/wp-json\/wp\/v2\/types\/post"}],"author":[{"embeddable":true,"href":"https:\/\/blogs.diariosur.es\/pasarelaurbana\/wp-json\/wp\/v2\/users\/54"}],"replies":[{"embeddable":true,"href":"https:\/\/blogs.diariosur.es\/pasarelaurbana\/wp-json\/wp\/v2\/comments?post=5138"}],"version-history":[{"count":0,"href":"https:\/\/blogs.diariosur.es\/pasarelaurbana\/wp-json\/wp\/v2\/posts\/5138\/revisions"}],"wp:attachment":[{"href":"https:\/\/blogs.diariosur.es\/pasarelaurbana\/wp-json\/wp\/v2\/media?parent=5138"}],"wp:term":[{"taxonomy":"category","embeddable":true,"href":"https:\/\/blogs.diariosur.es\/pasarelaurbana\/wp-json\/wp\/v2\/categories?post=5138"},{"taxonomy":"post_tag","embeddable":true,"href":"https:\/\/blogs.diariosur.es\/pasarelaurbana\/wp-json\/wp\/v2\/tags?post=5138"}],"curies":[{"name":"wp","href":"https:\/\/api.w.org\/{rel}","templated":true}]}}