{"id":5146,"date":"2013-09-26T16:05:08","date_gmt":"2013-09-26T14:05:08","guid":{"rendered":"http:\/\/blogs.diariosur.es\/pasarelaurbana\/?p=5146"},"modified":"2013-09-26T16:05:08","modified_gmt":"2013-09-26T14:05:08","slug":"una-groupie-muy-lady","status":"publish","type":"post","link":"https:\/\/blogs.diariosur.es\/pasarelaurbana\/2013\/09\/26\/una-groupie-muy-lady\/","title":{"rendered":"Una groupie muy &#039;lady&#039;"},"content":{"rendered":"<p style=\"text-align: center;\">\u00a1Buenas! Despu\u00e9s de unos d\u00edas sin estilismos callejeros volvemos a la carga con el mejor street style malague\u00f1o. El pasado mi\u00e9rcoles desplegamos esta pasarela urbana por calle Larios y tuvimos la suerte de cazar muchos looks interesantes que os iremos mostrando poco a poco. Dicho esto, aprovecho para daros las gracias como siempre porque no deja de sorprenderme la amabilidad de la gente de M\u00e1laga. \u00a1Gracias, gracias y m\u00e1s gracias! Que te pare una desconocida en plena calle (una servidora), te aborde y te pida as\u00ed de sopet\u00f3n que poses mostrando tu estilismo y le reveles la procedencia de cada prenda es duro de digerir. Pero curiosamente (y no exagero, os lo prometo) el 99% de vosotros me dec\u00eds que s\u00ed a la primera. \u00a1Qu\u00e9 grandes sois! Dicho esto, vamos al &#8216;outfit&#8217; de hoy. Nos lo trae <strong>Aki Kurasaki<\/strong>, una joven dise\u00f1adora de 25 a\u00f1os afincada en M\u00e1laga. Su look me cautiv\u00f3 por su punto ex\u00f3tico y alternativo. \u00bfEl toque chic?\u00a0 Combinar una camiseta de un grupo musical (en su caso, de la banda malague\u00f1a Pu\u00f1o americano) con una falda blanca de vuelo con el largo estrella de esta nueva temporada: el midi, botines y un bolso azul klein que pone la nota de color. El resultado de esta arriesgada mezcla (entre rockero y lady) es un acertado &#8216;outfit&#8217; urbano y sofisticado ideal, por ejemplo, para una jornada de compras o un paseo por la ciudad. \u00a1Si conserv\u00e1is una camiseta de vuestros a\u00f1os de groupie ya sab\u00e9is c\u00f3mo reciclarla! Os dejo con el look de Aki al detalle. \u00a1Espero que os guste! \u00a1Hasta el s\u00e1bado!<\/p>\n<p>&nbsp;<\/p>\n<p><a href=\"\/pasarelaurbana\/wp-content\/uploads\/sites\/49\/2013\/09\/64.jpg\"><img loading=\"lazy\" class=\"aligncenter size-full wp-image-5147\" title=\"6\" src=\"\/pasarelaurbana\/wp-content\/uploads\/sites\/49\/2013\/09\/64.jpg\" alt=\"\" width=\"600\" height=\"803\" srcset=\"https:\/\/static-blogs.diariosur.es\/wp-content\/uploads\/sites\/49\/2013\/09\/64.jpg 600w, https:\/\/static-blogs.diariosur.es\/wp-content\/uploads\/sites\/49\/2013\/09\/64-224x300.jpg 224w\" sizes=\"(max-width: 600px) 100vw, 600px\" \/><\/a><!--more--><a href=\"\/pasarelaurbana\/wp-content\/uploads\/sites\/49\/2013\/09\/118.jpg\"><img loading=\"lazy\" class=\"aligncenter size-full wp-image-5148\" title=\"1\" src=\"\/pasarelaurbana\/wp-content\/uploads\/sites\/49\/2013\/09\/118.jpg\" alt=\"\" width=\"600\" height=\"803\" srcset=\"https:\/\/static-blogs.diariosur.es\/wp-content\/uploads\/sites\/49\/2013\/09\/118.jpg 600w, https:\/\/static-blogs.diariosur.es\/wp-content\/uploads\/sites\/49\/2013\/09\/118-224x300.jpg 224w\" sizes=\"(max-width: 600px) 100vw, 600px\" \/><\/a><\/p>\n<p><a href=\"\/pasarelaurbana\/wp-content\/uploads\/sites\/49\/2013\/09\/27.jpg\"><img loading=\"lazy\" class=\"aligncenter size-full wp-image-5149\" title=\"2\" src=\"\/pasarelaurbana\/wp-content\/uploads\/sites\/49\/2013\/09\/27.jpg\" alt=\"\" width=\"600\" height=\"803\" srcset=\"https:\/\/static-blogs.diariosur.es\/wp-content\/uploads\/sites\/49\/2013\/09\/27.jpg 600w, https:\/\/static-blogs.diariosur.es\/wp-content\/uploads\/sites\/49\/2013\/09\/27-224x300.jpg 224w\" sizes=\"(max-width: 600px) 100vw, 600px\" \/><\/a><\/p>\n<p><a href=\"\/pasarelaurbana\/wp-content\/uploads\/sites\/49\/2013\/09\/37.jpg\"><img loading=\"lazy\" class=\"aligncenter size-full wp-image-5150\" title=\"3\" src=\"\/pasarelaurbana\/wp-content\/uploads\/sites\/49\/2013\/09\/37.jpg\" alt=\"\" width=\"600\" height=\"803\" srcset=\"https:\/\/static-blogs.diariosur.es\/wp-content\/uploads\/sites\/49\/2013\/09\/37.jpg 600w, https:\/\/static-blogs.diariosur.es\/wp-content\/uploads\/sites\/49\/2013\/09\/37-224x300.jpg 224w\" sizes=\"(max-width: 600px) 100vw, 600px\" \/><\/a><\/p>\n<p><a href=\"\/pasarelaurbana\/wp-content\/uploads\/sites\/49\/2013\/09\/47.jpg\"><img loading=\"lazy\" class=\"aligncenter size-full wp-image-5151\" title=\"4\" src=\"\/pasarelaurbana\/wp-content\/uploads\/sites\/49\/2013\/09\/47.jpg\" alt=\"\" width=\"600\" height=\"803\" srcset=\"https:\/\/static-blogs.diariosur.es\/wp-content\/uploads\/sites\/49\/2013\/09\/47.jpg 600w, https:\/\/static-blogs.diariosur.es\/wp-content\/uploads\/sites\/49\/2013\/09\/47-224x300.jpg 224w\" sizes=\"(max-width: 600px) 100vw, 600px\" \/><\/a><\/p>\n<p><a href=\"\/pasarelaurbana\/wp-content\/uploads\/sites\/49\/2013\/09\/57.jpg\"><img loading=\"lazy\" class=\"aligncenter size-full wp-image-5152\" title=\"5\" src=\"\/pasarelaurbana\/wp-content\/uploads\/sites\/49\/2013\/09\/57.jpg\" alt=\"\" width=\"600\" height=\"803\" srcset=\"https:\/\/static-blogs.diariosur.es\/wp-content\/uploads\/sites\/49\/2013\/09\/57.jpg 600w, https:\/\/static-blogs.diariosur.es\/wp-content\/uploads\/sites\/49\/2013\/09\/57-224x300.jpg 224w\" sizes=\"(max-width: 600px) 100vw, 600px\" \/><\/a><\/p>\n<p style=\"text-align: center;\"><strong>Aki Kurasaki<\/strong>. 25 a\u00f1os. Dise\u00f1adora<\/p>\n<p style=\"text-align: center;\">Camiseta: Del grupo malague\u00f1o Pu\u00f1o americano<\/p>\n<p style=\"text-align: center;\">Falda: Zara<\/p>\n<p style=\"text-align: center;\">Botine: H&#038;M<\/p>\n<p style=\"text-align: center;\">Bolso: Stradivarius<\/p>\n","protected":false},"excerpt":{"rendered":"<p>\u00a1Buenas! Despu\u00e9s de unos d\u00edas sin estilismos callejeros volvemos a la carga con el mejor street style malague\u00f1o. El pasado mi\u00e9rcoles desplegamos esta pasarela urbana por calle Larios y tuvimos la suerte de cazar muchos looks interesantes que os iremos mostrando poco a poco. Dicho esto, aprovecho para daros las gracias como siempre porque no [&hellip;]<\/p>\n","protected":false},"author":54,"featured_media":0,"comment_status":"open","ping_status":"open","sticky":false,"template":"","format":"standard","meta":[],"categories":[2],"tags":[],"_links":{"self":[{"href":"https:\/\/blogs.diariosur.es\/pasarelaurbana\/wp-json\/wp\/v2\/posts\/5146"}],"collection":[{"href":"https:\/\/blogs.diariosur.es\/pasarelaurbana\/wp-json\/wp\/v2\/posts"}],"about":[{"href":"https:\/\/blogs.diariosur.es\/pasarelaurbana\/wp-json\/wp\/v2\/types\/post"}],"author":[{"embeddable":true,"href":"https:\/\/blogs.diariosur.es\/pasarelaurbana\/wp-json\/wp\/v2\/users\/54"}],"replies":[{"embeddable":true,"href":"https:\/\/blogs.diariosur.es\/pasarelaurbana\/wp-json\/wp\/v2\/comments?post=5146"}],"version-history":[{"count":0,"href":"https:\/\/blogs.diariosur.es\/pasarelaurbana\/wp-json\/wp\/v2\/posts\/5146\/revisions"}],"wp:attachment":[{"href":"https:\/\/blogs.diariosur.es\/pasarelaurbana\/wp-json\/wp\/v2\/media?parent=5146"}],"wp:term":[{"taxonomy":"category","embeddable":true,"href":"https:\/\/blogs.diariosur.es\/pasarelaurbana\/wp-json\/wp\/v2\/categories?post=5146"},{"taxonomy":"post_tag","embeddable":true,"href":"https:\/\/blogs.diariosur.es\/pasarelaurbana\/wp-json\/wp\/v2\/tags?post=5146"}],"curies":[{"name":"wp","href":"https:\/\/api.w.org\/{rel}","templated":true}]}}