{"id":5153,"date":"2013-09-28T11:43:23","date_gmt":"2013-09-28T09:43:23","guid":{"rendered":"http:\/\/blogs.diariosur.es\/pasarelaurbana\/?p=5153"},"modified":"2013-09-28T11:43:23","modified_gmt":"2013-09-28T09:43:23","slug":"bienvenido-otono","status":"publish","type":"post","link":"https:\/\/blogs.diariosur.es\/pasarelaurbana\/2013\/09\/28\/bienvenido-otono\/","title":{"rendered":"\u00a1Bienvenido oto\u00f1o!"},"content":{"rendered":"<p style=\"text-align: center;\">El calendario ya ha dado la voz de alarma. Adi\u00f3s verano&#8230;\u00a1Bienvenido oto\u00f1o! Los d\u00edas se acortan, las playas se quedan vac\u00edas, los term\u00f3metros se relajan (especialmente a primera hora del d\u00eda y por la noche)&#8230;y los armarios se convierten en una selva donde las prendas veraniegas tienen que convivir con las nuevas incorporaciones de entretiempo, imprescindibles para combatir la bajada de temperaturas. Cada ma\u00f1ana, el mismo quebradero de cabeza, \u00bfqu\u00e9 ponerse? El pasado mi\u00e9rcoles SUR despleg\u00f3 la pasarela urbana por las principales calles del Centro para comprobar c\u00f3mo resuelven los malague\u00f1os este complicado ejercicio diario. \u00bfEl resultado? Un claro protagonismo de mezclas (unas m\u00e1s acertadas que otras) y un dominio de algunos cl\u00e1sicos imprescindibles de esta entrada de estaci\u00f3n, como son las camisas de mangas al codo, las chaquetas vaqueras, las manoletinas (toca empezar a aparcar las frescas sandalias de tiras) o los recurrentes vaqueros.<br \/>\nEs el momento de despedir a las camisetas de tirantes, los shorts m\u00e1s min\u00fasculos y los vestidos m\u00e1s ligeros y de empezar a apostar por algunas de las tendencias que reinar\u00e1n durante los pr\u00f3ximos meses, como el estampado de cuadros escoceses. Laura Gonz\u00e1lez, una joven universitaria, luce el denominado tart\u00e1n en versi\u00f3n falda combinado con una sudadera gris y deportivas negras. Mari Luz Morcillo, abogada, propone larga vida al mono marid\u00e1ndolo con blazers mientras que Teresa Meyer, m\u00e9dico, elige vestido largo y chaqueta vaquera como el t\u00e1ndem perfecto para un look de entretiempo, en el que tampoco puede faltar una buena camisa rom\u00e1ntica, como sugiere Raquel Ruiz.<\/p>\n<p style=\"text-align: center;\">Os dejo con las cuatro protagonistas del especial &#8216;street style&#8217; de fin de semana. \u00a1Hasta el lunes!<\/p>\n<p><a href=\"\/pasarelaurbana\/wp-content\/uploads\/sites\/49\/2013\/09\/74.jpg\"><img loading=\"lazy\" class=\"aligncenter size-full wp-image-5155\" title=\"7\" src=\"\/pasarelaurbana\/wp-content\/uploads\/sites\/49\/2013\/09\/74.jpg\" alt=\"\" width=\"600\" height=\"803\" srcset=\"https:\/\/static-blogs.diariosur.es\/wp-content\/uploads\/sites\/49\/2013\/09\/74.jpg 600w, https:\/\/static-blogs.diariosur.es\/wp-content\/uploads\/sites\/49\/2013\/09\/74-224x300.jpg 224w\" sizes=\"(max-width: 600px) 100vw, 600px\" \/><\/a><!--more--><\/p>\n<p><a href=\"\/pasarelaurbana\/wp-content\/uploads\/sites\/49\/2013\/09\/84.jpg\"><img loading=\"lazy\" class=\"aligncenter size-full wp-image-5156\" title=\"8\" src=\"\/pasarelaurbana\/wp-content\/uploads\/sites\/49\/2013\/09\/84.jpg\" alt=\"\" width=\"600\" height=\"803\" srcset=\"https:\/\/static-blogs.diariosur.es\/wp-content\/uploads\/sites\/49\/2013\/09\/84.jpg 600w, https:\/\/static-blogs.diariosur.es\/wp-content\/uploads\/sites\/49\/2013\/09\/84-224x300.jpg 224w\" sizes=\"(max-width: 600px) 100vw, 600px\" \/><\/a><\/p>\n<p><a href=\"\/pasarelaurbana\/wp-content\/uploads\/sites\/49\/2013\/09\/94.jpg\"><img loading=\"lazy\" class=\"aligncenter size-full wp-image-5157\" title=\"9\" src=\"\/pasarelaurbana\/wp-content\/uploads\/sites\/49\/2013\/09\/94.jpg\" alt=\"\" width=\"600\" height=\"803\" srcset=\"https:\/\/static-blogs.diariosur.es\/wp-content\/uploads\/sites\/49\/2013\/09\/94.jpg 600w, https:\/\/static-blogs.diariosur.es\/wp-content\/uploads\/sites\/49\/2013\/09\/94-224x300.jpg 224w\" sizes=\"(max-width: 600px) 100vw, 600px\" \/><\/a><\/p>\n<p><a href=\"\/pasarelaurbana\/wp-content\/uploads\/sites\/49\/2013\/09\/103.jpg\"><img loading=\"lazy\" class=\"aligncenter size-full wp-image-5158\" title=\"10\" src=\"\/pasarelaurbana\/wp-content\/uploads\/sites\/49\/2013\/09\/103.jpg\" alt=\"\" width=\"600\" height=\"803\" srcset=\"https:\/\/static-blogs.diariosur.es\/wp-content\/uploads\/sites\/49\/2013\/09\/103.jpg 600w, https:\/\/static-blogs.diariosur.es\/wp-content\/uploads\/sites\/49\/2013\/09\/103-224x300.jpg 224w\" sizes=\"(max-width: 600px) 100vw, 600px\" \/><\/a><\/p>\n<p><a href=\"\/pasarelaurbana\/wp-content\/uploads\/sites\/49\/2013\/09\/119.jpg\"><img loading=\"lazy\" class=\"aligncenter size-full wp-image-5159\" title=\"11\" src=\"\/pasarelaurbana\/wp-content\/uploads\/sites\/49\/2013\/09\/119.jpg\" alt=\"\" width=\"600\" height=\"803\" srcset=\"https:\/\/static-blogs.diariosur.es\/wp-content\/uploads\/sites\/49\/2013\/09\/119.jpg 600w, https:\/\/static-blogs.diariosur.es\/wp-content\/uploads\/sites\/49\/2013\/09\/119-224x300.jpg 224w\" sizes=\"(max-width: 600px) 100vw, 600px\" \/><\/a><\/p>\n<p style=\"text-align: center;\"><strong>Laura Gonz\u00e1lez<\/strong>. Estudiante de Econ\u00f3micas. 22 a\u00f1os<\/p>\n<p style=\"text-align: center;\"><span style=\"text-decoration: underline;\">El tart\u00e1n, el estampado estrella de la temporada<\/span><br \/>\nEsta temporada nos quedaremos a cuadros. El tart\u00e1n arrasa en las nuevas colecciones de oto\u00f1o convertido en una de las tendencias imprescindibles que, a bien seguro, conquistar\u00e1n en los pr\u00f3ximos meses el \u2018street style\u2019. En formato mini, maxi, opaco, con transparencias, tradicional (con el rojo y verde como base) o m\u00e1s innovador buscando nuevas parejas crom\u00e1ticas\u2026Los vimos en pasarela reinvent\u00e1ndose de la mano de Givenchy (quien apost\u00f3 por un mix de estampados) o del gran Saint Laurent, en clave punk. Stella McCartney o Celine fueron otros de los que se rindieron a este \u2018print\u2019 con ese halo de entre patio de colegio y caba\u00f1a perdida en mitad del campo. La plaga de los cuadros escoceses no ha hecho m\u00e1s que despegar. Laura Gonz\u00e1lez, una joven estudiante de Econ\u00f3micas de 22 a\u00f1os, apuesta por el estampado de moda en formato falda y lo combina con acierto con una sudadera gris marengo, bolso vintage y deportivas negras de Le Coq Sportif. \u00abMe gusta este estilo porque es desenfadado y juvenil\u00bb, nos confes\u00f3 el pasado mi\u00e9rcoles durante su paseo por calle Larios.<\/p>\n<p style=\"text-align: center;\">Sudadera: Oysho.<\/p>\n<p style=\"text-align: center;\">Falda: Zara.<\/p>\n<p style=\"text-align: center;\">Bolso: Vintage.<\/p>\n<p style=\"text-align: center;\">Deportivas: Le Coq Sportif.<\/p>\n<p><a href=\"\/pasarelaurbana\/wp-content\/uploads\/sites\/49\/2013\/09\/124.jpg\"><img loading=\"lazy\" class=\"aligncenter size-full wp-image-5160\" title=\"12\" src=\"\/pasarelaurbana\/wp-content\/uploads\/sites\/49\/2013\/09\/124.jpg\" alt=\"\" width=\"600\" height=\"803\" srcset=\"https:\/\/static-blogs.diariosur.es\/wp-content\/uploads\/sites\/49\/2013\/09\/124.jpg 600w, https:\/\/static-blogs.diariosur.es\/wp-content\/uploads\/sites\/49\/2013\/09\/124-224x300.jpg 224w\" sizes=\"(max-width: 600px) 100vw, 600px\" \/><\/a><\/p>\n<p><a href=\"\/pasarelaurbana\/wp-content\/uploads\/sites\/49\/2013\/09\/133.jpg\"><img loading=\"lazy\" class=\"aligncenter size-full wp-image-5161\" title=\"13\" src=\"\/pasarelaurbana\/wp-content\/uploads\/sites\/49\/2013\/09\/133.jpg\" alt=\"\" width=\"600\" height=\"803\" srcset=\"https:\/\/static-blogs.diariosur.es\/wp-content\/uploads\/sites\/49\/2013\/09\/133.jpg 600w, https:\/\/static-blogs.diariosur.es\/wp-content\/uploads\/sites\/49\/2013\/09\/133-224x300.jpg 224w\" sizes=\"(max-width: 600px) 100vw, 600px\" \/><\/a><\/p>\n<p><a href=\"\/pasarelaurbana\/wp-content\/uploads\/sites\/49\/2013\/09\/143.jpg\"><img loading=\"lazy\" class=\"aligncenter size-full wp-image-5162\" title=\"14\" src=\"\/pasarelaurbana\/wp-content\/uploads\/sites\/49\/2013\/09\/143.jpg\" alt=\"\" width=\"600\" height=\"803\" srcset=\"https:\/\/static-blogs.diariosur.es\/wp-content\/uploads\/sites\/49\/2013\/09\/143.jpg 600w, https:\/\/static-blogs.diariosur.es\/wp-content\/uploads\/sites\/49\/2013\/09\/143-224x300.jpg 224w\" sizes=\"(max-width: 600px) 100vw, 600px\" \/><\/a><\/p>\n<p><a href=\"\/pasarelaurbana\/wp-content\/uploads\/sites\/49\/2013\/09\/153.jpg\"><img loading=\"lazy\" class=\"aligncenter size-full wp-image-5163\" title=\"15\" src=\"\/pasarelaurbana\/wp-content\/uploads\/sites\/49\/2013\/09\/153.jpg\" alt=\"\" width=\"600\" height=\"803\" srcset=\"https:\/\/static-blogs.diariosur.es\/wp-content\/uploads\/sites\/49\/2013\/09\/153.jpg 600w, https:\/\/static-blogs.diariosur.es\/wp-content\/uploads\/sites\/49\/2013\/09\/153-224x300.jpg 224w\" sizes=\"(max-width: 600px) 100vw, 600px\" \/><\/a><\/p>\n<p><a href=\"\/pasarelaurbana\/wp-content\/uploads\/sites\/49\/2013\/09\/164.jpg\"><img loading=\"lazy\" class=\"aligncenter size-full wp-image-5164\" title=\"16\" src=\"\/pasarelaurbana\/wp-content\/uploads\/sites\/49\/2013\/09\/164.jpg\" alt=\"\" width=\"600\" height=\"803\" srcset=\"https:\/\/static-blogs.diariosur.es\/wp-content\/uploads\/sites\/49\/2013\/09\/164.jpg 600w, https:\/\/static-blogs.diariosur.es\/wp-content\/uploads\/sites\/49\/2013\/09\/164-224x300.jpg 224w\" sizes=\"(max-width: 600px) 100vw, 600px\" \/><\/a><\/p>\n<p style=\"text-align: center;\"><strong>Teresa Meyer<\/strong>. M\u00e9dico. 32 a\u00f1os<\/p>\n<p style=\"text-align: center;\"><span style=\"text-decoration: underline;\">Vestido largo con chaqueta vaquera, una pareja perfecta<\/span><br \/>\nConsidera que su estilo es \u00aburbano, con un punto rom\u00e1ntico\u00bb. Y su \u2018outfit\u2019 lo confirma. Teresa Meyer, una m\u00e9dico de 32 a\u00f1os eligi\u00f3 un vestido largo blanco roto con estampado de ex\u00f3ticas flores, de Nice Things, para una jornada de gestiones por el Centro. Dado que sali\u00f3 de casa temprano, \u00aby a primera hora refresca\u00bb, su mejor aliado fue una de las prendas imprescindibles en su armario de entretiempo: la chaqueta vaquera (un cl\u00e1sico que nunca pasa de moda y que viene genial tanto para primavera como para el oto\u00f1o). \u00abMe gusta porque va con todo y es muy c\u00f3moda\u00bb, nos destac\u00f3. Un bolso bandolera de Tous en rosa empolvado puso la guinda a su \u2018look\u2019, perfecto para pasear o ir a la oficina.<\/p>\n<p style=\"text-align: center;\">Vestido: Nice Things.<\/p>\n<p style=\"text-align: center;\">Chaqueta: Pull&#038;Bear.<\/p>\n<p style=\"text-align: center;\">Bolso: Tous.<\/p>\n<p style=\"text-align: center;\">Gafas: Ray-Ban.<\/p>\n<p><a href=\"\/pasarelaurbana\/wp-content\/uploads\/sites\/49\/2013\/09\/174.jpg\"><img loading=\"lazy\" class=\"aligncenter size-full wp-image-5154\" title=\"17\" src=\"\/pasarelaurbana\/wp-content\/uploads\/sites\/49\/2013\/09\/174.jpg\" alt=\"\" width=\"600\" height=\"803\" srcset=\"https:\/\/static-blogs.diariosur.es\/wp-content\/uploads\/sites\/49\/2013\/09\/174.jpg 600w, https:\/\/static-blogs.diariosur.es\/wp-content\/uploads\/sites\/49\/2013\/09\/174-224x300.jpg 224w\" sizes=\"(max-width: 600px) 100vw, 600px\" \/><\/a><\/p>\n<p><a href=\"\/pasarelaurbana\/wp-content\/uploads\/sites\/49\/2013\/09\/184.jpg\"><img loading=\"lazy\" class=\"aligncenter size-full wp-image-5166\" title=\"18\" src=\"\/pasarelaurbana\/wp-content\/uploads\/sites\/49\/2013\/09\/184.jpg\" alt=\"\" width=\"600\" height=\"803\" srcset=\"https:\/\/static-blogs.diariosur.es\/wp-content\/uploads\/sites\/49\/2013\/09\/184.jpg 600w, https:\/\/static-blogs.diariosur.es\/wp-content\/uploads\/sites\/49\/2013\/09\/184-224x300.jpg 224w\" sizes=\"(max-width: 600px) 100vw, 600px\" \/><\/a><\/p>\n<p><a href=\"\/pasarelaurbana\/wp-content\/uploads\/sites\/49\/2013\/09\/194.jpg\"><img loading=\"lazy\" class=\"aligncenter size-full wp-image-5167\" title=\"19\" src=\"\/pasarelaurbana\/wp-content\/uploads\/sites\/49\/2013\/09\/194.jpg\" alt=\"\" width=\"600\" height=\"803\" srcset=\"https:\/\/static-blogs.diariosur.es\/wp-content\/uploads\/sites\/49\/2013\/09\/194.jpg 600w, https:\/\/static-blogs.diariosur.es\/wp-content\/uploads\/sites\/49\/2013\/09\/194-224x300.jpg 224w\" sizes=\"(max-width: 600px) 100vw, 600px\" \/><\/a><\/p>\n<p><a href=\"\/pasarelaurbana\/wp-content\/uploads\/sites\/49\/2013\/09\/204.jpg\"><img loading=\"lazy\" class=\"aligncenter size-full wp-image-5168\" title=\"20\" src=\"\/pasarelaurbana\/wp-content\/uploads\/sites\/49\/2013\/09\/204.jpg\" alt=\"\" width=\"600\" height=\"803\" srcset=\"https:\/\/static-blogs.diariosur.es\/wp-content\/uploads\/sites\/49\/2013\/09\/204.jpg 600w, https:\/\/static-blogs.diariosur.es\/wp-content\/uploads\/sites\/49\/2013\/09\/204-224x300.jpg 224w\" sizes=\"(max-width: 600px) 100vw, 600px\" \/><\/a><\/p>\n<p><a href=\"\/pasarelaurbana\/wp-content\/uploads\/sites\/49\/2013\/09\/213.jpg\"><img loading=\"lazy\" class=\"aligncenter size-full wp-image-5169\" title=\"21\" src=\"\/pasarelaurbana\/wp-content\/uploads\/sites\/49\/2013\/09\/213.jpg\" alt=\"\" width=\"600\" height=\"803\" srcset=\"https:\/\/static-blogs.diariosur.es\/wp-content\/uploads\/sites\/49\/2013\/09\/213.jpg 600w, https:\/\/static-blogs.diariosur.es\/wp-content\/uploads\/sites\/49\/2013\/09\/213-224x300.jpg 224w\" sizes=\"(max-width: 600px) 100vw, 600px\" \/><\/a><\/p>\n<p style=\"text-align: center;\"><strong>Raquel Ruiz<\/strong>. Dependienta. 19 a\u00f1os<\/p>\n<p style=\"text-align: center;\"><span style=\"text-decoration: underline;\">Camisa rom\u00e1ntica de manga al codo, ideal para el entretiempo<\/span><br \/>\nUna buena camisa rom\u00e1ntica de manga al codo es una de esas prendas que no fallan en estos complicados d\u00edas de transici\u00f3n en los que una no sabe qu\u00e9 ponerse para acertar con el tiempo. Raquel Ruiz, una joven malague\u00f1a dependienta de la tienda de beb\u00e9s El Mois\u00e9s, recurre a una de Blanco, de delicados encajes, y la marida con uno de sus mejores aliados: los vaqueros. En su caso, un modelo entubado de Massimo Dutti. Remata el \u2018look\u2019 con collar dorado de Stradivarius y sandalias con purpurina. \u00abMe encantan las blusas blancas vaporosas, especialmente en esta \u00e9poca del a\u00f1o\u00bb, nos confes\u00f3.<\/p>\n<p style=\"text-align: center;\">Camisa: Blanco.<\/p>\n<p style=\"text-align: center;\">Vaqueros: Massimo Dutti.<\/p>\n<p style=\"text-align: center;\">Sandalias: Del Centro Comercial Rosaleda.<\/p>\n<p style=\"text-align: center;\">Bolso: Mango.<\/p>\n<p style=\"text-align: center;\">Collar: Stradivarius.<\/p>\n<p><a href=\"\/pasarelaurbana\/wp-content\/uploads\/sites\/49\/2013\/09\/223.jpg\"><img loading=\"lazy\" class=\"aligncenter size-full wp-image-5170\" title=\"22\" src=\"\/pasarelaurbana\/wp-content\/uploads\/sites\/49\/2013\/09\/223.jpg\" alt=\"\" width=\"600\" height=\"803\" srcset=\"https:\/\/static-blogs.diariosur.es\/wp-content\/uploads\/sites\/49\/2013\/09\/223.jpg 600w, https:\/\/static-blogs.diariosur.es\/wp-content\/uploads\/sites\/49\/2013\/09\/223-224x300.jpg 224w\" sizes=\"(max-width: 600px) 100vw, 600px\" \/><\/a><\/p>\n<p><a href=\"\/pasarelaurbana\/wp-content\/uploads\/sites\/49\/2013\/09\/232.jpg\"><img loading=\"lazy\" class=\"aligncenter size-full wp-image-5171\" title=\"23\" src=\"\/pasarelaurbana\/wp-content\/uploads\/sites\/49\/2013\/09\/232.jpg\" alt=\"\" width=\"600\" height=\"803\" srcset=\"https:\/\/static-blogs.diariosur.es\/wp-content\/uploads\/sites\/49\/2013\/09\/232.jpg 600w, https:\/\/static-blogs.diariosur.es\/wp-content\/uploads\/sites\/49\/2013\/09\/232-224x300.jpg 224w\" sizes=\"(max-width: 600px) 100vw, 600px\" \/><\/a><\/p>\n<p><a href=\"\/pasarelaurbana\/wp-content\/uploads\/sites\/49\/2013\/09\/241.jpg\"><img loading=\"lazy\" class=\"aligncenter size-full wp-image-5172\" title=\"24\" src=\"\/pasarelaurbana\/wp-content\/uploads\/sites\/49\/2013\/09\/241.jpg\" alt=\"\" width=\"600\" height=\"803\" srcset=\"https:\/\/static-blogs.diariosur.es\/wp-content\/uploads\/sites\/49\/2013\/09\/241.jpg 600w, https:\/\/static-blogs.diariosur.es\/wp-content\/uploads\/sites\/49\/2013\/09\/241-224x300.jpg 224w\" sizes=\"(max-width: 600px) 100vw, 600px\" \/><\/a><\/p>\n<p><a href=\"\/pasarelaurbana\/wp-content\/uploads\/sites\/49\/2013\/09\/251.jpg\"><img loading=\"lazy\" class=\"aligncenter size-full wp-image-5173\" title=\"25\" src=\"\/pasarelaurbana\/wp-content\/uploads\/sites\/49\/2013\/09\/251.jpg\" alt=\"\" width=\"600\" height=\"803\" srcset=\"https:\/\/static-blogs.diariosur.es\/wp-content\/uploads\/sites\/49\/2013\/09\/251.jpg 600w, https:\/\/static-blogs.diariosur.es\/wp-content\/uploads\/sites\/49\/2013\/09\/251-224x300.jpg 224w\" sizes=\"(max-width: 600px) 100vw, 600px\" \/><\/a><\/p>\n<p><a href=\"\/pasarelaurbana\/wp-content\/uploads\/sites\/49\/2013\/09\/261.jpg\"><img loading=\"lazy\" class=\"aligncenter size-full wp-image-5165\" title=\"26\" src=\"\/pasarelaurbana\/wp-content\/uploads\/sites\/49\/2013\/09\/261.jpg\" alt=\"\" width=\"600\" height=\"803\" srcset=\"https:\/\/static-blogs.diariosur.es\/wp-content\/uploads\/sites\/49\/2013\/09\/261.jpg 600w, https:\/\/static-blogs.diariosur.es\/wp-content\/uploads\/sites\/49\/2013\/09\/261-224x300.jpg 224w\" sizes=\"(max-width: 600px) 100vw, 600px\" \/><\/a><\/p>\n<p style=\"text-align: center;\"><strong>Mari Luz Morcillo<\/strong>. Abogada. 43 a\u00f1os<\/p>\n<p style=\"text-align: center;\"><span style=\"text-decoration: underline;\">El mono se al\u00eda con blazers para combatir el fr\u00edo<\/span><br \/>\n\u00a1Larga vida al mono! la que ha sido una de las prendas clave de este verano se resiste a abandonar la pasarela urbana. Ahora que los term\u00f3metros se relajan, la receta pasa por lucirlos con rebecas ligeras de hilo, cazadoras vaqueras o blazers, como propone Mari Luz Morcillo. Esta abogada malague\u00f1a de 43 a\u00f1os viste un modelo de Zara maridado con una elegante chaqueta nude, a juego con el bolso sobre de Bimba y Lola. \u00bfSu look m\u00e1s recurrente en oto\u00f1o\u00bb \u00abPantal\u00f3n negro y camisa blanca\u00bb.<\/p>\n<p style=\"text-align: center;\">Mono: Zara Trafaluc.<\/p>\n<p style=\"text-align: center;\">Blazer: Zara.<\/p>\n<p style=\"text-align: center;\">Peep Toes: Nicol\u00e1s.<\/p>\n<p style=\"text-align: center;\">Bolso: Bimba y Lola.<\/p>\n<p style=\"text-align: center;\">Gafas: Ray-Ban<\/p>\n<p style=\"text-align: center;\"><strong>\u00a1Feliz fin de semana!<\/strong><\/p>\n","protected":false},"excerpt":{"rendered":"<p>El calendario ya ha dado la voz de alarma. Adi\u00f3s verano&#8230;\u00a1Bienvenido oto\u00f1o! Los d\u00edas se acortan, las playas se quedan vac\u00edas, los term\u00f3metros se relajan (especialmente a primera hora del d\u00eda y por la noche)&#8230;y los armarios se convierten en una selva donde las prendas veraniegas tienen que convivir con las nuevas incorporaciones de entretiempo, [&hellip;]<\/p>\n","protected":false},"author":54,"featured_media":0,"comment_status":"open","ping_status":"open","sticky":false,"template":"","format":"standard","meta":[],"categories":[2],"tags":[],"_links":{"self":[{"href":"https:\/\/blogs.diariosur.es\/pasarelaurbana\/wp-json\/wp\/v2\/posts\/5153"}],"collection":[{"href":"https:\/\/blogs.diariosur.es\/pasarelaurbana\/wp-json\/wp\/v2\/posts"}],"about":[{"href":"https:\/\/blogs.diariosur.es\/pasarelaurbana\/wp-json\/wp\/v2\/types\/post"}],"author":[{"embeddable":true,"href":"https:\/\/blogs.diariosur.es\/pasarelaurbana\/wp-json\/wp\/v2\/users\/54"}],"replies":[{"embeddable":true,"href":"https:\/\/blogs.diariosur.es\/pasarelaurbana\/wp-json\/wp\/v2\/comments?post=5153"}],"version-history":[{"count":0,"href":"https:\/\/blogs.diariosur.es\/pasarelaurbana\/wp-json\/wp\/v2\/posts\/5153\/revisions"}],"wp:attachment":[{"href":"https:\/\/blogs.diariosur.es\/pasarelaurbana\/wp-json\/wp\/v2\/media?parent=5153"}],"wp:term":[{"taxonomy":"category","embeddable":true,"href":"https:\/\/blogs.diariosur.es\/pasarelaurbana\/wp-json\/wp\/v2\/categories?post=5153"},{"taxonomy":"post_tag","embeddable":true,"href":"https:\/\/blogs.diariosur.es\/pasarelaurbana\/wp-json\/wp\/v2\/tags?post=5153"}],"curies":[{"name":"wp","href":"https:\/\/api.w.org\/{rel}","templated":true}]}}