{"id":5174,"date":"2013-10-05T09:01:56","date_gmt":"2013-10-05T07:01:56","guid":{"rendered":"http:\/\/blogs.diariosur.es\/pasarelaurbana\/?p=5174"},"modified":"2013-10-05T09:01:56","modified_gmt":"2013-10-05T07:01:56","slug":"un-duo-imbatible","status":"publish","type":"post","link":"https:\/\/blogs.diariosur.es\/pasarelaurbana\/2013\/10\/05\/un-duo-imbatible\/","title":{"rendered":"Un d\u00fao imbatible"},"content":{"rendered":"<p style=\"text-align: center;\">El blanco y negro contin\u00faa siendo el binomio m\u00e1s deseado. El pasado oto\u00f1o se alz\u00f3 como el protagonista absoluto de los armarios. Este verano reapareci\u00f3 dispuesto a hacerle la competencia a los tonos \u00e1cidos y fl\u00faor y esta temporada regresa a la carga afianzado como la pareja crom\u00e1tica m\u00e1s imbatible de la paleta. Dos colores con un sinf\u00edn de formatos: a rayas, a lunares, a cuadros&#8230;las posibilidades son infinitas. SUR lo comprob\u00f3 a pie de calle. El street style malague\u00f1o vuelve a rendirse al d\u00fao m\u00e1s sobrio y sofisticado del pantone. Un matrimonio bien avenido que est\u00e1 dispuesto a prolongar su reinado durante los pr\u00f3ximos meses. Se llevan tanto juntos como separados, en \u2018total looks\u2019.<br \/>\nEl blanco nuclear es, de hecho, el nuevo negro esta temporada. Tradicionalmente asociado a los meses estivales (cuando el moreno permite que brille con todo su esplendor) este oto\u00f1o se impone como uno de los grandes protagonistas. \u00bfLo m\u00e1s chic? Apostar por un \u2018outfit\u2019 blanco inmaculado: camisa, pantal\u00f3n, abrigo, zapatos, etc o mezclarlo con complementos en gris (otro tono clave de los pr\u00f3ximos meses)&#8230; El negro, por su parte, se impone en vestidos lenceros (ojo con ellos porque ser\u00e1n un \u2018must have\u2019) y faldas de cuero (se llevan plisadas y con mucho vuelo)<br \/>\nEl bicolor tendr\u00e1 que competir con el rosa palo (fundamental en vestidos rom\u00e1nticos, chaquetas y abrigos XXL), con el rojo pasi\u00f3n (otro de los que vuelve con fuerza) y con el azul klein, que se encargar\u00e1n de imprimir fuerza a los looks en los d\u00edas m\u00e1s oscuros. \u00bfUna de las revelaciones? El amarillo mostaza. Ojo con \u00e9l.<\/p>\n<p style=\"text-align: center;\">Os dejo con nuestras cuatro protagonistas de hoy. Feliz fin de semana.<\/p>\n<p><a href=\"\/pasarelaurbana\/wp-content\/uploads\/sites\/49\/2013\/09\/311.jpg\"><img loading=\"lazy\" class=\"aligncenter size-full wp-image-5176\" title=\"31\" src=\"\/pasarelaurbana\/wp-content\/uploads\/sites\/49\/2013\/09\/311.jpg\" alt=\"\" width=\"600\" height=\"803\" srcset=\"https:\/\/static-blogs.diariosur.es\/wp-content\/uploads\/sites\/49\/2013\/09\/311.jpg 600w, https:\/\/static-blogs.diariosur.es\/wp-content\/uploads\/sites\/49\/2013\/09\/311-224x300.jpg 224w\" sizes=\"(max-width: 600px) 100vw, 600px\" \/><\/a><!--more--><a href=\"\/pasarelaurbana\/wp-content\/uploads\/sites\/49\/2013\/09\/321.jpg\"><img loading=\"lazy\" class=\"aligncenter size-full wp-image-5177\" title=\"32\" src=\"\/pasarelaurbana\/wp-content\/uploads\/sites\/49\/2013\/09\/321.jpg\" alt=\"\" width=\"600\" height=\"803\" srcset=\"https:\/\/static-blogs.diariosur.es\/wp-content\/uploads\/sites\/49\/2013\/09\/321.jpg 600w, https:\/\/static-blogs.diariosur.es\/wp-content\/uploads\/sites\/49\/2013\/09\/321-224x300.jpg 224w\" sizes=\"(max-width: 600px) 100vw, 600px\" \/><\/a><\/p>\n<p><a href=\"\/pasarelaurbana\/wp-content\/uploads\/sites\/49\/2013\/09\/331.jpg\"><img loading=\"lazy\" class=\"aligncenter size-full wp-image-5178\" title=\"33\" src=\"\/pasarelaurbana\/wp-content\/uploads\/sites\/49\/2013\/09\/331.jpg\" alt=\"\" width=\"600\" height=\"803\" srcset=\"https:\/\/static-blogs.diariosur.es\/wp-content\/uploads\/sites\/49\/2013\/09\/331.jpg 600w, https:\/\/static-blogs.diariosur.es\/wp-content\/uploads\/sites\/49\/2013\/09\/331-224x300.jpg 224w\" sizes=\"(max-width: 600px) 100vw, 600px\" \/><\/a><\/p>\n<p><a href=\"\/pasarelaurbana\/wp-content\/uploads\/sites\/49\/2013\/09\/341.jpg\"><img loading=\"lazy\" class=\"aligncenter size-full wp-image-5179\" title=\"34\" src=\"\/pasarelaurbana\/wp-content\/uploads\/sites\/49\/2013\/09\/341.jpg\" alt=\"\" width=\"600\" height=\"803\" srcset=\"https:\/\/static-blogs.diariosur.es\/wp-content\/uploads\/sites\/49\/2013\/09\/341.jpg 600w, https:\/\/static-blogs.diariosur.es\/wp-content\/uploads\/sites\/49\/2013\/09\/341-224x300.jpg 224w\" sizes=\"(max-width: 600px) 100vw, 600px\" \/><\/a><\/p>\n<p style=\"text-align: center;\"><a href=\"\/pasarelaurbana\/wp-content\/uploads\/sites\/49\/2013\/09\/351.jpg\"><img loading=\"lazy\" class=\"aligncenter size-full wp-image-5175\" title=\"35\" src=\"\/pasarelaurbana\/wp-content\/uploads\/sites\/49\/2013\/09\/351.jpg\" alt=\"\" width=\"600\" height=\"803\" srcset=\"https:\/\/static-blogs.diariosur.es\/wp-content\/uploads\/sites\/49\/2013\/09\/351.jpg 600w, https:\/\/static-blogs.diariosur.es\/wp-content\/uploads\/sites\/49\/2013\/09\/351-224x300.jpg 224w\" sizes=\"(max-width: 600px) 100vw, 600px\" \/><\/a><\/p>\n<p style=\"text-align: center;\"><strong>Bel\u00e9n Padial<\/strong>. Dependienta. 32 a\u00f1os<\/p>\n<p style=\"text-align: center;\"><span style=\"text-decoration: underline;\">Los vaqueros: cuanto m\u00e1s anchos y rotos, mejor<\/span><br \/>\nLos vaqueros son una de las prendas estrella de estos d\u00edas de entretiempo. Se llevan en clave \u2018boyfriend\u2019 (como sacados de un armario masculino) y rotos y desgastados. Cuanto m\u00e1s mejor. El truco para apostar por ellos sin que el resultado final de un aspecto descuidado y desali\u00f1ado es combinarlos con otras piezas muy femeninas, como una camisa rom\u00e1ntica, unos buenos tacones o un delicado bolso joya, como hace Bel\u00e9n Padial, una dependienta malague\u00f1a de 32 a\u00f1os. \u00abMe encantan los vestidos vaporosos, los pantalones pitillo y los complementos XL\u00bb, nos confes\u00f3 cuando la paramos por calle Larios.<\/p>\n<p style=\"text-align: center;\">Camisa: Sfera<\/p>\n<p style=\"text-align: center;\">Pantal\u00f3n: Zara<\/p>\n<p style=\"text-align: center;\">Sandalias: Oysho<\/p>\n<p style=\"text-align: center;\">Bolso: H&#038;M<\/p>\n<p style=\"text-align: center;\"><a href=\"\/pasarelaurbana\/wp-content\/uploads\/sites\/49\/2013\/09\/561.jpg\"><img loading=\"lazy\" class=\"aligncenter size-full wp-image-5198\" title=\"56\" src=\"\/pasarelaurbana\/wp-content\/uploads\/sites\/49\/2013\/09\/561.jpg\" alt=\"\" width=\"600\" height=\"803\" srcset=\"https:\/\/static-blogs.diariosur.es\/wp-content\/uploads\/sites\/49\/2013\/09\/561.jpg 600w, https:\/\/static-blogs.diariosur.es\/wp-content\/uploads\/sites\/49\/2013\/09\/561-224x300.jpg 224w\" sizes=\"(max-width: 600px) 100vw, 600px\" \/><\/a><\/p>\n<p style=\"text-align: center;\"><a href=\"\/pasarelaurbana\/wp-content\/uploads\/sites\/49\/2013\/09\/571.jpg\"><img loading=\"lazy\" class=\"aligncenter size-full wp-image-5199\" title=\"57\" src=\"\/pasarelaurbana\/wp-content\/uploads\/sites\/49\/2013\/09\/571.jpg\" alt=\"\" width=\"600\" height=\"803\" srcset=\"https:\/\/static-blogs.diariosur.es\/wp-content\/uploads\/sites\/49\/2013\/09\/571.jpg 600w, https:\/\/static-blogs.diariosur.es\/wp-content\/uploads\/sites\/49\/2013\/09\/571-224x300.jpg 224w\" sizes=\"(max-width: 600px) 100vw, 600px\" \/><\/a><\/p>\n<p style=\"text-align: center;\"><a href=\"\/pasarelaurbana\/wp-content\/uploads\/sites\/49\/2013\/09\/58.jpg\"><img loading=\"lazy\" class=\"aligncenter size-full wp-image-5200\" title=\"58\" src=\"\/pasarelaurbana\/wp-content\/uploads\/sites\/49\/2013\/09\/58.jpg\" alt=\"\" width=\"600\" height=\"803\" srcset=\"https:\/\/static-blogs.diariosur.es\/wp-content\/uploads\/sites\/49\/2013\/09\/58.jpg 600w, https:\/\/static-blogs.diariosur.es\/wp-content\/uploads\/sites\/49\/2013\/09\/58-224x300.jpg 224w\" sizes=\"(max-width: 600px) 100vw, 600px\" \/><\/a><\/p>\n<p style=\"text-align: center;\"><a href=\"\/pasarelaurbana\/wp-content\/uploads\/sites\/49\/2013\/09\/59.jpg\"><img loading=\"lazy\" class=\"aligncenter size-full wp-image-5201\" title=\"59\" src=\"\/pasarelaurbana\/wp-content\/uploads\/sites\/49\/2013\/09\/59.jpg\" alt=\"\" width=\"600\" height=\"803\" srcset=\"https:\/\/static-blogs.diariosur.es\/wp-content\/uploads\/sites\/49\/2013\/09\/59.jpg 600w, https:\/\/static-blogs.diariosur.es\/wp-content\/uploads\/sites\/49\/2013\/09\/59-224x300.jpg 224w\" sizes=\"(max-width: 600px) 100vw, 600px\" \/><\/a><\/p>\n<p style=\"text-align: center;\"><a href=\"\/pasarelaurbana\/wp-content\/uploads\/sites\/49\/2013\/09\/60.jpg\"><img loading=\"lazy\" class=\"aligncenter size-full wp-image-5197\" title=\"60\" src=\"\/pasarelaurbana\/wp-content\/uploads\/sites\/49\/2013\/09\/60.jpg\" alt=\"\" width=\"600\" height=\"803\" srcset=\"https:\/\/static-blogs.diariosur.es\/wp-content\/uploads\/sites\/49\/2013\/09\/60.jpg 600w, https:\/\/static-blogs.diariosur.es\/wp-content\/uploads\/sites\/49\/2013\/09\/60-224x300.jpg 224w\" sizes=\"(max-width: 600px) 100vw, 600px\" \/><\/a><\/p>\n<p style=\"text-align: center;\"><strong>Malena Barsi<\/strong>. Dependienta. 23 a\u00f1os<\/p>\n<p style=\"text-align: center;\"><span style=\"text-decoration: underline;\">Crop top, perfecto con pantal\u00f3n de talle alto<\/span><br \/>\n\u00bfFr\u00edo? Cuando se trata de seguir las tendencias las fashionistas entonan aquello de \u2018Antes muerta que sencilla\u2019. La moda de los \u2018crop top\u2019 (v\u00e9ase, camisetas cortas que dejan ver la barriga) desaf\u00edan a la bajada de temperaturas y seguir\u00e1n siendo protagonistas esta temporada. \u00bfLa clave? Combinarlos con pantalones de talle alto, como propone Malena Barsi, una dependienta malague\u00f1a. Esta joven de 23 a\u00f1os tambi\u00e9n se rinde al bicolor (en su caso en formato rayas) maridado con chaqueta vaquera.<\/p>\n<p style=\"text-align: center;\">Camiseta: H&#038;M.<\/p>\n<p style=\"text-align: center;\">Cazadora vaquera: Pull&#038;Bear.<\/p>\n<p style=\"text-align: center;\">Pantalones, bolso y sandalias: Stradivarius.<\/p>\n<p style=\"text-align: center;\">Gafas: Vogue.<\/p>\n<p style=\"text-align: center;\"><a href=\"\/pasarelaurbana\/wp-content\/uploads\/sites\/49\/2013\/09\/361.jpg\"><img loading=\"lazy\" class=\"aligncenter size-full wp-image-5182\" title=\"36\" src=\"\/pasarelaurbana\/wp-content\/uploads\/sites\/49\/2013\/09\/361.jpg\" alt=\"\" width=\"600\" height=\"803\" srcset=\"https:\/\/static-blogs.diariosur.es\/wp-content\/uploads\/sites\/49\/2013\/09\/361.jpg 600w, https:\/\/static-blogs.diariosur.es\/wp-content\/uploads\/sites\/49\/2013\/09\/361-224x300.jpg 224w\" sizes=\"(max-width: 600px) 100vw, 600px\" \/><\/a><\/p>\n<p style=\"text-align: center;\"><a href=\"\/pasarelaurbana\/wp-content\/uploads\/sites\/49\/2013\/09\/371.jpg\"><img loading=\"lazy\" class=\"aligncenter size-full wp-image-5183\" title=\"37\" src=\"\/pasarelaurbana\/wp-content\/uploads\/sites\/49\/2013\/09\/371.jpg\" alt=\"\" width=\"600\" height=\"803\" srcset=\"https:\/\/static-blogs.diariosur.es\/wp-content\/uploads\/sites\/49\/2013\/09\/371.jpg 600w, https:\/\/static-blogs.diariosur.es\/wp-content\/uploads\/sites\/49\/2013\/09\/371-224x300.jpg 224w\" sizes=\"(max-width: 600px) 100vw, 600px\" \/><\/a><\/p>\n<p style=\"text-align: center;\"><a href=\"\/pasarelaurbana\/wp-content\/uploads\/sites\/49\/2013\/09\/38.jpg\"><img loading=\"lazy\" class=\"aligncenter size-full wp-image-5184\" title=\"38\" src=\"\/pasarelaurbana\/wp-content\/uploads\/sites\/49\/2013\/09\/38.jpg\" alt=\"\" width=\"600\" height=\"803\" srcset=\"https:\/\/static-blogs.diariosur.es\/wp-content\/uploads\/sites\/49\/2013\/09\/38.jpg 600w, https:\/\/static-blogs.diariosur.es\/wp-content\/uploads\/sites\/49\/2013\/09\/38-224x300.jpg 224w\" sizes=\"(max-width: 600px) 100vw, 600px\" \/><\/a><\/p>\n<p style=\"text-align: center;\"><a href=\"\/pasarelaurbana\/wp-content\/uploads\/sites\/49\/2013\/09\/39.jpg\"><img loading=\"lazy\" class=\"aligncenter size-full wp-image-5185\" title=\"39\" src=\"\/pasarelaurbana\/wp-content\/uploads\/sites\/49\/2013\/09\/39.jpg\" alt=\"\" width=\"600\" height=\"803\" srcset=\"https:\/\/static-blogs.diariosur.es\/wp-content\/uploads\/sites\/49\/2013\/09\/39.jpg 600w, https:\/\/static-blogs.diariosur.es\/wp-content\/uploads\/sites\/49\/2013\/09\/39-224x300.jpg 224w\" sizes=\"(max-width: 600px) 100vw, 600px\" \/><\/a><\/p>\n<p style=\"text-align: center;\"><a href=\"\/pasarelaurbana\/wp-content\/uploads\/sites\/49\/2013\/09\/40.jpg\"><img loading=\"lazy\" class=\"aligncenter size-full wp-image-5186\" title=\"40\" src=\"\/pasarelaurbana\/wp-content\/uploads\/sites\/49\/2013\/09\/40.jpg\" alt=\"\" width=\"600\" height=\"803\" srcset=\"https:\/\/static-blogs.diariosur.es\/wp-content\/uploads\/sites\/49\/2013\/09\/40.jpg 600w, https:\/\/static-blogs.diariosur.es\/wp-content\/uploads\/sites\/49\/2013\/09\/40-224x300.jpg 224w\" sizes=\"(max-width: 600px) 100vw, 600px\" \/><\/a><\/p>\n<p style=\"text-align: center;\"><strong>Esmeralda Mart\u00ednez<\/strong>. Abogada. 42 a\u00f1os<\/p>\n<p style=\"text-align: center;\"><span style=\"text-decoration: underline;\">Las combinaciones de estampados, claves este oto\u00f1o<\/span><br \/>\n\u00bfMiedo a mezclar? \u00a1Eso ya no se lleva! Esta temporada vuelve a ser tendencia la combinaci\u00f3n de estampados. Todo vale: cuadros escoceses con flores, flores con rayas, rayas con lunares\u2026Con esta \u00faltima propuesta se atreve Esmeralda Mart\u00ednez. Entre los b\u00e1sicos de oto\u00f1o de esta abogada de 42 a\u00f1os no falta un buen vestido vaporoso combinado con rebecones largos o blazers. Durante nuestra \u00faltima sesi\u00f3n de \u2018street style\u2019 por el Centro la pillamos con un look bicolor compuesto de blusa a rayas de H&#038;M y pantal\u00f3n ancho de lunares de la boutique malague\u00f1a Coconuit. Remat\u00f3 el \u2018outfit\u2019 con gafas de pasta \u2018oversize\u2019, bolso negro y maxi collar de eslabones. Un estilismo perfecto para ir a la oficina.<\/p>\n<p style=\"text-align: center;\">Camisa: H&#038;M.<\/p>\n<p style=\"text-align: center;\">Pantal\u00f3n: Coconuit.<\/p>\n<p style=\"text-align: center;\">Bolso: Uterq\u00fce.<\/p>\n<p style=\"text-align: center;\">Cu\u00f1as: El Corte Ingl\u00e9s.<\/p>\n<p style=\"text-align: center;\"><a href=\"\/pasarelaurbana\/wp-content\/uploads\/sites\/49\/2013\/09\/64.jpg\"><img loading=\"lazy\" class=\"aligncenter size-full wp-image-5147\" title=\"6\" src=\"\/pasarelaurbana\/wp-content\/uploads\/sites\/49\/2013\/09\/64.jpg\" alt=\"\" width=\"600\" height=\"803\" srcset=\"https:\/\/static-blogs.diariosur.es\/wp-content\/uploads\/sites\/49\/2013\/09\/64.jpg 600w, https:\/\/static-blogs.diariosur.es\/wp-content\/uploads\/sites\/49\/2013\/09\/64-224x300.jpg 224w\" sizes=\"(max-width: 600px) 100vw, 600px\" \/><\/a><\/p>\n<p style=\"text-align: center;\"><a href=\"\/pasarelaurbana\/wp-content\/uploads\/sites\/49\/2013\/09\/118.jpg\"><img loading=\"lazy\" class=\"aligncenter size-full wp-image-5148\" title=\"1\" src=\"\/pasarelaurbana\/wp-content\/uploads\/sites\/49\/2013\/09\/118.jpg\" alt=\"\" width=\"600\" height=\"803\" srcset=\"https:\/\/static-blogs.diariosur.es\/wp-content\/uploads\/sites\/49\/2013\/09\/118.jpg 600w, https:\/\/static-blogs.diariosur.es\/wp-content\/uploads\/sites\/49\/2013\/09\/118-224x300.jpg 224w\" sizes=\"(max-width: 600px) 100vw, 600px\" \/><\/a><\/p>\n<p style=\"text-align: center;\"><a href=\"\/pasarelaurbana\/wp-content\/uploads\/sites\/49\/2013\/09\/27.jpg\"><img loading=\"lazy\" class=\"aligncenter size-full wp-image-5149\" title=\"2\" src=\"\/pasarelaurbana\/wp-content\/uploads\/sites\/49\/2013\/09\/27.jpg\" alt=\"\" width=\"600\" height=\"803\" srcset=\"https:\/\/static-blogs.diariosur.es\/wp-content\/uploads\/sites\/49\/2013\/09\/27.jpg 600w, https:\/\/static-blogs.diariosur.es\/wp-content\/uploads\/sites\/49\/2013\/09\/27-224x300.jpg 224w\" sizes=\"(max-width: 600px) 100vw, 600px\" \/><\/a><\/p>\n<p style=\"text-align: center;\"><a href=\"\/pasarelaurbana\/wp-content\/uploads\/sites\/49\/2013\/09\/37.jpg\"><img loading=\"lazy\" class=\"aligncenter size-full wp-image-5150\" title=\"3\" src=\"\/pasarelaurbana\/wp-content\/uploads\/sites\/49\/2013\/09\/37.jpg\" alt=\"\" width=\"600\" height=\"803\" srcset=\"https:\/\/static-blogs.diariosur.es\/wp-content\/uploads\/sites\/49\/2013\/09\/37.jpg 600w, https:\/\/static-blogs.diariosur.es\/wp-content\/uploads\/sites\/49\/2013\/09\/37-224x300.jpg 224w\" sizes=\"(max-width: 600px) 100vw, 600px\" \/><\/a><\/p>\n<p style=\"text-align: center;\"><a href=\"\/pasarelaurbana\/wp-content\/uploads\/sites\/49\/2013\/09\/47.jpg\"><img loading=\"lazy\" class=\"aligncenter size-full wp-image-5151\" title=\"4\" src=\"\/pasarelaurbana\/wp-content\/uploads\/sites\/49\/2013\/09\/47.jpg\" alt=\"\" width=\"600\" height=\"803\" srcset=\"https:\/\/static-blogs.diariosur.es\/wp-content\/uploads\/sites\/49\/2013\/09\/47.jpg 600w, https:\/\/static-blogs.diariosur.es\/wp-content\/uploads\/sites\/49\/2013\/09\/47-224x300.jpg 224w\" sizes=\"(max-width: 600px) 100vw, 600px\" \/><\/a><\/p>\n<p style=\"text-align: center;\"><a href=\"\/pasarelaurbana\/wp-content\/uploads\/sites\/49\/2013\/09\/57.jpg\"><img loading=\"lazy\" class=\"aligncenter size-full wp-image-5152\" title=\"5\" src=\"\/pasarelaurbana\/wp-content\/uploads\/sites\/49\/2013\/09\/57.jpg\" alt=\"\" width=\"600\" height=\"803\" srcset=\"https:\/\/static-blogs.diariosur.es\/wp-content\/uploads\/sites\/49\/2013\/09\/57.jpg 600w, https:\/\/static-blogs.diariosur.es\/wp-content\/uploads\/sites\/49\/2013\/09\/57-224x300.jpg 224w\" sizes=\"(max-width: 600px) 100vw, 600px\" \/><\/a><\/p>\n<p style=\"text-align: center;\"><strong>Aki Kurasaki<\/strong>. Dise\u00f1adora. 25 a\u00f1os<\/p>\n<p style=\"text-align: center;\"><span style=\"text-decoration: underline;\">La camiseta de un concierto, integrada en un \u2018look lady\u2019<\/span><br \/>\nDefine su estilo como \u00aburbano y alternativo\u00bb. Y el look con el que la cazamos por calle Larios da fe de ello. Aki Kurasaki, una joven dise\u00f1adora de 25 a\u00f1os afincada en M\u00e1laga, eligi\u00f3 para una ma\u00f1ana de paseo por el Centro un \u2018outfit\u2019 ex\u00f3tico bastante interesante. \u00bfEl toque chic? Combinar una camiseta de un grupo musical (en su caso, de la banda malague\u00f1a Pu\u00f1o americano) con una falda blanca de vuelo con el largo estrella de esta nueva temporada: el midi, botines y un bolso azul klein que pone la nota de color. El resultado de esta arriesgada mezcla (entre rockera y lady) es un acertado \u2018outfit\u2019 juvenil y sofisticado ideal, por ejemplo, para una jornada de compras o un paseo por la ciudad. \u00a1Si conserv\u00e1is una camiseta de vuestros a\u00f1os de groupie ya sab\u00e9is c\u00f3mo reciclarla! Aki confiesa que es bastante ecl\u00e9ctica a la hora de arreglarse y que improvisa sus estilismos en funci\u00f3n de los \u00e1nimos con los que se levante ese d\u00eda. \u00abMe gustan muchos los vaqueros de talle alto con camisetas\u00bb, nos revel\u00f3.<\/p>\n<p style=\"text-align: center;\">Camiseta: Del grupo \u2018Pu\u00f1o americano\u2019 .<\/p>\n<p style=\"text-align: center;\">Falda: Zara.<\/p>\n<p style=\"text-align: center;\">Bolso: Stradivarius.<\/p>\n<p style=\"text-align: center;\">Botines: H&#038;M.<\/p>\n","protected":false},"excerpt":{"rendered":"<p>El blanco y negro contin\u00faa siendo el binomio m\u00e1s deseado. El pasado oto\u00f1o se alz\u00f3 como el protagonista absoluto de los armarios. Este verano reapareci\u00f3 dispuesto a hacerle la competencia a los tonos \u00e1cidos y fl\u00faor y esta temporada regresa a la carga afianzado como la pareja crom\u00e1tica m\u00e1s imbatible de la paleta. Dos colores [&hellip;]<\/p>\n","protected":false},"author":54,"featured_media":0,"comment_status":"open","ping_status":"open","sticky":false,"template":"","format":"standard","meta":[],"categories":[2],"tags":[],"_links":{"self":[{"href":"https:\/\/blogs.diariosur.es\/pasarelaurbana\/wp-json\/wp\/v2\/posts\/5174"}],"collection":[{"href":"https:\/\/blogs.diariosur.es\/pasarelaurbana\/wp-json\/wp\/v2\/posts"}],"about":[{"href":"https:\/\/blogs.diariosur.es\/pasarelaurbana\/wp-json\/wp\/v2\/types\/post"}],"author":[{"embeddable":true,"href":"https:\/\/blogs.diariosur.es\/pasarelaurbana\/wp-json\/wp\/v2\/users\/54"}],"replies":[{"embeddable":true,"href":"https:\/\/blogs.diariosur.es\/pasarelaurbana\/wp-json\/wp\/v2\/comments?post=5174"}],"version-history":[{"count":0,"href":"https:\/\/blogs.diariosur.es\/pasarelaurbana\/wp-json\/wp\/v2\/posts\/5174\/revisions"}],"wp:attachment":[{"href":"https:\/\/blogs.diariosur.es\/pasarelaurbana\/wp-json\/wp\/v2\/media?parent=5174"}],"wp:term":[{"taxonomy":"category","embeddable":true,"href":"https:\/\/blogs.diariosur.es\/pasarelaurbana\/wp-json\/wp\/v2\/categories?post=5174"},{"taxonomy":"post_tag","embeddable":true,"href":"https:\/\/blogs.diariosur.es\/pasarelaurbana\/wp-json\/wp\/v2\/tags?post=5174"}],"curies":[{"name":"wp","href":"https:\/\/api.w.org\/{rel}","templated":true}]}}