{"id":5189,"date":"2013-10-03T14:44:19","date_gmt":"2013-10-03T12:44:19","guid":{"rendered":"http:\/\/blogs.diariosur.es\/pasarelaurbana\/?p=5189"},"modified":"2013-10-03T14:44:19","modified_gmt":"2013-10-03T12:44:19","slug":"falda-y-deportivas-arregla-pero-informal","status":"publish","type":"post","link":"https:\/\/blogs.diariosur.es\/pasarelaurbana\/2013\/10\/03\/falda-y-deportivas-arregla-pero-informal\/","title":{"rendered":"Falda y deportivas, &#039;arregl\u00e1 pero informal&#039;"},"content":{"rendered":"<p style=\"text-align: center;\">Lo se. \u00daltimamente estoy muy pesada con esta falda-pantal\u00f3n de Zara. Pero como ya os dije en su d\u00eda, la tenemos hasta en la sopa. Cada vez que salgo a hacer una sesi\u00f3n de fotos para el blog, como m\u00ednimo, me cruzo a cinco personas luci\u00e9ndola en diferentes &#8216;outfits&#8217; (y os aseguro que no exagero). El de nuestra protagonista de hoy me gust\u00f3 por la acertada mezcla de estilos.<strong> Bego\u00f1a Vereda<\/strong> trabaja en una perfumer\u00eda y tiene 41 a\u00f1os. Para una jornada de gestiones por el Centro eligi\u00f3 la archiconocida falda-papiro del buque insignia de Inditex en negra que marid\u00f3 con \u00e9xito con camiseta de Guns N&#8217;Roses (adquirida en Etsy, si no conoc\u00e9is este portal ya est\u00e1is tardando, para mi es imprescindible en mi ruta de shoppins&#8217; on line&#8217;) y deportivas Nike. \u00bfEl rsultado? Un look c\u00f3modo, urbano y juvenil que te quita a\u00f1os de encima. &#8220;Ante todo me gusta ir natural. Soy bastante atrevida a la hora de arreglarme&#8221;, nos confes\u00f3 Bego\u00f1a. Os dejo con su look. \u00a1Muy chulo el reloj de Tint\u00edn! \u00a1Hasta el s\u00e1bado! \u00a1Sed felices!<\/p>\n<p><a href=\"\/pasarelaurbana\/wp-content\/uploads\/sites\/49\/2013\/10\/50.jpg\"><img loading=\"lazy\" class=\"aligncenter size-full wp-image-5191\" title=\"50\" src=\"\/pasarelaurbana\/wp-content\/uploads\/sites\/49\/2013\/10\/50.jpg\" alt=\"\" width=\"600\" height=\"803\" srcset=\"https:\/\/static-blogs.diariosur.es\/wp-content\/uploads\/sites\/49\/2013\/10\/50.jpg 600w, https:\/\/static-blogs.diariosur.es\/wp-content\/uploads\/sites\/49\/2013\/10\/50-224x300.jpg 224w\" sizes=\"(max-width: 600px) 100vw, 600px\" \/><\/a><!--more--><a href=\"\/pasarelaurbana\/wp-content\/uploads\/sites\/49\/2013\/10\/51.jpg\"><img loading=\"lazy\" class=\"aligncenter size-full wp-image-5192\" title=\"51\" src=\"\/pasarelaurbana\/wp-content\/uploads\/sites\/49\/2013\/10\/51.jpg\" alt=\"\" width=\"600\" height=\"803\" srcset=\"https:\/\/static-blogs.diariosur.es\/wp-content\/uploads\/sites\/49\/2013\/10\/51.jpg 600w, https:\/\/static-blogs.diariosur.es\/wp-content\/uploads\/sites\/49\/2013\/10\/51-224x300.jpg 224w\" sizes=\"(max-width: 600px) 100vw, 600px\" \/><\/a><\/p>\n<p><a href=\"\/pasarelaurbana\/wp-content\/uploads\/sites\/49\/2013\/10\/52.jpg\"><img loading=\"lazy\" class=\"aligncenter size-full wp-image-5193\" title=\"52\" src=\"\/pasarelaurbana\/wp-content\/uploads\/sites\/49\/2013\/10\/52.jpg\" alt=\"\" width=\"600\" height=\"803\" srcset=\"https:\/\/static-blogs.diariosur.es\/wp-content\/uploads\/sites\/49\/2013\/10\/52.jpg 600w, https:\/\/static-blogs.diariosur.es\/wp-content\/uploads\/sites\/49\/2013\/10\/52-224x300.jpg 224w\" sizes=\"(max-width: 600px) 100vw, 600px\" \/><\/a><\/p>\n<p><a href=\"\/pasarelaurbana\/wp-content\/uploads\/sites\/49\/2013\/10\/53.jpg\"><img loading=\"lazy\" class=\"aligncenter size-full wp-image-5194\" title=\"53\" src=\"\/pasarelaurbana\/wp-content\/uploads\/sites\/49\/2013\/10\/53.jpg\" alt=\"\" width=\"600\" height=\"803\" srcset=\"https:\/\/static-blogs.diariosur.es\/wp-content\/uploads\/sites\/49\/2013\/10\/53.jpg 600w, https:\/\/static-blogs.diariosur.es\/wp-content\/uploads\/sites\/49\/2013\/10\/53-224x300.jpg 224w\" sizes=\"(max-width: 600px) 100vw, 600px\" \/><\/a><\/p>\n<p><a href=\"\/pasarelaurbana\/wp-content\/uploads\/sites\/49\/2013\/10\/54.jpg\"><img loading=\"lazy\" class=\"aligncenter size-full wp-image-5195\" title=\"54\" src=\"\/pasarelaurbana\/wp-content\/uploads\/sites\/49\/2013\/10\/54.jpg\" alt=\"\" width=\"600\" height=\"803\" srcset=\"https:\/\/static-blogs.diariosur.es\/wp-content\/uploads\/sites\/49\/2013\/10\/54.jpg 600w, https:\/\/static-blogs.diariosur.es\/wp-content\/uploads\/sites\/49\/2013\/10\/54-224x300.jpg 224w\" sizes=\"(max-width: 600px) 100vw, 600px\" \/><\/a><\/p>\n<p style=\"text-align: center;\"><a href=\"\/pasarelaurbana\/wp-content\/uploads\/sites\/49\/2013\/10\/55.jpg\"><img loading=\"lazy\" class=\"aligncenter size-full wp-image-5190\" title=\"55\" src=\"\/pasarelaurbana\/wp-content\/uploads\/sites\/49\/2013\/10\/55.jpg\" alt=\"\" width=\"600\" height=\"803\" srcset=\"https:\/\/static-blogs.diariosur.es\/wp-content\/uploads\/sites\/49\/2013\/10\/55.jpg 600w, https:\/\/static-blogs.diariosur.es\/wp-content\/uploads\/sites\/49\/2013\/10\/55-224x300.jpg 224w\" sizes=\"(max-width: 600px) 100vw, 600px\" \/><\/a><\/p>\n<p style=\"text-align: center;\">Camiseta: Etsy<\/p>\n<p style=\"text-align: center;\">Falda-pantal\u00f3n: Zara<\/p>\n<p style=\"text-align: center;\">Deportivas: Nike<\/p>\n<p style=\"text-align: center;\">Reloj: Tint\u00edn<\/p>\n","protected":false},"excerpt":{"rendered":"<p>Lo se. \u00daltimamente estoy muy pesada con esta falda-pantal\u00f3n de Zara. Pero como ya os dije en su d\u00eda, la tenemos hasta en la sopa. Cada vez que salgo a hacer una sesi\u00f3n de fotos para el blog, como m\u00ednimo, me cruzo a cinco personas luci\u00e9ndola en diferentes &#8216;outfits&#8217; (y os aseguro que no exagero). [&hellip;]<\/p>\n","protected":false},"author":54,"featured_media":0,"comment_status":"open","ping_status":"open","sticky":false,"template":"","format":"standard","meta":[],"categories":[2],"tags":[],"_links":{"self":[{"href":"https:\/\/blogs.diariosur.es\/pasarelaurbana\/wp-json\/wp\/v2\/posts\/5189"}],"collection":[{"href":"https:\/\/blogs.diariosur.es\/pasarelaurbana\/wp-json\/wp\/v2\/posts"}],"about":[{"href":"https:\/\/blogs.diariosur.es\/pasarelaurbana\/wp-json\/wp\/v2\/types\/post"}],"author":[{"embeddable":true,"href":"https:\/\/blogs.diariosur.es\/pasarelaurbana\/wp-json\/wp\/v2\/users\/54"}],"replies":[{"embeddable":true,"href":"https:\/\/blogs.diariosur.es\/pasarelaurbana\/wp-json\/wp\/v2\/comments?post=5189"}],"version-history":[{"count":0,"href":"https:\/\/blogs.diariosur.es\/pasarelaurbana\/wp-json\/wp\/v2\/posts\/5189\/revisions"}],"wp:attachment":[{"href":"https:\/\/blogs.diariosur.es\/pasarelaurbana\/wp-json\/wp\/v2\/media?parent=5189"}],"wp:term":[{"taxonomy":"category","embeddable":true,"href":"https:\/\/blogs.diariosur.es\/pasarelaurbana\/wp-json\/wp\/v2\/categories?post=5189"},{"taxonomy":"post_tag","embeddable":true,"href":"https:\/\/blogs.diariosur.es\/pasarelaurbana\/wp-json\/wp\/v2\/tags?post=5189"}],"curies":[{"name":"wp","href":"https:\/\/api.w.org\/{rel}","templated":true}]}}