{"id":5203,"date":"2013-10-07T15:56:40","date_gmt":"2013-10-07T13:56:40","guid":{"rendered":"http:\/\/blogs.diariosur.es\/pasarelaurbana\/?p=5203"},"modified":"2013-10-07T15:56:40","modified_gmt":"2013-10-07T13:56:40","slug":"la-lenceria-da-el-salto-a-la-calle","status":"publish","type":"post","link":"https:\/\/blogs.diariosur.es\/pasarelaurbana\/2013\/10\/07\/la-lenceria-da-el-salto-a-la-calle\/","title":{"rendered":"La lencer\u00eda da el salto a la calle"},"content":{"rendered":"<p style=\"text-align: center;\">Puntillas, encajes, transparencias, toques de plumeti, delicadas sedas&#8230; Este oto\u00f1o la moda nos invita a sacar nuestro lado <strong>m\u00e1s sexy y femenino<\/strong>. La inspiraci\u00f3n lencera toma esta temporada la batuta, cansada de estar condenada al caj\u00f3n de la ropa interior. Ahora pide paso, dispuesta a convertirse en una de las reinas del street style de los pr\u00f3ximos meses. \u00bfEl culpable? No es otro que Marc Jacobs. En su colecci\u00f3n de oto\u00f1o\/invierno 2013-2014 para <strong>Louis Vutton<\/strong> el dise\u00f1ador (que como sabr\u00e9is acaba de despedirse de la firma gala de la que ha sido director art\u00edstico 16 a\u00f1os) apost\u00f3 fuerte por el pijama (reconvertido en traje chaqueta) y por los vestidos lenceros combinados con tacones de v\u00e9rtigo y abrigos y chaquetas de corte masculino (el contrapunto perfecto). Pues bien, Zara ha cogido el testigo convirtiendo a estas prendas en protagonistas de su nueva colecci\u00f3n (donde est\u00e1n hasta en la sopa). El buque insignia de Inditex ofrece desde vestidos en clave tart\u00e1n (combinando los encajes con los cuadros escoceses) a faldas, tops\u00a0 y hasta monos con sutiles transparencias que explotan la sensualidad femenina. Pero no es la \u00fanica firma &#8216;low cost&#8217; que se ha subido al carro lencero. Stradivarius, Blanco, H&#038;M o Asos son solo algunas de las tiendas que tambi\u00e9n nos invitan a pasear como si estuvi\u00e9semos en casa.\u00a0 Personalmente creo que tiene su punto. Eso s\u00ed, el truco est\u00e1 en buscarle la pareja adecuada. Para el d\u00eda me gustan por ejemplo los vestidos con abrigos oversize que crean sugerentes juegos de vol\u00famenes o faldas de seda con maxi jerseys de lana y para la noche n buen top maridado con una falda de cuero. Ah\u00ed van algunas sugerencias. Y vosotras, \u00bfos atrev\u00e9is con esta moda? \u00a1Hasta ma\u00f1ana!<\/p>\n<p>&nbsp;<\/p>\n<p><a href=\"\/pasarelaurbana\/wp-content\/uploads\/sites\/49\/2013\/10\/zaramas.jpg\"><img loading=\"lazy\" class=\"aligncenter  wp-image-5211\" title=\"zaramas\" src=\"\/pasarelaurbana\/wp-content\/uploads\/sites\/49\/2013\/10\/zaramas.jpg\" alt=\"\" width=\"600\" height=\"744\" srcset=\"https:\/\/static-blogs.diariosur.es\/wp-content\/uploads\/sites\/49\/2013\/10\/zaramas.jpg 600w, https:\/\/static-blogs.diariosur.es\/wp-content\/uploads\/sites\/49\/2013\/10\/zaramas-242x300.jpg 242w\" sizes=\"(max-width: 600px) 100vw, 600px\" \/><\/a><!--more--><a href=\"\/pasarelaurbana\/wp-content\/uploads\/sites\/49\/2013\/10\/zarauno.jpg\"><img loading=\"lazy\" class=\"aligncenter size-full wp-image-5204\" title=\"zarauno\" src=\"\/pasarelaurbana\/wp-content\/uploads\/sites\/49\/2013\/10\/zarauno.jpg\" alt=\"\" width=\"600\" height=\"744\" srcset=\"https:\/\/static-blogs.diariosur.es\/wp-content\/uploads\/sites\/49\/2013\/10\/zarauno.jpg 600w, https:\/\/static-blogs.diariosur.es\/wp-content\/uploads\/sites\/49\/2013\/10\/zarauno-242x300.jpg 242w\" sizes=\"(max-width: 600px) 100vw, 600px\" \/><\/a><\/p>\n<p><a href=\"\/pasarelaurbana\/wp-content\/uploads\/sites\/49\/2013\/10\/zarados.jpg\"><img loading=\"lazy\" class=\"aligncenter size-full wp-image-5210\" title=\"zarados\" src=\"\/pasarelaurbana\/wp-content\/uploads\/sites\/49\/2013\/10\/zarados.jpg\" alt=\"\" width=\"600\" height=\"744\" srcset=\"https:\/\/static-blogs.diariosur.es\/wp-content\/uploads\/sites\/49\/2013\/10\/zarados.jpg 600w, https:\/\/static-blogs.diariosur.es\/wp-content\/uploads\/sites\/49\/2013\/10\/zarados-242x300.jpg 242w\" sizes=\"(max-width: 600px) 100vw, 600px\" \/><\/a><\/p>\n<p><a href=\"\/pasarelaurbana\/wp-content\/uploads\/sites\/49\/2013\/10\/zaratres.jpg\"><img loading=\"lazy\" class=\"aligncenter size-full wp-image-5213\" title=\"zaratres\" src=\"\/pasarelaurbana\/wp-content\/uploads\/sites\/49\/2013\/10\/zaratres.jpg\" alt=\"\" width=\"600\" height=\"744\" srcset=\"https:\/\/static-blogs.diariosur.es\/wp-content\/uploads\/sites\/49\/2013\/10\/zaratres.jpg 600w, https:\/\/static-blogs.diariosur.es\/wp-content\/uploads\/sites\/49\/2013\/10\/zaratres-242x300.jpg 242w\" sizes=\"(max-width: 600px) 100vw, 600px\" \/><\/a><\/p>\n<p><a href=\"\/pasarelaurbana\/wp-content\/uploads\/sites\/49\/2013\/10\/zaramono.jpg\"><img loading=\"lazy\" class=\"aligncenter size-full wp-image-5212\" title=\"zaramono\" src=\"\/pasarelaurbana\/wp-content\/uploads\/sites\/49\/2013\/10\/zaramono.jpg\" alt=\"\" width=\"600\" height=\"744\" srcset=\"https:\/\/static-blogs.diariosur.es\/wp-content\/uploads\/sites\/49\/2013\/10\/zaramono.jpg 600w, https:\/\/static-blogs.diariosur.es\/wp-content\/uploads\/sites\/49\/2013\/10\/zaramono-242x300.jpg 242w\" sizes=\"(max-width: 600px) 100vw, 600px\" \/><\/a><\/p>\n<p style=\"text-align: center;\">Sobre estas l\u00edneas, algunas de las propuestas de <strong>Zara<\/strong>. (muy chulo el mono).<\/p>\n<p style=\"text-align: center;\">\n<p><a href=\"\/pasarelaurbana\/wp-content\/uploads\/sites\/49\/2013\/10\/stradivariustop.jpg\"><img loading=\"lazy\" class=\"aligncenter size-full wp-image-5209\" title=\"stradivariustop\" src=\"\/pasarelaurbana\/wp-content\/uploads\/sites\/49\/2013\/10\/stradivariustop.jpg\" alt=\"\" width=\"600\" height=\"888\" srcset=\"https:\/\/static-blogs.diariosur.es\/wp-content\/uploads\/sites\/49\/2013\/10\/stradivariustop.jpg 600w, https:\/\/static-blogs.diariosur.es\/wp-content\/uploads\/sites\/49\/2013\/10\/stradivariustop-203x300.jpg 203w\" sizes=\"(max-width: 600px) 100vw, 600px\" \/><\/a><\/p>\n<p style=\"text-align: center;\">Top negro de <strong>Stradivarius<\/strong><\/p>\n<p style=\"text-align: center;\"><a href=\"\/pasarelaurbana\/wp-content\/uploads\/sites\/49\/2013\/10\/hmunojpg.jpg\"><img loading=\"lazy\" class=\"aligncenter size-full wp-image-5208\" title=\"hmunojpg\" src=\"\/pasarelaurbana\/wp-content\/uploads\/sites\/49\/2013\/10\/hmunojpg.jpg\" alt=\"\" width=\"500\" height=\"585\" srcset=\"https:\/\/static-blogs.diariosur.es\/wp-content\/uploads\/sites\/49\/2013\/10\/hmunojpg.jpg 500w, https:\/\/static-blogs.diariosur.es\/wp-content\/uploads\/sites\/49\/2013\/10\/hmunojpg-256x300.jpg 256w\" sizes=\"(max-width: 500px) 100vw, 500px\" \/><\/a><\/p>\n<p style=\"text-align: center;\">Camisa con encajes de <strong>H&#038;M.<\/strong><\/p>\n<p><a href=\"\/pasarelaurbana\/wp-content\/uploads\/sites\/49\/2013\/10\/faldapull.jpg\"><img loading=\"lazy\" class=\"aligncenter size-full wp-image-5207\" title=\"faldapull\" src=\"\/pasarelaurbana\/wp-content\/uploads\/sites\/49\/2013\/10\/faldapull.jpg\" alt=\"\" width=\"600\" height=\"767\" srcset=\"https:\/\/static-blogs.diariosur.es\/wp-content\/uploads\/sites\/49\/2013\/10\/faldapull.jpg 600w, https:\/\/static-blogs.diariosur.es\/wp-content\/uploads\/sites\/49\/2013\/10\/faldapull-235x300.jpg 235w\" sizes=\"(max-width: 600px) 100vw, 600px\" \/><\/a><\/p>\n<p style=\"text-align: center;\">Falda con puntilla en el bajo de <strong>Pull&#038;Bear<\/strong><\/p>\n<p style=\"text-align: center;\"><a href=\"\/pasarelaurbana\/wp-content\/uploads\/sites\/49\/2013\/10\/camisablanco.jpg\"><img loading=\"lazy\" class=\"aligncenter size-full wp-image-5206\" title=\"camisablanco\" src=\"\/pasarelaurbana\/wp-content\/uploads\/sites\/49\/2013\/10\/camisablanco.jpg\" alt=\"\" width=\"600\" height=\"777\" srcset=\"https:\/\/static-blogs.diariosur.es\/wp-content\/uploads\/sites\/49\/2013\/10\/camisablanco.jpg 600w, https:\/\/static-blogs.diariosur.es\/wp-content\/uploads\/sites\/49\/2013\/10\/camisablanco-232x300.jpg 232w\" sizes=\"(max-width: 600px) 100vw, 600px\" \/><\/a>Camisa semi transparente de plumeti de <strong>Blanco.<\/strong><\/p>\n<p style=\"text-align: center;\">\n<p><a href=\"\/pasarelaurbana\/wp-content\/uploads\/sites\/49\/2013\/10\/asos.jpg\"><img loading=\"lazy\" class=\"aligncenter size-full wp-image-5205\" title=\"asos\" src=\"\/pasarelaurbana\/wp-content\/uploads\/sites\/49\/2013\/10\/asos.jpg\" alt=\"\" width=\"600\" height=\"766\" srcset=\"https:\/\/static-blogs.diariosur.es\/wp-content\/uploads\/sites\/49\/2013\/10\/asos.jpg 600w, https:\/\/static-blogs.diariosur.es\/wp-content\/uploads\/sites\/49\/2013\/10\/asos-235x300.jpg 235w\" sizes=\"(max-width: 600px) 100vw, 600px\" \/><\/a><\/p>\n<p style=\"text-align: center;\">Vestido de Asos<\/p>\n<p style=\"text-align: center;\">\u00a1Hasta ma\u00f1ana! \u00a1Feliz arranque de semana!<\/p>\n","protected":false},"excerpt":{"rendered":"<p>Puntillas, encajes, transparencias, toques de plumeti, delicadas sedas&#8230; Este oto\u00f1o la moda nos invita a sacar nuestro lado m\u00e1s sexy y femenino. La inspiraci\u00f3n lencera toma esta temporada la batuta, cansada de estar condenada al caj\u00f3n de la ropa interior. Ahora pide paso, dispuesta a convertirse en una de las reinas del street style de [&hellip;]<\/p>\n","protected":false},"author":54,"featured_media":0,"comment_status":"open","ping_status":"open","sticky":false,"template":"","format":"standard","meta":[],"categories":[2],"tags":[],"_links":{"self":[{"href":"https:\/\/blogs.diariosur.es\/pasarelaurbana\/wp-json\/wp\/v2\/posts\/5203"}],"collection":[{"href":"https:\/\/blogs.diariosur.es\/pasarelaurbana\/wp-json\/wp\/v2\/posts"}],"about":[{"href":"https:\/\/blogs.diariosur.es\/pasarelaurbana\/wp-json\/wp\/v2\/types\/post"}],"author":[{"embeddable":true,"href":"https:\/\/blogs.diariosur.es\/pasarelaurbana\/wp-json\/wp\/v2\/users\/54"}],"replies":[{"embeddable":true,"href":"https:\/\/blogs.diariosur.es\/pasarelaurbana\/wp-json\/wp\/v2\/comments?post=5203"}],"version-history":[{"count":0,"href":"https:\/\/blogs.diariosur.es\/pasarelaurbana\/wp-json\/wp\/v2\/posts\/5203\/revisions"}],"wp:attachment":[{"href":"https:\/\/blogs.diariosur.es\/pasarelaurbana\/wp-json\/wp\/v2\/media?parent=5203"}],"wp:term":[{"taxonomy":"category","embeddable":true,"href":"https:\/\/blogs.diariosur.es\/pasarelaurbana\/wp-json\/wp\/v2\/categories?post=5203"},{"taxonomy":"post_tag","embeddable":true,"href":"https:\/\/blogs.diariosur.es\/pasarelaurbana\/wp-json\/wp\/v2\/tags?post=5203"}],"curies":[{"name":"wp","href":"https:\/\/api.w.org\/{rel}","templated":true}]}}