{"id":5214,"date":"2013-10-08T18:53:38","date_gmt":"2013-10-08T16:53:38","guid":{"rendered":"http:\/\/blogs.diariosur.es\/pasarelaurbana\/?p=5214"},"modified":"2013-10-08T18:53:38","modified_gmt":"2013-10-08T16:53:38","slug":"especial-ninos-como-decorarle-un-cumple-a-un-fanatico-de-los-coches","status":"publish","type":"post","link":"https:\/\/blogs.diariosur.es\/pasarelaurbana\/2013\/10\/08\/especial-ninos-como-decorarle-un-cumple-a-un-fanatico-de-los-coches\/","title":{"rendered":"Especial ni\u00f1os: c\u00f3mo decorarle un cumple a un fan\u00e1tico de los coches"},"content":{"rendered":"<p>\u00a1Buenas! \u00a1Uf, cu\u00e1nto tiempo sin dedicar un post a esos locos bajitos! Creo que la \u00faltima vez que colgu\u00e9 un especial ni\u00f1os fue antes de irme de vacaciones en junio&#8230;\u00a1as\u00ed que ya va siendo hora de retomarlo! L@s que me segu\u00eds sab\u00e9is que soy una apasionada de todo lo que rodea al universo infantil: decoraci\u00f3n, recetas de cocina, ropita, juguetes originales, etc etc. Me pierde, no lo puedo evitar. El poco tiempo libre que me queda cuando el enano se duerme lo divido entre bichear blogs de moda y olismear en blogs de mam\u00e1s (aprovecho la ocasi\u00f3n para desvelaros y recomendaros algunos de mis imprescindibles: <strong>baballa -soy muuuuy fan de Luc\u00eda es simplemente genial-, entrechiquitines, pequerecetas o de mamas &#038; de papas<\/strong>). Pues bien, hoy quiero aprovechar para compartir con vosotr@s la \u00faltima <strong>fiesta de cumplea\u00f1os que le organic\u00e9 a mi hijo Alejandro<\/strong>. \u00bfLa tem\u00e1tica? Desde el principio estaba clara no, cristalina. Ale se levanta con un coche en la mano y se acuesta con otro. Mi casa est\u00e1 invadida por toda su flota de veh\u00edculos, que muy a mi pesar no deja de engordar cada d\u00eda porque tooooodo el mundo le regala coches. As\u00ed que como no pod\u00eda ser de otra manera, en su fiesta ten\u00eda que haber coches. Hasta aqu\u00ed bien. Primera traba: en un primer barrido toda la decoraci\u00f3n que v\u00ed de coches era horrorosa. Y algun@ de vosotr@s pensar\u00e1: qu\u00e9 m\u00e1s da, es una fiesta de ni\u00f1os&#8230;\u00a1pues no! Reconozco que tengo un problema y es que el sentido de la est\u00e9tica lo tengo demasiado desarrollado y si algo me chirr\u00eda a la vista&#8230;pues que no puede con \u00e9l. Y vale que tengo un ni\u00f1o y me tengo que olvidar de cursiler\u00edas y de todas esas cosas tan requetemonas y \u00f1o\u00f1as que existen para ni\u00f1as, pero me resisto a renunciar a buscar una deco bonita y cuqui.<\/p>\n<p>Para mi suerte existe <strong>Etsy<\/strong>: v\u00e9ase una\u00a0plataforma online de comercio electr\u00f3nico especializada en art\u00edculos hechos a mano y piezas vintage donde es posible comprar art\u00edculos de un sinf\u00edn de peque\u00f1as tiendecitas de todo el mundo (un para\u00edso, vamos). Fue all\u00ed donde encontr\u00e9 un set ideal para ambientar cumples con coches en tonos rojos y turquesas . Estos americanos son la leche decorando fiestas. El pack tiene de todo: banderolas, pegatinas, conos para servir comida, gorritos de fiesta para los cr\u00edos, etiquetas para las botellas, \u00a0banderitas para cupcakes, marcadores de sitio, cajas para meter las chuches en forma de trofeo y hasta l\u00e1minas para colorear. Una locura vaya. Hay distintos packs: el b\u00e1sico, el mediano y el grande (el que yo cog\u00ed) que os lo personalizan con el nombre del cumplea\u00f1ero, su inicial y los a\u00f1itos que cumple. Una vez adquirido, os mandan un pdf a vuestro mail que pod\u00e9is imprimir para utilizar a vuestro antojo. \u00a0En mi caso hice una selecci\u00f3n y algunas cosas las saqu\u00e9 en papel y otras en pegatinas (para usar, por ejemplo, en las botellas de agua y zumito para los peques que quedan muy resultonas). Para decorar recipientes (copas gigantes y distintos vasos grandes de cristal que compr\u00e9 hace ya varios a\u00f1os en Casa) us\u00e9 <strong>lazos<\/strong> lisos y de cuadritos vichy en rojo y turquesa. Complet\u00e9 la ambientaci\u00f3n con unas <strong>cajas de cart\u00f3n con forma de coches antiguos <\/strong>(precios\u00edsimas) \u00a0y unas cajitas para palomitas de estilo retro \u00a0(tambi\u00e9n de Etsy). \u00bfLa sorpresa para los ni\u00f1os? Un puesto de chuches que compr\u00e9 en Ikea (no vale ni 10 euros y es una monada con infinidad de posibilidades) y que tune\u00e9 forr\u00e1ndole de turquesa la parte de abajo que viene de f\u00e1brica en rayas verdes y blancas. Mi madre me hico unos <strong>mini cupcakes<\/strong> en los mismos tonos de la fiesta que servimos en unos bonitos fruteros de dos pisos decorados con banderitas de coches. La tarta, por supuesto, fue de Rayo McQueen al igual que las cajitas que repartimos con chucher\u00edas (las encontr\u00e9 en la tienda de golosinas que hay junto al Imaginarium de la plaza de la Constituci\u00f3n).<\/p>\n<p>\u00bfEl resultado? Pod\u00e9is verlo al detalle en las fotos de abajo. Al final del post os incluyo adem\u00e1s algunos enlaces de las tiendas donde compr\u00e9 y algunas de las recetas de la comida que serv\u00ed: piruletas de parmesano, brazo gitano de york, queso y nueces, mermelada de pimientos rojos, brownie de chocolate, brochetitas de cherry y queso fresco, \u00a0hojaldritos de salchicha&#8230;<\/p>\n<p>Espero que os de ideas, que es de lo que se trata, sobre todo si viv\u00eds rodeada de coches como yo. \u00a1Hasta ma\u00f1ana!<\/p>\n<p>&nbsp;<\/p>\n<p><a href=\"\/pasarelaurbana\/wp-content\/uploads\/sites\/49\/2013\/10\/15.jpg\"><img loading=\"lazy\" class=\"aligncenter size-full wp-image-5231\" title=\"15\" src=\"\/pasarelaurbana\/wp-content\/uploads\/sites\/49\/2013\/10\/15.jpg\" alt=\"\" width=\"600\" height=\"600\" srcset=\"https:\/\/static-blogs.diariosur.es\/wp-content\/uploads\/sites\/49\/2013\/10\/15.jpg 600w, https:\/\/static-blogs.diariosur.es\/wp-content\/uploads\/sites\/49\/2013\/10\/15-150x150.jpg 150w, https:\/\/static-blogs.diariosur.es\/wp-content\/uploads\/sites\/49\/2013\/10\/15-300x300.jpg 300w\" sizes=\"(max-width: 600px) 100vw, 600px\" \/><\/a><\/p>\n<p>&nbsp;<\/p>\n<p><!--more--><\/p>\n<p><a href=\"\/pasarelaurbana\/wp-content\/uploads\/sites\/49\"><img loading=\"lazy\" class=\"aligncenter size-full wp-image-5216\" title=\"1\" src=\"\/pasarelaurbana\/wp-content\/uploads\/sites\/49\" alt=\"\" width=\"600\" height=\"448\" \/><\/a><\/p>\n<p><a href=\"\/pasarelaurbana\/wp-content\/uploads\/sites\/49\"><img loading=\"lazy\" class=\"aligncenter size-full wp-image-5219\" title=\"4\" src=\"\/pasarelaurbana\/wp-content\/uploads\/sites\/49\" alt=\"\" width=\"600\" height=\"803\" \/><\/a><\/p>\n<p><a href=\"\/pasarelaurbana\/wp-content\/uploads\/sites\/49\"><img loading=\"lazy\" class=\"aligncenter size-full wp-image-5220\" title=\"5\" src=\"\/pasarelaurbana\/wp-content\/uploads\/sites\/49\" alt=\"\" width=\"600\" height=\"803\" \/><\/a><\/p>\n<p style=\"text-align: center;\">Arriba, en detalle, algunos de los recipientes que us\u00e9 decorados con lazos. Una idea: la lecherita de Ikea queda genial para servir brochetas.<\/p>\n<p><a href=\"\/pasarelaurbana\/wp-content\/uploads\/sites\/49\"><img loading=\"lazy\" class=\"aligncenter size-full wp-image-5222\" title=\"7\" src=\"\/pasarelaurbana\/wp-content\/uploads\/sites\/49\" alt=\"\" width=\"600\" height=\"803\" \/><\/a><\/p>\n<p style=\"text-align: center;\">Sobre estas l\u00edneas pod\u00e9is ver un detalle de las cajas de cart\u00f3n de coches antiguos. \u00a1Son una moner\u00eda!<\/p>\n<p><a href=\"\/pasarelaurbana\/wp-content\/uploads\/sites\/49\"><img loading=\"lazy\" class=\"aligncenter size-full wp-image-5223\" title=\"8\" src=\"\/pasarelaurbana\/wp-content\/uploads\/sites\/49\" alt=\"\" width=\"600\" height=\"803\" \/><\/a><\/p>\n<p><a href=\"\/pasarelaurbana\/wp-content\/uploads\/sites\/49\/2013\/10\/19.jpg\"><img loading=\"lazy\" class=\"aligncenter size-full wp-image-5227\" title=\"19\" src=\"\/pasarelaurbana\/wp-content\/uploads\/sites\/49\/2013\/10\/19.jpg\" alt=\"\" width=\"600\" height=\"448\" srcset=\"https:\/\/static-blogs.diariosur.es\/wp-content\/uploads\/sites\/49\/2013\/10\/19.jpg 600w, https:\/\/static-blogs.diariosur.es\/wp-content\/uploads\/sites\/49\/2013\/10\/19-300x224.jpg 300w\" sizes=\"(max-width: 600px) 100vw, 600px\" \/><\/a><\/p>\n<p style=\"text-align: center;\">Detalle de los mini cupcakes (de queso fresco y chocolate blanco, riqu\u00edsimos) con banderitas de tem\u00e1tica de carrera de coches.<\/p>\n<p><a href=\"\/pasarelaurbana\/wp-content\/uploads\/sites\/49\/2013\/10\/11.jpg\"><img loading=\"lazy\" class=\"aligncenter size-full wp-image-5226\" title=\"11\" src=\"\/pasarelaurbana\/wp-content\/uploads\/sites\/49\/2013\/10\/11.jpg\" alt=\"\" width=\"600\" height=\"448\" srcset=\"https:\/\/static-blogs.diariosur.es\/wp-content\/uploads\/sites\/49\/2013\/10\/11.jpg 600w, https:\/\/static-blogs.diariosur.es\/wp-content\/uploads\/sites\/49\/2013\/10\/11-300x224.jpg 300w\" sizes=\"(max-width: 600px) 100vw, 600px\" \/><\/a><\/p>\n<p style=\"text-align: center;\">Un truco para que los zumos (aunque sean de tetrabrick) queden ideales y vistosos: usar jarritas de cristal (yo las pill\u00e9 en \u00a0un chino) y hacerle letreritos con blondas peque\u00f1as. \u00a1hasta parecen caseros!<\/p>\n<p><a href=\"\/pasarelaurbana\/wp-content\/uploads\/sites\/49\/2013\/10\/13.jpg\"><img loading=\"lazy\" class=\"aligncenter size-full wp-image-5229\" title=\"13\" src=\"\/pasarelaurbana\/wp-content\/uploads\/sites\/49\/2013\/10\/13.jpg\" alt=\"\" width=\"600\" height=\"803\" srcset=\"https:\/\/static-blogs.diariosur.es\/wp-content\/uploads\/sites\/49\/2013\/10\/13.jpg 600w, https:\/\/static-blogs.diariosur.es\/wp-content\/uploads\/sites\/49\/2013\/10\/13-224x300.jpg 224w\" sizes=\"(max-width: 600px) 100vw, 600px\" \/><\/a><\/p>\n<p><a href=\"\/pasarelaurbana\/wp-content\/uploads\/sites\/49\/2013\/10\/14.jpg\"><img loading=\"lazy\" class=\"aligncenter size-full wp-image-5230\" title=\"14\" src=\"\/pasarelaurbana\/wp-content\/uploads\/sites\/49\/2013\/10\/14.jpg\" alt=\"\" width=\"600\" height=\"803\" srcset=\"https:\/\/static-blogs.diariosur.es\/wp-content\/uploads\/sites\/49\/2013\/10\/14.jpg 600w, https:\/\/static-blogs.diariosur.es\/wp-content\/uploads\/sites\/49\/2013\/10\/14-224x300.jpg 224w\" sizes=\"(max-width: 600px) 100vw, 600px\" \/><\/a><\/p>\n<p style=\"text-align: center;\">Arriba, detalle del puesto de Ikea (s\u00faper recomendable si ten\u00e9is espacio para colocarlo, a los ni\u00f1os les encanta). En la foto, mi hijo -de espaldas- y mi sobrino haciendo de camarero, \u00a1estaba entregadito! Yo lo \u00fanico que hice fue forrarle la parte de abajo de cartulina turquesa, colocarle una banderola y un cartelito que hice usando una blonda.<\/p>\n<p><a href=\"\/pasarelaurbana\/wp-content\/uploads\/sites\/49\"><img loading=\"lazy\" class=\"aligncenter size-full wp-image-5218\" title=\"3\" src=\"\/pasarelaurbana\/wp-content\/uploads\/sites\/49\" alt=\"\" width=\"600\" height=\"448\" \/><\/a><\/p>\n<p style=\"text-align: center;\">Detalle de la mesa para pintar (las l\u00e1minas vienen en el pack que compr\u00e9 en Etsy)<\/p>\n<p><a href=\"\/pasarelaurbana\/wp-content\/uploads\/sites\/49\/2013\/10\/10.jpg\"><img loading=\"lazy\" class=\"aligncenter size-full wp-image-5225\" title=\"10\" src=\"\/pasarelaurbana\/wp-content\/uploads\/sites\/49\/2013\/10\/10.jpg\" alt=\"\" width=\"600\" height=\"448\" srcset=\"https:\/\/static-blogs.diariosur.es\/wp-content\/uploads\/sites\/49\/2013\/10\/10.jpg 600w, https:\/\/static-blogs.diariosur.es\/wp-content\/uploads\/sites\/49\/2013\/10\/10-300x224.jpg 300w\" sizes=\"(max-width: 600px) 100vw, 600px\" \/><\/a><\/p>\n<p><a href=\"\/pasarelaurbana\/wp-content\/uploads\/sites\/49\/2013\/10\/12.jpg\"><img loading=\"lazy\" class=\"aligncenter size-full wp-image-5215\" title=\"12\" src=\"\/pasarelaurbana\/wp-content\/uploads\/sites\/49\/2013\/10\/12.jpg\" alt=\"\" width=\"600\" height=\"448\" srcset=\"https:\/\/static-blogs.diariosur.es\/wp-content\/uploads\/sites\/49\/2013\/10\/12.jpg 600w, https:\/\/static-blogs.diariosur.es\/wp-content\/uploads\/sites\/49\/2013\/10\/12-300x224.jpg 300w\" sizes=\"(max-width: 600px) 100vw, 600px\" \/><\/a><\/p>\n<p><a href=\"\/pasarelaurbana\/wp-content\/uploads\/sites\/49\/2013\/10\/17.jpg\"><img loading=\"lazy\" class=\"aligncenter size-full wp-image-5233\" title=\"17\" src=\"\/pasarelaurbana\/wp-content\/uploads\/sites\/49\/2013\/10\/17.jpg\" alt=\"\" width=\"600\" height=\"448\" srcset=\"https:\/\/static-blogs.diariosur.es\/wp-content\/uploads\/sites\/49\/2013\/10\/17.jpg 600w, https:\/\/static-blogs.diariosur.es\/wp-content\/uploads\/sites\/49\/2013\/10\/17-300x224.jpg 300w\" sizes=\"(max-width: 600px) 100vw, 600px\" \/><\/a><\/p>\n<p><a href=\"\/pasarelaurbana\/wp-content\/uploads\/sites\/49\/2013\/10\/18.jpg\"><img loading=\"lazy\" class=\"aligncenter size-full wp-image-5234\" title=\"18\" src=\"\/pasarelaurbana\/wp-content\/uploads\/sites\/49\/2013\/10\/18.jpg\" alt=\"\" width=\"600\" height=\"448\" srcset=\"https:\/\/static-blogs.diariosur.es\/wp-content\/uploads\/sites\/49\/2013\/10\/18.jpg 600w, https:\/\/static-blogs.diariosur.es\/wp-content\/uploads\/sites\/49\/2013\/10\/18-300x224.jpg 300w\" sizes=\"(max-width: 600px) 100vw, 600px\" \/><\/a><\/p>\n<p style=\"text-align: center;\">En las cuatro fotos de arriba, m\u00e1s detalles de la decoraci\u00f3n de mi patio.<\/p>\n<p><a href=\"\/pasarelaurbana\/wp-content\/uploads\/sites\/49\/2013\/10\/16.jpg\"><img loading=\"lazy\" class=\"aligncenter size-full wp-image-5232\" title=\"16\" src=\"\/pasarelaurbana\/wp-content\/uploads\/sites\/49\/2013\/10\/16.jpg\" alt=\"\" width=\"600\" height=\"448\" srcset=\"https:\/\/static-blogs.diariosur.es\/wp-content\/uploads\/sites\/49\/2013\/10\/16.jpg 600w, https:\/\/static-blogs.diariosur.es\/wp-content\/uploads\/sites\/49\/2013\/10\/16-300x224.jpg 300w\" sizes=\"(max-width: 600px) 100vw, 600px\" \/><\/a><\/p>\n<p style=\"text-align: center;\">La tarta, de Rayo Mc Queen. Abajo, la tarta que le hice yo en la thermomix (ay qu\u00e9 har\u00eda sin ella) para que se llevara a la guarder\u00eda decorada con lazo de vichy celeste, kit kat y algunas de las etiquetas que ven\u00edan en el pack de Etsy.<\/p>\n<p><a href=\"\/pasarelaurbana\/wp-content\/uploads\/sites\/49\/2013\/10\/tarta.jpg\"><img loading=\"lazy\" class=\"aligncenter size-full wp-image-5236\" title=\"tarta\" src=\"\/pasarelaurbana\/wp-content\/uploads\/sites\/49\/2013\/10\/tarta.jpg\" alt=\"\" width=\"600\" height=\"448\" srcset=\"https:\/\/static-blogs.diariosur.es\/wp-content\/uploads\/sites\/49\/2013\/10\/tarta.jpg 600w, https:\/\/static-blogs.diariosur.es\/wp-content\/uploads\/sites\/49\/2013\/10\/tarta-300x224.jpg 300w\" sizes=\"(max-width: 600px) 100vw, 600px\" \/><\/a><\/p>\n<p><a href=\"\/pasarelaurbana\/wp-content\/uploads\/sites\/49\"><img loading=\"lazy\" class=\"aligncenter size-full wp-image-5224\" title=\"9\" src=\"\/pasarelaurbana\/wp-content\/uploads\/sites\/49\" alt=\"\" width=\"600\" height=\"448\" \/><\/a><\/p>\n<p style=\"text-align: center;\">Las cajitas de chuches<\/p>\n<p>&nbsp;<\/p>\n<p style=\"text-align: center;\"><span style=\"text-decoration: underline;\">Y termino con las direcciones<\/span><\/p>\n<p>&nbsp;<\/p>\n<p style=\"text-align: center;\">-Decoraci\u00f3n coordinada de coches, <a href=\"https:\/\/www.etsy.com\/listing\/122692123\/race-car-birthday-party-package?ref=favs_view_22\" rel=\"external nofollow\">aqui<\/a><\/p>\n<p>&nbsp;<\/p>\n<p><a href=\"\/pasarelaurbana\/wp-content\/uploads\/sites\/49\/2013\/10\/coches.jpg\"><img loading=\"lazy\" class=\"aligncenter size-full wp-image-5235\" title=\"coches\" src=\"\/pasarelaurbana\/wp-content\/uploads\/sites\/49\/2013\/10\/coches.jpg\" alt=\"\" width=\"600\" height=\"400\" srcset=\"https:\/\/static-blogs.diariosur.es\/wp-content\/uploads\/sites\/49\/2013\/10\/coches.jpg 600w, https:\/\/static-blogs.diariosur.es\/wp-content\/uploads\/sites\/49\/2013\/10\/coches-300x200.jpg 300w\" sizes=\"(max-width: 600px) 100vw, 600px\" \/><\/a><\/p>\n<p style=\"text-align: center;\">Cajitas de coches de cart\u00f3n, a la venta<a href=\"https:\/\/www.etsy.com\/listing\/150484820\/retro-vintage-classic-red-57-chevy-food?ref=favs_view_2\" rel=\"external nofollow\"> aqui<\/a><\/p>\n<p style=\"text-align: center;\">Palomiteros,<a href=\"https:\/\/www.etsy.com\/transaction\/149892649?ref=fb2_tnx_title\" rel=\"external nofollow\"> aqui<\/a><\/p>\n<p style=\"text-align: center;\"><strong>Recetas<\/strong><\/p>\n<p style=\"text-align: center;\">Rulo de pan de molde de york-queso y nueces, receta <a href=\"http:\/\/www.todareceta.es\/r\/rollitos-de-pan-de-molde-11714237.html\" rel=\"external nofollow\">aqui<\/a><\/p>\n<p style=\"text-align: center;\">Brownie thermomix, receta\u00a0<a href=\"http:\/\/www.guiainfantil.com\/recetas\/postres-y-dulces-para-ninos\/bizcochos-y-magdalenas\/brownie-de-chocolate-facil-en-la-thermomix\/\" rel=\"external nofollow\">aqui<\/a><\/p>\n<p style=\"text-align: center;\">Piruletas de parmesano, receta\u00a0<a href=\"http:\/\/www.pequerecetas.com\/recetas-para-fiestas-infantiles\/piruletas-queso-parmesano\/\" rel=\"external nofollow\">aqui<\/a><\/p>\n<p style=\"text-align: center;\">Hojaldritos de salchichas y chistorra, receta\u00a0<a href=\"http:\/\/unapinceladaenlacocina.blogspot.com.es\/2011\/08\/rollitos-de-hojaldre-con-chistorra-y.html\" rel=\"external nofollow\">aqu\u00ed<\/a><\/p>\n<p style=\"text-align: center;\">\n<p style=\"text-align: center;\">\u00a1Espero que os haya gustado!<\/p>\n<p>&nbsp;<\/p>\n","protected":false},"excerpt":{"rendered":"<p>\u00a1Buenas! \u00a1Uf, cu\u00e1nto tiempo sin dedicar un post a esos locos bajitos! Creo que la \u00faltima vez que colgu\u00e9 un especial ni\u00f1os fue antes de irme de vacaciones en junio&#8230;\u00a1as\u00ed que ya va siendo hora de retomarlo! L@s que me segu\u00eds sab\u00e9is que soy una apasionada de todo lo que rodea al universo infantil: decoraci\u00f3n, [&hellip;]<\/p>\n","protected":false},"author":54,"featured_media":0,"comment_status":"open","ping_status":"open","sticky":false,"template":"","format":"standard","meta":[],"categories":[2],"tags":[],"_links":{"self":[{"href":"https:\/\/blogs.diariosur.es\/pasarelaurbana\/wp-json\/wp\/v2\/posts\/5214"}],"collection":[{"href":"https:\/\/blogs.diariosur.es\/pasarelaurbana\/wp-json\/wp\/v2\/posts"}],"about":[{"href":"https:\/\/blogs.diariosur.es\/pasarelaurbana\/wp-json\/wp\/v2\/types\/post"}],"author":[{"embeddable":true,"href":"https:\/\/blogs.diariosur.es\/pasarelaurbana\/wp-json\/wp\/v2\/users\/54"}],"replies":[{"embeddable":true,"href":"https:\/\/blogs.diariosur.es\/pasarelaurbana\/wp-json\/wp\/v2\/comments?post=5214"}],"version-history":[{"count":0,"href":"https:\/\/blogs.diariosur.es\/pasarelaurbana\/wp-json\/wp\/v2\/posts\/5214\/revisions"}],"wp:attachment":[{"href":"https:\/\/blogs.diariosur.es\/pasarelaurbana\/wp-json\/wp\/v2\/media?parent=5214"}],"wp:term":[{"taxonomy":"category","embeddable":true,"href":"https:\/\/blogs.diariosur.es\/pasarelaurbana\/wp-json\/wp\/v2\/categories?post=5214"},{"taxonomy":"post_tag","embeddable":true,"href":"https:\/\/blogs.diariosur.es\/pasarelaurbana\/wp-json\/wp\/v2\/tags?post=5214"}],"curies":[{"name":"wp","href":"https:\/\/api.w.org\/{rel}","templated":true}]}}