{"id":5288,"date":"2013-10-14T15:14:38","date_gmt":"2013-10-14T13:14:38","guid":{"rendered":"http:\/\/blogs.diariosur.es\/pasarelaurbana\/?p=5288"},"modified":"2013-10-14T15:14:38","modified_gmt":"2013-10-14T13:14:38","slug":"camisa-a-cuadroscamiseta-rockera-una-pareja-clave-este-otono","status":"publish","type":"post","link":"https:\/\/blogs.diariosur.es\/pasarelaurbana\/2013\/10\/14\/camisa-a-cuadroscamiseta-rockera-una-pareja-clave-este-otono\/","title":{"rendered":"Camisa a cuadros+camiseta rockera, una pareja clave este oto\u00f1o"},"content":{"rendered":"<p style=\"text-align: center;\">\u00a1Feliz lunes! \u00bfQu\u00e9 tal el arranque de semana? \u00a1Espero que bien! Con el post de hoy inauguro una nueva secci\u00f3n (s\u00ed,de esas que empiezo y luego nunca m\u00e1s se sabe jejeje, qu\u00e9 desastre soy a veces). \u00bfEl objetivo? Ir desgranando algunas de las tendencias clave de la temporada a trav\u00e9s de mi fondo de armario y mis nuevas adquisiciones. Para abrir boca he elegio la que es una de las parejas estrella de la temporada: v\u00e9ase, camisa de estampado tart\u00e1n (cuadros escoceses) combinada con camiseta de inspiraci\u00f3n rockera. \u00a1Un d\u00fao que nunca falla! Y que, adem\u00e1s queda bien a todo el mundo, con lo que es bastante f\u00e1cil de adaptar. <strong>El resultado final del look\u00a0 depende del resto de prendas que elij\u00e1is<\/strong>. Ser\u00e1 m\u00e1s casual y urbano si os decant\u00e1is por completar el &#8216;outfit&#8217; con deportivas, por ejemplo, o pantalones tipo &#8216;boyfriend&#8217; y sin embargo lograr\u00e9is un estilismo m\u00e1s femenino y lady si os lo pon\u00e9is con una falda l\u00e1piz de cuero, taconazos y un collar joya. En mi caso opt\u00e9 m\u00e1s por este \u00faltimo maridaje, eso s\u00ed, con pantalaones vaqueros (con la falda probar\u00e9 otro d\u00eda). Como ve\u00eds, se trata de un look bastante sencillito pero a su vez c\u00f3modo y result\u00f3n. La camisa (la gracias es que tiene el cuello beb\u00e9 y es entalladita, aunque yo la llev\u00e9 abierta y no se aprecia) es de <strong>Zara Trafaluc<\/strong> y la camiseta gris oscura con letras plateadas es de <strong>El Corte Ingl\u00e9s<\/strong>. Remato el &#8216;outfit&#8217; con pantalones de efecto desgastado de Zara, collar joya de Bershka, zapatos rojos <strong>vintage<\/strong> (los compr\u00e9 hace muchos a\u00f1os en una tienda de segunda mano) y bolso con mini lazos tambi\u00e9n de Zara. \u00bfEl resultado? Pod\u00e9s verlo abajo (disculpad por las fotos, no soy ninguna especialista en esto de los posados pero bueno, as\u00ed os hac\u00e9is una idea de c\u00f3mo queda el conjunto). \u00a1Espero que os guste! \u00a1Hasta ma\u00f1ana!<\/p>\n<p><a href=\"\/pasarelaurbana\/wp-content\/uploads\/sites\/49\/2013\/10\/uno2.jpg\"><img loading=\"lazy\" class=\"aligncenter  wp-image-5297\" title=\"uno\" src=\"\/pasarelaurbana\/wp-content\/uploads\/sites\/49\/2013\/10\/uno2.jpg\" alt=\"\" width=\"600\" height=\"448\" srcset=\"https:\/\/static-blogs.diariosur.es\/wp-content\/uploads\/sites\/49\/2013\/10\/uno2.jpg 600w, https:\/\/static-blogs.diariosur.es\/wp-content\/uploads\/sites\/49\/2013\/10\/uno2-300x224.jpg 300w\" sizes=\"(max-width: 600px) 100vw, 600px\" \/><\/a><!--more--><a href=\"\/pasarelaurbana\/wp-content\/uploads\/sites\/49\/2013\/10\/dos2.jpg\"><img loading=\"lazy\" class=\"aligncenter size-full wp-image-5291\" title=\"dos\" src=\"\/pasarelaurbana\/wp-content\/uploads\/sites\/49\/2013\/10\/dos2.jpg\" alt=\"\" width=\"600\" height=\"803\" srcset=\"https:\/\/static-blogs.diariosur.es\/wp-content\/uploads\/sites\/49\/2013\/10\/dos2.jpg 600w, https:\/\/static-blogs.diariosur.es\/wp-content\/uploads\/sites\/49\/2013\/10\/dos2-224x300.jpg 224w\" sizes=\"(max-width: 600px) 100vw, 600px\" \/><\/a><\/p>\n<p><a href=\"\/pasarelaurbana\/wp-content\/uploads\/sites\/49\/2013\/10\/tres2.jpg\"><img loading=\"lazy\" class=\"aligncenter size-full wp-image-5296\" title=\"tres\" src=\"\/pasarelaurbana\/wp-content\/uploads\/sites\/49\/2013\/10\/tres2.jpg\" alt=\"\" width=\"600\" height=\"803\" srcset=\"https:\/\/static-blogs.diariosur.es\/wp-content\/uploads\/sites\/49\/2013\/10\/tres2.jpg 600w, https:\/\/static-blogs.diariosur.es\/wp-content\/uploads\/sites\/49\/2013\/10\/tres2-224x300.jpg 224w\" sizes=\"(max-width: 600px) 100vw, 600px\" \/><\/a><\/p>\n<p><a href=\"\/pasarelaurbana\/wp-content\/uploads\/sites\/49\/2013\/10\/cuatro2.jpg\"><img loading=\"lazy\" class=\"aligncenter size-full wp-image-5290\" title=\"cuatro\" src=\"\/pasarelaurbana\/wp-content\/uploads\/sites\/49\/2013\/10\/cuatro2.jpg\" alt=\"\" width=\"600\" height=\"803\" srcset=\"https:\/\/static-blogs.diariosur.es\/wp-content\/uploads\/sites\/49\/2013\/10\/cuatro2.jpg 600w, https:\/\/static-blogs.diariosur.es\/wp-content\/uploads\/sites\/49\/2013\/10\/cuatro2-224x300.jpg 224w\" sizes=\"(max-width: 600px) 100vw, 600px\" \/><\/a><\/p>\n<p><a href=\"\/pasarelaurbana\/wp-content\/uploads\/sites\/49\/2013\/10\/seis4.jpg\"><img loading=\"lazy\" class=\"aligncenter size-full wp-image-5294\" title=\"seis\" src=\"\/pasarelaurbana\/wp-content\/uploads\/sites\/49\/2013\/10\/seis4.jpg\" alt=\"\" width=\"600\" height=\"448\" srcset=\"https:\/\/static-blogs.diariosur.es\/wp-content\/uploads\/sites\/49\/2013\/10\/seis4.jpg 600w, https:\/\/static-blogs.diariosur.es\/wp-content\/uploads\/sites\/49\/2013\/10\/seis4-300x224.jpg 300w\" sizes=\"(max-width: 600px) 100vw, 600px\" \/><\/a><\/p>\n<p><a href=\"\/pasarelaurbana\/wp-content\/uploads\/sites\/49\/2013\/10\/cinco3.jpg\"><img loading=\"lazy\" class=\"aligncenter size-full wp-image-5289\" title=\"cinco\" src=\"\/pasarelaurbana\/wp-content\/uploads\/sites\/49\/2013\/10\/cinco3.jpg\" alt=\"\" width=\"600\" height=\"448\" srcset=\"https:\/\/static-blogs.diariosur.es\/wp-content\/uploads\/sites\/49\/2013\/10\/cinco3.jpg 600w, https:\/\/static-blogs.diariosur.es\/wp-content\/uploads\/sites\/49\/2013\/10\/cinco3-300x224.jpg 300w\" sizes=\"(max-width: 600px) 100vw, 600px\" \/><\/a><\/p>\n<p><a href=\"\/pasarelaurbana\/wp-content\/uploads\/sites\/49\/2013\/10\/siete3.jpg\"><img loading=\"lazy\" class=\"aligncenter size-full wp-image-5295\" title=\"siete\" src=\"\/pasarelaurbana\/wp-content\/uploads\/sites\/49\/2013\/10\/siete3.jpg\" alt=\"\" width=\"600\" height=\"803\" srcset=\"https:\/\/static-blogs.diariosur.es\/wp-content\/uploads\/sites\/49\/2013\/10\/siete3.jpg 600w, https:\/\/static-blogs.diariosur.es\/wp-content\/uploads\/sites\/49\/2013\/10\/siete3-224x300.jpg 224w\" sizes=\"(max-width: 600px) 100vw, 600px\" \/><\/a><\/p>\n<p><a href=\"\/pasarelaurbana\/wp-content\/uploads\/sites\/49\/2013\/10\/nueve.jpg\"><img loading=\"lazy\" class=\"aligncenter size-full wp-image-5292\" title=\"nueve\" src=\"\/pasarelaurbana\/wp-content\/uploads\/sites\/49\/2013\/10\/nueve.jpg\" alt=\"\" width=\"600\" height=\"800\" srcset=\"https:\/\/static-blogs.diariosur.es\/wp-content\/uploads\/sites\/49\/2013\/10\/nueve.jpg 600w, https:\/\/static-blogs.diariosur.es\/wp-content\/uploads\/sites\/49\/2013\/10\/nueve-225x300.jpg 225w\" sizes=\"(max-width: 600px) 100vw, 600px\" \/><\/a><\/p>\n<p><a href=\"\/pasarelaurbana\/wp-content\/uploads\/sites\/49\/2013\/10\/ocho3.jpg\"><img loading=\"lazy\" class=\"aligncenter size-full wp-image-5298\" title=\"ocho\" src=\"\/pasarelaurbana\/wp-content\/uploads\/sites\/49\/2013\/10\/ocho3.jpg\" alt=\"\" width=\"600\" height=\"803\" srcset=\"https:\/\/static-blogs.diariosur.es\/wp-content\/uploads\/sites\/49\/2013\/10\/ocho3.jpg 600w, https:\/\/static-blogs.diariosur.es\/wp-content\/uploads\/sites\/49\/2013\/10\/ocho3-224x300.jpg 224w\" sizes=\"(max-width: 600px) 100vw, 600px\" \/><\/a><\/p>\n","protected":false},"excerpt":{"rendered":"<p>\u00a1Feliz lunes! \u00bfQu\u00e9 tal el arranque de semana? \u00a1Espero que bien! Con el post de hoy inauguro una nueva secci\u00f3n (s\u00ed,de esas que empiezo y luego nunca m\u00e1s se sabe jejeje, qu\u00e9 desastre soy a veces). \u00bfEl objetivo? Ir desgranando algunas de las tendencias clave de la temporada a trav\u00e9s de mi fondo de armario [&hellip;]<\/p>\n","protected":false},"author":54,"featured_media":0,"comment_status":"open","ping_status":"open","sticky":false,"template":"","format":"standard","meta":[],"categories":[2],"tags":[],"_links":{"self":[{"href":"https:\/\/blogs.diariosur.es\/pasarelaurbana\/wp-json\/wp\/v2\/posts\/5288"}],"collection":[{"href":"https:\/\/blogs.diariosur.es\/pasarelaurbana\/wp-json\/wp\/v2\/posts"}],"about":[{"href":"https:\/\/blogs.diariosur.es\/pasarelaurbana\/wp-json\/wp\/v2\/types\/post"}],"author":[{"embeddable":true,"href":"https:\/\/blogs.diariosur.es\/pasarelaurbana\/wp-json\/wp\/v2\/users\/54"}],"replies":[{"embeddable":true,"href":"https:\/\/blogs.diariosur.es\/pasarelaurbana\/wp-json\/wp\/v2\/comments?post=5288"}],"version-history":[{"count":0,"href":"https:\/\/blogs.diariosur.es\/pasarelaurbana\/wp-json\/wp\/v2\/posts\/5288\/revisions"}],"wp:attachment":[{"href":"https:\/\/blogs.diariosur.es\/pasarelaurbana\/wp-json\/wp\/v2\/media?parent=5288"}],"wp:term":[{"taxonomy":"category","embeddable":true,"href":"https:\/\/blogs.diariosur.es\/pasarelaurbana\/wp-json\/wp\/v2\/categories?post=5288"},{"taxonomy":"post_tag","embeddable":true,"href":"https:\/\/blogs.diariosur.es\/pasarelaurbana\/wp-json\/wp\/v2\/tags?post=5288"}],"curies":[{"name":"wp","href":"https:\/\/api.w.org\/{rel}","templated":true}]}}