{"id":5299,"date":"2013-10-15T18:51:25","date_gmt":"2013-10-15T16:51:25","guid":{"rendered":"http:\/\/blogs.diariosur.es\/pasarelaurbana\/?p=5299"},"modified":"2013-10-15T18:51:25","modified_gmt":"2013-10-15T16:51:25","slug":"dwappo-bisuteria-y-complementos-malaguenos-a-golpe-de-raton","status":"publish","type":"post","link":"https:\/\/blogs.diariosur.es\/pasarelaurbana\/2013\/10\/15\/dwappo-bisuteria-y-complementos-malaguenos-a-golpe-de-raton\/","title":{"rendered":"Dwappo, bisuter\u00eda y complementos malague\u00f1os a golpe de rat\u00f3n"},"content":{"rendered":"<p>\u00a1\u00a1\u00a1\u00a1\u00a1\u00a1El post de hoy me encanta!!!!!!! S\u00ed, as\u00ed, con todas las letras y todas sus exclamaciones. Re\u00fane todos esos ingredientes que me contagian entusiasmo: la valent\u00eda emprendedora, el buen gusto, la apuesta por la artesan\u00eda y, lo m\u00e1s importante de todo, el sello &#8216;made in M\u00e1laga&#8217;. El resultado de este apetecible c\u00f3ctel de ingredientes, bien agitados y servidos en fr\u00edo, es <a href=\"http:\/\/www.dwappo.com\/es\/\" rel=\"external nofollow\">Dwappo<\/a>. Una tienda &#8216;on line&#8217; de bisuter\u00eda y complementos impulsada por un grupo de malague\u00f1os que, como ellos mismos recogen en la carta de presentaci\u00f3n de su proyecto, supone un &#8220;gui\u00f1o a la crisis desde la ilusi\u00f3n, la innovaci\u00f3n y originalidad \u00a0apostando por un valor especial en art\u00edculos concebidos de forma artesanal y con dise\u00f1os preferentemente malague\u00f1os&#8221;. Suena bien, \u00bfverdad? \u00a0Entre los platos fuertes de Dwappo est\u00e1n las creaciones de una de las dise\u00f1adoras locales con m\u00e1s \u00e9xito en el panorama internacional: la malague\u00f1a Stella Rittwagen, que comparte escaparate en esta atractiva plataforma con otros j\u00f3venes creadores emergentes que tienen en esta tienda una oportunidad de testar el mercado. \u00a0Tras seis meses de rodaje, Dwappo apunta a retos ambiciosos: &#8220;convertirnos en el portal de referencia\u00a0donde encontrar bisuter\u00eda \u00fanica y singular de manera r\u00e1pida y c\u00f3moda\u201d, se\u00f1ala Alicia Mac\u00edas, socia responsable de marketing y comunicaci\u00f3n 2.0 de la empresa.<\/p>\n<p>En estos momentos<a href=\"http:\/\/www.dwappo.com\/es\/\" rel=\"external nofollow\"> Dwappo<\/a> comercializa las colecciones de una docena de dise\u00f1adores. Entre ellas se encuentra\u00a0Emabel, especializada en la elaboraci\u00f3n artesanal de bisuter\u00eda y fundas para kindle con delicadas telas de liberty y piedras de swarovski, o Laura Karel, cuyas colecciones vintage son ya reconocidas en M\u00e1laga. Othoman by AliCharlotte, n\u00ba 3, Plata pura, Puessence, La suerte de la fea, De flores y floreros, What woman hat, Marak y Slegna completan su repertorio de creadores, a los que se une la propia firma lanzada por los padres de este proyecto, bautizada como no pod\u00eda ser de otro modo con el nombre de Wappo.\u00a0\u201cEntre nuestros objetivos como marca est\u00e1 ofrecer art\u00edculos artesanales de car\u00e1cter \u00fanico y especial, dif\u00edciles de encontrar en comercios convencionales\u201d, indica Mac\u00edas al tiempo que subraya su defensa del car\u00e1cter local \u201cqueremos promocionar el dise\u00f1o malague\u00f1o y espa\u00f1ol y llevarlo a todos los rincones del planeta\u201d. Y no van mal encaminados. Por ahora, la firma\u00a0ya ha logrado apertura comercial de venta en pa\u00edses como Brasil, Alemania, Grecia, Portugal o Francia.<\/p>\n<p>Si eres artesan@ aprovecha porque, como recuerdan en su web, est\u00e1n buscando nuevos dise\u00f1adores de bisuter\u00eda y complementos que encajen con su filosof\u00eda para ofrecerles un escaparate alternativo en su web.<\/p>\n<p>Os dejo con una selecci\u00f3n de algunos tesoros que he encontrado en<a href=\"http:\/\/www.dwappo.com\/es\/\" rel=\"external nofollow\"> su tienda<\/a>. \u00a1A partir de 100 euros no cobran gastos de envio! Desde aqu\u00ed, desearle toda la suerte del mundo a estos emprendedores. \u00a1Espero que os guste!<\/p>\n<p>Y aviso a navagantes: ma\u00f1ana estar\u00e9 por la ma\u00f1ana por calle Larios fichando nuevas propuestas de street style. \u00a1Os espero! Para m\u00e1s detalles, seguidme en Twitter: @almunogues<\/p>\n<p>&nbsp;<\/p>\n<p style=\"text-align: center;\"><a href=\"\/pasarelaurbana\/wp-content\/uploads\/sites\/49\/2013\/10\/dwappouno1.jpg\"><img loading=\"lazy\" class=\"aligncenter size-full wp-image-5304\" title=\"dwappouno\" src=\"\/pasarelaurbana\/wp-content\/uploads\/sites\/49\/2013\/10\/dwappouno1.jpg\" alt=\"\" width=\"600\" height=\"402\" srcset=\"https:\/\/static-blogs.diariosur.es\/wp-content\/uploads\/sites\/49\/2013\/10\/dwappouno1.jpg 600w, https:\/\/static-blogs.diariosur.es\/wp-content\/uploads\/sites\/49\/2013\/10\/dwappouno1-300x201.jpg 300w\" sizes=\"(max-width: 600px) 100vw, 600px\" \/><\/a><!--more--><\/p>\n<p style=\"text-align: center;\"><a href=\"\/pasarelaurbana\/wp-content\/uploads\/sites\/49\/2013\/10\/stella-rittwagen-bolso-judas-oro-nueva-c.jpg\"><img loading=\"lazy\" class=\"aligncenter size-full wp-image-5306\" title=\"stella-rittwagen-bolso-judas-oro-nueva-c\" src=\"\/pasarelaurbana\/wp-content\/uploads\/sites\/49\/2013\/10\/stella-rittwagen-bolso-judas-oro-nueva-c.jpg\" alt=\"\" width=\"600\" height=\"600\" srcset=\"https:\/\/static-blogs.diariosur.es\/wp-content\/uploads\/sites\/49\/2013\/10\/stella-rittwagen-bolso-judas-oro-nueva-c.jpg 600w, https:\/\/static-blogs.diariosur.es\/wp-content\/uploads\/sites\/49\/2013\/10\/stella-rittwagen-bolso-judas-oro-nueva-c-150x150.jpg 150w, https:\/\/static-blogs.diariosur.es\/wp-content\/uploads\/sites\/49\/2013\/10\/stella-rittwagen-bolso-judas-oro-nueva-c-300x300.jpg 300w\" sizes=\"(max-width: 600px) 100vw, 600px\" \/><\/a><\/p>\n<p style=\"text-align: center;\">Bolso de la nueva colecci\u00f3n de Stella Rittwagen<\/p>\n<p style=\"text-align: center;\"><a href=\"\/pasarelaurbana\/wp-content\/uploads\/sites\/49\/2013\/10\/anillo-plata-espirales-triangular.jpg\"><img loading=\"lazy\" class=\"aligncenter size-full wp-image-5307\" title=\"anillo-plata-espirales-triangular\" src=\"\/pasarelaurbana\/wp-content\/uploads\/sites\/49\/2013\/10\/anillo-plata-espirales-triangular.jpg\" alt=\"\" width=\"600\" height=\"600\" srcset=\"https:\/\/static-blogs.diariosur.es\/wp-content\/uploads\/sites\/49\/2013\/10\/anillo-plata-espirales-triangular.jpg 600w, https:\/\/static-blogs.diariosur.es\/wp-content\/uploads\/sites\/49\/2013\/10\/anillo-plata-espirales-triangular-150x150.jpg 150w, https:\/\/static-blogs.diariosur.es\/wp-content\/uploads\/sites\/49\/2013\/10\/anillo-plata-espirales-triangular-300x300.jpg 300w\" sizes=\"(max-width: 600px) 100vw, 600px\" \/><\/a>Anillo de plata de forma de espirales triangular, realizado en plata pura 9.99 con acabado en diferentes terminaciones de oro y plata.<\/p>\n<p style=\"text-align: center;\"><a href=\"\/pasarelaurbana\/wp-content\/uploads\/sites\/49\/2013\/10\/pulsera-cuero-bandera-dorada.jpg\"><img loading=\"lazy\" class=\"aligncenter size-full wp-image-5301\" title=\"pulsera-cuero-bandera-dorada\" src=\"\/pasarelaurbana\/wp-content\/uploads\/sites\/49\/2013\/10\/pulsera-cuero-bandera-dorada.jpg\" alt=\"\" width=\"600\" height=\"600\" srcset=\"https:\/\/static-blogs.diariosur.es\/wp-content\/uploads\/sites\/49\/2013\/10\/pulsera-cuero-bandera-dorada.jpg 600w, https:\/\/static-blogs.diariosur.es\/wp-content\/uploads\/sites\/49\/2013\/10\/pulsera-cuero-bandera-dorada-150x150.jpg 150w, https:\/\/static-blogs.diariosur.es\/wp-content\/uploads\/sites\/49\/2013\/10\/pulsera-cuero-bandera-dorada-300x300.jpg 300w\" sizes=\"(max-width: 600px) 100vw, 600px\" \/><\/a><\/p>\n<p>Pulsera de cuero con bandas laterales de cuero tintado en oro con remaches, de Wappo.<\/p>\n<div><\/div>\n<p style=\"text-align: center;\"><a href=\"\/pasarelaurbana\/wp-content\/uploads\/sites\/49\/2013\/10\/pendientes-de-aro-y-tigre.jpg\"><img loading=\"lazy\" class=\"aligncenter size-full wp-image-5305\" title=\"pendientes-de-aro-y-tigre\" src=\"\/pasarelaurbana\/wp-content\/uploads\/sites\/49\/2013\/10\/pendientes-de-aro-y-tigre.jpg\" alt=\"\" width=\"600\" height=\"600\" srcset=\"https:\/\/static-blogs.diariosur.es\/wp-content\/uploads\/sites\/49\/2013\/10\/pendientes-de-aro-y-tigre.jpg 600w, https:\/\/static-blogs.diariosur.es\/wp-content\/uploads\/sites\/49\/2013\/10\/pendientes-de-aro-y-tigre-150x150.jpg 150w, https:\/\/static-blogs.diariosur.es\/wp-content\/uploads\/sites\/49\/2013\/10\/pendientes-de-aro-y-tigre-300x300.jpg 300w\" sizes=\"(max-width: 600px) 100vw, 600px\" \/><\/a><\/p>\n<p style=\"text-align: center;\">Pendientes de aro\u00a0muy originales con cabeza de tigre en la parte central ba\u00f1ados en oro.<\/p>\n<p style=\"text-align: center;\"><a href=\"\/pasarelaurbana\/wp-content\/uploads\/sites\/49\/2013\/10\/bailarinas-diestro.jpg\"><img loading=\"lazy\" class=\"aligncenter size-full wp-image-5302\" title=\"bailarinas-diestro\" src=\"\/pasarelaurbana\/wp-content\/uploads\/sites\/49\/2013\/10\/bailarinas-diestro.jpg\" alt=\"\" width=\"600\" height=\"600\" srcset=\"https:\/\/static-blogs.diariosur.es\/wp-content\/uploads\/sites\/49\/2013\/10\/bailarinas-diestro.jpg 600w, https:\/\/static-blogs.diariosur.es\/wp-content\/uploads\/sites\/49\/2013\/10\/bailarinas-diestro-150x150.jpg 150w, https:\/\/static-blogs.diariosur.es\/wp-content\/uploads\/sites\/49\/2013\/10\/bailarinas-diestro-300x300.jpg 300w\" sizes=\"(max-width: 600px) 100vw, 600px\" \/><\/a><\/p>\n<p style=\"text-align: center;\">Bailarinas\u00a0de\u00a0ante fucsia con grossgrain y doble cord\u00f3n de pasamaner\u00eda en negro. De flores y floreros.<\/p>\n<p style=\"text-align: center;\"><a href=\"\/pasarelaurbana\/wp-content\/uploads\/sites\/49\/2013\/10\/cactus.jpg\"><img loading=\"lazy\" class=\"aligncenter size-full wp-image-5303\" title=\"cactus\" src=\"\/pasarelaurbana\/wp-content\/uploads\/sites\/49\/2013\/10\/cactus.jpg\" alt=\"\" width=\"600\" height=\"600\" srcset=\"https:\/\/static-blogs.diariosur.es\/wp-content\/uploads\/sites\/49\/2013\/10\/cactus.jpg 600w, https:\/\/static-blogs.diariosur.es\/wp-content\/uploads\/sites\/49\/2013\/10\/cactus-150x150.jpg 150w, https:\/\/static-blogs.diariosur.es\/wp-content\/uploads\/sites\/49\/2013\/10\/cactus-300x300.jpg 300w\" sizes=\"(max-width: 600px) 100vw, 600px\" \/><\/a><\/p>\n<p style=\"text-align: center;\">Cactus de\u00a0tela de algodon 100% de\u00a0patchwork\u00a0y tiesto es de terracota. La altura del cactus es de aproximadamente 20cm.\u00a0Ideal para decorar alg\u00fan rinc\u00f3n de la casa. Elaborado de forma artesanal por la firma Marak.<\/p>\n<div><\/div>\n","protected":false},"excerpt":{"rendered":"<p>\u00a1\u00a1\u00a1\u00a1\u00a1\u00a1El post de hoy me encanta!!!!!!! S\u00ed, as\u00ed, con todas las letras y todas sus exclamaciones. Re\u00fane todos esos ingredientes que me contagian entusiasmo: la valent\u00eda emprendedora, el buen gusto, la apuesta por la artesan\u00eda y, lo m\u00e1s importante de todo, el sello &#8216;made in M\u00e1laga&#8217;. El resultado de este apetecible c\u00f3ctel de ingredientes, bien [&hellip;]<\/p>\n","protected":false},"author":54,"featured_media":0,"comment_status":"open","ping_status":"open","sticky":false,"template":"","format":"standard","meta":[],"categories":[2],"tags":[],"_links":{"self":[{"href":"https:\/\/blogs.diariosur.es\/pasarelaurbana\/wp-json\/wp\/v2\/posts\/5299"}],"collection":[{"href":"https:\/\/blogs.diariosur.es\/pasarelaurbana\/wp-json\/wp\/v2\/posts"}],"about":[{"href":"https:\/\/blogs.diariosur.es\/pasarelaurbana\/wp-json\/wp\/v2\/types\/post"}],"author":[{"embeddable":true,"href":"https:\/\/blogs.diariosur.es\/pasarelaurbana\/wp-json\/wp\/v2\/users\/54"}],"replies":[{"embeddable":true,"href":"https:\/\/blogs.diariosur.es\/pasarelaurbana\/wp-json\/wp\/v2\/comments?post=5299"}],"version-history":[{"count":0,"href":"https:\/\/blogs.diariosur.es\/pasarelaurbana\/wp-json\/wp\/v2\/posts\/5299\/revisions"}],"wp:attachment":[{"href":"https:\/\/blogs.diariosur.es\/pasarelaurbana\/wp-json\/wp\/v2\/media?parent=5299"}],"wp:term":[{"taxonomy":"category","embeddable":true,"href":"https:\/\/blogs.diariosur.es\/pasarelaurbana\/wp-json\/wp\/v2\/categories?post=5299"},{"taxonomy":"post_tag","embeddable":true,"href":"https:\/\/blogs.diariosur.es\/pasarelaurbana\/wp-json\/wp\/v2\/tags?post=5299"}],"curies":[{"name":"wp","href":"https:\/\/api.w.org\/{rel}","templated":true}]}}