{"id":5310,"date":"2013-10-17T13:04:05","date_gmt":"2013-10-17T11:04:05","guid":{"rendered":"http:\/\/blogs.diariosur.es\/pasarelaurbana\/?p=5310"},"modified":"2013-10-17T13:04:05","modified_gmt":"2013-10-17T11:04:05","slug":"botas-masculinas-el-contraste-perfecto","status":"publish","type":"post","link":"https:\/\/blogs.diariosur.es\/pasarelaurbana\/2013\/10\/17\/botas-masculinas-el-contraste-perfecto\/","title":{"rendered":"Botas masculinas, el contraste perfecto"},"content":{"rendered":"<p style=\"text-align: center;\">\u00a1Buenas! Volvemos a la carga con nuevas protagonistas del <em>street style<\/em> malague\u00f1o. El pasado mi\u00e9rcoles estuve por el Centro fichando estilismos. El buen tiempo que tenemos en M\u00e1laga este mes de octubre (no me canso de repetir lo privilegiados que somos en este sentido) explica las curiosas mezclas de prendas que seguimos viendo a pie de calle. L@s m\u00e1s frioler@s empiezan a optar por mangas largas de tejidos ligeros, pantalones largos (los vaqueros son los reyes indiscutibles) y zapatos cerrados. Pero, a su vez, a\u00fan sois muchos los que os resist\u00eds a arrinconar en el altillo del armario la ropa m\u00e1s veraniega, que contin\u00faa desfilando sin complejos por la pasarela urbana. Buen ejemplo de ello es el &#8216;outfit&#8217; que os traigo hoy de la mano de Magdalena Pietryga, una animadora polaca de 35 a\u00f1os afincada en Torremolinos. En su caso, elige un vestido de corte &#8216;tail hem&#8217; (v\u00e9ase asim\u00e9trico, con peque\u00f1a cola) en caqui combinado con unas botas negras masculinas de cordones, el contrapunto perfecto para darle fuerza y personalidad al resultado final. La nota de color a este <em>look lowcost<\/em> anti crisis (Magdalena recalca que el vestido le cost\u00f3 8 euros en una boutique del Arroyo de la Miel) la pone un bolso satchel verde de Misako. \u00a1Os dejo con ella! Gracias por estar ah\u00ed. @almunogues<\/p>\n<p><a href=\"\/pasarelaurbana\/wp-content\/uploads\/sites\/49\/2013\/10\/110.jpg\"><img loading=\"lazy\" class=\"aligncenter size-full wp-image-5312\" title=\"1\" src=\"\/pasarelaurbana\/wp-content\/uploads\/sites\/49\/2013\/10\/110.jpg\" alt=\"\" width=\"600\" height=\"803\" srcset=\"https:\/\/static-blogs.diariosur.es\/wp-content\/uploads\/sites\/49\/2013\/10\/110.jpg 600w, https:\/\/static-blogs.diariosur.es\/wp-content\/uploads\/sites\/49\/2013\/10\/110-224x300.jpg 224w\" sizes=\"(max-width: 600px) 100vw, 600px\" \/><\/a><!--more--><a href=\"\/pasarelaurbana\/wp-content\/uploads\/sites\/49\/2013\/10\/21.jpg\"><img loading=\"lazy\" class=\"aligncenter size-full wp-image-5313\" title=\"2\" src=\"\/pasarelaurbana\/wp-content\/uploads\/sites\/49\/2013\/10\/21.jpg\" alt=\"\" width=\"600\" height=\"803\" srcset=\"https:\/\/static-blogs.diariosur.es\/wp-content\/uploads\/sites\/49\/2013\/10\/21.jpg 600w, https:\/\/static-blogs.diariosur.es\/wp-content\/uploads\/sites\/49\/2013\/10\/21-224x300.jpg 224w\" sizes=\"(max-width: 600px) 100vw, 600px\" \/><\/a><a href=\"\/pasarelaurbana\/wp-content\/uploads\/sites\/49\/2013\/10\/31.jpg\"><img loading=\"lazy\" class=\"aligncenter size-full wp-image-5314\" title=\"3\" src=\"\/pasarelaurbana\/wp-content\/uploads\/sites\/49\/2013\/10\/31.jpg\" alt=\"\" width=\"600\" height=\"803\" srcset=\"https:\/\/static-blogs.diariosur.es\/wp-content\/uploads\/sites\/49\/2013\/10\/31.jpg 600w, https:\/\/static-blogs.diariosur.es\/wp-content\/uploads\/sites\/49\/2013\/10\/31-224x300.jpg 224w\" sizes=\"(max-width: 600px) 100vw, 600px\" \/><\/a><\/p>\n<p><a href=\"\/pasarelaurbana\/wp-content\/uploads\/sites\/49\/2013\/10\/41.jpg\"><img loading=\"lazy\" class=\"aligncenter size-full wp-image-5315\" title=\"4\" src=\"\/pasarelaurbana\/wp-content\/uploads\/sites\/49\/2013\/10\/41.jpg\" alt=\"\" width=\"600\" height=\"803\" srcset=\"https:\/\/static-blogs.diariosur.es\/wp-content\/uploads\/sites\/49\/2013\/10\/41.jpg 600w, https:\/\/static-blogs.diariosur.es\/wp-content\/uploads\/sites\/49\/2013\/10\/41-224x300.jpg 224w\" sizes=\"(max-width: 600px) 100vw, 600px\" \/><\/a><\/p>\n<p><a href=\"\/pasarelaurbana\/wp-content\/uploads\/sites\/49\/2013\/10\/56.jpg\"><img loading=\"lazy\" class=\"aligncenter size-full wp-image-5316\" title=\"5\" src=\"\/pasarelaurbana\/wp-content\/uploads\/sites\/49\/2013\/10\/56.jpg\" alt=\"\" width=\"600\" height=\"803\" srcset=\"https:\/\/static-blogs.diariosur.es\/wp-content\/uploads\/sites\/49\/2013\/10\/56.jpg 600w, https:\/\/static-blogs.diariosur.es\/wp-content\/uploads\/sites\/49\/2013\/10\/56-224x300.jpg 224w\" sizes=\"(max-width: 600px) 100vw, 600px\" \/><\/a><\/p>\n<p><a href=\"\/pasarelaurbana\/wp-content\/uploads\/sites\/49\/2013\/10\/61.jpg\"><img loading=\"lazy\" class=\"aligncenter size-full wp-image-5311\" title=\"6\" src=\"\/pasarelaurbana\/wp-content\/uploads\/sites\/49\/2013\/10\/61.jpg\" alt=\"\" width=\"600\" height=\"803\" srcset=\"https:\/\/static-blogs.diariosur.es\/wp-content\/uploads\/sites\/49\/2013\/10\/61.jpg 600w, https:\/\/static-blogs.diariosur.es\/wp-content\/uploads\/sites\/49\/2013\/10\/61-224x300.jpg 224w\" sizes=\"(max-width: 600px) 100vw, 600px\" \/><\/a><\/p>\n<p style=\"text-align: center;\"><strong>Magdalena Pietryga<\/strong>. Animadora. 35 a\u00f1os<\/p>\n<p style=\"text-align: center;\">Vestido: De una tienda de Arroyo de la Miel, &#8220;me cost\u00f3 ocho euros&#8221;, bromea<\/p>\n<p style=\"text-align: center;\">Botas: Tra\u00eddas de Polonia<\/p>\n<p style=\"text-align: center;\">Bolso: Misako<\/p>\n<p style=\"text-align: center;\">Gafas: Roberto Mart\u00edn<\/p>\n<p style=\"text-align: center;\">\n","protected":false},"excerpt":{"rendered":"<p>\u00a1Buenas! Volvemos a la carga con nuevas protagonistas del street style malague\u00f1o. El pasado mi\u00e9rcoles estuve por el Centro fichando estilismos. El buen tiempo que tenemos en M\u00e1laga este mes de octubre (no me canso de repetir lo privilegiados que somos en este sentido) explica las curiosas mezclas de prendas que seguimos viendo a pie [&hellip;]<\/p>\n","protected":false},"author":54,"featured_media":0,"comment_status":"open","ping_status":"open","sticky":false,"template":"","format":"standard","meta":[],"categories":[2],"tags":[],"_links":{"self":[{"href":"https:\/\/blogs.diariosur.es\/pasarelaurbana\/wp-json\/wp\/v2\/posts\/5310"}],"collection":[{"href":"https:\/\/blogs.diariosur.es\/pasarelaurbana\/wp-json\/wp\/v2\/posts"}],"about":[{"href":"https:\/\/blogs.diariosur.es\/pasarelaurbana\/wp-json\/wp\/v2\/types\/post"}],"author":[{"embeddable":true,"href":"https:\/\/blogs.diariosur.es\/pasarelaurbana\/wp-json\/wp\/v2\/users\/54"}],"replies":[{"embeddable":true,"href":"https:\/\/blogs.diariosur.es\/pasarelaurbana\/wp-json\/wp\/v2\/comments?post=5310"}],"version-history":[{"count":0,"href":"https:\/\/blogs.diariosur.es\/pasarelaurbana\/wp-json\/wp\/v2\/posts\/5310\/revisions"}],"wp:attachment":[{"href":"https:\/\/blogs.diariosur.es\/pasarelaurbana\/wp-json\/wp\/v2\/media?parent=5310"}],"wp:term":[{"taxonomy":"category","embeddable":true,"href":"https:\/\/blogs.diariosur.es\/pasarelaurbana\/wp-json\/wp\/v2\/categories?post=5310"},{"taxonomy":"post_tag","embeddable":true,"href":"https:\/\/blogs.diariosur.es\/pasarelaurbana\/wp-json\/wp\/v2\/tags?post=5310"}],"curies":[{"name":"wp","href":"https:\/\/api.w.org\/{rel}","templated":true}]}}