{"id":5318,"date":"2013-10-19T01:30:58","date_gmt":"2013-10-18T23:30:58","guid":{"rendered":"http:\/\/blogs.diariosur.es\/pasarelaurbana\/?p=5318"},"modified":"2013-10-19T01:30:58","modified_gmt":"2013-10-18T23:30:58","slug":"un-otono-de-color-de-rosa","status":"publish","type":"post","link":"https:\/\/blogs.diariosur.es\/pasarelaurbana\/2013\/10\/19\/un-otono-de-color-de-rosa\/","title":{"rendered":"Un oto\u00f1o de color de rosa"},"content":{"rendered":"<p style=\"text-align: center;\">\u00a0Este oto\u00f1o ser\u00e1 de color de rosa. Al omnipresente blanco y negr\u00f3 (un d\u00fao que se resiste a abandonar los armarios) le ha salido esta temporada un fuerte y dulce competidor. El tono m\u00e1s delicado y rom\u00e1ntico de la paleta ser\u00e1 tendencia absoluta en los pr\u00f3ximos meses. Triunfa en su versi\u00f3n m\u00e1s edulcorada, la &#8216;candy&#8217; (tambi\u00e9n llamada pastel o beb\u00e9) perfecta para poner el contrapunto a los looks de inspiraci\u00f3n punk o rockera, a los que resta agresividad y aporta un toque de feminidad.<br \/>\nEl pasado mi\u00e9rcoles SUR despleg\u00f3 la pasarela urbana por el Centro de M\u00e1laga para comprobar si la apuesta de firmas como Miu Miu (introdujo en su desfile abrigos largos con topos en este color), Dior (ti\u00f1\u00f3 con \u00e9l vestidos &#8216;lady&#8217; a media pierna) o Mulberry, entre un largo listado, comienza a tener eco a pie de calle. \u00bfEl veredicto? El &#8216;street style&#8217; ha recogido el testigo de esta moda que ya se impuso sobre las pasarelas convirti\u00e9ndola en una de las tendencias que en estos momentos pisa m\u00e1s fuerte el asfalto.<br \/>\nEl rosa arrasa tanto en maquillaje como en ropa (los abrigos en este tono empolvado son un &#8216;must have&#8217; del oto\u00f1o) o complementos. \u00bfC\u00f3mo llevarlo? Durante el d\u00eda una buena opci\u00f3n es maridarlo con verde militar, un color con el que combina de maravilla, mientras que para un sobrio &#8216;look&#8217; de noche una de sus mejores parejas es el negro (una falda o un pantal\u00f3n rosa, por ejemplo, quedan genial con un simple jersey o camisa negra, un d\u00fao muy Chanel). \u00bfOtra alternativa? A quien le empalague el rosa y prefiera lucirlo en dosis m\u00e1s peque\u00f1as puede recurrir a llevarlo en complementos. Una pashmina, unos zapatos, un bolso o unas gafas de sol pondr\u00e1n la nota chic.<\/p>\n<p style=\"text-align: center;\">Os dejo con las cuatro protagonistas de nuestro especial street style, como no pod\u00eda ser de otra manera, te\u00f1ido de rosa. \u00a1Feliz fin de semana! Os espero en Twitter: @almunogues<\/p>\n<p><a href=\"\/pasarelaurbana\/wp-content\/uploads\/sites\/49\/2013\/10\/ocho4.jpg\"><img loading=\"lazy\" class=\"aligncenter  wp-image-5320\" title=\"ocho\" src=\"\/pasarelaurbana\/wp-content\/uploads\/sites\/49\/2013\/10\/ocho4.jpg\" alt=\"\" width=\"600\" height=\"803\" srcset=\"https:\/\/static-blogs.diariosur.es\/wp-content\/uploads\/sites\/49\/2013\/10\/ocho4.jpg 600w, https:\/\/static-blogs.diariosur.es\/wp-content\/uploads\/sites\/49\/2013\/10\/ocho4-224x300.jpg 224w\" sizes=\"(max-width: 600px) 100vw, 600px\" \/><\/a><!--more--><a href=\"\/pasarelaurbana\/wp-content\/uploads\/sites\/49\/2013\/10\/91.jpg\"><img loading=\"lazy\" class=\"aligncenter size-full wp-image-5321\" title=\"9\" src=\"\/pasarelaurbana\/wp-content\/uploads\/sites\/49\/2013\/10\/91.jpg\" alt=\"\" width=\"600\" height=\"803\" srcset=\"https:\/\/static-blogs.diariosur.es\/wp-content\/uploads\/sites\/49\/2013\/10\/91.jpg 600w, https:\/\/static-blogs.diariosur.es\/wp-content\/uploads\/sites\/49\/2013\/10\/91-224x300.jpg 224w\" sizes=\"(max-width: 600px) 100vw, 600px\" \/><\/a><\/p>\n<p><a href=\"\/pasarelaurbana\/wp-content\/uploads\/sites\/49\/2013\/10\/101.jpg\"><img loading=\"lazy\" class=\"aligncenter size-full wp-image-5322\" title=\"10\" src=\"\/pasarelaurbana\/wp-content\/uploads\/sites\/49\/2013\/10\/101.jpg\" alt=\"\" width=\"600\" height=\"803\" srcset=\"https:\/\/static-blogs.diariosur.es\/wp-content\/uploads\/sites\/49\/2013\/10\/101.jpg 600w, https:\/\/static-blogs.diariosur.es\/wp-content\/uploads\/sites\/49\/2013\/10\/101-224x300.jpg 224w\" sizes=\"(max-width: 600px) 100vw, 600px\" \/><\/a><\/p>\n<p><a href=\"\/pasarelaurbana\/wp-content\/uploads\/sites\/49\/2013\/10\/111.jpg\"><img loading=\"lazy\" class=\"aligncenter size-full wp-image-5323\" title=\"11\" src=\"\/pasarelaurbana\/wp-content\/uploads\/sites\/49\/2013\/10\/111.jpg\" alt=\"\" width=\"600\" height=\"803\" srcset=\"https:\/\/static-blogs.diariosur.es\/wp-content\/uploads\/sites\/49\/2013\/10\/111.jpg 600w, https:\/\/static-blogs.diariosur.es\/wp-content\/uploads\/sites\/49\/2013\/10\/111-224x300.jpg 224w\" sizes=\"(max-width: 600px) 100vw, 600px\" \/><\/a><\/p>\n<p><a href=\"\/pasarelaurbana\/wp-content\/uploads\/sites\/49\/2013\/10\/122.jpg\"><img loading=\"lazy\" class=\"aligncenter size-full wp-image-5324\" title=\"12\" src=\"\/pasarelaurbana\/wp-content\/uploads\/sites\/49\/2013\/10\/122.jpg\" alt=\"\" width=\"600\" height=\"803\" srcset=\"https:\/\/static-blogs.diariosur.es\/wp-content\/uploads\/sites\/49\/2013\/10\/122.jpg 600w, https:\/\/static-blogs.diariosur.es\/wp-content\/uploads\/sites\/49\/2013\/10\/122-224x300.jpg 224w\" sizes=\"(max-width: 600px) 100vw, 600px\" \/><\/a><\/p>\n<p><a href=\"\/pasarelaurbana\/wp-content\/uploads\/sites\/49\/2013\/10\/131.jpg\"><img loading=\"lazy\" class=\"aligncenter size-full wp-image-5325\" title=\"13\" src=\"\/pasarelaurbana\/wp-content\/uploads\/sites\/49\/2013\/10\/131.jpg\" alt=\"\" width=\"600\" height=\"803\" srcset=\"https:\/\/static-blogs.diariosur.es\/wp-content\/uploads\/sites\/49\/2013\/10\/131.jpg 600w, https:\/\/static-blogs.diariosur.es\/wp-content\/uploads\/sites\/49\/2013\/10\/131-224x300.jpg 224w\" sizes=\"(max-width: 600px) 100vw, 600px\" \/><\/a><\/p>\n<p style=\"text-align: center;\"><strong>Carla S\u00faarez de Puga<\/strong>. Empleada del Grupo Gorki. 26 a\u00f1os<\/p>\n<p style=\"text-align: center;\"><span style=\"text-decoration: underline;\">En formato falda, ideal para un look &#8216;boho chic&#8217;<\/span><br \/>\nCarla Su\u00e1rez de Puga luce el color de moda de la temporada, el rosa &#8216;candy&#8217;, en versi\u00f3n falda larga plisada, una prenda imprescindible este oto\u00f1o. Con este sofisticado &#8216;look&#8217; de sello &#8216;boho chic&#8217; la pillamos el pasado mi\u00e9rcoles durante nuestra sesi\u00f3n semanal de &#8216;street style&#8217; paseando por calle Larios de camino a una reuni\u00f3n de trabajo. Nos gust\u00f3 su acertada combinaci\u00f3n que destila personalidad y car\u00e1cter. En su caso, opt\u00f3 por maridar la falda rosa con camisa vaquera (se vuelven a llevar cerradas hasta arriba, para darle ese toque chic) y unas cl\u00e1sicas deportivas Converse All Stars blancas (que vuelven a estar m\u00e1s de moda que nunca). Esta joven de 26 a\u00f1os empleada del Grupo Gorki remat\u00f3 su impecable &#8216;outfit&#8217; -c\u00f3modo y a su vez con mucho estilo- con un bolso saco de inspiraci\u00f3n \u00e9tnica de Bimba y Lola y unas gafas de pasta de Tom Ford. Seg\u00fan nos destac\u00f3 Carla, los tonos pasteles son fundamentales en sus looks oto\u00f1ales, en los que tampoco faltan unos buenos vaqueros, de esos que se ajustan a la silueta como un guante.<\/p>\n<p style=\"text-align: center;\">Camisa y falda: Zara. <\/p>\n<p style=\"text-align: center;\">Bolso: Bimba y Lola. <\/p>\n<p style=\"text-align: center;\">Deportivas: Converse.<\/p>\n<p style=\"text-align: center;\">Gafas: Tom Ford.<\/p>\n<p><a href=\"\/pasarelaurbana\/wp-content\/uploads\/sites\/49\/2013\/10\/141.jpg\"><img loading=\"lazy\" class=\"aligncenter size-full wp-image-5326\" title=\"14\" src=\"\/pasarelaurbana\/wp-content\/uploads\/sites\/49\/2013\/10\/141.jpg\" alt=\"\" width=\"600\" height=\"803\" srcset=\"https:\/\/static-blogs.diariosur.es\/wp-content\/uploads\/sites\/49\/2013\/10\/141.jpg 600w, https:\/\/static-blogs.diariosur.es\/wp-content\/uploads\/sites\/49\/2013\/10\/141-224x300.jpg 224w\" sizes=\"(max-width: 600px) 100vw, 600px\" \/><\/a><\/p>\n<p><a href=\"\/pasarelaurbana\/wp-content\/uploads\/sites\/49\/2013\/10\/151.jpg\"><img loading=\"lazy\" class=\"aligncenter size-full wp-image-5327\" title=\"15\" src=\"\/pasarelaurbana\/wp-content\/uploads\/sites\/49\/2013\/10\/151.jpg\" alt=\"\" width=\"600\" height=\"803\" srcset=\"https:\/\/static-blogs.diariosur.es\/wp-content\/uploads\/sites\/49\/2013\/10\/151.jpg 600w, https:\/\/static-blogs.diariosur.es\/wp-content\/uploads\/sites\/49\/2013\/10\/151-224x300.jpg 224w\" sizes=\"(max-width: 600px) 100vw, 600px\" \/><\/a><\/p>\n<p><a href=\"\/pasarelaurbana\/wp-content\/uploads\/sites\/49\/2013\/10\/161.jpg\"><img loading=\"lazy\" class=\"aligncenter size-full wp-image-5328\" title=\"16\" src=\"\/pasarelaurbana\/wp-content\/uploads\/sites\/49\/2013\/10\/161.jpg\" alt=\"\" width=\"600\" height=\"803\" srcset=\"https:\/\/static-blogs.diariosur.es\/wp-content\/uploads\/sites\/49\/2013\/10\/161.jpg 600w, https:\/\/static-blogs.diariosur.es\/wp-content\/uploads\/sites\/49\/2013\/10\/161-224x300.jpg 224w\" sizes=\"(max-width: 600px) 100vw, 600px\" \/><\/a><\/p>\n<p><a href=\"\/pasarelaurbana\/wp-content\/uploads\/sites\/49\/2013\/10\/181.jpg\"><img loading=\"lazy\" class=\"aligncenter size-full wp-image-5330\" title=\"18\" src=\"\/pasarelaurbana\/wp-content\/uploads\/sites\/49\/2013\/10\/181.jpg\" alt=\"\" width=\"600\" height=\"803\" srcset=\"https:\/\/static-blogs.diariosur.es\/wp-content\/uploads\/sites\/49\/2013\/10\/181.jpg 600w, https:\/\/static-blogs.diariosur.es\/wp-content\/uploads\/sites\/49\/2013\/10\/181-224x300.jpg 224w\" sizes=\"(max-width: 600px) 100vw, 600px\" \/><\/a><\/p>\n<p><a href=\"\/pasarelaurbana\/wp-content\/uploads\/sites\/49\/2013\/10\/171.jpg\"><img loading=\"lazy\" class=\"aligncenter size-full wp-image-5329\" title=\"17\" src=\"\/pasarelaurbana\/wp-content\/uploads\/sites\/49\/2013\/10\/171.jpg\" alt=\"\" width=\"600\" height=\"803\" srcset=\"https:\/\/static-blogs.diariosur.es\/wp-content\/uploads\/sites\/49\/2013\/10\/171.jpg 600w, https:\/\/static-blogs.diariosur.es\/wp-content\/uploads\/sites\/49\/2013\/10\/171-224x300.jpg 224w\" sizes=\"(max-width: 600px) 100vw, 600px\" \/><\/a><\/p>\n<p style=\"text-align: center;\"><strong>Cristina Botija<\/strong>. Emprendedora (socia de Flumen&#038;Co). 41 a\u00f1os<\/p>\n<p style=\"text-align: center;\"><span style=\"text-decoration: underline;\">Un &#8216;outfit&#8217; donde los protagonistas son los complementos<\/span><br \/>\nAl mal tiempo, buena cara, &laquo;y colores vivos y dulces&raquo;. A Cristina Botija, una emprendedora malague\u00f1a de 41 a\u00f1os, le pierden los tonos pasteles como el rosa porque, seg\u00fan recalca, &laquo;inyectan alegr\u00eda y energ\u00eda solo con llevarlos&raquo;. El pasado mi\u00e9rcoles nos cruzamos con ella por calle Larios con un &#8216;look&#8217; colorido ideal para desafiar a los d\u00edas m\u00e1s grises del oto\u00f1o. Una camiseta Custo &#8211; &laquo;vintage, por eso de que lleva conmigo m\u00e1s de una d\u00e9cada&raquo;, brome\u00f3- y unos pantalones entubados en coral centraron su look, en el que los protagonistas absolutos eran los complementos: unas llamativas sandalias de United Nude y unas originales gafas de la firma malague\u00f1a Flumen&#038;Co con las patillas de hilo de colores.<\/p>\n<p style=\"text-align: center;\">Camiseta: Custo.<\/p>\n<p style=\"text-align: center;\">Pantalones y blazer: Zara.<\/p>\n<p style=\"text-align: center;\">Bolso: Bimba y Lola.<\/p>\n<p style=\"text-align: center;\">Sandalias: United Nude.<\/p>\n<p style=\"text-align: center;\">Gafas: Flumen&#038;Co.<\/p>\n<p><a href=\"\/pasarelaurbana\/wp-content\/uploads\/sites\/49\/2013\/10\/192.jpg\"><img loading=\"lazy\" class=\"aligncenter size-full wp-image-5332\" title=\"19\" src=\"\/pasarelaurbana\/wp-content\/uploads\/sites\/49\/2013\/10\/192.jpg\" alt=\"\" width=\"600\" height=\"803\" srcset=\"https:\/\/static-blogs.diariosur.es\/wp-content\/uploads\/sites\/49\/2013\/10\/192.jpg 600w, https:\/\/static-blogs.diariosur.es\/wp-content\/uploads\/sites\/49\/2013\/10\/192-224x300.jpg 224w\" sizes=\"(max-width: 600px) 100vw, 600px\" \/><\/a><\/p>\n<p><a href=\"\/pasarelaurbana\/wp-content\/uploads\/sites\/49\/2013\/10\/20.jpg\"><img loading=\"lazy\" class=\"aligncenter size-full wp-image-5333\" title=\"20\" src=\"\/pasarelaurbana\/wp-content\/uploads\/sites\/49\/2013\/10\/20.jpg\" alt=\"\" width=\"600\" height=\"803\" srcset=\"https:\/\/static-blogs.diariosur.es\/wp-content\/uploads\/sites\/49\/2013\/10\/20.jpg 600w, https:\/\/static-blogs.diariosur.es\/wp-content\/uploads\/sites\/49\/2013\/10\/20-224x300.jpg 224w\" sizes=\"(max-width: 600px) 100vw, 600px\" \/><\/a><\/p>\n<p><a href=\"\/pasarelaurbana\/wp-content\/uploads\/sites\/49\/2013\/10\/211.jpg\"><img loading=\"lazy\" class=\"aligncenter size-full wp-image-5334\" title=\"21\" src=\"\/pasarelaurbana\/wp-content\/uploads\/sites\/49\/2013\/10\/211.jpg\" alt=\"\" width=\"600\" height=\"803\" srcset=\"https:\/\/static-blogs.diariosur.es\/wp-content\/uploads\/sites\/49\/2013\/10\/211.jpg 600w, https:\/\/static-blogs.diariosur.es\/wp-content\/uploads\/sites\/49\/2013\/10\/211-224x300.jpg 224w\" sizes=\"(max-width: 600px) 100vw, 600px\" \/><\/a><\/p>\n<p><a href=\"\/pasarelaurbana\/wp-content\/uploads\/sites\/49\/2013\/10\/22.jpg\"><img loading=\"lazy\" class=\"aligncenter size-full wp-image-5335\" title=\"22\" src=\"\/pasarelaurbana\/wp-content\/uploads\/sites\/49\/2013\/10\/22.jpg\" alt=\"\" width=\"600\" height=\"803\" srcset=\"https:\/\/static-blogs.diariosur.es\/wp-content\/uploads\/sites\/49\/2013\/10\/22.jpg 600w, https:\/\/static-blogs.diariosur.es\/wp-content\/uploads\/sites\/49\/2013\/10\/22-224x300.jpg 224w\" sizes=\"(max-width: 600px) 100vw, 600px\" \/><\/a><\/p>\n<p><a href=\"\/pasarelaurbana\/wp-content\/uploads\/sites\/49\/2013\/10\/23.jpg\"><img loading=\"lazy\" class=\"aligncenter size-full wp-image-5336\" title=\"23\" src=\"\/pasarelaurbana\/wp-content\/uploads\/sites\/49\/2013\/10\/23.jpg\" alt=\"\" width=\"600\" height=\"803\" srcset=\"https:\/\/static-blogs.diariosur.es\/wp-content\/uploads\/sites\/49\/2013\/10\/23.jpg 600w, https:\/\/static-blogs.diariosur.es\/wp-content\/uploads\/sites\/49\/2013\/10\/23-224x300.jpg 224w\" sizes=\"(max-width: 600px) 100vw, 600px\" \/><\/a><\/p>\n<p><a href=\"\/pasarelaurbana\/wp-content\/uploads\/sites\/49\/2013\/10\/24.jpg\"><img loading=\"lazy\" class=\"aligncenter size-full wp-image-5337\" title=\"24\" src=\"\/pasarelaurbana\/wp-content\/uploads\/sites\/49\/2013\/10\/24.jpg\" alt=\"\" width=\"600\" height=\"803\" srcset=\"https:\/\/static-blogs.diariosur.es\/wp-content\/uploads\/sites\/49\/2013\/10\/24.jpg 600w, https:\/\/static-blogs.diariosur.es\/wp-content\/uploads\/sites\/49\/2013\/10\/24-224x300.jpg 224w\" sizes=\"(max-width: 600px) 100vw, 600px\" \/><\/a><\/p>\n<p style=\"text-align: center;\"><strong>F\u00e1tima Mu\u00f1oz<\/strong>. T\u00e9cnico de una asesor\u00eda jur\u00eddica. 36 a\u00f1os<\/p>\n<p style=\"text-align: center;\"><span style=\"text-decoration: underline;\">&laquo;Me encantan las pashminas, no faltan en mis estilismos&raquo;<\/span><br \/>\nEl peque\u00f1as dosis&#8230;o en &#8216;total look&#8217;. F\u00e1tima Mu\u00f1oz apuesta por un estilismo te\u00f1ido por completo de rosa palo, tambi\u00e9n conocido como rosa maquillaje. Esta t\u00e9cnico de una asesor\u00eda jur\u00eddica de 36 a\u00f1os tambi\u00e9n se confiesa una apasionada de las tonalidades pasteles. &laquo;Aqu\u00ed en la Costa del Sol con este clima tan fant\u00e1stico podemos permitirnos estos colores en oto\u00f1o, en mi caso me gusta alternarlos con otros m\u00e1s oscuros para encontrar un equilibrio&raquo;, nos subray\u00f3. Si hay una prenda que define los &#8216;outfits&#8217; de esta malague\u00f1a son las pashminas, su perdici\u00f3n. &laquo;No salgo de casa sin una&raquo;.<\/p>\n<p style=\"text-align: center;\">Jersey: Massimo Dutti. <\/p>\n<p style=\"text-align: center;\">Pantalones: Zara.<\/p>\n<p style=\"text-align: center;\">Pa\u00f1uelo: Mercadillo Puerto Ban\u00fas.<\/p>\n<p style=\"text-align: center;\">Bolso: Massimo Dutti.<\/p>\n<p style=\"text-align: center;\">Bailarinas: Tra\u00eddas de Madrid.<\/p>\n<p style=\"text-align: center;\">Pulseras: Hago.<\/p>\n<p><a href=\"\/pasarelaurbana\/wp-content\/uploads\/sites\/49\/2013\/10\/25.jpg\"><img loading=\"lazy\" class=\"aligncenter size-full wp-image-5338\" title=\"25\" src=\"\/pasarelaurbana\/wp-content\/uploads\/sites\/49\/2013\/10\/25.jpg\" alt=\"\" width=\"600\" height=\"803\" srcset=\"https:\/\/static-blogs.diariosur.es\/wp-content\/uploads\/sites\/49\/2013\/10\/25.jpg 600w, https:\/\/static-blogs.diariosur.es\/wp-content\/uploads\/sites\/49\/2013\/10\/25-224x300.jpg 224w\" sizes=\"(max-width: 600px) 100vw, 600px\" \/><\/a><\/p>\n<p><a href=\"\/pasarelaurbana\/wp-content\/uploads\/sites\/49\/2013\/10\/26.jpg\"><img loading=\"lazy\" class=\"aligncenter size-full wp-image-5339\" title=\"26\" src=\"\/pasarelaurbana\/wp-content\/uploads\/sites\/49\/2013\/10\/26.jpg\" alt=\"\" width=\"600\" height=\"803\" srcset=\"https:\/\/static-blogs.diariosur.es\/wp-content\/uploads\/sites\/49\/2013\/10\/26.jpg 600w, https:\/\/static-blogs.diariosur.es\/wp-content\/uploads\/sites\/49\/2013\/10\/26-224x300.jpg 224w\" sizes=\"(max-width: 600px) 100vw, 600px\" \/><\/a><\/p>\n<p><a href=\"\/pasarelaurbana\/wp-content\/uploads\/sites\/49\/2013\/10\/27.jpg\"><img loading=\"lazy\" class=\"aligncenter size-full wp-image-5340\" title=\"27\" src=\"\/pasarelaurbana\/wp-content\/uploads\/sites\/49\/2013\/10\/27.jpg\" alt=\"\" width=\"600\" height=\"803\" srcset=\"https:\/\/static-blogs.diariosur.es\/wp-content\/uploads\/sites\/49\/2013\/10\/27.jpg 600w, https:\/\/static-blogs.diariosur.es\/wp-content\/uploads\/sites\/49\/2013\/10\/27-224x300.jpg 224w\" sizes=\"(max-width: 600px) 100vw, 600px\" \/><\/a><\/p>\n<p style=\"text-align: center;\"><a href=\"\/pasarelaurbana\/wp-content\/uploads\/sites\/49\/2013\/10\/28.jpg\"><img loading=\"lazy\" class=\"aligncenter size-full wp-image-5331\" title=\"28\" src=\"\/pasarelaurbana\/wp-content\/uploads\/sites\/49\/2013\/10\/28.jpg\" alt=\"\" width=\"600\" height=\"803\" srcset=\"https:\/\/static-blogs.diariosur.es\/wp-content\/uploads\/sites\/49\/2013\/10\/28.jpg 600w, https:\/\/static-blogs.diariosur.es\/wp-content\/uploads\/sites\/49\/2013\/10\/28-224x300.jpg 224w\" sizes=\"(max-width: 600px) 100vw, 600px\" \/><\/a><\/p>\n<p style=\"text-align: center;\"><strong>Mar\u00eda Jos\u00e9 Mart\u00ednez<\/strong>. Educadora. 31 a\u00f1os<\/p>\n<p style=\"text-align: center;\"><span style=\"text-decoration: underline;\">Los zapatos masculinos, claves esta temporada<\/span><br \/>\nEs otra de las tendencias imprescindibles de este oto\u00f1o-invierno que pese a estar afianzado en el calendario a\u00fan no acaba de calar en los armarios gracias al buen tiempo. Hablamos de los zapatos masculinos. Mar\u00eda Jos\u00e9 Mart\u00ednez, una educadora de 31 a\u00f1os, los convierte en protagonistas de su look, del que nos encant\u00f3 su camisa rosa palo de Zara con mangas con volumen. La combin\u00f3 con unos vaqueros oscuros creando un &#8216;outfit&#8217; perfecto para acudir al pediatra con su peque\u00f1a.<\/p>\n<p style=\"text-align: center;\">Camisa: Zara. <\/p>\n<p style=\"text-align: center;\">Vaqueros: Lefties.<\/p>\n<p style=\"text-align: center;\">Zapatos: Pull&#038;Bear.<\/p>\n<p style=\"text-align: center;\">Gafas: Stradivarius.<\/p>\n<p style=\"text-align: center;\">Y a vosotras, \u00bfqu\u00e9 look os gusta m\u00e1s? \u00a1Feliz fin de semana!<\/p>\n<p>&nbsp;<\/p>\n","protected":false},"excerpt":{"rendered":"<p>\u00a0Este oto\u00f1o ser\u00e1 de color de rosa. Al omnipresente blanco y negr\u00f3 (un d\u00fao que se resiste a abandonar los armarios) le ha salido esta temporada un fuerte y dulce competidor. El tono m\u00e1s delicado y rom\u00e1ntico de la paleta ser\u00e1 tendencia absoluta en los pr\u00f3ximos meses. Triunfa en su versi\u00f3n m\u00e1s edulcorada, la &#8216;candy&#8217; [&hellip;]<\/p>\n","protected":false},"author":54,"featured_media":0,"comment_status":"open","ping_status":"open","sticky":false,"template":"","format":"standard","meta":[],"categories":[2],"tags":[],"_links":{"self":[{"href":"https:\/\/blogs.diariosur.es\/pasarelaurbana\/wp-json\/wp\/v2\/posts\/5318"}],"collection":[{"href":"https:\/\/blogs.diariosur.es\/pasarelaurbana\/wp-json\/wp\/v2\/posts"}],"about":[{"href":"https:\/\/blogs.diariosur.es\/pasarelaurbana\/wp-json\/wp\/v2\/types\/post"}],"author":[{"embeddable":true,"href":"https:\/\/blogs.diariosur.es\/pasarelaurbana\/wp-json\/wp\/v2\/users\/54"}],"replies":[{"embeddable":true,"href":"https:\/\/blogs.diariosur.es\/pasarelaurbana\/wp-json\/wp\/v2\/comments?post=5318"}],"version-history":[{"count":0,"href":"https:\/\/blogs.diariosur.es\/pasarelaurbana\/wp-json\/wp\/v2\/posts\/5318\/revisions"}],"wp:attachment":[{"href":"https:\/\/blogs.diariosur.es\/pasarelaurbana\/wp-json\/wp\/v2\/media?parent=5318"}],"wp:term":[{"taxonomy":"category","embeddable":true,"href":"https:\/\/blogs.diariosur.es\/pasarelaurbana\/wp-json\/wp\/v2\/categories?post=5318"},{"taxonomy":"post_tag","embeddable":true,"href":"https:\/\/blogs.diariosur.es\/pasarelaurbana\/wp-json\/wp\/v2\/tags?post=5318"}],"curies":[{"name":"wp","href":"https:\/\/api.w.org\/{rel}","templated":true}]}}