{"id":5341,"date":"2013-10-18T16:06:37","date_gmt":"2013-10-18T14:06:37","guid":{"rendered":"http:\/\/blogs.diariosur.es\/pasarelaurbana\/?p=5341"},"modified":"2013-10-18T16:06:37","modified_gmt":"2013-10-18T14:06:37","slug":"desfile-de-almatrichi-y-nuevo-curso-en-idacem","status":"publish","type":"post","link":"https:\/\/blogs.diariosur.es\/pasarelaurbana\/2013\/10\/18\/desfile-de-almatrichi-y-nuevo-curso-en-idacem\/","title":{"rendered":"Desfile de Almatrichi y nuevo curso en Idacem"},"content":{"rendered":"<p style=\"text-align: center;\">\u00a1Por fin es viernes! Hoy os traigo dos propuestas. La primera de ellas: mi selecci\u00f3n de prendas de la nueva colecci\u00f3n de la firma Almatrichi, que<strong> hoy presenta sus propuestas para este oto\u00f1o-invierno 2013\/14 en un desfile en El Corte Ingl\u00e9s de la Avenida de Andaluc\u00eda<\/strong> (a las 18.00 horas en la cafer\u00eda de la sexta planta).\u00a0 Para esta temporada, Almatrichi sigue apostando por una mujer hiperfemenina y sofisticada con elegantes y delicados tejidos florales -sello indiscutible de la casa que ahora se reinventa con aires tropicales-una interesante l\u00ednea de vestidos perfectos para ir a la oficina y originales prendas de abrigo (muy bonitos sus trench bicolor, sus chalecos de pelo, sus chaquetas de\u00a0 tweed al m\u00e1s puro estilo Chanel o las de inspiraci\u00f3n militar).\u00a0 Los colores oto\u00f1ales como el verde, azul o caqui junto con otros m\u00e1s llamativos como el rojo o el coral y el bicolor blanco y negro -siempre infalible-protagoniza su colecci\u00f3n, en la que sobresalen sus elaborados bordados y encajes,\u00a0 brillantes pailettes (precioso el vestido en tono champ\u00e1n). Lo dicho, os dejo con mis diez prendas favoritas de la colecci\u00f3n. Ah\u00ed van:<\/p>\n<p><a href=\"\/pasarelaurbana\/wp-content\/uploads\/sites\/49\/2013\/10\/amtres.jpg\"><img loading=\"lazy\" class=\"aligncenter size-full wp-image-5351\" title=\"amtres\" src=\"\/pasarelaurbana\/wp-content\/uploads\/sites\/49\/2013\/10\/amtres.jpg\" alt=\"\" width=\"600\" height=\"395\" srcset=\"https:\/\/static-blogs.diariosur.es\/wp-content\/uploads\/sites\/49\/2013\/10\/amtres.jpg 600w, https:\/\/static-blogs.diariosur.es\/wp-content\/uploads\/sites\/49\/2013\/10\/amtres-300x198.jpg 300w\" sizes=\"(max-width: 600px) 100vw, 600px\" \/><\/a><\/p>\n<p style=\"text-align: center;\">Este vestido de pailletes con detalle de flores en verde botella me ha enamorado<\/p>\n<p><!--more--><a href=\"\/pasarelaurbana\/wp-content\/uploads\/sites\/49\/2013\/10\/amdos.jpg\"><img loading=\"lazy\" class=\"aligncenter size-full wp-image-5346\" title=\"amdos\" src=\"\/pasarelaurbana\/wp-content\/uploads\/sites\/49\/2013\/10\/amdos.jpg\" alt=\"\" width=\"600\" height=\"692\" srcset=\"https:\/\/static-blogs.diariosur.es\/wp-content\/uploads\/sites\/49\/2013\/10\/amdos.jpg 600w, https:\/\/static-blogs.diariosur.es\/wp-content\/uploads\/sites\/49\/2013\/10\/amdos-260x300.jpg 260w\" sizes=\"(max-width: 600px) 100vw, 600px\" \/><\/a><\/p>\n<p style=\"text-align: center;\">Camisa azul marino con flores bordadas. Perfecta con vaqueros para un look de d\u00eda.<\/p>\n<p><a href=\"\/pasarelaurbana\/wp-content\/uploads\/sites\/49\/2013\/10\/amuno.jpg\"><img loading=\"lazy\" class=\"aligncenter size-full wp-image-5342\" title=\"amuno\" src=\"\/pasarelaurbana\/wp-content\/uploads\/sites\/49\/2013\/10\/amuno.jpg\" alt=\"\" width=\"600\" height=\"346\" srcset=\"https:\/\/static-blogs.diariosur.es\/wp-content\/uploads\/sites\/49\/2013\/10\/amuno.jpg 600w, https:\/\/static-blogs.diariosur.es\/wp-content\/uploads\/sites\/49\/2013\/10\/amuno-300x173.jpg 300w\" sizes=\"(max-width: 600px) 100vw, 600px\" \/><\/a><\/p>\n<p>De este vestido me gusta el aire andaluz que destila, con flores que parecen sacadas de un mant\u00f3n de manila<\/p>\n<p><a href=\"\/pasarelaurbana\/wp-content\/uploads\/sites\/49\/2013\/10\/amcuatro.jpg\"><img loading=\"lazy\" class=\"aligncenter size-full wp-image-5344\" title=\"amcuatro\" src=\"\/pasarelaurbana\/wp-content\/uploads\/sites\/49\/2013\/10\/amcuatro.jpg\" alt=\"\" width=\"600\" height=\"384\" srcset=\"https:\/\/static-blogs.diariosur.es\/wp-content\/uploads\/sites\/49\/2013\/10\/amcuatro.jpg 600w, https:\/\/static-blogs.diariosur.es\/wp-content\/uploads\/sites\/49\/2013\/10\/amcuatro-300x192.jpg 300w\" sizes=\"(max-width: 600px) 100vw, 600px\" \/><\/a><\/p>\n<p style=\"text-align: center;\">\u00bfY qu\u00e9 me decis de este vestido? \u00a1Perfecto para ir a trabajar!<\/p>\n<p><a href=\"\/pasarelaurbana\/wp-content\/uploads\/sites\/49\/2013\/10\/amcincio.jpg\"><img loading=\"lazy\" class=\"aligncenter  wp-image-5343\" title=\"amcincio\" src=\"\/pasarelaurbana\/wp-content\/uploads\/sites\/49\/2013\/10\/amcincio.jpg\" alt=\"\" width=\"600\" height=\"765\" srcset=\"https:\/\/static-blogs.diariosur.es\/wp-content\/uploads\/sites\/49\/2013\/10\/amcincio.jpg 600w, https:\/\/static-blogs.diariosur.es\/wp-content\/uploads\/sites\/49\/2013\/10\/amcincio-235x300.jpg 235w\" sizes=\"(max-width: 600px) 100vw, 600px\" \/><\/a><\/p>\n<p style=\"text-align: center;\">Arriba y abajo, delicadas chaquetas de tweed. Muy ponibles y vers\u00e1tiles<\/p>\n<p><a href=\"\/pasarelaurbana\/wp-content\/uploads\/sites\/49\/2013\/10\/amseis.jpg\"><img loading=\"lazy\" class=\"aligncenter size-full wp-image-5349\" title=\"amseis\" src=\"\/pasarelaurbana\/wp-content\/uploads\/sites\/49\/2013\/10\/amseis.jpg\" alt=\"\" width=\"600\" height=\"364\" srcset=\"https:\/\/static-blogs.diariosur.es\/wp-content\/uploads\/sites\/49\/2013\/10\/amseis.jpg 600w, https:\/\/static-blogs.diariosur.es\/wp-content\/uploads\/sites\/49\/2013\/10\/amseis-300x182.jpg 300w\" sizes=\"(max-width: 600px) 100vw, 600px\" \/><\/a><\/p>\n<p><a href=\"\/pasarelaurbana\/wp-content\/uploads\/sites\/49\/2013\/10\/amsiete.jpg\"><img loading=\"lazy\" class=\"aligncenter size-full wp-image-5350\" title=\"amsiete\" src=\"\/pasarelaurbana\/wp-content\/uploads\/sites\/49\/2013\/10\/amsiete.jpg\" alt=\"\" width=\"600\" height=\"369\" srcset=\"https:\/\/static-blogs.diariosur.es\/wp-content\/uploads\/sites\/49\/2013\/10\/amsiete.jpg 600w, https:\/\/static-blogs.diariosur.es\/wp-content\/uploads\/sites\/49\/2013\/10\/amsiete-300x185.jpg 300w\" sizes=\"(max-width: 600px) 100vw, 600px\" \/><\/a><\/p>\n<p style=\"text-align: center;\">Para los d\u00edas m\u00e1s fr\u00edos, esta chaquetita de pelo negro es ideal<\/p>\n<p><a href=\"\/pasarelaurbana\/wp-content\/uploads\/sites\/49\/2013\/10\/amocho.jpg\"><img loading=\"lazy\" class=\"aligncenter size-full wp-image-5348\" title=\"amocho\" src=\"\/pasarelaurbana\/wp-content\/uploads\/sites\/49\/2013\/10\/amocho.jpg\" alt=\"\" width=\"600\" height=\"361\" srcset=\"https:\/\/static-blogs.diariosur.es\/wp-content\/uploads\/sites\/49\/2013\/10\/amocho.jpg 600w, https:\/\/static-blogs.diariosur.es\/wp-content\/uploads\/sites\/49\/2013\/10\/amocho-300x181.jpg 300w\" sizes=\"(max-width: 600px) 100vw, 600px\" \/><\/a><\/p>\n<p style=\"text-align: center;\">Trench bicolor en azul marino y beige. Muy elegante y femenino<\/p>\n<p><a href=\"\/pasarelaurbana\/wp-content\/uploads\/sites\/49\/2013\/10\/amnueve.jpg\"><img loading=\"lazy\" class=\"aligncenter size-full wp-image-5347\" title=\"amnueve\" src=\"\/pasarelaurbana\/wp-content\/uploads\/sites\/49\/2013\/10\/amnueve.jpg\" alt=\"\" width=\"600\" height=\"388\" srcset=\"https:\/\/static-blogs.diariosur.es\/wp-content\/uploads\/sites\/49\/2013\/10\/amnueve.jpg 600w, https:\/\/static-blogs.diariosur.es\/wp-content\/uploads\/sites\/49\/2013\/10\/amnueve-300x194.jpg 300w\" sizes=\"(max-width: 600px) 100vw, 600px\" \/><\/a><\/p>\n<p style=\"text-align: center;\">Almatrichi apuesta esta temporada por las flores en su versi\u00f3n m\u00e1s tropical<\/p>\n<p><a href=\"\/pasarelaurbana\/wp-content\/uploads\/sites\/49\/2013\/10\/amdiez.jpg\"><img loading=\"lazy\" class=\"aligncenter size-full wp-image-5345\" title=\"amdiez\" src=\"\/pasarelaurbana\/wp-content\/uploads\/sites\/49\/2013\/10\/amdiez.jpg\" alt=\"\" width=\"600\" height=\"624\" srcset=\"https:\/\/static-blogs.diariosur.es\/wp-content\/uploads\/sites\/49\/2013\/10\/amdiez.jpg 600w, https:\/\/static-blogs.diariosur.es\/wp-content\/uploads\/sites\/49\/2013\/10\/amdiez-288x300.jpg 288w\" sizes=\"(max-width: 600px) 100vw, 600px\" \/><\/a><\/p>\n<p style=\"text-align: center;\">Sofisticado vestido bicolor en blanco y negro, ideal para tener de fondo de armario<\/p>\n<p style=\"text-align: center;\">Hasta aqu\u00ed mi selecci\u00f3n de Almatrichi, y ahora la segunda propuesta del viernes: hablaros de <strong>la escuela de moda Idacem, que acaba de inaugurar su segundo curso en M\u00e1laga<\/strong><\/p>\n<p><a href=\"\/pasarelaurbana\/wp-content\/uploads\/sites\/49\/2013\/10\/idacem.jpg\"><img loading=\"lazy\" class=\"aligncenter size-full wp-image-5352\" title=\"idacem\" src=\"\/pasarelaurbana\/wp-content\/uploads\/sites\/49\/2013\/10\/idacem.jpg\" alt=\"\" width=\"600\" height=\"788\" srcset=\"https:\/\/static-blogs.diariosur.es\/wp-content\/uploads\/sites\/49\/2013\/10\/idacem.jpg 600w, https:\/\/static-blogs.diariosur.es\/wp-content\/uploads\/sites\/49\/2013\/10\/idacem-228x300.jpg 228w\" sizes=\"(max-width: 600px) 100vw, 600px\" \/><\/a><\/p>\n<p style=\"text-align: center;\">La reconocida Escuela\u00a0\u00a0Universitaria de Marketing y Moda IDACEM (asentada en Madrid) desembarc\u00f3 en la provincia el pasado mes de abril con su oferta de formaci\u00f3n. <strong>Para las que me pregunt\u00e1is por el c\u00f3mo pod\u00e9is formaros en moda en M\u00e1laga, \u00e9sta me parece una opci\u00f3n muy interesante<\/strong>: Se trata de un curso t\u00e9cnico en asesor\u00eda de moda y personal shopper que se imparte en la sede de la Escuela de Turismo \u00a0(ubicada en\u00a0Paseo de Sancha). Durante cinco fines de semana (un total de \u00a050 horas) los alumnos aprenden a identificar los gustos y necesidades del cliente, estructurar su fondo de armario, asesorar sobre etiqueta, dise\u00f1ar rutas de tiendas personalizadas y conocer las \u00faltimas tendencias en moda y cosm\u00e9tica.<\/p>\n<p style=\"text-align: center;\">Lo mejor, a mi juicio, es el claustro de profesores que componen este curso, entre los que que se encuentran\u00a0Daniel Pacheco (director de Idacem, especialista en marketing y fashion marketing y consultor profesional); Anitta Ruiz (estilista y empresaria encargada de impartir las clases de Historia de la Moda, Etiqueta Femenina y Estilismo) Jos\u00e9 Airam (autor del reconocido blog de E-CoolSystem, quien ser\u00e1 responsable de los contenidos de Moda y Etiqueta Masculina) , Mayte de la Iglesia (modelo, dise\u00f1adora y estilista, quien impartir\u00e1 clase sobre Comunicaci\u00f3n, eventos y redes sociales) y el blogger y comunicador de moda malague\u00f1o Demetrio de la Torre, de \u2018Moda eres y en moda te convertir\u00e1s\u2019. Adem\u00e1s, otro de los platos fuertes es la presencia en el cuerpo docente de \u00a0Estefan\u00eda Garc\u00eda, autora del blog de moda \u2018Con dos tacones\u2019, uno de los m\u00e1s visitados de Espa\u00f1a. Garc\u00eda, periodista, licenciada en Filolog\u00eda Hisp\u00e1nica, \u00a0es la encargada del bloque de\u00a0Asesor\u00eda de Imagen y Personal Shopper como tal.<\/p>\n","protected":false},"excerpt":{"rendered":"<p>\u00a1Por fin es viernes! Hoy os traigo dos propuestas. La primera de ellas: mi selecci\u00f3n de prendas de la nueva colecci\u00f3n de la firma Almatrichi, que hoy presenta sus propuestas para este oto\u00f1o-invierno 2013\/14 en un desfile en El Corte Ingl\u00e9s de la Avenida de Andaluc\u00eda (a las 18.00 horas en la cafer\u00eda de la [&hellip;]<\/p>\n","protected":false},"author":54,"featured_media":0,"comment_status":"open","ping_status":"open","sticky":false,"template":"","format":"standard","meta":[],"categories":[2],"tags":[],"_links":{"self":[{"href":"https:\/\/blogs.diariosur.es\/pasarelaurbana\/wp-json\/wp\/v2\/posts\/5341"}],"collection":[{"href":"https:\/\/blogs.diariosur.es\/pasarelaurbana\/wp-json\/wp\/v2\/posts"}],"about":[{"href":"https:\/\/blogs.diariosur.es\/pasarelaurbana\/wp-json\/wp\/v2\/types\/post"}],"author":[{"embeddable":true,"href":"https:\/\/blogs.diariosur.es\/pasarelaurbana\/wp-json\/wp\/v2\/users\/54"}],"replies":[{"embeddable":true,"href":"https:\/\/blogs.diariosur.es\/pasarelaurbana\/wp-json\/wp\/v2\/comments?post=5341"}],"version-history":[{"count":0,"href":"https:\/\/blogs.diariosur.es\/pasarelaurbana\/wp-json\/wp\/v2\/posts\/5341\/revisions"}],"wp:attachment":[{"href":"https:\/\/blogs.diariosur.es\/pasarelaurbana\/wp-json\/wp\/v2\/media?parent=5341"}],"wp:term":[{"taxonomy":"category","embeddable":true,"href":"https:\/\/blogs.diariosur.es\/pasarelaurbana\/wp-json\/wp\/v2\/categories?post=5341"},{"taxonomy":"post_tag","embeddable":true,"href":"https:\/\/blogs.diariosur.es\/pasarelaurbana\/wp-json\/wp\/v2\/tags?post=5341"}],"curies":[{"name":"wp","href":"https:\/\/api.w.org\/{rel}","templated":true}]}}