{"id":5364,"date":"2013-10-26T00:57:09","date_gmt":"2013-10-25T22:57:09","guid":{"rendered":"http:\/\/blogs.diariosur.es\/pasarelaurbana\/?p=5364"},"modified":"2013-10-26T00:57:09","modified_gmt":"2013-10-25T22:57:09","slug":"el-armario-de-mayi-montes","status":"publish","type":"post","link":"https:\/\/blogs.diariosur.es\/pasarelaurbana\/2013\/10\/26\/el-armario-de-mayi-montes\/","title":{"rendered":"El armario de Mayi Montes"},"content":{"rendered":"<p style=\"text-align: center;\">Lo mismo est\u00e1 tocando la bater\u00eda en su banda, <strong>Trinidad<\/strong>, que cosiendo, &#8220;una gran pasi\u00f3n que he descubierto hace poco y que me tiene entusiasmada&#8221;, nos confiesa. Un car\u00e1cter polifac\u00e9tico que se refleja fielmente en su armario. Ecl\u00e9ctico, camale\u00f3nico y dominado por prendas vintage, su debilidad. Amante de las mezclas, en el vestidor de Mayi Montes predomina la ropa de aire retro y las piezas de inspiraci\u00f3n rockera que sabe combinar con maestr\u00eda creando looks alternativos, originales y con un marcado sello personal.<\/p>\n<div>\n<div style=\"text-align: center;\">Poco amiga de las prendas ce\u00f1idas, esta decoradora malague\u00f1a de 37 a\u00f1os -cantante del grupo Trinidad y responsable adem\u00e1s de la tienda \u00a0<strong>CATs vintage<\/strong>&#8211; se atreve con \u00a0&#8220;casi todo&#8221; (&#8220;ya de ni\u00f1a me fascinaba disfrazarme con ropa de mi madre y de mi abuela, me hac\u00eda unos estilismos rar\u00edsimos&#8221;, bromea)\u00a0a excepci\u00f3n de los trajes de chaqueta, que le espantan, y de los taconazos de v\u00e9rtigo, que asegura que no van con ella. Para el d\u00eda elige crop tops o camisas estampadas con faldas de talle alto (&#8220;son las que m\u00e1s estilizan y mejor sientan, adem\u00e1s de ser s\u00faper femeninas&#8221; recalca) y jerseys y sudaderas &#8216;oversize&#8217; &#8220;soy muy friolera y en invierno no perdono un buen su\u00e9ter de lana&#8221;. Por la noche se decanta por alguna falda midi (largo estrella esta temporada) o pantal\u00f3n negro maridado con un top lencero y con su inseparable chupa de cuero. &#8220;Desde muy joven me he movido por ambientes &#8216;underground&#8217; y mi gusto por la m\u00fasica se refleja en mi forma de vestir, con toques de grunge y punk&#8221;, advierte.<\/div>\n<div><\/div>\n<div style=\"text-align: center;\">Entre sus d\u00faos imprescindibles destacan los kimonos maridados con pantalones vaqueros, que usa de talle alto de los a\u00f1os 90. Seg\u00fan cuenta, fue durante su estancia en Londres cuando descubri\u00f3 su amor por la ropa vintage. &#8220;Durante dos a\u00f1os viv\u00ed en el coraz\u00f3n bohemio de la ciudad, el <strong>Brick Lane<\/strong>, lleno de galer\u00edas de arte y de tiendas vintage y esa estancia me abri\u00f3 la mente much\u00edsimo&#8221;, explica. Tanto es as\u00ed que cuando un excompa\u00f1ero de la firma <strong>AllSaints<\/strong> (para la que trabaj\u00f3) se hizo representante de este tipo de ropa y le propuso abrir mercado en M\u00e1laga no se lo pens\u00f3 dos veces: &#8220;siempre hab\u00eda tenido el gusanillo, as\u00ed que decid\u00ed probar&#8221;, confiesa esta apasionada de los zapatos poco dada a los complementos. &#8220;Los llevo en peque\u00f1as dosis y siempre apostando por artesanos locales&#8221;, dice. \u00bfSus favoritos? Los pa\u00f1uelos, las gafas de sol y los sombreros.<\/div>\n<div><\/div>\n<div style=\"text-align: center;\">Os dejo con los looks de Mayi al detalle gracias a las magn\u00edficas fotos de mi compa\u00f1era <em>Yhasmina Garc\u00eda<\/em>. Espero que os guste tanto como a mi. \u00a1Feliz fin de semana!<\/div>\n<div><\/div>\n<div><a href=\"\/pasarelaurbana\/wp-content\/uploads\/sites\/49\/2013\/10\/catscero.jpg\"><img loading=\"lazy\" class=\"aligncenter size-full wp-image-5380\" title=\"catscero\" src=\"\/pasarelaurbana\/wp-content\/uploads\/sites\/49\/2013\/10\/catscero.jpg\" alt=\"\" width=\"600\" height=\"400\" srcset=\"https:\/\/static-blogs.diariosur.es\/wp-content\/uploads\/sites\/49\/2013\/10\/catscero.jpg 600w, https:\/\/static-blogs.diariosur.es\/wp-content\/uploads\/sites\/49\/2013\/10\/catscero-300x200.jpg 300w\" sizes=\"(max-width: 600px) 100vw, 600px\" \/><\/a><\/div>\n<div><!--more--><\/div>\n<div style=\"text-align: center;\"><strong>LOOK DE D\u00cdA<\/strong>: <span style=\"text-decoration: underline;\">Crop top sudadera+ falda de tart\u00e1n y botines moteros<\/span><\/div>\n<div style=\"text-align: center;\"><\/div>\n<div style=\"text-align: center;\"><a href=\"\/pasarelaurbana\/wp-content\/uploads\/sites\/49\/2013\/10\/catsuno.jpg\"><img loading=\"lazy\" class=\"aligncenter size-full wp-image-5370\" title=\"catsuno\" src=\"\/pasarelaurbana\/wp-content\/uploads\/sites\/49\/2013\/10\/catsuno.jpg\" alt=\"\" width=\"600\" height=\"900\" srcset=\"https:\/\/static-blogs.diariosur.es\/wp-content\/uploads\/sites\/49\/2013\/10\/catsuno.jpg 600w, https:\/\/static-blogs.diariosur.es\/wp-content\/uploads\/sites\/49\/2013\/10\/catsuno-200x300.jpg 200w\" sizes=\"(max-width: 600px) 100vw, 600px\" \/><\/a><\/div>\n<div style=\"text-align: center;\"><\/div>\n<div style=\"text-align: center;\"><a href=\"\/pasarelaurbana\/wp-content\/uploads\/sites\/49\/2013\/10\/catsdos.jpg\"><img loading=\"lazy\" class=\"aligncenter size-full wp-image-5367\" title=\"catsdos\" src=\"\/pasarelaurbana\/wp-content\/uploads\/sites\/49\/2013\/10\/catsdos.jpg\" alt=\"\" width=\"600\" height=\"900\" srcset=\"https:\/\/static-blogs.diariosur.es\/wp-content\/uploads\/sites\/49\/2013\/10\/catsdos.jpg 600w, https:\/\/static-blogs.diariosur.es\/wp-content\/uploads\/sites\/49\/2013\/10\/catsdos-200x300.jpg 200w\" sizes=\"(max-width: 600px) 100vw, 600px\" \/><\/a><\/div>\n<div style=\"text-align: center;\"><\/div>\n<div style=\"text-align: center;\"><a href=\"\/pasarelaurbana\/wp-content\/uploads\/sites\/49\/2013\/10\/catstres.jpg\"><img loading=\"lazy\" class=\"aligncenter size-full wp-image-5369\" title=\"catstres\" src=\"\/pasarelaurbana\/wp-content\/uploads\/sites\/49\/2013\/10\/catstres.jpg\" alt=\"\" width=\"600\" height=\"900\" srcset=\"https:\/\/static-blogs.diariosur.es\/wp-content\/uploads\/sites\/49\/2013\/10\/catstres.jpg 600w, https:\/\/static-blogs.diariosur.es\/wp-content\/uploads\/sites\/49\/2013\/10\/catstres-200x300.jpg 200w\" sizes=\"(max-width: 600px) 100vw, 600px\" \/><\/a><\/div>\n<div style=\"text-align: center;\"><\/div>\n<div style=\"text-align: center;\"><a href=\"\/pasarelaurbana\/wp-content\/uploads\/sites\/49\/2013\/10\/catscuatro.jpg\"><img loading=\"lazy\" class=\"aligncenter size-full wp-image-5366\" title=\"catscuatro\" src=\"\/pasarelaurbana\/wp-content\/uploads\/sites\/49\/2013\/10\/catscuatro.jpg\" alt=\"\" width=\"600\" height=\"400\" srcset=\"https:\/\/static-blogs.diariosur.es\/wp-content\/uploads\/sites\/49\/2013\/10\/catscuatro.jpg 600w, https:\/\/static-blogs.diariosur.es\/wp-content\/uploads\/sites\/49\/2013\/10\/catscuatro-300x200.jpg 300w\" sizes=\"(max-width: 600px) 100vw, 600px\" \/><\/a><\/div>\n<div style=\"text-align: center;\"><\/div>\n<div style=\"text-align: center;\"><a href=\"\/pasarelaurbana\/wp-content\/uploads\/sites\/49\/2013\/10\/catscinco.jpg\"><img loading=\"lazy\" class=\"aligncenter size-full wp-image-5371\" title=\"catscinco\" src=\"\/pasarelaurbana\/wp-content\/uploads\/sites\/49\/2013\/10\/catscinco.jpg\" alt=\"\" width=\"600\" height=\"400\" srcset=\"https:\/\/static-blogs.diariosur.es\/wp-content\/uploads\/sites\/49\/2013\/10\/catscinco.jpg 600w, https:\/\/static-blogs.diariosur.es\/wp-content\/uploads\/sites\/49\/2013\/10\/catscinco-300x200.jpg 300w\" sizes=\"(max-width: 600px) 100vw, 600px\" \/><\/a><\/div>\n<div style=\"text-align: center;\"><\/div>\n<div style=\"text-align: center;\"><a href=\"\/pasarelaurbana\/wp-content\/uploads\/sites\/49\/2013\/10\/catsseis.jpg\"><img loading=\"lazy\" class=\"aligncenter size-full wp-image-5368\" title=\"catsseis\" src=\"\/pasarelaurbana\/wp-content\/uploads\/sites\/49\/2013\/10\/catsseis.jpg\" alt=\"\" width=\"600\" height=\"400\" srcset=\"https:\/\/static-blogs.diariosur.es\/wp-content\/uploads\/sites\/49\/2013\/10\/catsseis.jpg 600w, https:\/\/static-blogs.diariosur.es\/wp-content\/uploads\/sites\/49\/2013\/10\/catsseis-300x200.jpg 300w\" sizes=\"(max-width: 600px) 100vw, 600px\" \/><\/a><\/div>\n<div style=\"text-align: center;\"><\/div>\n<div style=\"text-align: center;\"><\/div>\n<div style=\"text-align: center;\">Su apuesta para ir a trabajar: crop top sudadera en gris marengo de <strong>Etam<\/strong> con falda de cuadros escoceses en verde y negro de <strong>CATs vintage<\/strong>. Completa el look con botines moteros negros de <strong>Zara<\/strong>, pa\u00f1uelo, broche y sombrero todo de su l\u00ednea de <strong>CATs vintage<\/strong>.<\/div>\n<div style=\"text-align: center;\"><\/div>\n<div style=\"text-align: center;\"><strong>PARA SALIR A CENAR<\/strong>: <span style=\"text-decoration: underline;\">Top negro+falda midi de lunares y bolso &#8216;naif<\/span><\/div>\n<div style=\"text-align: center;\"><\/div>\n<div style=\"text-align: center;\"><a href=\"\/pasarelaurbana\/wp-content\/uploads\/sites\/49\/2013\/10\/catssiete.jpg\"><img loading=\"lazy\" class=\"aligncenter size-full wp-image-5379\" title=\"catssiete\" src=\"\/pasarelaurbana\/wp-content\/uploads\/sites\/49\/2013\/10\/catssiete.jpg\" alt=\"\" width=\"600\" height=\"900\" srcset=\"https:\/\/static-blogs.diariosur.es\/wp-content\/uploads\/sites\/49\/2013\/10\/catssiete.jpg 600w, https:\/\/static-blogs.diariosur.es\/wp-content\/uploads\/sites\/49\/2013\/10\/catssiete-200x300.jpg 200w\" sizes=\"(max-width: 600px) 100vw, 600px\" \/><\/a><\/div>\n<div style=\"text-align: center;\"><\/div>\n<div style=\"text-align: center;\"><a href=\"\/pasarelaurbana\/wp-content\/uploads\/sites\/49\/2013\/10\/catsocho.jpg\"><img loading=\"lazy\" class=\"aligncenter size-full wp-image-5377\" title=\"catsocho\" src=\"\/pasarelaurbana\/wp-content\/uploads\/sites\/49\/2013\/10\/catsocho.jpg\" alt=\"\" width=\"600\" height=\"400\" srcset=\"https:\/\/static-blogs.diariosur.es\/wp-content\/uploads\/sites\/49\/2013\/10\/catsocho.jpg 600w, https:\/\/static-blogs.diariosur.es\/wp-content\/uploads\/sites\/49\/2013\/10\/catsocho-300x200.jpg 300w\" sizes=\"(max-width: 600px) 100vw, 600px\" \/><\/a><\/div>\n<div style=\"text-align: center;\"><\/div>\n<div style=\"text-align: center;\"><a href=\"\/pasarelaurbana\/wp-content\/uploads\/sites\/49\/2013\/10\/catsnueve.jpg\"><img loading=\"lazy\" class=\"aligncenter size-full wp-image-5376\" title=\"catsnueve\" src=\"\/pasarelaurbana\/wp-content\/uploads\/sites\/49\/2013\/10\/catsnueve.jpg\" alt=\"\" width=\"600\" height=\"900\" srcset=\"https:\/\/static-blogs.diariosur.es\/wp-content\/uploads\/sites\/49\/2013\/10\/catsnueve.jpg 600w, https:\/\/static-blogs.diariosur.es\/wp-content\/uploads\/sites\/49\/2013\/10\/catsnueve-200x300.jpg 200w\" sizes=\"(max-width: 600px) 100vw, 600px\" \/><\/a><\/div>\n<div style=\"text-align: center;\"><\/div>\n<div style=\"text-align: center;\"><a href=\"\/pasarelaurbana\/wp-content\/uploads\/sites\/49\/2013\/10\/catsdiez.jpg\"><img loading=\"lazy\" class=\"aligncenter size-full wp-image-5374\" title=\"catsdiez\" src=\"\/pasarelaurbana\/wp-content\/uploads\/sites\/49\/2013\/10\/catsdiez.jpg\" alt=\"\" width=\"600\" height=\"900\" srcset=\"https:\/\/static-blogs.diariosur.es\/wp-content\/uploads\/sites\/49\/2013\/10\/catsdiez.jpg 600w, https:\/\/static-blogs.diariosur.es\/wp-content\/uploads\/sites\/49\/2013\/10\/catsdiez-200x300.jpg 200w\" sizes=\"(max-width: 600px) 100vw, 600px\" \/><\/a><\/div>\n<div style=\"text-align: center;\"><\/div>\n<div style=\"text-align: center;\"><a href=\"\/pasarelaurbana\/wp-content\/uploads\/sites\/49\/2013\/10\/catsonce.jpg\"><img loading=\"lazy\" class=\"aligncenter size-full wp-image-5378\" title=\"catsonce\" src=\"\/pasarelaurbana\/wp-content\/uploads\/sites\/49\/2013\/10\/catsonce.jpg\" alt=\"\" width=\"600\" height=\"900\" srcset=\"https:\/\/static-blogs.diariosur.es\/wp-content\/uploads\/sites\/49\/2013\/10\/catsonce.jpg 600w, https:\/\/static-blogs.diariosur.es\/wp-content\/uploads\/sites\/49\/2013\/10\/catsonce-200x300.jpg 200w\" sizes=\"(max-width: 600px) 100vw, 600px\" \/><\/a><\/div>\n<div style=\"text-align: center;\"><\/div>\n<div style=\"text-align: center;\"><a href=\"\/pasarelaurbana\/wp-content\/uploads\/sites\/49\/2013\/10\/catsdoce.jpg\"><img loading=\"lazy\" class=\"aligncenter size-full wp-image-5375\" title=\"catsdoce\" src=\"\/pasarelaurbana\/wp-content\/uploads\/sites\/49\/2013\/10\/catsdoce.jpg\" alt=\"\" width=\"600\" height=\"900\" srcset=\"https:\/\/static-blogs.diariosur.es\/wp-content\/uploads\/sites\/49\/2013\/10\/catsdoce.jpg 600w, https:\/\/static-blogs.diariosur.es\/wp-content\/uploads\/sites\/49\/2013\/10\/catsdoce-200x300.jpg 200w\" sizes=\"(max-width: 600px) 100vw, 600px\" \/><\/a><\/div>\n<div style=\"text-align: center;\"><\/div>\n<div style=\"text-align: center;\"><a href=\"\/pasarelaurbana\/wp-content\/uploads\/sites\/49\/2013\/10\/catstrece.jpg\"><img loading=\"lazy\" class=\"aligncenter size-full wp-image-5372\" title=\"catstrece\" src=\"\/pasarelaurbana\/wp-content\/uploads\/sites\/49\/2013\/10\/catstrece.jpg\" alt=\"\" width=\"600\" height=\"400\" srcset=\"https:\/\/static-blogs.diariosur.es\/wp-content\/uploads\/sites\/49\/2013\/10\/catstrece.jpg 600w, https:\/\/static-blogs.diariosur.es\/wp-content\/uploads\/sites\/49\/2013\/10\/catstrece-300x200.jpg 300w\" sizes=\"(max-width: 600px) 100vw, 600px\" \/><\/a><\/div>\n<div style=\"text-align: center;\"><\/div>\n<div style=\"text-align: center;\"><a href=\"\/pasarelaurbana\/wp-content\/uploads\/sites\/49\/2013\/10\/catscatorce.jpg\"><img loading=\"lazy\" class=\"aligncenter size-full wp-image-5373\" title=\"catscatorce\" src=\"\/pasarelaurbana\/wp-content\/uploads\/sites\/49\/2013\/10\/catscatorce.jpg\" alt=\"\" width=\"600\" height=\"400\" srcset=\"https:\/\/static-blogs.diariosur.es\/wp-content\/uploads\/sites\/49\/2013\/10\/catscatorce.jpg 600w, https:\/\/static-blogs.diariosur.es\/wp-content\/uploads\/sites\/49\/2013\/10\/catscatorce-300x200.jpg 300w\" sizes=\"(max-width: 600px) 100vw, 600px\" \/><\/a><\/div>\n<div style=\"text-align: center;\"><\/div>\n<div style=\"text-align: center;\"><\/div>\n<div style=\"text-align: center;\">Para salir a cenar, Mayi se decanta por un crop top b\u00e1sico negro de <strong>Zara<\/strong>. Lo combina con falda midi de lunares en negro y azul el\u00e9ctrico <strong>herencia familiar<\/strong> al igual que el bolso de cuentas de aire &#8216;naif&#8217; con divertido &#8216;print&#8217; de conejitos,, que era de su t\u00eda. Las merceditas de charol son de <strong>Zara<\/strong>. \u00a0\u00bfEl toque chic? Ponerse el cintur\u00f3n en la cabeza a modo de turbante.<\/div>\n<div style=\"text-align: center;\"><\/div>\n<div style=\"text-align: center;\"><strong>SU APUESTA PARA UN EVENTO:<\/strong> <span style=\"text-decoration: underline;\">Vestido largo vintage con encajes+zapatos plateados<\/span><\/div>\n<div style=\"text-align: center;\"><\/div>\n<div style=\"text-align: center;\"><a href=\"\/pasarelaurbana\/wp-content\/uploads\/sites\/49\/2013\/10\/catsquince.jpg\"><img loading=\"lazy\" class=\"aligncenter size-full wp-image-5383\" title=\"catsquince\" src=\"\/pasarelaurbana\/wp-content\/uploads\/sites\/49\/2013\/10\/catsquince.jpg\" alt=\"\" width=\"601\" height=\"902\" srcset=\"https:\/\/static-blogs.diariosur.es\/wp-content\/uploads\/sites\/49\/2013\/10\/catsquince.jpg 601w, https:\/\/static-blogs.diariosur.es\/wp-content\/uploads\/sites\/49\/2013\/10\/catsquince-200x300.jpg 200w\" sizes=\"(max-width: 601px) 100vw, 601px\" \/><\/a><\/div>\n<div style=\"text-align: center;\"><\/div>\n<div style=\"text-align: center;\"><a href=\"\/pasarelaurbana\/wp-content\/uploads\/sites\/49\/2013\/10\/catdseis.jpg\"><img loading=\"lazy\" class=\"aligncenter size-full wp-image-5385\" title=\"catdseis\" src=\"\/pasarelaurbana\/wp-content\/uploads\/sites\/49\/2013\/10\/catdseis.jpg\" alt=\"\" width=\"600\" height=\"400\" srcset=\"https:\/\/static-blogs.diariosur.es\/wp-content\/uploads\/sites\/49\/2013\/10\/catdseis.jpg 600w, https:\/\/static-blogs.diariosur.es\/wp-content\/uploads\/sites\/49\/2013\/10\/catdseis-300x200.jpg 300w\" sizes=\"(max-width: 600px) 100vw, 600px\" \/><\/a><\/div>\n<div style=\"text-align: center;\"><\/div>\n<div style=\"text-align: center;\"><a href=\"\/pasarelaurbana\/wp-content\/uploads\/sites\/49\/2013\/10\/catsdsiete.jpg\"><img loading=\"lazy\" class=\"aligncenter size-full wp-image-5382\" title=\"catsdsiete\" src=\"\/pasarelaurbana\/wp-content\/uploads\/sites\/49\/2013\/10\/catsdsiete.jpg\" alt=\"\" width=\"600\" height=\"900\" srcset=\"https:\/\/static-blogs.diariosur.es\/wp-content\/uploads\/sites\/49\/2013\/10\/catsdsiete.jpg 600w, https:\/\/static-blogs.diariosur.es\/wp-content\/uploads\/sites\/49\/2013\/10\/catsdsiete-200x300.jpg 200w\" sizes=\"(max-width: 600px) 100vw, 600px\" \/><\/a><\/div>\n<div style=\"text-align: center;\"><\/div>\n<div style=\"text-align: center;\"><a href=\"\/pasarelaurbana\/wp-content\/uploads\/sites\/49\/2013\/10\/catsdocho.jpg\"><img loading=\"lazy\" class=\"aligncenter size-full wp-image-5381\" title=\"catsdocho\" src=\"\/pasarelaurbana\/wp-content\/uploads\/sites\/49\/2013\/10\/catsdocho.jpg\" alt=\"\" width=\"600\" height=\"400\" srcset=\"https:\/\/static-blogs.diariosur.es\/wp-content\/uploads\/sites\/49\/2013\/10\/catsdocho.jpg 600w, https:\/\/static-blogs.diariosur.es\/wp-content\/uploads\/sites\/49\/2013\/10\/catsdocho-300x200.jpg 300w\" sizes=\"(max-width: 600px) 100vw, 600px\" \/><\/a><\/div>\n<div style=\"text-align: center;\"><\/div>\n<div style=\"text-align: center;\"><\/div>\n<div style=\"text-align: center;\">Un vestido largo verde de <strong>CATs vintage<\/strong> con la parte de arriba de encajes centra su propuesta para acudir a un evento. Remata el &#8216;outfit&#8217; con zapatos plateados de <strong>Find de Luxe<\/strong> y bolso de mano negro de <strong>El Corte Ingl\u00e9s<\/strong>.<\/div>\n<div style=\"text-align: center;\"><\/div>\n<div style=\"text-align: center;\">SUS <strong>PRENDAS B\u00c1SICAS<\/strong><\/div>\n<div style=\"text-align: center;\"><\/div>\n<div style=\"text-align: center;\"><a href=\"\/pasarelaurbana\/wp-content\/uploads\/sites\/49\/2013\/10\/catsveinte.jpg\"><img loading=\"lazy\" class=\"aligncenter size-full wp-image-5389\" title=\"catsveinte\" src=\"\/pasarelaurbana\/wp-content\/uploads\/sites\/49\/2013\/10\/catsveinte.jpg\" alt=\"\" width=\"600\" height=\"1027\" srcset=\"https:\/\/static-blogs.diariosur.es\/wp-content\/uploads\/sites\/49\/2013\/10\/catsveinte.jpg 600w, https:\/\/static-blogs.diariosur.es\/wp-content\/uploads\/sites\/49\/2013\/10\/catsveinte-175x300.jpg 175w, https:\/\/static-blogs.diariosur.es\/wp-content\/uploads\/sites\/49\/2013\/10\/catsveinte-598x1024.jpg 598w\" sizes=\"(max-width: 600px) 100vw, 600px\" \/><\/a><\/div>\n<div style=\"text-align: center;\"><\/div>\n<div style=\"text-align: center;\">En sus &#8216;outfits&#8217; oto\u00f1ales son indispensables las camisas estampadas retro y los maxi jerseys calentitos de lana. Los de arriba son <strong>CATs vintage<\/strong>, <strong>\u00c9poca<\/strong> (la blusa de manga larga) y <strong>cosida por ella<\/strong> (la negra). Mayi es una de las muchas malague\u00f1as que se ha sumado a la moda de desplazarse en bici por la ciudad. \u00c9sta la rescat\u00f3 de la basura, &#8220;es de los 60, me la encontr\u00e9 abandonada y un amigo me ayud\u00f3 a ponerla a punto&#8221;, nos confes\u00f3.<\/div>\n<div style=\"text-align: center;\"><\/div>\n<div style=\"text-align: center;\"><a href=\"\/pasarelaurbana\/wp-content\/uploads\/sites\/49\/2013\/10\/catsvuno.jpg\"><img loading=\"lazy\" class=\"aligncenter size-full wp-image-5388\" title=\"catsvuno\" src=\"\/pasarelaurbana\/wp-content\/uploads\/sites\/49\/2013\/10\/catsvuno.jpg\" alt=\"\" width=\"600\" height=\"400\" srcset=\"https:\/\/static-blogs.diariosur.es\/wp-content\/uploads\/sites\/49\/2013\/10\/catsvuno.jpg 600w, https:\/\/static-blogs.diariosur.es\/wp-content\/uploads\/sites\/49\/2013\/10\/catsvuno-300x200.jpg 300w\" sizes=\"(max-width: 600px) 100vw, 600px\" \/><\/a><\/div>\n<div style=\"text-align: center;\"><\/div>\n<div style=\"text-align: center;\">Las blusas rom\u00e1nticas y vaporosas tambi\u00e9n figuran entre sus b\u00e1sicos, junto a los vestidos camiseros. Arriba, camisas de <strong>H&#038;M<\/strong> y <strong>Zara<\/strong> y vestidos de <strong>CATs vintage<\/strong>.<\/div>\n<div style=\"text-align: center;\"><\/div>\n<div style=\"text-align: center;\"><a href=\"\/pasarelaurbana\/wp-content\/uploads\/sites\/49\/2013\/10\/catsvcuatro.jpg\"><img loading=\"lazy\" class=\"aligncenter size-full wp-image-5393\" title=\"catsvcuatro\" src=\"\/pasarelaurbana\/wp-content\/uploads\/sites\/49\/2013\/10\/catsvcuatro.jpg\" alt=\"\" width=\"600\" height=\"400\" srcset=\"https:\/\/static-blogs.diariosur.es\/wp-content\/uploads\/sites\/49\/2013\/10\/catsvcuatro.jpg 600w, https:\/\/static-blogs.diariosur.es\/wp-content\/uploads\/sites\/49\/2013\/10\/catsvcuatro-300x200.jpg 300w\" sizes=\"(max-width: 600px) 100vw, 600px\" \/><\/a><\/div>\n<div style=\"text-align: center;\"><\/div>\n<div style=\"text-align: center;\">En sus estilismos de d\u00eda no faltan los kimonos, tambi\u00e9n vintage.<\/div>\n<div style=\"text-align: center;\"><\/div>\n<div style=\"text-align: center;\"><a href=\"\/pasarelaurbana\/wp-content\/uploads\/sites\/49\/2013\/10\/catsvdos.jpg\"><img loading=\"lazy\" class=\"aligncenter size-full wp-image-5394\" title=\"catsvdos\" src=\"\/pasarelaurbana\/wp-content\/uploads\/sites\/49\/2013\/10\/catsvdos.jpg\" alt=\"\" width=\"600\" height=\"900\" srcset=\"https:\/\/static-blogs.diariosur.es\/wp-content\/uploads\/sites\/49\/2013\/10\/catsvdos.jpg 600w, https:\/\/static-blogs.diariosur.es\/wp-content\/uploads\/sites\/49\/2013\/10\/catsvdos-200x300.jpg 200w\" sizes=\"(max-width: 600px) 100vw, 600px\" \/><\/a><\/div>\n<div style=\"text-align: center;\"><\/div>\n<div style=\"text-align: center;\">Vestido estampado negro de <strong>CATs vintage<\/strong> que combina con bandolera rosa de <strong>Beyond Retro<\/strong> y collar de <strong>Blanco<\/strong>. &#8220;No soy de arreglarme demasiado as\u00ed que me lo pondr\u00eda, por ejemplo, para salir una noche&#8221;.<\/div>\n<div style=\"text-align: center;\"><\/div>\n<div style=\"text-align: center;\"><\/div>\n<div style=\"text-align: center;\">SUS <strong>COMPLEMENTOS<\/strong> (le pierden los zapatos)<\/div>\n<div style=\"text-align: center;\"><\/div>\n<div style=\"text-align: center;\"><a href=\"\/pasarelaurbana\/wp-content\/uploads\/sites\/49\/2013\/10\/catsvseis.jpg\"><img loading=\"lazy\" class=\"aligncenter size-full wp-image-5392\" title=\"catsvseis\" src=\"\/pasarelaurbana\/wp-content\/uploads\/sites\/49\/2013\/10\/catsvseis.jpg\" alt=\"\" width=\"600\" height=\"477\" srcset=\"https:\/\/static-blogs.diariosur.es\/wp-content\/uploads\/sites\/49\/2013\/10\/catsvseis.jpg 600w, https:\/\/static-blogs.diariosur.es\/wp-content\/uploads\/sites\/49\/2013\/10\/catsvseis-300x239.jpg 300w\" sizes=\"(max-width: 600px) 100vw, 600px\" \/><\/a><\/div>\n<div style=\"text-align: center;\"><\/div>\n<div style=\"text-align: center;\"><a href=\"\/pasarelaurbana\/wp-content\/uploads\/sites\/49\/2013\/10\/catsvnueve.jpg\"><img loading=\"lazy\" class=\"aligncenter size-full wp-image-5390\" title=\"catsvnueve\" src=\"\/pasarelaurbana\/wp-content\/uploads\/sites\/49\/2013\/10\/catsvnueve.jpg\" alt=\"\" width=\"600\" height=\"414\" srcset=\"https:\/\/static-blogs.diariosur.es\/wp-content\/uploads\/sites\/49\/2013\/10\/catsvnueve.jpg 600w, https:\/\/static-blogs.diariosur.es\/wp-content\/uploads\/sites\/49\/2013\/10\/catsvnueve-300x207.jpg 300w\" sizes=\"(max-width: 600px) 100vw, 600px\" \/><\/a><\/div>\n<div style=\"text-align: center;\"><\/div>\n<div style=\"text-align: center;\">\n<div>Los zapatos son su debilidad. Los de la foto son de <strong>Zara, Mango, Nicol\u00e1s, vintage y de Salvatore Ferragamo<\/strong>.<\/div>\n<div><\/div>\n<div><a href=\"\/pasarelaurbana\/wp-content\/uploads\/sites\/49\/2013\/10\/catstreinta.jpg\"><img loading=\"lazy\" class=\"aligncenter size-full wp-image-5396\" title=\"catstreinta\" src=\"\/pasarelaurbana\/wp-content\/uploads\/sites\/49\/2013\/10\/catstreinta.jpg\" alt=\"\" width=\"600\" height=\"400\" srcset=\"https:\/\/static-blogs.diariosur.es\/wp-content\/uploads\/sites\/49\/2013\/10\/catstreinta.jpg 600w, https:\/\/static-blogs.diariosur.es\/wp-content\/uploads\/sites\/49\/2013\/10\/catstreinta-300x200.jpg 300w\" sizes=\"(max-width: 600px) 100vw, 600px\" \/><\/a><\/div>\n<div><\/div>\n<\/div>\n<div style=\"text-align: center;\"><a href=\"\/pasarelaurbana\/wp-content\/uploads\/sites\/49\/2013\/10\/catsvocho.jpg\"><img loading=\"lazy\" class=\"aligncenter size-full wp-image-5391\" title=\"catsvocho\" src=\"\/pasarelaurbana\/wp-content\/uploads\/sites\/49\/2013\/10\/catsvocho.jpg\" alt=\"\" width=\"600\" height=\"422\" srcset=\"https:\/\/static-blogs.diariosur.es\/wp-content\/uploads\/sites\/49\/2013\/10\/catsvocho.jpg 600w, https:\/\/static-blogs.diariosur.es\/wp-content\/uploads\/sites\/49\/2013\/10\/catsvocho-300x211.jpg 300w\" sizes=\"(max-width: 600px) 100vw, 600px\" \/><\/a><\/div>\n<div style=\"text-align: center;\"><\/div>\n<div style=\"text-align: center;\">Montes es poco dada a abusar de la bisuter\u00eda. La luce en contadas ocasiones -sobre todo cuando sale por la noche- y la adquiere en su mayor\u00eda \u00a0en mercadillos a artesanos malague\u00f1os. En la foto de arriba: de <strong>Roc Very Well, Zarandajas y Onia Ole.\u00a0<\/strong><\/div>\n<div style=\"text-align: center;\"><\/div>\n<div style=\"text-align: center;\"><a href=\"\/pasarelaurbana\/wp-content\/uploads\/sites\/49\/2013\/10\/catsvsiete.jpg\"><img loading=\"lazy\" class=\"aligncenter size-full wp-image-5386\" title=\"catsvsiete\" src=\"\/pasarelaurbana\/wp-content\/uploads\/sites\/49\/2013\/10\/catsvsiete.jpg\" alt=\"\" width=\"600\" height=\"400\" srcset=\"https:\/\/static-blogs.diariosur.es\/wp-content\/uploads\/sites\/49\/2013\/10\/catsvsiete.jpg 600w, https:\/\/static-blogs.diariosur.es\/wp-content\/uploads\/sites\/49\/2013\/10\/catsvsiete-300x200.jpg 300w\" sizes=\"(max-width: 600px) 100vw, 600px\" \/><\/a><\/div>\n<div style=\"text-align: center;\"><\/div>\n<div style=\"text-align: center;\"><\/div>\n<div style=\"text-align: center;\">Una selecci\u00f3n de su colecci\u00f3n de gafas (le pierden): de <strong>Mango, Armani, Ray-Ban, Beyond Retro, YSL y de tiendas vintage.<\/strong><\/div>\n<div style=\"text-align: center;\"><\/div>\n<div style=\"text-align: center;\"><a href=\"\/pasarelaurbana\/wp-content\/uploads\/sites\/49\/2013\/10\/catstreintauno.jpg\"><img loading=\"lazy\" class=\"aligncenter size-full wp-image-5395\" title=\"catstreintauno\" src=\"\/pasarelaurbana\/wp-content\/uploads\/sites\/49\/2013\/10\/catstreintauno.jpg\" alt=\"\" width=\"600\" height=\"400\" srcset=\"https:\/\/static-blogs.diariosur.es\/wp-content\/uploads\/sites\/49\/2013\/10\/catstreintauno.jpg 600w, https:\/\/static-blogs.diariosur.es\/wp-content\/uploads\/sites\/49\/2013\/10\/catstreintauno-300x200.jpg 300w\" sizes=\"(max-width: 600px) 100vw, 600px\" \/><\/a><\/div>\n<div style=\"text-align: center;\"><\/div>\n<div style=\"text-align: center;\">Y termino, como manda la tradici\u00f3n, con una foto de mi \u00e1lbum personal tomada por mi compi Yhasmina en el showroom de CATs vintage, en el Paseo de Reding. Aprovecho para agradecer a Mayi su colaboraci\u00f3n y entrega. No solo hizo los deberes, sino de que pas\u00f3 el examen con nota (ten\u00eda estudiado al detalle los rincones donde pod\u00edamos colgar la ropa y las prendas que quer\u00eda sacar, lo cual nos agiliz\u00f3 much\u00edsimo el trabajo). \u00a1Gracias Mayi, eres un sol! Por cierto, <span style=\"text-decoration: underline;\">est\u00e1 \u00a0apunto de estrenar tienda on line, as\u00ed que estaremos muy atentos a ella.<\/span> Para la sesi\u00f3n de fotos eligi\u00f3 vestido largo de flores de <strong>CATs vintage<\/strong> y botines de <strong>Mango<\/strong>. En mi caso llev\u00e9 camisa de <strong>Sfera<\/strong> de plumeti (de la nueva colecci\u00f3n), vaqueros de <strong>Zara<\/strong> y collar con osita de la firma malague\u00f1a\u00a0<strong>No me llames mu\u00f1eca <\/strong>(perdonad mi mala cara pero llevo muy pachucha toda la semana liada de m\u00e9dicos, motivo por el cual no he podido actualizar el blog hasta hoy). Os dejo para terminar con la ruta de tiendas de Mayi Montes:<\/div>\n<div style=\"text-align: center;\"><\/div>\n<div style=\"text-align: center;\"><\/div>\n<div style=\"text-align: center;\"><span style=\"text-decoration: underline;\">SU RUTA DE TIENDAS<\/span><\/div>\n<div style=\"text-align: center;\"><\/div>\n<div style=\"text-align: center;\">1. <strong>Mercadillos<\/strong> y tiendas de segunda mano.<\/div>\n<div style=\"text-align: center;\">2. <strong>Para b\u00e1sicos<\/strong>: Zara, TopShop y AllSaints<\/div>\n<div style=\"text-align: center;\">3. <strong>Bimba y Lola<\/strong>. Le pierden sus zapatos<\/div>\n<div style=\"text-align: center;\">4. <strong>Bisuter\u00eda de artesanos locales<\/strong>: Roc Very Well, Onia Ole y Zarandajas<\/div>\n<div style=\"text-align: center;\">5. <strong>Tocados BB<\/strong>. En Galer\u00edas Goya, para eventos especiales.<\/div>\n<div style=\"text-align: center;\"><\/div>\n<div style=\"text-align: center;\"><\/div>\n<div style=\"text-align: center;\"><\/div>\n<div style=\"text-align: center;\">Y hasta aqu\u00ed el armario de hoy. \u00a1Espero que os haya gustado!<\/div>\n<\/div>\n","protected":false},"excerpt":{"rendered":"<p>Lo mismo est\u00e1 tocando la bater\u00eda en su banda, Trinidad, que cosiendo, &#8220;una gran pasi\u00f3n que he descubierto hace poco y que me tiene entusiasmada&#8221;, nos confiesa. Un car\u00e1cter polifac\u00e9tico que se refleja fielmente en su armario. Ecl\u00e9ctico, camale\u00f3nico y dominado por prendas vintage, su debilidad. Amante de las mezclas, en el vestidor de Mayi [&hellip;]<\/p>\n","protected":false},"author":54,"featured_media":0,"comment_status":"open","ping_status":"open","sticky":false,"template":"","format":"standard","meta":[],"categories":[2],"tags":[],"_links":{"self":[{"href":"https:\/\/blogs.diariosur.es\/pasarelaurbana\/wp-json\/wp\/v2\/posts\/5364"}],"collection":[{"href":"https:\/\/blogs.diariosur.es\/pasarelaurbana\/wp-json\/wp\/v2\/posts"}],"about":[{"href":"https:\/\/blogs.diariosur.es\/pasarelaurbana\/wp-json\/wp\/v2\/types\/post"}],"author":[{"embeddable":true,"href":"https:\/\/blogs.diariosur.es\/pasarelaurbana\/wp-json\/wp\/v2\/users\/54"}],"replies":[{"embeddable":true,"href":"https:\/\/blogs.diariosur.es\/pasarelaurbana\/wp-json\/wp\/v2\/comments?post=5364"}],"version-history":[{"count":0,"href":"https:\/\/blogs.diariosur.es\/pasarelaurbana\/wp-json\/wp\/v2\/posts\/5364\/revisions"}],"wp:attachment":[{"href":"https:\/\/blogs.diariosur.es\/pasarelaurbana\/wp-json\/wp\/v2\/media?parent=5364"}],"wp:term":[{"taxonomy":"category","embeddable":true,"href":"https:\/\/blogs.diariosur.es\/pasarelaurbana\/wp-json\/wp\/v2\/categories?post=5364"},{"taxonomy":"post_tag","embeddable":true,"href":"https:\/\/blogs.diariosur.es\/pasarelaurbana\/wp-json\/wp\/v2\/tags?post=5364"}],"curies":[{"name":"wp","href":"https:\/\/api.w.org\/{rel}","templated":true}]}}