{"id":5399,"date":"2013-11-06T14:45:03","date_gmt":"2013-11-06T13:45:03","guid":{"rendered":"http:\/\/blogs.diariosur.es\/pasarelaurbana\/?p=5399"},"modified":"2013-11-06T14:45:03","modified_gmt":"2013-11-06T13:45:03","slug":"a-la-rica-mostaza-2","status":"publish","type":"post","link":"https:\/\/blogs.diariosur.es\/pasarelaurbana\/2013\/11\/06\/a-la-rica-mostaza-2\/","title":{"rendered":"\u00a1A la rica mostaza!"},"content":{"rendered":"<p style=\"text-align: center;\">\u00a1Buenas! Despu\u00e9s de diez d\u00edas ausentes por problemas de salud (ya estoy remontando, bicho malo nunca muere -eso dicen, no?-) vuelvo a desplegar la pasarela urbana para fichar las \u00faltimas tendencias, la actualidad de la moda malague\u00f1a y el mejor street style de la ciudad. Hoy he tenido sesi\u00f3n de fotos por calle Larios. Despu\u00e9s de los desagradables d\u00edas de viento que hemos tenido hoy hac\u00eda una ma\u00f1ana de sol y calor preciosa m\u00e1s propia de primavera que de un mes de noviembre (a estas alturas nos tomamos los turrones en manga corta). Una gozada poder disfrutar de este buen tiempo, sin embargo la pega -por ponerla alguna, que nos quejamos de vicio- es el dilema al que nos seguimos teniendo que enfrentar cada vez que nos plantamos frente al armario (personalmente odio esta etapa de transici\u00f3n porque me vuelvo majarona y ya no se qu\u00e9 ponerme). A pie de calle se ven todo tipo de mezclas. Desde mangas a la sisa a chaquetones, desde sandalias descubiertas a botas altas&#8230;\u00a1una locura, vamos! En los pr\u00f3ximos d\u00edas os ir\u00e9 desgranando el resultado de esta \u00faltima sesi\u00f3n (estad atentas porque hay algunos looks muy interesantes). Mientras tanto, hoy quiero dedicar el post a uno de los colores que pisa (o mejor ti\u00f1e) fuerte esta temporada. Me refiero al mostaza. Un tono muy oto\u00f1al que marida especialmente bien con los azules marinos (para el d\u00eda) o los negros (ideal para outfits de noche). A mi me encanta adem\u00e1s combinado con burdeos y con celeste en peque\u00f1as pinceladas (solo para las m\u00e1s atrevidas). En las principales tiendas &#8216;low cost&#8217; encontrar\u00e9is un sinf\u00edn de opciones con este color. Os dejo con una selecci\u00f3n de algunas de las que m\u00e1s me han gustado. \u00a1Hasta ma\u00f1ana! Os espero en Twitter: @almunogues<\/p>\n<p><a href=\"\/pasarelaurbana\/wp-content\/uploads\/sites\/49\/2013\/11\/mostazarauno.jpg\"><img loading=\"lazy\" class=\"aligncenter size-full wp-image-5408\" title=\"mostazarauno\" src=\"\/pasarelaurbana\/wp-content\/uploads\/sites\/49\/2013\/11\/mostazarauno.jpg\" alt=\"\" width=\"600\" height=\"743\" srcset=\"https:\/\/static-blogs.diariosur.es\/wp-content\/uploads\/sites\/49\/2013\/11\/mostazarauno.jpg 600w, https:\/\/static-blogs.diariosur.es\/wp-content\/uploads\/sites\/49\/2013\/11\/mostazarauno-242x300.jpg 242w\" sizes=\"(max-width: 600px) 100vw, 600px\" \/><\/a><!--more--><a href=\"\/pasarelaurbana\/wp-content\/uploads\/sites\/49\/2013\/11\/mostazarados.jpg\"><img loading=\"lazy\" class=\"aligncenter size-full wp-image-5406\" title=\"mostazarados\" src=\"\/pasarelaurbana\/wp-content\/uploads\/sites\/49\/2013\/11\/mostazarados.jpg\" alt=\"\" width=\"600\" height=\"743\" srcset=\"https:\/\/static-blogs.diariosur.es\/wp-content\/uploads\/sites\/49\/2013\/11\/mostazarados.jpg 600w, https:\/\/static-blogs.diariosur.es\/wp-content\/uploads\/sites\/49\/2013\/11\/mostazarados-242x300.jpg 242w\" sizes=\"(max-width: 600px) 100vw, 600px\" \/><\/a><\/p>\n<p><a href=\"\/pasarelaurbana\/wp-content\/uploads\/sites\/49\/2013\/11\/mostazaratres.jpg\"><img loading=\"lazy\" class=\"aligncenter size-full wp-image-5407\" title=\"mostazaratres\" src=\"\/pasarelaurbana\/wp-content\/uploads\/sites\/49\/2013\/11\/mostazaratres.jpg\" alt=\"\" width=\"600\" height=\"743\" srcset=\"https:\/\/static-blogs.diariosur.es\/wp-content\/uploads\/sites\/49\/2013\/11\/mostazaratres.jpg 600w, https:\/\/static-blogs.diariosur.es\/wp-content\/uploads\/sites\/49\/2013\/11\/mostazaratres-242x300.jpg 242w\" sizes=\"(max-width: 600px) 100vw, 600px\" \/><\/a><\/p>\n<p style=\"text-align: center;\">Arriba, tres propuestas de <strong>Zara<\/strong>. La camisa estampada con los pu\u00f1os fecto cuero es muy chula y el jersey combinado con falda negra midi me encanta.<\/p>\n<p style=\"text-align: center;\"><a href=\"\/pasarelaurbana\/wp-content\/uploads\/sites\/49\/2013\/11\/mostaza-pull.jpg\"><img loading=\"lazy\" class=\"aligncenter size-full wp-image-5405\" title=\"mostaza-pull\" src=\"\/pasarelaurbana\/wp-content\/uploads\/sites\/49\/2013\/11\/mostaza-pull.jpg\" alt=\"\" width=\"600\" height=\"767\" srcset=\"https:\/\/static-blogs.diariosur.es\/wp-content\/uploads\/sites\/49\/2013\/11\/mostaza-pull.jpg 600w, https:\/\/static-blogs.diariosur.es\/wp-content\/uploads\/sites\/49\/2013\/11\/mostaza-pull-235x300.jpg 235w\" sizes=\"(max-width: 600px) 100vw, 600px\" \/><\/a><\/p>\n<p style=\"text-align: center;\"><a href=\"\/pasarelaurbana\/wp-content\/uploads\/sites\/49\/2013\/11\/faldapull.jpg\"><img loading=\"lazy\" class=\"aligncenter size-full wp-image-5403\" title=\"faldapull\" src=\"\/pasarelaurbana\/wp-content\/uploads\/sites\/49\/2013\/11\/faldapull.jpg\" alt=\"\" width=\"600\" height=\"767\" srcset=\"https:\/\/static-blogs.diariosur.es\/wp-content\/uploads\/sites\/49\/2013\/11\/faldapull.jpg 600w, https:\/\/static-blogs.diariosur.es\/wp-content\/uploads\/sites\/49\/2013\/11\/faldapull-235x300.jpg 235w\" sizes=\"(max-width: 600px) 100vw, 600px\" \/><\/a><\/p>\n<p style=\"text-align: center;\">Arriba, jersey gordo de <strong>Pull&#038;Bear<\/strong> y falda de print tapicero (tambi\u00e9n de P&#038;B).<\/p>\n<p style=\"text-align: center;\"><a href=\"\/pasarelaurbana\/wp-content\/uploads\/sites\/49\/2013\/11\/vestidoasos.jpg\"><img loading=\"lazy\" class=\"aligncenter size-full wp-image-5400\" title=\"vestidoasos\" src=\"\/pasarelaurbana\/wp-content\/uploads\/sites\/49\/2013\/11\/vestidoasos.jpg\" alt=\"\" width=\"600\" height=\"766\" srcset=\"https:\/\/static-blogs.diariosur.es\/wp-content\/uploads\/sites\/49\/2013\/11\/vestidoasos.jpg 600w, https:\/\/static-blogs.diariosur.es\/wp-content\/uploads\/sites\/49\/2013\/11\/vestidoasos-235x300.jpg 235w\" sizes=\"(max-width: 600px) 100vw, 600px\" \/><\/a><\/p>\n<p style=\"text-align: center;\"><a href=\"\/pasarelaurbana\/wp-content\/uploads\/sites\/49\/2013\/11\/abrigoasos.jpg\"><img loading=\"lazy\" class=\"aligncenter size-full wp-image-5401\" title=\"abrigoasos\" src=\"\/pasarelaurbana\/wp-content\/uploads\/sites\/49\/2013\/11\/abrigoasos.jpg\" alt=\"\" width=\"600\" height=\"766\" srcset=\"https:\/\/static-blogs.diariosur.es\/wp-content\/uploads\/sites\/49\/2013\/11\/abrigoasos.jpg 600w, https:\/\/static-blogs.diariosur.es\/wp-content\/uploads\/sites\/49\/2013\/11\/abrigoasos-235x300.jpg 235w\" sizes=\"(max-width: 600px) 100vw, 600px\" \/><\/a><\/p>\n<p style=\"text-align: center;\">Sobre estas l\u00edneas vestido de cuello peter pan y gabardina (me chifla!), ambos de <strong>Asos<\/strong>.<\/p>\n<p style=\"text-align: center;\"><a href=\"\/pasarelaurbana\/wp-content\/uploads\/sites\/49\/2013\/11\/pantalonbimba.jpg\"><img loading=\"lazy\" class=\"aligncenter size-full wp-image-5409\" title=\"pantalonbimba\" src=\"\/pasarelaurbana\/wp-content\/uploads\/sites\/49\/2013\/11\/pantalonbimba.jpg\" alt=\"\" width=\"600\" height=\"764\" srcset=\"https:\/\/static-blogs.diariosur.es\/wp-content\/uploads\/sites\/49\/2013\/11\/pantalonbimba.jpg 600w, https:\/\/static-blogs.diariosur.es\/wp-content\/uploads\/sites\/49\/2013\/11\/pantalonbimba-236x300.jpg 236w\" sizes=\"(max-width: 600px) 100vw, 600px\" \/><\/a><\/p>\n<p style=\"text-align: center;\"><a href=\"\/pasarelaurbana\/wp-content\/uploads\/sites\/49\/2013\/11\/bolsodos.jpg\"><img loading=\"lazy\" class=\"aligncenter size-full wp-image-5402\" title=\"bolsodos\" src=\"\/pasarelaurbana\/wp-content\/uploads\/sites\/49\/2013\/11\/bolsodos.jpg\" alt=\"\" width=\"600\" height=\"764\" srcset=\"https:\/\/static-blogs.diariosur.es\/wp-content\/uploads\/sites\/49\/2013\/11\/bolsodos.jpg 600w, https:\/\/static-blogs.diariosur.es\/wp-content\/uploads\/sites\/49\/2013\/11\/bolsodos-236x300.jpg 236w\" sizes=\"(max-width: 600px) 100vw, 600px\" \/><\/a><\/p>\n<p style=\"text-align: center;\">En las fotos de arriba, pantal\u00f3n de corte masculino y bolso de <strong>Bimba y Lola<\/strong>.<\/p>\n<p style=\"text-align: center;\"><a href=\"\/pasarelaurbana\/wp-content\/uploads\/sites\/49\/2013\/11\/jerseybershka.jpg\"><img loading=\"lazy\" class=\"aligncenter size-full wp-image-5404\" title=\"jerseybershka\" src=\"\/pasarelaurbana\/wp-content\/uploads\/sites\/49\/2013\/11\/jerseybershka.jpg\" alt=\"\" width=\"370\" height=\"474\" srcset=\"https:\/\/static-blogs.diariosur.es\/wp-content\/uploads\/sites\/49\/2013\/11\/jerseybershka.jpg 370w, https:\/\/static-blogs.diariosur.es\/wp-content\/uploads\/sites\/49\/2013\/11\/jerseybershka-234x300.jpg 234w\" sizes=\"(max-width: 370px) 100vw, 370px\" \/><\/a><\/p>\n<p style=\"text-align: center;\">\u00a0Y, por \u00faltimo, jersey de ochos de <strong>Bershka.<\/strong><\/p>\n","protected":false},"excerpt":{"rendered":"<p>\u00a1Buenas! Despu\u00e9s de diez d\u00edas ausentes por problemas de salud (ya estoy remontando, bicho malo nunca muere -eso dicen, no?-) vuelvo a desplegar la pasarela urbana para fichar las \u00faltimas tendencias, la actualidad de la moda malague\u00f1a y el mejor street style de la ciudad. Hoy he tenido sesi\u00f3n de fotos por calle Larios. Despu\u00e9s [&hellip;]<\/p>\n","protected":false},"author":54,"featured_media":0,"comment_status":"open","ping_status":"open","sticky":false,"template":"","format":"standard","meta":[],"categories":[2],"tags":[],"_links":{"self":[{"href":"https:\/\/blogs.diariosur.es\/pasarelaurbana\/wp-json\/wp\/v2\/posts\/5399"}],"collection":[{"href":"https:\/\/blogs.diariosur.es\/pasarelaurbana\/wp-json\/wp\/v2\/posts"}],"about":[{"href":"https:\/\/blogs.diariosur.es\/pasarelaurbana\/wp-json\/wp\/v2\/types\/post"}],"author":[{"embeddable":true,"href":"https:\/\/blogs.diariosur.es\/pasarelaurbana\/wp-json\/wp\/v2\/users\/54"}],"replies":[{"embeddable":true,"href":"https:\/\/blogs.diariosur.es\/pasarelaurbana\/wp-json\/wp\/v2\/comments?post=5399"}],"version-history":[{"count":0,"href":"https:\/\/blogs.diariosur.es\/pasarelaurbana\/wp-json\/wp\/v2\/posts\/5399\/revisions"}],"wp:attachment":[{"href":"https:\/\/blogs.diariosur.es\/pasarelaurbana\/wp-json\/wp\/v2\/media?parent=5399"}],"wp:term":[{"taxonomy":"category","embeddable":true,"href":"https:\/\/blogs.diariosur.es\/pasarelaurbana\/wp-json\/wp\/v2\/categories?post=5399"},{"taxonomy":"post_tag","embeddable":true,"href":"https:\/\/blogs.diariosur.es\/pasarelaurbana\/wp-json\/wp\/v2\/tags?post=5399"}],"curies":[{"name":"wp","href":"https:\/\/api.w.org\/{rel}","templated":true}]}}