{"id":5412,"date":"2013-11-07T21:19:31","date_gmt":"2013-11-07T20:19:31","guid":{"rendered":"http:\/\/blogs.diariosur.es\/pasarelaurbana\/?p=5412"},"modified":"2013-11-07T21:19:31","modified_gmt":"2013-11-07T20:19:31","slug":"la-lenceria-da-el-salto-a-la-calle-2","status":"publish","type":"post","link":"https:\/\/blogs.diariosur.es\/pasarelaurbana\/2013\/11\/07\/la-lenceria-da-el-salto-a-la-calle-2\/","title":{"rendered":"La lencer\u00eda da el salto a la calle"},"content":{"rendered":"<p style=\"text-align: center;\">Os lo avanzaba hace pocas semanas en un post: la moda lencera arrasa este oto\u00f1o. Los percheros de las principales tiendas low cost est\u00e1n plagados de propuestas que invitan a explotar nuestro lado m\u00e1s sexy y femenino presumiendo de encajes, tejidos delicados y semi transparencias. Pues bien, el street style empieza a coger el testigo del dictamen de la pasarela. Lo comprobamos ayer mi\u00e9rcoles en nuestra \u00faltima sesi\u00f3n por el Centro Hist\u00f3rico de M\u00e1laga. La lencer\u00eda ha dado el salto al asfalto, por donde pasea sin pudor. <strong>Carmen Robles<\/strong>, una dependienta malague\u00f1a de 26 a\u00f1os eligi\u00f3 para acudir al trabajo un ajustado vestido negro el\u00e1stico con el bajo de encajes lenceros de Intimissimi. \u00bfSu acierto? Contrarrestar su efecto con prendas m\u00e1s desenfadadas y urbanas como una parka militar y unas botas negras masculinas de cordones (claves esta temporada maridadas con vestidos). \u00bfOs gusta el resultado? Yo personalmente lo veo estiloso, aunque lo m\u00edo con esta tendencia es un ni contigo ni sin ti. Cuando la veo puesta me gusta el efecto pero no me decido a incorporarla a mi armario dado que no se si le sacar\u00e9 partido. Para trabajar, uf, no acabo de atreverme, para ir al parque o de paseo con Ale como que no y para salir (\u00bfqu\u00e9 es eso? jejeje, mi agenda social nocturna es muuuuy limitadita con el peque). Si sois de las m\u00edas una buena alternativa es apostar por lo lencero en peque\u00f1as dosis. Hay top mon\u00edsimos que combinados con chaquetas o rebequitas de punto y vaqueros dan buen resultado. En Pull&#038;Bear tambi\u00e9n han tra\u00eddo algunos vestiditos en clave tart\u00e1n con sutiles encajes a los que tambi\u00e9n les he echado el ojo. En fin, mientras sigo con mi peculiar dilema os dejo con el look al detalle de Carmen. \u00a1Sed felices!<\/p>\n<p><a href=\"\/pasarelaurbana\/wp-content\/uploads\/sites\/49\/2013\/11\/40.jpg\"><img loading=\"lazy\" class=\"aligncenter size-full wp-image-5416\" title=\"40\" src=\"\/pasarelaurbana\/wp-content\/uploads\/sites\/49\/2013\/11\/40.jpg\" alt=\"\" width=\"600\" height=\"803\" srcset=\"https:\/\/static-blogs.diariosur.es\/wp-content\/uploads\/sites\/49\/2013\/11\/40.jpg 600w, https:\/\/static-blogs.diariosur.es\/wp-content\/uploads\/sites\/49\/2013\/11\/40-224x300.jpg 224w\" sizes=\"(max-width: 600px) 100vw, 600px\" \/><\/a><!--more--><a href=\"\/pasarelaurbana\/wp-content\/uploads\/sites\/49\/2013\/11\/41.jpg\"><img loading=\"lazy\" class=\"aligncenter size-full wp-image-5417\" title=\"41\" src=\"\/pasarelaurbana\/wp-content\/uploads\/sites\/49\/2013\/11\/41.jpg\" alt=\"\" width=\"600\" height=\"803\" srcset=\"https:\/\/static-blogs.diariosur.es\/wp-content\/uploads\/sites\/49\/2013\/11\/41.jpg 600w, https:\/\/static-blogs.diariosur.es\/wp-content\/uploads\/sites\/49\/2013\/11\/41-224x300.jpg 224w\" sizes=\"(max-width: 600px) 100vw, 600px\" \/><\/a><\/p>\n<p><a href=\"\/pasarelaurbana\/wp-content\/uploads\/sites\/49\/2013\/11\/42.jpg\"><img loading=\"lazy\" class=\"aligncenter size-full wp-image-5418\" title=\"42\" src=\"\/pasarelaurbana\/wp-content\/uploads\/sites\/49\/2013\/11\/42.jpg\" alt=\"\" width=\"600\" height=\"803\" srcset=\"https:\/\/static-blogs.diariosur.es\/wp-content\/uploads\/sites\/49\/2013\/11\/42.jpg 600w, https:\/\/static-blogs.diariosur.es\/wp-content\/uploads\/sites\/49\/2013\/11\/42-224x300.jpg 224w\" sizes=\"(max-width: 600px) 100vw, 600px\" \/><\/a><\/p>\n<p><a href=\"\/pasarelaurbana\/wp-content\/uploads\/sites\/49\/2013\/11\/43.jpg\"><img loading=\"lazy\" class=\"aligncenter size-full wp-image-5419\" title=\"43\" src=\"\/pasarelaurbana\/wp-content\/uploads\/sites\/49\/2013\/11\/43.jpg\" alt=\"\" width=\"600\" height=\"803\" srcset=\"https:\/\/static-blogs.diariosur.es\/wp-content\/uploads\/sites\/49\/2013\/11\/43.jpg 600w, https:\/\/static-blogs.diariosur.es\/wp-content\/uploads\/sites\/49\/2013\/11\/43-224x300.jpg 224w\" sizes=\"(max-width: 600px) 100vw, 600px\" \/><\/a><\/p>\n<p style=\"text-align: center;\"><a href=\"\/pasarelaurbana\/wp-content\/uploads\/sites\/49\/2013\/11\/45.jpg\"><img loading=\"lazy\" class=\"aligncenter size-full wp-image-5415\" title=\"45\" src=\"\/pasarelaurbana\/wp-content\/uploads\/sites\/49\/2013\/11\/45.jpg\" alt=\"\" width=\"600\" height=\"803\" srcset=\"https:\/\/static-blogs.diariosur.es\/wp-content\/uploads\/sites\/49\/2013\/11\/45.jpg 600w, https:\/\/static-blogs.diariosur.es\/wp-content\/uploads\/sites\/49\/2013\/11\/45-224x300.jpg 224w\" sizes=\"(max-width: 600px) 100vw, 600px\" \/><\/a><\/p>\n<p style=\"text-align: center;\"><strong>Carmen Robles<\/strong>. Dependienta. 26 a\u00f1os<\/p>\n<p style=\"text-align: center;\">Vestido: Intimissimi<\/p>\n<p style=\"text-align: center;\">Chaqueta: Pull&#038;Bear<\/p>\n<p style=\"text-align: center;\">Bolso: Primark<\/p>\n<p style=\"text-align: center;\">Botas: Chica 1o<\/p>\n<p style=\"text-align: center;\">Gafas: Ray Ban<\/p>\n","protected":false},"excerpt":{"rendered":"<p>Os lo avanzaba hace pocas semanas en un post: la moda lencera arrasa este oto\u00f1o. Los percheros de las principales tiendas low cost est\u00e1n plagados de propuestas que invitan a explotar nuestro lado m\u00e1s sexy y femenino presumiendo de encajes, tejidos delicados y semi transparencias. Pues bien, el street style empieza a coger el testigo [&hellip;]<\/p>\n","protected":false},"author":54,"featured_media":0,"comment_status":"open","ping_status":"open","sticky":false,"template":"","format":"standard","meta":[],"categories":[2],"tags":[],"_links":{"self":[{"href":"https:\/\/blogs.diariosur.es\/pasarelaurbana\/wp-json\/wp\/v2\/posts\/5412"}],"collection":[{"href":"https:\/\/blogs.diariosur.es\/pasarelaurbana\/wp-json\/wp\/v2\/posts"}],"about":[{"href":"https:\/\/blogs.diariosur.es\/pasarelaurbana\/wp-json\/wp\/v2\/types\/post"}],"author":[{"embeddable":true,"href":"https:\/\/blogs.diariosur.es\/pasarelaurbana\/wp-json\/wp\/v2\/users\/54"}],"replies":[{"embeddable":true,"href":"https:\/\/blogs.diariosur.es\/pasarelaurbana\/wp-json\/wp\/v2\/comments?post=5412"}],"version-history":[{"count":0,"href":"https:\/\/blogs.diariosur.es\/pasarelaurbana\/wp-json\/wp\/v2\/posts\/5412\/revisions"}],"wp:attachment":[{"href":"https:\/\/blogs.diariosur.es\/pasarelaurbana\/wp-json\/wp\/v2\/media?parent=5412"}],"wp:term":[{"taxonomy":"category","embeddable":true,"href":"https:\/\/blogs.diariosur.es\/pasarelaurbana\/wp-json\/wp\/v2\/categories?post=5412"},{"taxonomy":"post_tag","embeddable":true,"href":"https:\/\/blogs.diariosur.es\/pasarelaurbana\/wp-json\/wp\/v2\/tags?post=5412"}],"curies":[{"name":"wp","href":"https:\/\/api.w.org\/{rel}","templated":true}]}}