{"id":5420,"date":"2013-11-09T10:08:35","date_gmt":"2013-11-09T09:08:35","guid":{"rendered":"http:\/\/blogs.diariosur.es\/pasarelaurbana\/?p=5420"},"modified":"2013-11-09T10:08:35","modified_gmt":"2013-11-09T09:08:35","slug":"eterno-leopardo","status":"publish","type":"post","link":"https:\/\/blogs.diariosur.es\/pasarelaurbana\/2013\/11\/09\/eterno-leopardo\/","title":{"rendered":"Eterno leopardo"},"content":{"rendered":"<p style=\"text-align: center;\">No hay temporada que se le resista. Imbatible, el \u2018print\u2019 de leopardo vuelve este oto\u00f1o para quedarse (si es que alguna vez se fue). Su legi\u00f3n de seguidoras lo mantienen, estaci\u00f3n tras estaci\u00f3n, como un comod\u00edn imprescindible a tener muy en cuenta en el fondo de armario. El estampado felino vuelve a erigirse como el rey de la selva de la moda. SUR lo comprob\u00f3 el pasado mi\u00e9rcoles durante la \u00faltima sesi\u00f3n de \u2018street style\u2019 por las calles del Centro. El leopardo arrasa sobre la pasarela urbana. Se lleva en todo tipo de prendas, tejidos y accesorios afianz\u00e1ndose como un valor seguro cuyo resultado (siempre que se lleve en su justa dosis y no se caiga en excesos) resulta femenino y sofisticado.<br \/>\nEl origen de esta tendencia es tan antiguo como la propia historia de la humanidad. Los hombres de las cavernas ya cubr\u00edan sus necesidades de vestido con las pieles de los animales que cazaban, b\u00e1sicamente felinos. Y hay m\u00e1s. Ya en el antiguo Egipto hay monumentos funerarios que muestran a la princesa Nefertiabet (hermana del fara\u00f3n Keops) vestida con un manto con estampado de leopardo. Una vestimenta que, 4.000 a\u00f1os despu\u00e9s, sigue siendo el motivo animal m\u00e1s empleado en la moda occidental.<br \/>\n\u00abSin los estampados animales, no habr\u00eda ni divas, ni tan siquiera divinidades\u00bb, dijeron los dise\u00f1adores Domenico Dolce y Stefano Gabbana. De hecho las grandes estrellas de Hollywood como Jayne Mansfield, Ava Gardner o Elizabeth Taylor son sol algunas de las que se rindieron a este \u2018print\u2019, s\u00edmbolo de seducci\u00f3n, por el que apuestan Cristina P\u00e9rez, Noelia Lera, Mamen Pulido y Rafaela Villatora, nuestras protagonistas de hoy.<\/p>\n<p style=\"text-align: center;\"><a href=\"\/pasarelaurbana\/wp-content\/uploads\/sites\/49\"><img loading=\"lazy\" class=\"aligncenter size-full wp-image-5422\" title=\"1\" src=\"\/pasarelaurbana\/wp-content\/uploads\/sites\/49\" alt=\"\" width=\"600\" height=\"800\" \/><\/a><!--more--><a href=\"\/pasarelaurbana\/wp-content\/uploads\/sites\/49\"><img loading=\"lazy\" class=\"aligncenter size-full wp-image-5423\" title=\"2\" src=\"\/pasarelaurbana\/wp-content\/uploads\/sites\/49\" alt=\"\" width=\"600\" height=\"800\" \/><\/a><\/p>\n<p style=\"text-align: center;\"><a href=\"\/pasarelaurbana\/wp-content\/uploads\/sites\/49\"><img loading=\"lazy\" class=\"aligncenter size-full wp-image-5424\" title=\"3\" src=\"\/pasarelaurbana\/wp-content\/uploads\/sites\/49\" alt=\"\" width=\"600\" height=\"800\" \/><\/a><\/p>\n<p style=\"text-align: center;\"><a href=\"\/pasarelaurbana\/wp-content\/uploads\/sites\/49\"><img loading=\"lazy\" class=\"aligncenter size-full wp-image-5425\" title=\"4\" src=\"\/pasarelaurbana\/wp-content\/uploads\/sites\/49\" alt=\"\" width=\"600\" height=\"800\" \/><\/a><\/p>\n<p style=\"text-align: center;\"><strong>Noelia Ler<\/strong>a. Directora del hotel M\u00e1laga Nostrum. 40 a\u00f1os<\/p>\n<p style=\"text-align: center;\"><span style=\"text-decoration: underline;\">Un look ecl\u00e9ctico lleno de mezclas interesantes<\/span><br \/>\nPara Noelia Lera el miedo no existe cuando se trata de ponerse frente al armario e idear looks. \u00abSiempre he mezclado mucho, soy bastante atrevida en ese sentido. Me gusta combinar\u00bb, nos confes\u00f3 esta malague\u00f1a cuando la abordamos por calle Larios durante nuestra \u00faltima sesi\u00f3n de \u2018street style\u2019 por el Centro de M\u00e1laga. Nos sorprendi\u00f3 su \u2018outfit\u2019, arriesgado y estiloso y, sobre todo, repleto de contrastes. Esta directora de hotel (M\u00e1laga Nostrum) de 40 a\u00f1os -que se declara una apasionada de los zapatos y de los bolsos- reserva el toque animal a su \u2018shopping bag\u2019 de Zara, un b\u00e1sico de su fondo de armario-\u00ablo tengo desde hace m\u00e1s de ocho a\u00f1os\u00bb, nos revel\u00f3. El sombrero gris de Uterq\u00fce refuerza ese punto de sofisticaci\u00f3n que tambi\u00e9n logra con el collar joya XL, la blusa rom\u00e1ntica y la blazer rosa palo. El contrapunto lo ponen sus deportivas malva New Balance (que vuelve a ser tendencia absoluta entre las amantes del \u2018sporty chic\u2019) con las que adem\u00e1s de subir el color de su \u2018outfit\u2019 consigue rebajar la seriedad del resultado final y darle un aire m\u00e1s juvenil y fresco y deportivo.<\/p>\n<p style=\"text-align: center;\">Camisa, pantalones, bolso y collar joya: De Zara.<\/p>\n<p style=\"text-align: center;\">Deportivas: New Balance.<\/p>\n<p style=\"text-align: center;\">Sombrero: Uterq\u00fce.<\/p>\n<p style=\"text-align: center;\"><a href=\"\/pasarelaurbana\/wp-content\/uploads\/sites\/49\"><img loading=\"lazy\" class=\"aligncenter size-full wp-image-5426\" title=\"5\" src=\"\/pasarelaurbana\/wp-content\/uploads\/sites\/49\" alt=\"\" width=\"600\" height=\"803\" \/><\/a><\/p>\n<p style=\"text-align: center;\"><a href=\"\/pasarelaurbana\/wp-content\/uploads\/sites\/49\"><img loading=\"lazy\" class=\"aligncenter size-full wp-image-5427\" title=\"6\" src=\"\/pasarelaurbana\/wp-content\/uploads\/sites\/49\" alt=\"\" width=\"600\" height=\"803\" \/><\/a><\/p>\n<p style=\"text-align: center;\"><a href=\"\/pasarelaurbana\/wp-content\/uploads\/sites\/49\"><img loading=\"lazy\" class=\"aligncenter size-full wp-image-5428\" title=\"7\" src=\"\/pasarelaurbana\/wp-content\/uploads\/sites\/49\" alt=\"\" width=\"600\" height=\"803\" \/><\/a><\/p>\n<p style=\"text-align: center;\"><a href=\"\/pasarelaurbana\/wp-content\/uploads\/sites\/49\"><img loading=\"lazy\" class=\"aligncenter size-full wp-image-5430\" title=\"9\" src=\"\/pasarelaurbana\/wp-content\/uploads\/sites\/49\" alt=\"\" width=\"600\" height=\"803\" \/><\/a><\/p>\n<p style=\"text-align: center;\"><a href=\"\/pasarelaurbana\/wp-content\/uploads\/sites\/49\"><img loading=\"lazy\" class=\"aligncenter size-full wp-image-5429\" title=\"8\" src=\"\/pasarelaurbana\/wp-content\/uploads\/sites\/49\" alt=\"\" width=\"600\" height=\"803\" \/><\/a><\/p>\n<p style=\"text-align: center;\"><strong>Mamen Pulido<\/strong>. Funcionaria. 50 a\u00f1os<\/p>\n<p style=\"text-align: center;\"><span style=\"text-decoration: underline;\">\u00abMe encanta porque favorece y combina muy bien\u00bb<\/span><br \/>\n\u00abFavorece, sienta bien tanto para looks de d\u00eda como de noche y combina estupendamente con beiges, negros y marrones, mis tonos favoritos\u00bb. Con estos argumentos defiende Mamen Pulido, una funcionaria de 50 a\u00f1os, el estampado de leopardo, un b\u00e1sico en su armario. En su caso, y al igual que Rafaela, lo luce en formato vestido suelto (el suyo es de Chavala), con rebeca beige de Banana Republic y bolso XL en Longchamp. \u00bfEl resultado? Impecable. Completa el \u2018outfit\u2019 con unos tacones bajos de charol en nude de LK Bennett, \u00abcomo los que usa Kate Middleton\u00bb, bromea.<\/p>\n<p style=\"text-align: center;\">Vestido: Chavala.<\/p>\n<p style=\"text-align: center;\">Rebeca: Banana Republic.<\/p>\n<p style=\"text-align: center;\">Zapatos: LK Bennett.<\/p>\n<p style=\"text-align: center;\">Bolso: Longchamp.<\/p>\n<p style=\"text-align: center;\"><a href=\"\/pasarelaurbana\/wp-content\/uploads\/sites\/49\/2013\/11\/10.jpg\"><img loading=\"lazy\" class=\"aligncenter size-full wp-image-5431\" title=\"10\" src=\"\/pasarelaurbana\/wp-content\/uploads\/sites\/49\/2013\/11\/10.jpg\" alt=\"\" width=\"600\" height=\"803\" srcset=\"https:\/\/static-blogs.diariosur.es\/wp-content\/uploads\/sites\/49\/2013\/11\/10.jpg 600w, https:\/\/static-blogs.diariosur.es\/wp-content\/uploads\/sites\/49\/2013\/11\/10-224x300.jpg 224w\" sizes=\"(max-width: 600px) 100vw, 600px\" \/><\/a><\/p>\n<p style=\"text-align: center;\"><a href=\"\/pasarelaurbana\/wp-content\/uploads\/sites\/49\/2013\/11\/11.jpg\"><img loading=\"lazy\" class=\"aligncenter size-full wp-image-5432\" title=\"11\" src=\"\/pasarelaurbana\/wp-content\/uploads\/sites\/49\/2013\/11\/11.jpg\" alt=\"\" width=\"600\" height=\"803\" srcset=\"https:\/\/static-blogs.diariosur.es\/wp-content\/uploads\/sites\/49\/2013\/11\/11.jpg 600w, https:\/\/static-blogs.diariosur.es\/wp-content\/uploads\/sites\/49\/2013\/11\/11-224x300.jpg 224w\" sizes=\"(max-width: 600px) 100vw, 600px\" \/><\/a><\/p>\n<p style=\"text-align: center;\"><a href=\"\/pasarelaurbana\/wp-content\/uploads\/sites\/49\/2013\/11\/12.jpg\"><img loading=\"lazy\" class=\"aligncenter size-full wp-image-5434\" title=\"12\" src=\"\/pasarelaurbana\/wp-content\/uploads\/sites\/49\/2013\/11\/12.jpg\" alt=\"\" width=\"600\" height=\"803\" srcset=\"https:\/\/static-blogs.diariosur.es\/wp-content\/uploads\/sites\/49\/2013\/11\/12.jpg 600w, https:\/\/static-blogs.diariosur.es\/wp-content\/uploads\/sites\/49\/2013\/11\/12-224x300.jpg 224w\" sizes=\"(max-width: 600px) 100vw, 600px\" \/><\/a><\/p>\n<p style=\"text-align: center;\"><a href=\"\/pasarelaurbana\/wp-content\/uploads\/sites\/49\/2013\/11\/13.jpg\"><img loading=\"lazy\" class=\"aligncenter size-full wp-image-5433\" title=\"13\" src=\"\/pasarelaurbana\/wp-content\/uploads\/sites\/49\/2013\/11\/13.jpg\" alt=\"\" width=\"600\" height=\"448\" srcset=\"https:\/\/static-blogs.diariosur.es\/wp-content\/uploads\/sites\/49\/2013\/11\/13.jpg 600w, https:\/\/static-blogs.diariosur.es\/wp-content\/uploads\/sites\/49\/2013\/11\/13-300x224.jpg 300w\" sizes=\"(max-width: 600px) 100vw, 600px\" \/><\/a><\/p>\n<p style=\"text-align: center;\"><a href=\"\/pasarelaurbana\/wp-content\/uploads\/sites\/49\/2013\/11\/14.jpg\"><img loading=\"lazy\" class=\"aligncenter size-full wp-image-5421\" title=\"14\" src=\"\/pasarelaurbana\/wp-content\/uploads\/sites\/49\/2013\/11\/14.jpg\" alt=\"\" width=\"600\" height=\"448\" srcset=\"https:\/\/static-blogs.diariosur.es\/wp-content\/uploads\/sites\/49\/2013\/11\/14.jpg 600w, https:\/\/static-blogs.diariosur.es\/wp-content\/uploads\/sites\/49\/2013\/11\/14-300x224.jpg 300w\" sizes=\"(max-width: 600px) 100vw, 600px\" \/><\/a><\/p>\n<p style=\"text-align: center;\"><strong>Rafaela Villatoro<\/strong>. Empleada de banca. 53 a\u00f1os<\/p>\n<p style=\"text-align: center;\"><span style=\"text-decoration: underline;\">En vestido, perfecto para el d\u00eda con una chaqueta vaquera<\/span><br \/>\nEs una de esas parejas cl\u00e1sicas que siempre dan buen resultado. Hablamos del vestido de estampado de leopardo maridado con una chaqueta vaquera (una de las prendas atemporales que nunca pasan de moda y que solucionan cualquier look oto\u00f1al). Rafaela Villatoro, una empleada de banca de 53 a\u00f1os a la que le gusta combinar marcas \u2018low cost\u2019 con piezas de firma, acierta con este d\u00fao para ir a la oficina. Remata el estilismo con unos tacones negros y un precioso modelo del famoso \u2018Candy\u2019 de Furla con destellos plateados que se convierte por m\u00e9ritos propios en el complemento estrella de su \u2018outfit\u2019.<\/p>\n<p style=\"text-align: center;\">Vestido y chaqueta vaquera: Mango.<\/p>\n<p style=\"text-align: center;\">Zapatos: \u00abDe una zapater\u00eda de calle Compa\u00f1\u00eda\u00bb.<\/p>\n<p style=\"text-align: center;\">Bolso: Furla.<\/p>\n<p style=\"text-align: center;\">Gafas: Ray-Ban.<\/p>\n<p style=\"text-align: center;\"><a href=\"\/pasarelaurbana\/wp-content\/uploads\/sites\/49\/2013\/11\/30.jpg\"><img loading=\"lazy\" class=\"aligncenter size-full wp-image-5442\" title=\"30\" src=\"\/pasarelaurbana\/wp-content\/uploads\/sites\/49\/2013\/11\/30.jpg\" alt=\"\" width=\"600\" height=\"803\" srcset=\"https:\/\/static-blogs.diariosur.es\/wp-content\/uploads\/sites\/49\/2013\/11\/30.jpg 600w, https:\/\/static-blogs.diariosur.es\/wp-content\/uploads\/sites\/49\/2013\/11\/30-224x300.jpg 224w\" sizes=\"(max-width: 600px) 100vw, 600px\" \/><\/a><\/p>\n<p style=\"text-align: center;\"><a href=\"\/pasarelaurbana\/wp-content\/uploads\/sites\/49\/2013\/11\/31.jpg\"><img loading=\"lazy\" class=\"aligncenter size-full wp-image-5443\" title=\"31\" src=\"\/pasarelaurbana\/wp-content\/uploads\/sites\/49\/2013\/11\/31.jpg\" alt=\"\" width=\"600\" height=\"803\" srcset=\"https:\/\/static-blogs.diariosur.es\/wp-content\/uploads\/sites\/49\/2013\/11\/31.jpg 600w, https:\/\/static-blogs.diariosur.es\/wp-content\/uploads\/sites\/49\/2013\/11\/31-224x300.jpg 224w\" sizes=\"(max-width: 600px) 100vw, 600px\" \/><\/a><\/p>\n<p style=\"text-align: center;\"><a href=\"\/pasarelaurbana\/wp-content\/uploads\/sites\/49\/2013\/11\/32.jpg\"><img loading=\"lazy\" class=\"aligncenter size-full wp-image-5444\" title=\"32\" src=\"\/pasarelaurbana\/wp-content\/uploads\/sites\/49\/2013\/11\/32.jpg\" alt=\"\" width=\"600\" height=\"803\" srcset=\"https:\/\/static-blogs.diariosur.es\/wp-content\/uploads\/sites\/49\/2013\/11\/32.jpg 600w, https:\/\/static-blogs.diariosur.es\/wp-content\/uploads\/sites\/49\/2013\/11\/32-224x300.jpg 224w\" sizes=\"(max-width: 600px) 100vw, 600px\" \/><\/a><\/p>\n<p style=\"text-align: center;\"><a href=\"\/pasarelaurbana\/wp-content\/uploads\/sites\/49\/2013\/11\/33.jpg\"><img loading=\"lazy\" class=\"aligncenter size-full wp-image-5445\" title=\"33\" src=\"\/pasarelaurbana\/wp-content\/uploads\/sites\/49\/2013\/11\/33.jpg\" alt=\"\" width=\"600\" height=\"803\" srcset=\"https:\/\/static-blogs.diariosur.es\/wp-content\/uploads\/sites\/49\/2013\/11\/33.jpg 600w, https:\/\/static-blogs.diariosur.es\/wp-content\/uploads\/sites\/49\/2013\/11\/33-224x300.jpg 224w\" sizes=\"(max-width: 600px) 100vw, 600px\" \/><\/a><\/p>\n<p style=\"text-align: center;\"><a href=\"\/pasarelaurbana\/wp-content\/uploads\/sites\/49\/2013\/11\/34.jpg\"><img loading=\"lazy\" class=\"aligncenter size-full wp-image-5441\" title=\"34\" src=\"\/pasarelaurbana\/wp-content\/uploads\/sites\/49\/2013\/11\/34.jpg\" alt=\"\" width=\"600\" height=\"803\" srcset=\"https:\/\/static-blogs.diariosur.es\/wp-content\/uploads\/sites\/49\/2013\/11\/34.jpg 600w, https:\/\/static-blogs.diariosur.es\/wp-content\/uploads\/sites\/49\/2013\/11\/34-224x300.jpg 224w\" sizes=\"(max-width: 600px) 100vw, 600px\" \/><\/a><\/p>\n<p style=\"text-align: center;\"><strong>CristinaP\u00e9rez.<\/strong> Periodista. 28 a\u00f1os<\/p>\n<p style=\"text-align: center;\"><span style=\"text-decoration: underline;\">Te\u00f1ido de rojo, una alternativa para las m\u00e1s atrevidas<\/span><br \/>\nCristina P\u00e9rez, una periodista de 28 a\u00f1os, combina el \u2018print\u2019 animal de su bolso con otro de los estampados de moda de esta temporada: las flores. Las nuevas colecciones vienen cargadas de sugerentes jardines (se llevan los de inspiraci\u00f3n japonesa) dispuestos a poner la nota rom\u00e1ntica a los looks oto\u00f1ales. Remata el \u2018outfit\u2019 con rebec\u00f3n con cuello de pelo y cu\u00f1as de esparto. El toque chic lo pone el bolso bandolera en rojo.<\/p>\n<p style=\"text-align: center;\">Vestido: Zara.<\/p>\n<p style=\"text-align: center;\">Rebec\u00f3n: De Portobello (Londres).<\/p>\n<p style=\"text-align: center;\">Cu\u00f1as: De un bazar chino.<\/p>\n<p style=\"text-align: center;\">Bolso: Tra\u00eddo de Londres.<\/p>\n<p style=\"text-align: center;\">\u00a1Espero que os haya gustado! \u00a1Hasta el lunes!<\/p>\n<p>&nbsp;<\/p>\n","protected":false},"excerpt":{"rendered":"<p>No hay temporada que se le resista. Imbatible, el \u2018print\u2019 de leopardo vuelve este oto\u00f1o para quedarse (si es que alguna vez se fue). Su legi\u00f3n de seguidoras lo mantienen, estaci\u00f3n tras estaci\u00f3n, como un comod\u00edn imprescindible a tener muy en cuenta en el fondo de armario. El estampado felino vuelve a erigirse como el [&hellip;]<\/p>\n","protected":false},"author":54,"featured_media":0,"comment_status":"open","ping_status":"open","sticky":false,"template":"","format":"standard","meta":[],"categories":[2],"tags":[],"_links":{"self":[{"href":"https:\/\/blogs.diariosur.es\/pasarelaurbana\/wp-json\/wp\/v2\/posts\/5420"}],"collection":[{"href":"https:\/\/blogs.diariosur.es\/pasarelaurbana\/wp-json\/wp\/v2\/posts"}],"about":[{"href":"https:\/\/blogs.diariosur.es\/pasarelaurbana\/wp-json\/wp\/v2\/types\/post"}],"author":[{"embeddable":true,"href":"https:\/\/blogs.diariosur.es\/pasarelaurbana\/wp-json\/wp\/v2\/users\/54"}],"replies":[{"embeddable":true,"href":"https:\/\/blogs.diariosur.es\/pasarelaurbana\/wp-json\/wp\/v2\/comments?post=5420"}],"version-history":[{"count":0,"href":"https:\/\/blogs.diariosur.es\/pasarelaurbana\/wp-json\/wp\/v2\/posts\/5420\/revisions"}],"wp:attachment":[{"href":"https:\/\/blogs.diariosur.es\/pasarelaurbana\/wp-json\/wp\/v2\/media?parent=5420"}],"wp:term":[{"taxonomy":"category","embeddable":true,"href":"https:\/\/blogs.diariosur.es\/pasarelaurbana\/wp-json\/wp\/v2\/categories?post=5420"},{"taxonomy":"post_tag","embeddable":true,"href":"https:\/\/blogs.diariosur.es\/pasarelaurbana\/wp-json\/wp\/v2\/tags?post=5420"}],"curies":[{"name":"wp","href":"https:\/\/api.w.org\/{rel}","templated":true}]}}