{"id":5446,"date":"2013-11-08T15:15:50","date_gmt":"2013-11-08T14:15:50","guid":{"rendered":"http:\/\/blogs.diariosur.es\/pasarelaurbana\/?p=5446"},"modified":"2013-11-08T15:15:50","modified_gmt":"2013-11-08T14:15:50","slug":"marta-mete-la-pata-de-gallo","status":"publish","type":"post","link":"https:\/\/blogs.diariosur.es\/pasarelaurbana\/2013\/11\/08\/marta-mete-la-pata-de-gallo\/","title":{"rendered":"Marta mete la pata (de gallo)"},"content":{"rendered":"<p style=\"text-align: center;\">\u00a1Buenas! \u00a1Por fin es viernes! Toca pasear y disfrutar de este tiempo tan estupendo que tenemos en M\u00e1laga. \u00bfUna propuesta? Hacerlo luciendo el que es uno de los estampados que ha vuelto con fuerza a la carga esta temporada: la pata de gallo. El print bicolor (blanco y negro) m\u00e1s chic y retro ha desmbarcado en la mayor\u00eda de colecciones de las firmas &#8216;low cost&#8217; dispuesto a echarle un pulso al tart\u00e1n -cuadros escoceses- y al omnipresente &#8216;print&#8217; animal (con el leopardo por bandera), que un oto\u00f1o m\u00e1s pisa fuerte la pasarela urbana. Como novedad, este a\u00f1o se lleva en tama\u00f1o XL. Es decir, sobredimensionando los cuadros para que destaquen m\u00e1s (hay algunos taaaan peque\u00f1itos que\u00a0 se pierden). Personalmente me resulta muy chic y estiloso. Eso s\u00ed, he de admitir que me cansa un poco, as\u00ed que mi consejo es lucirlo en peque\u00f1as dosis huyendo de <em>total looks<\/em> excesivos. Ideal, por ejemplo en chaquetas tipo tweed, pa\u00f1uelos o bolsos de mano. Las m\u00e1s cl\u00e1sicas pod\u00e9is combinarlo para no arriesgar con otras prendas en blanco y negro mientras que las que prefir\u00e1is arriesgar ten\u00e9is un sinf\u00edn de posibilidades crom\u00e1ticas (a mi me gusta, por ejemplo, con mostaza, azul klein o rosa palo). Nuestra protagonista de hoy (<strong>Marta Carreido<\/strong>, una joven estudiante de Periodismo de 20 a\u00f1os y autora del blog <a href=\"http:\/\/ineedabiggercloset.wordpress.com\/\" rel=\"external nofollow\"><em>I need a bigger closet)<\/em><\/a> apuesta por meter la pata (de gallo, por supuesto) con unos leggins de Stradivarius que marida con una camiseta blanca ancha y botines negros. \u00bfEl resultado? Un estilismo sencillo y c\u00f3modo ideal para diario. \u00a1hasta ma\u00f1ana! Os espero en Twitter: @almunogues<\/p>\n<p>&nbsp;<\/p>\n<p><a href=\"\/pasarelaurbana\/wp-content\/uploads\/sites\/49\/2013\/11\/511.jpg\"><img loading=\"lazy\" class=\"aligncenter  wp-image-5456\" title=\"51\" src=\"\/pasarelaurbana\/wp-content\/uploads\/sites\/49\/2013\/11\/511.jpg\" alt=\"\" width=\"600\" height=\"803\" srcset=\"https:\/\/static-blogs.diariosur.es\/wp-content\/uploads\/sites\/49\/2013\/11\/511.jpg 600w, https:\/\/static-blogs.diariosur.es\/wp-content\/uploads\/sites\/49\/2013\/11\/511-224x300.jpg 224w\" sizes=\"(max-width: 600px) 100vw, 600px\" \/><\/a><!--more--><\/p>\n<p><a href=\"\/pasarelaurbana\/wp-content\/uploads\/sites\/49\/2013\/11\/501.jpg\"><img loading=\"lazy\" class=\"aligncenter size-full wp-image-5455\" title=\"50\" src=\"\/pasarelaurbana\/wp-content\/uploads\/sites\/49\/2013\/11\/501.jpg\" alt=\"\" width=\"600\" height=\"803\" srcset=\"https:\/\/static-blogs.diariosur.es\/wp-content\/uploads\/sites\/49\/2013\/11\/501.jpg 600w, https:\/\/static-blogs.diariosur.es\/wp-content\/uploads\/sites\/49\/2013\/11\/501-224x300.jpg 224w\" sizes=\"(max-width: 600px) 100vw, 600px\" \/><\/a><\/p>\n<p><a href=\"\/pasarelaurbana\/wp-content\/uploads\/sites\/49\/2013\/11\/521.jpg\"><img loading=\"lazy\" class=\"aligncenter size-full wp-image-5457\" title=\"52\" src=\"\/pasarelaurbana\/wp-content\/uploads\/sites\/49\/2013\/11\/521.jpg\" alt=\"\" width=\"600\" height=\"803\" srcset=\"https:\/\/static-blogs.diariosur.es\/wp-content\/uploads\/sites\/49\/2013\/11\/521.jpg 600w, https:\/\/static-blogs.diariosur.es\/wp-content\/uploads\/sites\/49\/2013\/11\/521-224x300.jpg 224w\" sizes=\"(max-width: 600px) 100vw, 600px\" \/><\/a><\/p>\n<p><a href=\"\/pasarelaurbana\/wp-content\/uploads\/sites\/49\/2013\/11\/531.jpg\"><img loading=\"lazy\" class=\"aligncenter size-full wp-image-5458\" title=\"53\" src=\"\/pasarelaurbana\/wp-content\/uploads\/sites\/49\/2013\/11\/531.jpg\" alt=\"\" width=\"600\" height=\"803\" srcset=\"https:\/\/static-blogs.diariosur.es\/wp-content\/uploads\/sites\/49\/2013\/11\/531.jpg 600w, https:\/\/static-blogs.diariosur.es\/wp-content\/uploads\/sites\/49\/2013\/11\/531-224x300.jpg 224w\" sizes=\"(max-width: 600px) 100vw, 600px\" \/><\/a><\/p>\n<p><a href=\"\/pasarelaurbana\/wp-content\/uploads\/sites\/49\/2013\/11\/541.jpg\"><img loading=\"lazy\" class=\"aligncenter size-full wp-image-5459\" title=\"54\" src=\"\/pasarelaurbana\/wp-content\/uploads\/sites\/49\/2013\/11\/541.jpg\" alt=\"\" width=\"600\" height=\"803\" srcset=\"https:\/\/static-blogs.diariosur.es\/wp-content\/uploads\/sites\/49\/2013\/11\/541.jpg 600w, https:\/\/static-blogs.diariosur.es\/wp-content\/uploads\/sites\/49\/2013\/11\/541-224x300.jpg 224w\" sizes=\"(max-width: 600px) 100vw, 600px\" \/><\/a><\/p>\n<p><a href=\"\/pasarelaurbana\/wp-content\/uploads\/sites\/49\/2013\/11\/551.jpg\"><img loading=\"lazy\" class=\"aligncenter size-full wp-image-5454\" title=\"55\" src=\"\/pasarelaurbana\/wp-content\/uploads\/sites\/49\/2013\/11\/551.jpg\" alt=\"\" width=\"600\" height=\"803\" srcset=\"https:\/\/static-blogs.diariosur.es\/wp-content\/uploads\/sites\/49\/2013\/11\/551.jpg 600w, https:\/\/static-blogs.diariosur.es\/wp-content\/uploads\/sites\/49\/2013\/11\/551-224x300.jpg 224w\" sizes=\"(max-width: 600px) 100vw, 600px\" \/><\/a><\/p>\n<p style=\"text-align: center;\"><strong>Marta Carriedo<\/strong>. Estudiante de Periodismo y blogger (<a href=\"http:\/\/ineedabiggercloset.wordpress.com\/\" rel=\"external nofollow\"><em>I need a bigger closet<\/em><\/a>). 20 a\u00f1os<\/p>\n<p style=\"text-align: center;\">Camiseta: Zara<\/p>\n<p style=\"text-align: center;\">Leggins: Stradivarius<\/p>\n<p style=\"text-align: center;\">Botas: Sfera<\/p>\n<p style=\"text-align: center;\">Bolso: Zara<\/p>\n<p style=\"text-align: center;\">\n","protected":false},"excerpt":{"rendered":"<p>\u00a1Buenas! \u00a1Por fin es viernes! Toca pasear y disfrutar de este tiempo tan estupendo que tenemos en M\u00e1laga. \u00bfUna propuesta? Hacerlo luciendo el que es uno de los estampados que ha vuelto con fuerza a la carga esta temporada: la pata de gallo. El print bicolor (blanco y negro) m\u00e1s chic y retro ha desmbarcado [&hellip;]<\/p>\n","protected":false},"author":54,"featured_media":0,"comment_status":"open","ping_status":"open","sticky":false,"template":"","format":"standard","meta":[],"categories":[2],"tags":[],"_links":{"self":[{"href":"https:\/\/blogs.diariosur.es\/pasarelaurbana\/wp-json\/wp\/v2\/posts\/5446"}],"collection":[{"href":"https:\/\/blogs.diariosur.es\/pasarelaurbana\/wp-json\/wp\/v2\/posts"}],"about":[{"href":"https:\/\/blogs.diariosur.es\/pasarelaurbana\/wp-json\/wp\/v2\/types\/post"}],"author":[{"embeddable":true,"href":"https:\/\/blogs.diariosur.es\/pasarelaurbana\/wp-json\/wp\/v2\/users\/54"}],"replies":[{"embeddable":true,"href":"https:\/\/blogs.diariosur.es\/pasarelaurbana\/wp-json\/wp\/v2\/comments?post=5446"}],"version-history":[{"count":0,"href":"https:\/\/blogs.diariosur.es\/pasarelaurbana\/wp-json\/wp\/v2\/posts\/5446\/revisions"}],"wp:attachment":[{"href":"https:\/\/blogs.diariosur.es\/pasarelaurbana\/wp-json\/wp\/v2\/media?parent=5446"}],"wp:term":[{"taxonomy":"category","embeddable":true,"href":"https:\/\/blogs.diariosur.es\/pasarelaurbana\/wp-json\/wp\/v2\/categories?post=5446"},{"taxonomy":"post_tag","embeddable":true,"href":"https:\/\/blogs.diariosur.es\/pasarelaurbana\/wp-json\/wp\/v2\/tags?post=5446"}],"curies":[{"name":"wp","href":"https:\/\/api.w.org\/{rel}","templated":true}]}}