{"id":5475,"date":"2013-11-13T17:45:21","date_gmt":"2013-11-13T16:45:21","guid":{"rendered":"http:\/\/blogs.diariosur.es\/pasarelaurbana\/?p=5475"},"modified":"2013-11-13T17:45:21","modified_gmt":"2013-11-13T16:45:21","slug":"azul-marino-y-verde-botella-un-duo-perfecto","status":"publish","type":"post","link":"https:\/\/blogs.diariosur.es\/pasarelaurbana\/2013\/11\/13\/azul-marino-y-verde-botella-un-duo-perfecto\/","title":{"rendered":"Azul marino y verde botella, un d\u00fao perfecto"},"content":{"rendered":"<p style=\"text-align: center;\">Buenas! \u00bfC\u00f3mo va la semana? Ya sab\u00e9is que de vez en cuando me gusta ense\u00f1aros propuestas de bloggers malague\u00f1as (que siempre idean looks tan interesantes e inspiradores). Pues bien, hoy es el turno de Lidia Moreno, autora del blog &#8216;<a href=\"http:\/\/yoymistacones.com\/\" rel=\"external nofollow\">Yo y mis tacones&#8217;<\/a>\u00a0(el cual os recomiendo). El outfit que plantea es sencillo pero a la vez estiloso y s\u00faper ponible, de esos que sin quebrarnos demasiado la cabeza nos solucionan un estilismo de diario para ir al trabajo o simplemente a hacer gestiones cotidianas. Y precisamente por eso lo he seleccionado porque a veces en los blogs de moda pecamos de sugerencias demasiado extravagantes y poco \u00fatiles para la rutina. Y de lo que se trata es que cojamos ideas y podamos llevarlas a la pr\u00e1ctica. Del look de Lidia me atrae especialmente la combinaci\u00f3n de colores. El azul marino es uno de los colores estrella de este oto\u00f1o y personalmente me encanta maridado con verde botella y con alg\u00fan toque rojo (un trio perfecto adem\u00e1s cara a la \u00e9poca navide\u00f1a que ya casi tenemos a la vuelta de la esquina). Ella en concreto reserva esta nota crom\u00e1tica al bolso creando un atractivo contraste que resalta el resultado final. \u00bfA copiar? Su collar XL en blanco roto, espectacular con cualquier jersey b\u00e1sico. Os dejo con Lidia a la que agradezco desde aqui las fotos que ilustran este post. Espero que os guste. \u00a1hasta ma\u00f1ana! Os espero en Twitter: @almunogues. \u00a1Sed felices!<\/p>\n<p><a href=\"\/pasarelaurbana\/wp-content\/uploads\/sites\/49\/2013\/11\/lidistres.jpg\"><img loading=\"lazy\" class=\"aligncenter size-full wp-image-5479\" title=\"SONY DSC\" src=\"\/pasarelaurbana\/wp-content\/uploads\/sites\/49\/2013\/11\/lidistres.jpg\" alt=\"\" width=\"600\" height=\"1088\" srcset=\"https:\/\/static-blogs.diariosur.es\/wp-content\/uploads\/sites\/49\/2013\/11\/lidistres.jpg 600w, https:\/\/static-blogs.diariosur.es\/wp-content\/uploads\/sites\/49\/2013\/11\/lidistres-165x300.jpg 165w, https:\/\/static-blogs.diariosur.es\/wp-content\/uploads\/sites\/49\/2013\/11\/lidistres-565x1024.jpg 565w\" sizes=\"(max-width: 600px) 100vw, 600px\" \/><\/a><!--more--><a href=\"\/pasarelaurbana\/wp-content\/uploads\/sites\/49\/2013\/11\/lidiauno.jpg\"><img loading=\"lazy\" class=\"aligncenter size-full wp-image-5477\" title=\"SONY DSC\" src=\"\/pasarelaurbana\/wp-content\/uploads\/sites\/49\/2013\/11\/lidiauno.jpg\" alt=\"\" width=\"600\" height=\"401\" srcset=\"https:\/\/static-blogs.diariosur.es\/wp-content\/uploads\/sites\/49\/2013\/11\/lidiauno.jpg 600w, https:\/\/static-blogs.diariosur.es\/wp-content\/uploads\/sites\/49\/2013\/11\/lidiauno-300x201.jpg 300w\" sizes=\"(max-width: 600px) 100vw, 600px\" \/><\/a><a href=\"\/pasarelaurbana\/wp-content\/uploads\/sites\/49\/2013\/11\/lidisdos.jpg\"><img loading=\"lazy\" class=\"aligncenter size-full wp-image-5478\" title=\"SONY DSC\" src=\"\/pasarelaurbana\/wp-content\/uploads\/sites\/49\/2013\/11\/lidisdos.jpg\" alt=\"\" width=\"600\" height=\"401\" srcset=\"https:\/\/static-blogs.diariosur.es\/wp-content\/uploads\/sites\/49\/2013\/11\/lidisdos.jpg 600w, https:\/\/static-blogs.diariosur.es\/wp-content\/uploads\/sites\/49\/2013\/11\/lidisdos-300x201.jpg 300w\" sizes=\"(max-width: 600px) 100vw, 600px\" \/><\/a><\/p>\n<p><a href=\"\/pasarelaurbana\/wp-content\/uploads\/sites\/49\/2013\/11\/lidiacuatros.jpg\"><img loading=\"lazy\" class=\"aligncenter size-full wp-image-5476\" title=\"SONY DSC\" src=\"\/pasarelaurbana\/wp-content\/uploads\/sites\/49\/2013\/11\/lidiacuatros.jpg\" alt=\"\" width=\"600\" height=\"898\" srcset=\"https:\/\/static-blogs.diariosur.es\/wp-content\/uploads\/sites\/49\/2013\/11\/lidiacuatros.jpg 600w, https:\/\/static-blogs.diariosur.es\/wp-content\/uploads\/sites\/49\/2013\/11\/lidiacuatros-200x300.jpg 200w\" sizes=\"(max-width: 600px) 100vw, 600px\" \/><\/a><\/p>\n","protected":false},"excerpt":{"rendered":"<p>Buenas! \u00bfC\u00f3mo va la semana? Ya sab\u00e9is que de vez en cuando me gusta ense\u00f1aros propuestas de bloggers malague\u00f1as (que siempre idean looks tan interesantes e inspiradores). Pues bien, hoy es el turno de Lidia Moreno, autora del blog &#8216;Yo y mis tacones&#8217;\u00a0(el cual os recomiendo). El outfit que plantea es sencillo pero a la [&hellip;]<\/p>\n","protected":false},"author":54,"featured_media":0,"comment_status":"open","ping_status":"open","sticky":false,"template":"","format":"standard","meta":[],"categories":[2],"tags":[],"_links":{"self":[{"href":"https:\/\/blogs.diariosur.es\/pasarelaurbana\/wp-json\/wp\/v2\/posts\/5475"}],"collection":[{"href":"https:\/\/blogs.diariosur.es\/pasarelaurbana\/wp-json\/wp\/v2\/posts"}],"about":[{"href":"https:\/\/blogs.diariosur.es\/pasarelaurbana\/wp-json\/wp\/v2\/types\/post"}],"author":[{"embeddable":true,"href":"https:\/\/blogs.diariosur.es\/pasarelaurbana\/wp-json\/wp\/v2\/users\/54"}],"replies":[{"embeddable":true,"href":"https:\/\/blogs.diariosur.es\/pasarelaurbana\/wp-json\/wp\/v2\/comments?post=5475"}],"version-history":[{"count":0,"href":"https:\/\/blogs.diariosur.es\/pasarelaurbana\/wp-json\/wp\/v2\/posts\/5475\/revisions"}],"wp:attachment":[{"href":"https:\/\/blogs.diariosur.es\/pasarelaurbana\/wp-json\/wp\/v2\/media?parent=5475"}],"wp:term":[{"taxonomy":"category","embeddable":true,"href":"https:\/\/blogs.diariosur.es\/pasarelaurbana\/wp-json\/wp\/v2\/categories?post=5475"},{"taxonomy":"post_tag","embeddable":true,"href":"https:\/\/blogs.diariosur.es\/pasarelaurbana\/wp-json\/wp\/v2\/tags?post=5475"}],"curies":[{"name":"wp","href":"https:\/\/api.w.org\/{rel}","templated":true}]}}