{"id":5494,"date":"2013-11-16T10:04:05","date_gmt":"2013-11-16T09:04:05","guid":{"rendered":"http:\/\/blogs.diariosur.es\/pasarelaurbana\/?p=5494"},"modified":"2013-11-16T10:04:05","modified_gmt":"2013-11-16T09:04:05","slug":"el-armario-de-alberto-de-santiago","status":"publish","type":"post","link":"https:\/\/blogs.diariosur.es\/pasarelaurbana\/2013\/11\/16\/el-armario-de-alberto-de-santiago\/","title":{"rendered":"El armario de Alberto de Santiago"},"content":{"rendered":"<p style=\"text-align: center;\">Hijo, nieto y sobrino de modistas, Alberto de Santiago llevaba el amor por la costura grabado a fuego en los genes. \u00abMe he criado entre hilos, recuerdo jugar con los retales de tela a imitar los modelos que ve\u00eda en casa\u00bb revela este joven dise\u00f1ador de 25 a\u00f1os quien deja claro desde el principio de la conversaci\u00f3n que la moda es su vida. Una convicci\u00f3n y una pasi\u00f3n que vuelca en cada una de las prendas que salen de su cabeza y de sus manos. Buena parte de ellas las luce \u00e9l mismo en sus looks, en los que mezcla el estilo \u2018new gentleman\u2019 con notas m\u00e1s alternativas y atrevidas, que suele reservar a los complementos. \u00bfSu m\u00e1xima? Divertirse porque, como \u00e9l mismo critica, la moda masculina es \u00abbastante aburrida\u00bb. Amante de los tonos neutros, en sus \u2018outfits\u2019 de d\u00eda prima los vaqueros con camisas de estampados atrevidos -\u00ablo mismo llevo una de encajes que con corazones para salir de la monoton\u00eda\u00bb- o pantalones de pinza de silueta \u2018slim fit\u2019 -hiperajustados- que marida con jerseys \u2018oversize\u2019 para crear juegos de vol\u00famenes.<br \/>\nPor la noche, por contra, es de los cl\u00e1sicos que se refugia en el incombustible \u2018total black\u2019, que solo rompe con notas de color en los complementos, ya sea una de las originales pajaritas dise\u00f1adas por \u00e9l, unos calcetines de un tono chill\u00f3n o un clutch.<br \/>\nPoco amigo del naranja -\u00abyo siempre digo, si tienes algo de ese color, t\u00edralo a la basura\u00bb, bromea- en el armario de este dise\u00f1ador reina el orden. \u00bfSus reglas? No colocar m\u00e1s de una prenda por percha, que cuelguen alineadas y que no haya nada abrochado, \u00abya que me resulta bastante inc\u00f3modo a la hora de pon\u00e9rmelo\u00bb, explica.<br \/>\nEntre sus debilidades destaca la ropa vintage, imprescindible en sus estilismos, en los que siempre introduce alguna prenda customizada por \u00e9l (como por ejemplo los zapatos, a los que cambia cordones y a\u00f1ade borlones). Pero los complementos son para De Santiago la joya de la corona, especialmente los bolsos -tiene m\u00e1s de 20 en su vestidor que combina en funci\u00f3n de su look- y los broches, que adora \u00abun buena pieza en la solapa te viste\u00bb, advierte este defensor a ultranza de los peque\u00f1os detalles, \u00abque hacen que un \u2018outfit\u2019 pase de ser simplemente correcto a espectacular\u00bb, concluye. Os dejo con sus estilismos al detalle, en esta ocasi\u00f3n retratados por una servidora y por David Dur\u00e1n, del estudio de Antonio Dur\u00e1n a quie agradezco infinitamente su colaboraci\u00f3n en este reportaje. \u00a1Espero que os guste!<\/p>\n<p style=\"text-align: center;\"><a href=\"\/pasarelaurbana\/wp-content\/uploads\/sites\/49\/2013\/11\/15.jpg\"><img loading=\"lazy\" class=\"aligncenter size-full wp-image-5496\" title=\"1\" src=\"\/pasarelaurbana\/wp-content\/uploads\/sites\/49\/2013\/11\/15.jpg\" alt=\"\" width=\"600\" height=\"400\" srcset=\"https:\/\/static-blogs.diariosur.es\/wp-content\/uploads\/sites\/49\/2013\/11\/15.jpg 600w, https:\/\/static-blogs.diariosur.es\/wp-content\/uploads\/sites\/49\/2013\/11\/15-300x200.jpg 300w\" sizes=\"(max-width: 600px) 100vw, 600px\" \/><\/a><!--more--><\/p>\n<p style=\"text-align: center;\"><strong>LOOK DE D\u00cdA<\/strong>: <span style=\"text-decoration: underline;\">Sahariana con camisa denim, vaqueros y zapatos customizados por \u00e9l<\/span><\/p>\n<p style=\"text-align: center;\"><a href=\"\/pasarelaurbana\/wp-content\/uploads\/sites\/49\/2013\/11\/21.jpg\"><img loading=\"lazy\" class=\"aligncenter size-full wp-image-5497\" title=\"2\" src=\"\/pasarelaurbana\/wp-content\/uploads\/sites\/49\/2013\/11\/21.jpg\" alt=\"\" width=\"600\" height=\"803\" srcset=\"https:\/\/static-blogs.diariosur.es\/wp-content\/uploads\/sites\/49\/2013\/11\/21.jpg 600w, https:\/\/static-blogs.diariosur.es\/wp-content\/uploads\/sites\/49\/2013\/11\/21-224x300.jpg 224w\" sizes=\"(max-width: 600px) 100vw, 600px\" \/><\/a><\/p>\n<p style=\"text-align: center;\"><a href=\"\/pasarelaurbana\/wp-content\/uploads\/sites\/49\/2013\/11\/35.jpg\"><img loading=\"lazy\" class=\"aligncenter size-full wp-image-5498\" title=\"3\" src=\"\/pasarelaurbana\/wp-content\/uploads\/sites\/49\/2013\/11\/35.jpg\" alt=\"\" width=\"600\" height=\"803\" srcset=\"https:\/\/static-blogs.diariosur.es\/wp-content\/uploads\/sites\/49\/2013\/11\/35.jpg 600w, https:\/\/static-blogs.diariosur.es\/wp-content\/uploads\/sites\/49\/2013\/11\/35-224x300.jpg 224w\" sizes=\"(max-width: 600px) 100vw, 600px\" \/><\/a><\/p>\n<p style=\"text-align: center;\"><a href=\"\/pasarelaurbana\/wp-content\/uploads\/sites\/49\/2013\/11\/56.jpg\"><img loading=\"lazy\" class=\"aligncenter size-full wp-image-5500\" title=\"5\" src=\"\/pasarelaurbana\/wp-content\/uploads\/sites\/49\/2013\/11\/56.jpg\" alt=\"\" width=\"600\" height=\"803\" srcset=\"https:\/\/static-blogs.diariosur.es\/wp-content\/uploads\/sites\/49\/2013\/11\/56.jpg 600w, https:\/\/static-blogs.diariosur.es\/wp-content\/uploads\/sites\/49\/2013\/11\/56-224x300.jpg 224w\" sizes=\"(max-width: 600px) 100vw, 600px\" \/><\/a><\/p>\n<p style=\"text-align: center;\"><a href=\"\/pasarelaurbana\/wp-content\/uploads\/sites\/49\/2013\/11\/46.jpg\"><img loading=\"lazy\" class=\"aligncenter size-full wp-image-5499\" title=\"4\" src=\"\/pasarelaurbana\/wp-content\/uploads\/sites\/49\/2013\/11\/46.jpg\" alt=\"\" width=\"600\" height=\"803\" srcset=\"https:\/\/static-blogs.diariosur.es\/wp-content\/uploads\/sites\/49\/2013\/11\/46.jpg 600w, https:\/\/static-blogs.diariosur.es\/wp-content\/uploads\/sites\/49\/2013\/11\/46-224x300.jpg 224w\" sizes=\"(max-width: 600px) 100vw, 600px\" \/><\/a><\/p>\n<p style=\"text-align: center;\"><a href=\"\/pasarelaurbana\/wp-content\/uploads\/sites\/49\/2013\/11\/61.jpg\"><img loading=\"lazy\" class=\"aligncenter size-full wp-image-5501\" title=\"6\" src=\"\/pasarelaurbana\/wp-content\/uploads\/sites\/49\/2013\/11\/61.jpg\" alt=\"\" width=\"600\" height=\"448\" srcset=\"https:\/\/static-blogs.diariosur.es\/wp-content\/uploads\/sites\/49\/2013\/11\/61.jpg 600w, https:\/\/static-blogs.diariosur.es\/wp-content\/uploads\/sites\/49\/2013\/11\/61-300x224.jpg 300w\" sizes=\"(max-width: 600px) 100vw, 600px\" \/><\/a><\/p>\n<p style=\"text-align: center;\"><a href=\"\/pasarelaurbana\/wp-content\/uploads\/sites\/49\/2013\/11\/71.jpg\"><img loading=\"lazy\" class=\"aligncenter size-full wp-image-5502\" title=\"7\" src=\"\/pasarelaurbana\/wp-content\/uploads\/sites\/49\/2013\/11\/71.jpg\" alt=\"\" width=\"600\" height=\"803\" srcset=\"https:\/\/static-blogs.diariosur.es\/wp-content\/uploads\/sites\/49\/2013\/11\/71.jpg 600w, https:\/\/static-blogs.diariosur.es\/wp-content\/uploads\/sites\/49\/2013\/11\/71-224x300.jpg 224w\" sizes=\"(max-width: 600px) 100vw, 600px\" \/><\/a><\/p>\n<p style=\"text-align: center;\">Una camisa vaquera, combinada con sahariana (ambas de<strong> Zara<\/strong>) y vaqueros de <strong>H&#038;M<\/strong> conforman su apuesta para un look de d\u00eda junto a zapatos vintage customizados por \u00e9l.<\/p>\n<p style=\"text-align: center;\"><strong>PARA SALIR A CENAR<\/strong>: <span style=\"text-decoration: underline;\">Chaqueta de doble abotonadora, camisa blanca y mocasines de print animal<\/span><\/p>\n<p style=\"text-align: center;\"><a href=\"\/pasarelaurbana\/wp-content\/uploads\/sites\/49\/2013\/11\/81.jpg\"><img loading=\"lazy\" class=\"aligncenter size-full wp-image-5503\" title=\"8\" src=\"\/pasarelaurbana\/wp-content\/uploads\/sites\/49\/2013\/11\/81.jpg\" alt=\"\" width=\"600\" height=\"448\" srcset=\"https:\/\/static-blogs.diariosur.es\/wp-content\/uploads\/sites\/49\/2013\/11\/81.jpg 600w, https:\/\/static-blogs.diariosur.es\/wp-content\/uploads\/sites\/49\/2013\/11\/81-300x224.jpg 300w\" sizes=\"(max-width: 600px) 100vw, 600px\" \/><\/a><\/p>\n<p style=\"text-align: center;\"><a href=\"\/pasarelaurbana\/wp-content\/uploads\/sites\/49\/2013\/11\/91.jpg\"><img loading=\"lazy\" class=\"aligncenter size-full wp-image-5504\" title=\"9\" src=\"\/pasarelaurbana\/wp-content\/uploads\/sites\/49\/2013\/11\/91.jpg\" alt=\"\" width=\"600\" height=\"803\" srcset=\"https:\/\/static-blogs.diariosur.es\/wp-content\/uploads\/sites\/49\/2013\/11\/91.jpg 600w, https:\/\/static-blogs.diariosur.es\/wp-content\/uploads\/sites\/49\/2013\/11\/91-224x300.jpg 224w\" sizes=\"(max-width: 600px) 100vw, 600px\" \/><\/a><\/p>\n<p style=\"text-align: center;\"><a href=\"\/pasarelaurbana\/wp-content\/uploads\/sites\/49\/2013\/11\/101.jpg\"><img loading=\"lazy\" class=\"aligncenter size-full wp-image-5505\" title=\"10\" src=\"\/pasarelaurbana\/wp-content\/uploads\/sites\/49\/2013\/11\/101.jpg\" alt=\"\" width=\"600\" height=\"448\" srcset=\"https:\/\/static-blogs.diariosur.es\/wp-content\/uploads\/sites\/49\/2013\/11\/101.jpg 600w, https:\/\/static-blogs.diariosur.es\/wp-content\/uploads\/sites\/49\/2013\/11\/101-300x224.jpg 300w\" sizes=\"(max-width: 600px) 100vw, 600px\" \/><\/a><\/p>\n<p style=\"text-align: center;\"><a href=\"\/pasarelaurbana\/wp-content\/uploads\/sites\/49\/2013\/11\/111.jpg\"><img loading=\"lazy\" class=\"aligncenter size-full wp-image-5506\" title=\"11\" src=\"\/pasarelaurbana\/wp-content\/uploads\/sites\/49\/2013\/11\/111.jpg\" alt=\"\" width=\"600\" height=\"448\" srcset=\"https:\/\/static-blogs.diariosur.es\/wp-content\/uploads\/sites\/49\/2013\/11\/111.jpg 600w, https:\/\/static-blogs.diariosur.es\/wp-content\/uploads\/sites\/49\/2013\/11\/111-300x224.jpg 300w\" sizes=\"(max-width: 600px) 100vw, 600px\" \/><\/a><\/p>\n<p style=\"text-align: center;\">Su propuesta para una cena: camisa blanca <strong>H&#038;M<\/strong>, blazer negra y pantalones chinos de algod\u00f3n (ambos de <strong>Zara<\/strong>). Una vez m\u00e1s, los complementos marcan la distinci\u00f3n: mocasines de leopardo de <strong>Massimo Dutti<\/strong> y bolso fl\u00faor.<\/p>\n<p style=\"text-align: center;\"><strong>SU APUESTA PARA UN EVENTO<\/strong>: <span style=\"text-decoration: underline;\">Camisa de encajes con pantal\u00f3n negro, castellanos y calcetines rosa<\/span><\/p>\n<p style=\"text-align: center;\"><a href=\"\/pasarelaurbana\/wp-content\/uploads\/sites\/49\/2013\/11\/121.jpg\"><img loading=\"lazy\" class=\"aligncenter  wp-image-5507\" title=\"12\" src=\"\/pasarelaurbana\/wp-content\/uploads\/sites\/49\/2013\/11\/121.jpg\" alt=\"\" width=\"600\" height=\"900\" srcset=\"https:\/\/static-blogs.diariosur.es\/wp-content\/uploads\/sites\/49\/2013\/11\/121.jpg 600w, https:\/\/static-blogs.diariosur.es\/wp-content\/uploads\/sites\/49\/2013\/11\/121-200x300.jpg 200w\" sizes=\"(max-width: 600px) 100vw, 600px\" \/><\/a><\/p>\n<p style=\"text-align: center;\"><a href=\"\/pasarelaurbana\/wp-content\/uploads\/sites\/49\/2013\/11\/131.jpg\"><img loading=\"lazy\" class=\"aligncenter size-full wp-image-5508\" title=\"13\" src=\"\/pasarelaurbana\/wp-content\/uploads\/sites\/49\/2013\/11\/131.jpg\" alt=\"\" width=\"600\" height=\"803\" srcset=\"https:\/\/static-blogs.diariosur.es\/wp-content\/uploads\/sites\/49\/2013\/11\/131.jpg 600w, https:\/\/static-blogs.diariosur.es\/wp-content\/uploads\/sites\/49\/2013\/11\/131-224x300.jpg 224w\" sizes=\"(max-width: 600px) 100vw, 600px\" \/><\/a><\/p>\n<p style=\"text-align: center;\"><a href=\"\/pasarelaurbana\/wp-content\/uploads\/sites\/49\/2013\/11\/151.jpg\"><img loading=\"lazy\" class=\"aligncenter size-full wp-image-5510\" title=\"15\" src=\"\/pasarelaurbana\/wp-content\/uploads\/sites\/49\/2013\/11\/151.jpg\" alt=\"\" width=\"600\" height=\"448\" srcset=\"https:\/\/static-blogs.diariosur.es\/wp-content\/uploads\/sites\/49\/2013\/11\/151.jpg 600w, https:\/\/static-blogs.diariosur.es\/wp-content\/uploads\/sites\/49\/2013\/11\/151-300x224.jpg 300w\" sizes=\"(max-width: 600px) 100vw, 600px\" \/><\/a><\/p>\n<p style=\"text-align: center;\"><a href=\"\/pasarelaurbana\/wp-content\/uploads\/sites\/49\/2013\/11\/16.jpg\"><img loading=\"lazy\" class=\"aligncenter size-full wp-image-5511\" title=\"16\" src=\"\/pasarelaurbana\/wp-content\/uploads\/sites\/49\/2013\/11\/16.jpg\" alt=\"\" width=\"600\" height=\"803\" srcset=\"https:\/\/static-blogs.diariosur.es\/wp-content\/uploads\/sites\/49\/2013\/11\/16.jpg 600w, https:\/\/static-blogs.diariosur.es\/wp-content\/uploads\/sites\/49\/2013\/11\/16-224x300.jpg 224w\" sizes=\"(max-width: 600px) 100vw, 600px\" \/><\/a><\/p>\n<p style=\"text-align: center;\">Para un evento especial Alberto elige una atrevida camisa negra de encajes <strong>hecha por \u00e9l<\/strong>, pantalones entubados negros de <strong>H&#038;M<\/strong> y castellanos de una zapater\u00eda local. La nota chic la ponen los calcetines rosas de H&#038;M y el broche <strong>vintage<\/strong>.<\/p>\n<p style=\"text-align: center;\"><span style=\"text-decoration: underline;\">LOS TESOROS DE SU ARMARIO<\/span><\/p>\n<p style=\"text-align: center;\"><a href=\"\/pasarelaurbana\/wp-content\/uploads\/sites\/49\/2013\/11\/19.jpg\"><img loading=\"lazy\" class=\"aligncenter size-full wp-image-5514\" title=\"19\" src=\"\/pasarelaurbana\/wp-content\/uploads\/sites\/49\/2013\/11\/19.jpg\" alt=\"\" width=\"600\" height=\"900\" srcset=\"https:\/\/static-blogs.diariosur.es\/wp-content\/uploads\/sites\/49\/2013\/11\/19.jpg 600w, https:\/\/static-blogs.diariosur.es\/wp-content\/uploads\/sites\/49\/2013\/11\/19-200x300.jpg 200w\" sizes=\"(max-width: 600px) 100vw, 600px\" \/><\/a><\/p>\n<p style=\"text-align: center;\">Tres de los tesoros de su armario (a los que tiene m\u00e1s cari\u00f1o): una blazer rosa, un original poncho-capa dise\u00f1o suyo y el primer vestido que hizo para un corto, en color rojo.<\/p>\n<p style=\"text-align: center;\"><a href=\"\/pasarelaurbana\/wp-content\/uploads\/sites\/49\/2013\/11\/20.jpg\"><img loading=\"lazy\" class=\"aligncenter size-full wp-image-5515\" title=\"20\" src=\"\/pasarelaurbana\/wp-content\/uploads\/sites\/49\/2013\/11\/20.jpg\" alt=\"\" width=\"600\" height=\"448\" srcset=\"https:\/\/static-blogs.diariosur.es\/wp-content\/uploads\/sites\/49\/2013\/11\/20.jpg 600w, https:\/\/static-blogs.diariosur.es\/wp-content\/uploads\/sites\/49\/2013\/11\/20-300x224.jpg 300w\" sizes=\"(max-width: 600px) 100vw, 600px\" \/><\/a><\/p>\n<p style=\"text-align: center;\">Las pajaritas son sus dise\u00f1os estrella. Todas las de la derecha son obra suya. Muy originales las gemelas de print de pata de gallo XL, para lucir a d\u00fao.<\/p>\n<p style=\"text-align: center;\"><a href=\"\/pasarelaurbana\/wp-content\/uploads\/sites\/49\/2013\/11\/211.jpg\"><img loading=\"lazy\" class=\"aligncenter size-full wp-image-5516\" title=\"21\" src=\"\/pasarelaurbana\/wp-content\/uploads\/sites\/49\/2013\/11\/211.jpg\" alt=\"\" width=\"600\" height=\"900\" srcset=\"https:\/\/static-blogs.diariosur.es\/wp-content\/uploads\/sites\/49\/2013\/11\/211.jpg 600w, https:\/\/static-blogs.diariosur.es\/wp-content\/uploads\/sites\/49\/2013\/11\/211-200x300.jpg 200w\" sizes=\"(max-width: 600px) 100vw, 600px\" \/><\/a><\/p>\n<p style=\"text-align: center;\">Al dise\u00f1ador le pierden los calcetines llamativos. Los suele comprar en <strong>H&#038;M<\/strong>.<\/p>\n<p style=\"text-align: center;\"><a href=\"\/pasarelaurbana\/wp-content\/uploads\/sites\/49\/2013\/11\/22.jpg\"><img loading=\"lazy\" class=\"aligncenter size-full wp-image-5509\" title=\"22\" src=\"\/pasarelaurbana\/wp-content\/uploads\/sites\/49\/2013\/11\/22.jpg\" alt=\"\" width=\"600\" height=\"803\" srcset=\"https:\/\/static-blogs.diariosur.es\/wp-content\/uploads\/sites\/49\/2013\/11\/22.jpg 600w, https:\/\/static-blogs.diariosur.es\/wp-content\/uploads\/sites\/49\/2013\/11\/22-224x300.jpg 224w\" sizes=\"(max-width: 600px) 100vw, 600px\" \/><\/a><\/p>\n<p style=\"text-align: center;\"><a href=\"\/pasarelaurbana\/wp-content\/uploads\/sites\/49\/2013\/11\/18.jpg\"><img loading=\"lazy\" class=\"aligncenter size-full wp-image-5513\" title=\"18\" src=\"\/pasarelaurbana\/wp-content\/uploads\/sites\/49\/2013\/11\/18.jpg\" alt=\"\" width=\"600\" height=\"900\" srcset=\"https:\/\/static-blogs.diariosur.es\/wp-content\/uploads\/sites\/49\/2013\/11\/18.jpg 600w, https:\/\/static-blogs.diariosur.es\/wp-content\/uploads\/sites\/49\/2013\/11\/18-200x300.jpg 200w\" sizes=\"(max-width: 600px) 100vw, 600px\" \/><\/a><\/p>\n<p style=\"text-align: center;\"><a href=\"\/pasarelaurbana\/wp-content\/uploads\/sites\/49\/2013\/11\/17.jpg\"><img loading=\"lazy\" class=\"aligncenter size-full wp-image-5512\" title=\"17\" src=\"\/pasarelaurbana\/wp-content\/uploads\/sites\/49\/2013\/11\/17.jpg\" alt=\"\" width=\"600\" height=\"900\" srcset=\"https:\/\/static-blogs.diariosur.es\/wp-content\/uploads\/sites\/49\/2013\/11\/17.jpg 600w, https:\/\/static-blogs.diariosur.es\/wp-content\/uploads\/sites\/49\/2013\/11\/17-200x300.jpg 200w\" sizes=\"(max-width: 600px) 100vw, 600px\" \/><\/a><\/p>\n<p style=\"text-align: center;\">Y os dejo con unas fotos del backstage del reportaje. Para la ocasi\u00f3n Alberto eligi\u00f3 camisa de Zara, jersey gris de <strong>H&#038;<\/strong>M, mini gabardina y pajarita <strong>dise\u00f1adas por \u00e9l<\/strong>, vaquero de H&#038;M y zapatos de una tienda local. Yo llev\u00e9 camisa de cuello beb\u00e9 estampada con mini animalitos y shorts de cuero negros de <strong>Zara<\/strong>. Los botines dorados son de <strong>Bimba y Lola<\/strong>.<\/p>\n<p style=\"text-align: center;\"><span style=\"text-decoration: underline;\"><strong>SU RUTA DE TIENDAS<\/strong><\/span><\/p>\n<p style=\"text-align: center;\">1. <strong>Zara<\/strong>. Es una de sus paradas imprescindibles para adquirir b\u00e1sicos.<br \/>\n2. <strong>H&#038;M<\/strong>. En esta tienda \u2018low cost\u2019 busca pantalones y calcetines.<br \/>\n3. <strong>Massimo Dutti<\/strong>. En esta ense\u00f1a suele comprar sobre todo bolsos y zapatos.<br \/>\n4. <strong>Purificaci\u00f3n Garc\u00eda<\/strong>. Los bolsos de esta firma son de sus favoritos.<br \/>\n5. <strong>Find De Luxe<\/strong>. Amante de lo vintage, es asiduo a este local malague\u00f1o.<\/p>\n<p style=\"text-align: center;\">\u00a1Hasta el lunes! \u00a1Buen fin de semana!<\/p>\n","protected":false},"excerpt":{"rendered":"<p>Hijo, nieto y sobrino de modistas, Alberto de Santiago llevaba el amor por la costura grabado a fuego en los genes. \u00abMe he criado entre hilos, recuerdo jugar con los retales de tela a imitar los modelos que ve\u00eda en casa\u00bb revela este joven dise\u00f1ador de 25 a\u00f1os quien deja claro desde el principio de [&hellip;]<\/p>\n","protected":false},"author":54,"featured_media":0,"comment_status":"open","ping_status":"open","sticky":false,"template":"","format":"standard","meta":[],"categories":[2],"tags":[],"_links":{"self":[{"href":"https:\/\/blogs.diariosur.es\/pasarelaurbana\/wp-json\/wp\/v2\/posts\/5494"}],"collection":[{"href":"https:\/\/blogs.diariosur.es\/pasarelaurbana\/wp-json\/wp\/v2\/posts"}],"about":[{"href":"https:\/\/blogs.diariosur.es\/pasarelaurbana\/wp-json\/wp\/v2\/types\/post"}],"author":[{"embeddable":true,"href":"https:\/\/blogs.diariosur.es\/pasarelaurbana\/wp-json\/wp\/v2\/users\/54"}],"replies":[{"embeddable":true,"href":"https:\/\/blogs.diariosur.es\/pasarelaurbana\/wp-json\/wp\/v2\/comments?post=5494"}],"version-history":[{"count":0,"href":"https:\/\/blogs.diariosur.es\/pasarelaurbana\/wp-json\/wp\/v2\/posts\/5494\/revisions"}],"wp:attachment":[{"href":"https:\/\/blogs.diariosur.es\/pasarelaurbana\/wp-json\/wp\/v2\/media?parent=5494"}],"wp:term":[{"taxonomy":"category","embeddable":true,"href":"https:\/\/blogs.diariosur.es\/pasarelaurbana\/wp-json\/wp\/v2\/categories?post=5494"},{"taxonomy":"post_tag","embeddable":true,"href":"https:\/\/blogs.diariosur.es\/pasarelaurbana\/wp-json\/wp\/v2\/tags?post=5494"}],"curies":[{"name":"wp","href":"https:\/\/api.w.org\/{rel}","templated":true}]}}