{"id":5517,"date":"2013-11-15T12:49:54","date_gmt":"2013-11-15T11:49:54","guid":{"rendered":"http:\/\/blogs.diariosur.es\/pasarelaurbana\/?p=5517"},"modified":"2013-11-15T12:49:54","modified_gmt":"2013-11-15T11:49:54","slug":"la-musica-y-la-moda-se-alian-para-afinar-las-compras","status":"publish","type":"post","link":"https:\/\/blogs.diariosur.es\/pasarelaurbana\/2013\/11\/15\/la-musica-y-la-moda-se-alian-para-afinar-las-compras\/","title":{"rendered":"La m\u00fasica y la moda se al\u00edan para afinar las compras"},"content":{"rendered":"<p style=\"text-align: center;\">Son tiempos dif\u00edciles. La crisis sigue dando coletazos (a pesar que los pol\u00edticos se afanen en decir que el temporal est\u00e1 remitiendo) y el buen tiempo oto\u00f1al que ha disfrutado M\u00e1laga al menos hasta ahora tampoco ha ayudado a dar salida a la ropa de abrigo. Ante esta realidad los peque\u00f1os comerciantes tienen dos alternativas. O quedarse de brazos cruzados y resignarse cuando revisan la caja diaria o dar un paso adelante y mover ficha agudizando el ingenio. Renovarse o morir e idear nuevas iniciativas. Una m\u00e1xima solo apta para los m\u00e1s valientes. Y Juanibel Vera, comerciante de raza, de esas de toda la vida que no se achican ante los contratiempos, es una de ellas. Dispuesta a animar las ventas, la due\u00f1a de \u00d3palo (boutique malague\u00f1a ubicada en calle Cister) ha decidido apostar por la alianza moda-m\u00fasica. <strong>La iniciativa se desarrollar\u00e1 este viernes a partir de las 20.00 horas a las puertas de la tienda, donde se podr\u00e1 disfrutar del concierto del cuarteto &#8216;Quartet&#8217;.<\/strong> Como la propia Juanibel explica, dicha actuaci\u00f3n constar\u00e1 de dos partes, &#8220;una primera con piezas cl\u00e1sicas muy conocidas y una segudna m\u00e1s movidita&#8221;. Durante dicho concierto, que se prolongar\u00e1 hasta las 22.30 &#8216;<strong>Opalo ofrecer\u00e1 adem\u00e1s un descuento del 15% en todos sus art\u00edculos.<\/strong> En esta original campa\u00f1a tambi\u00e9n participa el Caf\u00e9 Berl\u00edn, que pondr\u00e1 una barra de gin tonics a precios populares, por debajo de los cinco euros. &#8220;Lo que queremos es que la gente se lo pase bien, entre a la tienda, conozcan la colecci\u00f3n y compren&#8221;, explica la empresaria al tiempo que recuerda que es una magn\u00edfica oportunidad para ir pensando en los regalos navide\u00f1os y beneficiarse de la rebaja. \u00bfUn plus? Los complementos de dise\u00f1adoras locales, por las que siempre ha apostado decididamente Juanibel. \u00a1Me gusta la iniciativa!\u00a1Que la disfrut\u00e9is esta tarde!<\/p>\n<p>&nbsp;<\/p>\n<p><a href=\"\/pasarelaurbana\/wp-content\/uploads\/sites\/49\/2013\/11\/opaloblog.jpg\"><img loading=\"lazy\" class=\"aligncenter size-full wp-image-5518\" title=\"opaloblog\" src=\"\/pasarelaurbana\/wp-content\/uploads\/sites\/49\/2013\/11\/opaloblog.jpg\" alt=\"\" width=\"600\" height=\"450\" srcset=\"https:\/\/static-blogs.diariosur.es\/wp-content\/uploads\/sites\/49\/2013\/11\/opaloblog.jpg 600w, https:\/\/static-blogs.diariosur.es\/wp-content\/uploads\/sites\/49\/2013\/11\/opaloblog-300x225.jpg 300w\" sizes=\"(max-width: 600px) 100vw, 600px\" \/><\/a><\/p>\n","protected":false},"excerpt":{"rendered":"<p>Son tiempos dif\u00edciles. La crisis sigue dando coletazos (a pesar que los pol\u00edticos se afanen en decir que el temporal est\u00e1 remitiendo) y el buen tiempo oto\u00f1al que ha disfrutado M\u00e1laga al menos hasta ahora tampoco ha ayudado a dar salida a la ropa de abrigo. Ante esta realidad los peque\u00f1os comerciantes tienen dos alternativas. [&hellip;]<\/p>\n","protected":false},"author":54,"featured_media":0,"comment_status":"open","ping_status":"open","sticky":false,"template":"","format":"standard","meta":[],"categories":[2],"tags":[],"_links":{"self":[{"href":"https:\/\/blogs.diariosur.es\/pasarelaurbana\/wp-json\/wp\/v2\/posts\/5517"}],"collection":[{"href":"https:\/\/blogs.diariosur.es\/pasarelaurbana\/wp-json\/wp\/v2\/posts"}],"about":[{"href":"https:\/\/blogs.diariosur.es\/pasarelaurbana\/wp-json\/wp\/v2\/types\/post"}],"author":[{"embeddable":true,"href":"https:\/\/blogs.diariosur.es\/pasarelaurbana\/wp-json\/wp\/v2\/users\/54"}],"replies":[{"embeddable":true,"href":"https:\/\/blogs.diariosur.es\/pasarelaurbana\/wp-json\/wp\/v2\/comments?post=5517"}],"version-history":[{"count":0,"href":"https:\/\/blogs.diariosur.es\/pasarelaurbana\/wp-json\/wp\/v2\/posts\/5517\/revisions"}],"wp:attachment":[{"href":"https:\/\/blogs.diariosur.es\/pasarelaurbana\/wp-json\/wp\/v2\/media?parent=5517"}],"wp:term":[{"taxonomy":"category","embeddable":true,"href":"https:\/\/blogs.diariosur.es\/pasarelaurbana\/wp-json\/wp\/v2\/categories?post=5517"},{"taxonomy":"post_tag","embeddable":true,"href":"https:\/\/blogs.diariosur.es\/pasarelaurbana\/wp-json\/wp\/v2\/tags?post=5517"}],"curies":[{"name":"wp","href":"https:\/\/api.w.org\/{rel}","templated":true}]}}