{"id":5538,"date":"2013-11-21T15:55:00","date_gmt":"2013-11-21T14:55:00","guid":{"rendered":"http:\/\/blogs.diariosur.es\/pasarelaurbana\/?p=5538"},"modified":"2013-11-21T15:55:00","modified_gmt":"2013-11-21T14:55:00","slug":"makarthy-desembarca-en-malaga","status":"publish","type":"post","link":"https:\/\/blogs.diariosur.es\/pasarelaurbana\/2013\/11\/21\/makarthy-desembarca-en-malaga\/","title":{"rendered":"Makarthy desembarca en M\u00e1laga"},"content":{"rendered":"<p style=\"text-align: center;\">\u00a1Buenas! Ya sab\u00e9is que de vez en cuando me gusta hablaros de nuevas marcas que aterrizan en M\u00e1laga. Pues bien, hoy es el turno de Makarthy, una joven firma gallega (nacida en Vigo para m\u00e1s se\u00f1as) que no solo estrena corner <strong>en la cuarta planta de El Corte Ingl\u00e9s<\/strong> sino que, adem\u00e1s ha trasladado su sede a la capital. La marca debuta este viernes con el lanzamiento de su colecci\u00f3n 2013-2014 (principalmente para hombres, aunque en su tienda on line tienen alguna sudadera para mujeres), en la que predominan las l\u00edneas cl\u00e1sicas con toques deportivos. Su objetivo principal, como indican desde la compa\u00f1\u00eda es buscar &#8220;a un cliente fiel a las tendencias y a sus marcas, que no busca modas ef\u00edmeras, sino que la marca forme parte de su estilo de vida&#8221;, resumen al tiempo que advierten que se orientan &#8220;a hombres de \u00e9xito que saben lo que quieren y que buscan un estilo de vida diferente&#8221;. La firma apuesta por la calidad -tanto en los tejidos como en los patrones- y se dirige a lo que denominan &#8220;un gentleman cosmopolita y contempor\u00e1neo&#8221;. Personalmente me han gustado bastante sus camisas de cuello beb\u00e9 -que a veces cuesta encontrar para ellos- y sus sudaderas sporty chic. Os dejo con algunos de los looks propuestos por Makarthy.<\/p>\n<p>&nbsp;<\/p>\n<p><a href=\"\/pasarelaurbana\/wp-content\/uploads\/sites\/49\/2013\/11\/lookuno.jpg\"><img loading=\"lazy\" class=\"aligncenter size-full wp-image-5539\" title=\"lookuno\" src=\"\/pasarelaurbana\/wp-content\/uploads\/sites\/49\/2013\/11\/lookuno.jpg\" alt=\"\" width=\"600\" height=\"896\" srcset=\"https:\/\/static-blogs.diariosur.es\/wp-content\/uploads\/sites\/49\/2013\/11\/lookuno.jpg 600w, https:\/\/static-blogs.diariosur.es\/wp-content\/uploads\/sites\/49\/2013\/11\/lookuno-201x300.jpg 201w\" sizes=\"(max-width: 600px) 100vw, 600px\" \/><\/a><!--more--><a href=\"\/pasarelaurbana\/wp-content\/uploads\/sites\/49\/2013\/11\/lookdos.jpg\"><img loading=\"lazy\" class=\"aligncenter size-full wp-image-5540\" title=\"lookdos\" src=\"\/pasarelaurbana\/wp-content\/uploads\/sites\/49\/2013\/11\/lookdos.jpg\" alt=\"\" width=\"600\" height=\"786\" srcset=\"https:\/\/static-blogs.diariosur.es\/wp-content\/uploads\/sites\/49\/2013\/11\/lookdos.jpg 600w, https:\/\/static-blogs.diariosur.es\/wp-content\/uploads\/sites\/49\/2013\/11\/lookdos-229x300.jpg 229w\" sizes=\"(max-width: 600px) 100vw, 600px\" \/><\/a><\/p>\n<p><a href=\"\/pasarelaurbana\/wp-content\/uploads\/sites\/49\/2013\/11\/look-tres.jpg\"><img loading=\"lazy\" class=\"aligncenter size-full wp-image-5541\" title=\"look-tres\" src=\"\/pasarelaurbana\/wp-content\/uploads\/sites\/49\/2013\/11\/look-tres.jpg\" alt=\"\" width=\"600\" height=\"921\" srcset=\"https:\/\/static-blogs.diariosur.es\/wp-content\/uploads\/sites\/49\/2013\/11\/look-tres.jpg 600w, https:\/\/static-blogs.diariosur.es\/wp-content\/uploads\/sites\/49\/2013\/11\/look-tres-195x300.jpg 195w\" sizes=\"(max-width: 600px) 100vw, 600px\" \/><\/a><\/p>\n","protected":false},"excerpt":{"rendered":"<p>\u00a1Buenas! Ya sab\u00e9is que de vez en cuando me gusta hablaros de nuevas marcas que aterrizan en M\u00e1laga. Pues bien, hoy es el turno de Makarthy, una joven firma gallega (nacida en Vigo para m\u00e1s se\u00f1as) que no solo estrena corner en la cuarta planta de El Corte Ingl\u00e9s sino que, adem\u00e1s ha trasladado su [&hellip;]<\/p>\n","protected":false},"author":54,"featured_media":0,"comment_status":"open","ping_status":"open","sticky":false,"template":"","format":"standard","meta":[],"categories":[2],"tags":[],"_links":{"self":[{"href":"https:\/\/blogs.diariosur.es\/pasarelaurbana\/wp-json\/wp\/v2\/posts\/5538"}],"collection":[{"href":"https:\/\/blogs.diariosur.es\/pasarelaurbana\/wp-json\/wp\/v2\/posts"}],"about":[{"href":"https:\/\/blogs.diariosur.es\/pasarelaurbana\/wp-json\/wp\/v2\/types\/post"}],"author":[{"embeddable":true,"href":"https:\/\/blogs.diariosur.es\/pasarelaurbana\/wp-json\/wp\/v2\/users\/54"}],"replies":[{"embeddable":true,"href":"https:\/\/blogs.diariosur.es\/pasarelaurbana\/wp-json\/wp\/v2\/comments?post=5538"}],"version-history":[{"count":0,"href":"https:\/\/blogs.diariosur.es\/pasarelaurbana\/wp-json\/wp\/v2\/posts\/5538\/revisions"}],"wp:attachment":[{"href":"https:\/\/blogs.diariosur.es\/pasarelaurbana\/wp-json\/wp\/v2\/media?parent=5538"}],"wp:term":[{"taxonomy":"category","embeddable":true,"href":"https:\/\/blogs.diariosur.es\/pasarelaurbana\/wp-json\/wp\/v2\/categories?post=5538"},{"taxonomy":"post_tag","embeddable":true,"href":"https:\/\/blogs.diariosur.es\/pasarelaurbana\/wp-json\/wp\/v2\/tags?post=5538"}],"curies":[{"name":"wp","href":"https:\/\/api.w.org\/{rel}","templated":true}]}}