{"id":5544,"date":"2013-11-23T09:38:09","date_gmt":"2013-11-23T08:38:09","guid":{"rendered":"http:\/\/blogs.diariosur.es\/pasarelaurbana\/?p=5544"},"modified":"2013-11-23T09:38:09","modified_gmt":"2013-11-23T08:38:09","slug":"a-sacar-los-abrigos","status":"publish","type":"post","link":"https:\/\/blogs.diariosur.es\/pasarelaurbana\/2013\/11\/23\/a-sacar-los-abrigos\/","title":{"rendered":"\u00a1A sacar los abrigos!"},"content":{"rendered":"<p style=\"text-align: center;\">\u00a1Se acab\u00f3 la tregua! Esta semana el fr\u00edo ha entrado de lleno en la provincia, casi sin avisar. Los term\u00f3metros han pasado de registros superiores a los 20 grados a m\u00e1ximas de 14-15 y m\u00ednimas de 4 que han obligado a los m\u00e1s rezagados a cambiar el armario a marchas forzadas para desempolvar la ropa de invierno. La ca\u00edda brusca de las temperaturas ha hecho que los abrigos tomen estos d\u00edas la pasarela urbana convirti\u00e9ndose en los grandes protagonistas del \u2018street style\u2019 malague\u00f1o.<\/p>\n<p>Esta temporada triunfan en versi\u00f3n \u2018oversize\u2019 (v\u00e9ase XL, como si nos sobrara alguna que otra talla) y siluetas masculinas. Un corte que arrasa, por ejemplo, en clave tart\u00e1n -con estampado de cuadros escoceses- y en colores pasteles (fundamental el rosa empolvado, imprescindible este oto\u00f1o en la paleta crom\u00e1tica como ya hemos comentado en m\u00e1s de una ocasi\u00f3n). A su favor tienen la comodidad. En contra, la dificultad para combinarlos con acierto dado su amplio volumen. \u00bfEl truco? Contrarrestar su punto gentleman con prendas muy femeninas, como por ejemplo unos pitillos de cuero, un vestido lencero o una blusa rom\u00e1ntica vaporosa.<\/p>\n<p>Pero si hay una prenda de abrigo imprescindible este a\u00f1o esa es la capa. Siempre tan sofisticada, esta alternativa a los abrigos -vers\u00e1til donde las haya- nos invita a ense\u00f1ar mangas. Por ella apuestan Mar\u00eda Rueda y Margarita Mu\u00f1oz, dos de las protagonista de este reportaje. Elvira Mart\u00edn, por su parte, luce otro de los \u2018must have\u2019 de la temporada: los abrigos de pelo, en su caso de \u2018print\u2019 animal mientras que Beatriz Romero luce un llamativo modelo tapicero que demuestra c\u00f3mo un buen abrigo transforma todo un look.<\/p>\n<p style=\"text-align: center;\"><a href=\"\/pasarelaurbana\/wp-content\/uploads\/sites\/49\/2013\/11\/57.jpg\"><img loading=\"lazy\" class=\"aligncenter size-full wp-image-5546\" title=\"5\" src=\"\/pasarelaurbana\/wp-content\/uploads\/sites\/49\/2013\/11\/57.jpg\" alt=\"\" width=\"600\" height=\"803\" srcset=\"https:\/\/static-blogs.diariosur.es\/wp-content\/uploads\/sites\/49\/2013\/11\/57.jpg 600w, https:\/\/static-blogs.diariosur.es\/wp-content\/uploads\/sites\/49\/2013\/11\/57-224x300.jpg 224w\" sizes=\"(max-width: 600px) 100vw, 600px\" \/><\/a><\/p>\n<p style=\"text-align: center;\"><!--more--><\/p>\n<p style=\"text-align: center;\"><a href=\"\/pasarelaurbana\/wp-content\/uploads\/sites\/49\/2013\/11\/62.jpg\"><img loading=\"lazy\" class=\"aligncenter size-full wp-image-5547\" title=\"6\" src=\"\/pasarelaurbana\/wp-content\/uploads\/sites\/49\/2013\/11\/62.jpg\" alt=\"\" width=\"600\" height=\"803\" srcset=\"https:\/\/static-blogs.diariosur.es\/wp-content\/uploads\/sites\/49\/2013\/11\/62.jpg 600w, https:\/\/static-blogs.diariosur.es\/wp-content\/uploads\/sites\/49\/2013\/11\/62-224x300.jpg 224w\" sizes=\"(max-width: 600px) 100vw, 600px\" \/><\/a><\/p>\n<p><a href=\"\/pasarelaurbana\/wp-content\/uploads\/sites\/49\/2013\/11\/72.jpg\"><img loading=\"lazy\" class=\"aligncenter size-full wp-image-5548\" title=\"7\" src=\"\/pasarelaurbana\/wp-content\/uploads\/sites\/49\/2013\/11\/72.jpg\" alt=\"\" width=\"600\" height=\"803\" srcset=\"https:\/\/static-blogs.diariosur.es\/wp-content\/uploads\/sites\/49\/2013\/11\/72.jpg 600w, https:\/\/static-blogs.diariosur.es\/wp-content\/uploads\/sites\/49\/2013\/11\/72-224x300.jpg 224w\" sizes=\"(max-width: 600px) 100vw, 600px\" \/><\/a><\/p>\n<p><a href=\"\/pasarelaurbana\/wp-content\/uploads\/sites\/49\/2013\/11\/82.jpg\"><img loading=\"lazy\" class=\"aligncenter size-full wp-image-5549\" title=\"8\" src=\"\/pasarelaurbana\/wp-content\/uploads\/sites\/49\/2013\/11\/82.jpg\" alt=\"\" width=\"600\" height=\"803\" srcset=\"https:\/\/static-blogs.diariosur.es\/wp-content\/uploads\/sites\/49\/2013\/11\/82.jpg 600w, https:\/\/static-blogs.diariosur.es\/wp-content\/uploads\/sites\/49\/2013\/11\/82-224x300.jpg 224w\" sizes=\"(max-width: 600px) 100vw, 600px\" \/><\/a><\/p>\n<p><a href=\"\/pasarelaurbana\/wp-content\/uploads\/sites\/49\/2013\/11\/92.jpg\"><img loading=\"lazy\" class=\"aligncenter size-full wp-image-5550\" title=\"9\" src=\"\/pasarelaurbana\/wp-content\/uploads\/sites\/49\/2013\/11\/92.jpg\" alt=\"\" width=\"600\" height=\"803\" srcset=\"https:\/\/static-blogs.diariosur.es\/wp-content\/uploads\/sites\/49\/2013\/11\/92.jpg 600w, https:\/\/static-blogs.diariosur.es\/wp-content\/uploads\/sites\/49\/2013\/11\/92-224x300.jpg 224w\" sizes=\"(max-width: 600px) 100vw, 600px\" \/><\/a><\/p>\n<p style=\"text-align: center;\"><strong>Beatriz Romero<\/strong>. Enfermera. 33 a\u00f1os<\/p>\n<p style=\"text-align: center;\"><span style=\"text-decoration: underline;\">Un look colorista y sofisticado contra el mal tiempo<\/span><\/p>\n<p>Arras\u00f3 el pasado invierno y sigue teniendo su protagonismo destacado a pie de calle. Hablamos de los tejidos tapiceros que hace unos meses salpicaron faldas y abrigos y que conservan un hueco destacado en el \u2018street style\u2019 malague\u00f1o. Muestra de ello es el \u2018outfit\u2019 que propone Beatriz Romero. Esta enfermera malague\u00f1a de 33 a\u00f1os centra todo el peso de su estilismo en un llamativo abrigo de flores sobre el que recaen todas las miradas. Dado que dicha prenda acapara el protagonismo absoluto opta con acierto por equilibrar el resto del look con prendas b\u00e1sicas, en su caso unas medias oscuras de Calcedonia, un vestido camisero blanco y unas manoletinas negras. Un bolso bandolera rojo a\u00f1ade color.<\/p>\n<p style=\"text-align: center;\">Abrigo: De una boutique de Estepona.<\/p>\n<p style=\"text-align: center;\">Medias: Calcedonia.<\/p>\n<p style=\"text-align: center;\">Manoletinas: Top Shop.<\/p>\n<p style=\"text-align: center;\">Bolso: Mango.<\/p>\n<p style=\"text-align: center;\">Bufanda: Punto Roma.<\/p>\n<p style=\"text-align: center;\"><a href=\"\/pasarelaurbana\/wp-content\/uploads\/sites\/49\/2013\/11\/102.jpg\"><img loading=\"lazy\" class=\"aligncenter size-full wp-image-5551\" title=\"10\" src=\"\/pasarelaurbana\/wp-content\/uploads\/sites\/49\/2013\/11\/102.jpg\" alt=\"\" width=\"600\" height=\"803\" srcset=\"https:\/\/static-blogs.diariosur.es\/wp-content\/uploads\/sites\/49\/2013\/11\/102.jpg 600w, https:\/\/static-blogs.diariosur.es\/wp-content\/uploads\/sites\/49\/2013\/11\/102-224x300.jpg 224w\" sizes=\"(max-width: 600px) 100vw, 600px\" \/><\/a><\/p>\n<p style=\"text-align: center;\"><a href=\"\/pasarelaurbana\/wp-content\/uploads\/sites\/49\/2013\/11\/112.jpg\"><img loading=\"lazy\" class=\"aligncenter size-full wp-image-5552\" title=\"11\" src=\"\/pasarelaurbana\/wp-content\/uploads\/sites\/49\/2013\/11\/112.jpg\" alt=\"\" width=\"600\" height=\"1139\" srcset=\"https:\/\/static-blogs.diariosur.es\/wp-content\/uploads\/sites\/49\/2013\/11\/112.jpg 600w, https:\/\/static-blogs.diariosur.es\/wp-content\/uploads\/sites\/49\/2013\/11\/112-158x300.jpg 158w, https:\/\/static-blogs.diariosur.es\/wp-content\/uploads\/sites\/49\/2013\/11\/112-539x1024.jpg 539w\" sizes=\"(max-width: 600px) 100vw, 600px\" \/><\/a><\/p>\n<p style=\"text-align: center;\"><a href=\"\/pasarelaurbana\/wp-content\/uploads\/sites\/49\/2013\/11\/122.jpg\"><img loading=\"lazy\" class=\"aligncenter size-full wp-image-5553\" title=\"12\" src=\"\/pasarelaurbana\/wp-content\/uploads\/sites\/49\/2013\/11\/122.jpg\" alt=\"\" width=\"600\" height=\"803\" srcset=\"https:\/\/static-blogs.diariosur.es\/wp-content\/uploads\/sites\/49\/2013\/11\/122.jpg 600w, https:\/\/static-blogs.diariosur.es\/wp-content\/uploads\/sites\/49\/2013\/11\/122-224x300.jpg 224w\" sizes=\"(max-width: 600px) 100vw, 600px\" \/><\/a><\/p>\n<p style=\"text-align: center;\"><a href=\"\/pasarelaurbana\/wp-content\/uploads\/sites\/49\/2013\/11\/132.jpg\"><img loading=\"lazy\" class=\"aligncenter size-full wp-image-5554\" title=\"13\" src=\"\/pasarelaurbana\/wp-content\/uploads\/sites\/49\/2013\/11\/132.jpg\" alt=\"\" width=\"600\" height=\"803\" srcset=\"https:\/\/static-blogs.diariosur.es\/wp-content\/uploads\/sites\/49\/2013\/11\/132.jpg 600w, https:\/\/static-blogs.diariosur.es\/wp-content\/uploads\/sites\/49\/2013\/11\/132-224x300.jpg 224w\" sizes=\"(max-width: 600px) 100vw, 600px\" \/><\/a><a href=\"\/pasarelaurbana\/wp-content\/uploads\/sites\/49\/2013\/11\/142.jpg\"><img loading=\"lazy\" class=\"aligncenter size-full wp-image-5555\" title=\"14\" src=\"\/pasarelaurbana\/wp-content\/uploads\/sites\/49\/2013\/11\/142.jpg\" alt=\"\" width=\"600\" height=\"803\" srcset=\"https:\/\/static-blogs.diariosur.es\/wp-content\/uploads\/sites\/49\/2013\/11\/142.jpg 600w, https:\/\/static-blogs.diariosur.es\/wp-content\/uploads\/sites\/49\/2013\/11\/142-224x300.jpg 224w\" sizes=\"(max-width: 600px) 100vw, 600px\" \/><\/a><\/p>\n<p style=\"text-align: center;\"><a href=\"\/pasarelaurbana\/wp-content\/uploads\/sites\/49\/2013\/11\/152.jpg\"><img loading=\"lazy\" class=\"aligncenter size-full wp-image-5545\" title=\"15\" src=\"\/pasarelaurbana\/wp-content\/uploads\/sites\/49\/2013\/11\/152.jpg\" alt=\"\" width=\"600\" height=\"803\" srcset=\"https:\/\/static-blogs.diariosur.es\/wp-content\/uploads\/sites\/49\/2013\/11\/152.jpg 600w, https:\/\/static-blogs.diariosur.es\/wp-content\/uploads\/sites\/49\/2013\/11\/152-224x300.jpg 224w\" sizes=\"(max-width: 600px) 100vw, 600px\" \/><\/a><\/p>\n<p style=\"text-align: center;\"><strong>Mar\u00eda Rueda<\/strong>. Economista. 47 a\u00f1os<\/p>\n<p style=\"text-align: center;\"><span style=\"text-decoration: underline;\">Las capas, una de las prendas estrella de esta temporada<\/span><\/p>\n<p>\u00a1Han vuelto! La prenda que populariz\u00f3 la ya conocida como reina de las capas, Blair Waldorf, ha regresado este oto\u00f1o con fuerza, dispuesta a hacerle la competencia a los abrigos m\u00e1s tradicionales. Desde que se inici\u00f3 la serie el personaje de \u2018Gossip Girl\u2019 ha sido una de las principales abanderadas de esta tendencia, que esta temporada pisa fuerte la pasarela urbana, convertida en una de las estrellas del \u2018street style\u2019, imprescindible para toda fashionista que se precie. Mar\u00eda Rueda, una economista de 37 a\u00f1os, apuesta por un modelo cl\u00e1sico de Zara en gris marengo con remates en cuero, perfecta para tener de fondo de armario por sus m\u00faltiples posibilidades de combinaci\u00f3n. \u00abMe gustan mucho las capas porque son c\u00f3modas y dan un punto especial y original a cualquier estilismo. Adem\u00e1s, son ideales para el tiempo que tenemos en M\u00e1laga\u00bb, nos destac\u00f3 cuando la fichamos paseando por calle Larios. Mar\u00eda completa el look con un jersey, tambi\u00e9n gris, de cuello vuelto de Massimo Dutti, leggins oscuros y unos botines beiges. El bolso es de Adolfo Dom\u00ednguez.<\/p>\n<p style=\"text-align: center;\">Capa: Zara.<\/p>\n<p style=\"text-align: center;\">Jersey: Massimo Dutti.<\/p>\n<p style=\"text-align: center;\">Botas: De una zapater\u00eda de la plaza del Carb\u00f3n.<\/p>\n<p style=\"text-align: center;\">Bolso: Adolfo Dom\u00ednguez.<\/p>\n<p style=\"text-align: center;\"><a href=\"\/pasarelaurbana\/wp-content\/uploads\/sites\/49\/2013\/11\/161.jpg\"><img loading=\"lazy\" class=\"aligncenter size-full wp-image-5557\" title=\"16\" src=\"\/pasarelaurbana\/wp-content\/uploads\/sites\/49\/2013\/11\/161.jpg\" alt=\"\" width=\"600\" height=\"803\" srcset=\"https:\/\/static-blogs.diariosur.es\/wp-content\/uploads\/sites\/49\/2013\/11\/161.jpg 600w, https:\/\/static-blogs.diariosur.es\/wp-content\/uploads\/sites\/49\/2013\/11\/161-224x300.jpg 224w\" sizes=\"(max-width: 600px) 100vw, 600px\" \/><\/a><\/p>\n<p style=\"text-align: center;\"><a href=\"\/pasarelaurbana\/wp-content\/uploads\/sites\/49\/2013\/11\/171.jpg\"><img loading=\"lazy\" class=\"aligncenter size-full wp-image-5558\" title=\"17\" src=\"\/pasarelaurbana\/wp-content\/uploads\/sites\/49\/2013\/11\/171.jpg\" alt=\"\" width=\"600\" height=\"803\" srcset=\"https:\/\/static-blogs.diariosur.es\/wp-content\/uploads\/sites\/49\/2013\/11\/171.jpg 600w, https:\/\/static-blogs.diariosur.es\/wp-content\/uploads\/sites\/49\/2013\/11\/171-224x300.jpg 224w\" sizes=\"(max-width: 600px) 100vw, 600px\" \/><\/a><\/p>\n<p style=\"text-align: center;\"><a href=\"\/pasarelaurbana\/wp-content\/uploads\/sites\/49\/2013\/11\/181.jpg\"><img loading=\"lazy\" class=\"aligncenter size-full wp-image-5559\" title=\"18\" src=\"\/pasarelaurbana\/wp-content\/uploads\/sites\/49\/2013\/11\/181.jpg\" alt=\"\" width=\"600\" height=\"803\" srcset=\"https:\/\/static-blogs.diariosur.es\/wp-content\/uploads\/sites\/49\/2013\/11\/181.jpg 600w, https:\/\/static-blogs.diariosur.es\/wp-content\/uploads\/sites\/49\/2013\/11\/181-224x300.jpg 224w\" sizes=\"(max-width: 600px) 100vw, 600px\" \/><\/a><\/p>\n<p style=\"text-align: center;\"><a href=\"\/pasarelaurbana\/wp-content\/uploads\/sites\/49\/2013\/11\/191.jpg\"><img loading=\"lazy\" class=\"aligncenter size-full wp-image-5560\" title=\"19\" src=\"\/pasarelaurbana\/wp-content\/uploads\/sites\/49\/2013\/11\/191.jpg\" alt=\"\" width=\"600\" height=\"803\" srcset=\"https:\/\/static-blogs.diariosur.es\/wp-content\/uploads\/sites\/49\/2013\/11\/191.jpg 600w, https:\/\/static-blogs.diariosur.es\/wp-content\/uploads\/sites\/49\/2013\/11\/191-224x300.jpg 224w\" sizes=\"(max-width: 600px) 100vw, 600px\" \/><\/a><\/p>\n<p style=\"text-align: center;\"><strong>Elvira Mart\u00edn<\/strong>. Profesora. 33 a\u00f1os<\/p>\n<p style=\"text-align: center;\"><span style=\"text-decoration: underline;\">De pelo, con \u2018print\u2019 de leopardo, perfecto para las m\u00e1s frioleras<\/span><\/p>\n<p>Elvira Mart\u00edn, una profesora malague\u00f1a de 33 a\u00f1os, se declara una apasionada de los abrigos. Confiesa que siente debilidad por ellos y que suele tener 4-5 que va combinando en funci\u00f3n de cada estilismo. El pasado mi\u00e9rcoles eligi\u00f3 para pasear con su hija un modelo de Pull&#038;Bear de pelo con \u2018print\u2019 animal, un estampado incombustible que temporada tras temporada vuelve a ser tendencia. \u00abEn mi caso me gusta no porque se lleve sino porque imprime ese aire grunge con el que me identifico\u00bb, nos aclar\u00f3. El abrigo es el eje de su look, que completa con prendas sencillas: un jersey b\u00e1sico y unos vaqueros.<\/p>\n<p style=\"text-align: center;\">Abrigo: Pull&#038;Bear.<\/p>\n<p style=\"text-align: center;\">Jersey: Zara.<\/p>\n<p style=\"text-align: center;\">Vaqueros: H&#038;M.<\/p>\n<p style=\"text-align: center;\">Botines: Primark.<\/p>\n<p style=\"text-align: center;\"><a href=\"\/pasarelaurbana\/wp-content\/uploads\/sites\/49\/2013\/11\/201.jpg\"><img loading=\"lazy\" class=\"aligncenter size-full wp-image-5561\" title=\"20\" src=\"\/pasarelaurbana\/wp-content\/uploads\/sites\/49\/2013\/11\/201.jpg\" alt=\"\" width=\"600\" height=\"803\" srcset=\"https:\/\/static-blogs.diariosur.es\/wp-content\/uploads\/sites\/49\/2013\/11\/201.jpg 600w, https:\/\/static-blogs.diariosur.es\/wp-content\/uploads\/sites\/49\/2013\/11\/201-224x300.jpg 224w\" sizes=\"(max-width: 600px) 100vw, 600px\" \/><\/a><\/p>\n<p style=\"text-align: center;\"><a href=\"\/pasarelaurbana\/wp-content\/uploads\/sites\/49\/2013\/11\/212.jpg\"><img loading=\"lazy\" class=\"aligncenter size-full wp-image-5562\" title=\"21\" src=\"\/pasarelaurbana\/wp-content\/uploads\/sites\/49\/2013\/11\/212.jpg\" alt=\"\" width=\"600\" height=\"803\" srcset=\"https:\/\/static-blogs.diariosur.es\/wp-content\/uploads\/sites\/49\/2013\/11\/212.jpg 600w, https:\/\/static-blogs.diariosur.es\/wp-content\/uploads\/sites\/49\/2013\/11\/212-224x300.jpg 224w\" sizes=\"(max-width: 600px) 100vw, 600px\" \/><\/a><\/p>\n<p style=\"text-align: center;\"><a href=\"\/pasarelaurbana\/wp-content\/uploads\/sites\/49\/2013\/11\/221.jpg\"><img loading=\"lazy\" class=\"aligncenter size-full wp-image-5556\" title=\"22\" src=\"\/pasarelaurbana\/wp-content\/uploads\/sites\/49\/2013\/11\/221.jpg\" alt=\"\" width=\"600\" height=\"803\" srcset=\"https:\/\/static-blogs.diariosur.es\/wp-content\/uploads\/sites\/49\/2013\/11\/221.jpg 600w, https:\/\/static-blogs.diariosur.es\/wp-content\/uploads\/sites\/49\/2013\/11\/221-224x300.jpg 224w\" sizes=\"(max-width: 600px) 100vw, 600px\" \/><\/a><\/p>\n<p style=\"text-align: center;\"><strong>Margarita Mu\u00f1oz<\/strong>. Abogada. 31 a\u00f1os<\/p>\n<p style=\"text-align: center;\"><span style=\"text-decoration: underline;\">La elegancia del bicolor, un cl\u00e1sico que nunca falla<\/span><\/p>\n<p>Al igual que ocurre con los otros tres estilismos que ilustran esta p\u00e1gina, el que luce Margarita Mu\u00f1oz demuestra que un buen abrigo es capaz por s\u00ed solo de hacer que un \u2018look\u2019 triunfe. La capa de esta abogada malague\u00f1a de 31 a\u00f1os (que la firma Purificaci\u00f3n Garc\u00eda) es el ejemplo perfecto. Imprime elegancia, sobriedad y sofisticaci\u00f3n a un \u2018outfit\u2019 sin grandes complicaciones formado por una blusa, pantalones entubados y botines negros. La bufanda pone la nota de color.<\/p>\n<p style=\"text-align: center;\">Capa: Purificaci\u00f3n Garc\u00eda.<\/p>\n<p style=\"text-align: center;\">Blusa, pantalones y botines: Zara.<\/p>\n<p style=\"text-align: center;\">Bolso: Massimo Dutti.<\/p>\n<p style=\"text-align: center;\">Gafas: Ray-Ban.<\/p>\n","protected":false},"excerpt":{"rendered":"<p>\u00a1Se acab\u00f3 la tregua! Esta semana el fr\u00edo ha entrado de lleno en la provincia, casi sin avisar. Los term\u00f3metros han pasado de registros superiores a los 20 grados a m\u00e1ximas de 14-15 y m\u00ednimas de 4 que han obligado a los m\u00e1s rezagados a cambiar el armario a marchas forzadas para desempolvar la ropa [&hellip;]<\/p>\n","protected":false},"author":54,"featured_media":0,"comment_status":"open","ping_status":"open","sticky":false,"template":"","format":"standard","meta":[],"categories":[2],"tags":[],"_links":{"self":[{"href":"https:\/\/blogs.diariosur.es\/pasarelaurbana\/wp-json\/wp\/v2\/posts\/5544"}],"collection":[{"href":"https:\/\/blogs.diariosur.es\/pasarelaurbana\/wp-json\/wp\/v2\/posts"}],"about":[{"href":"https:\/\/blogs.diariosur.es\/pasarelaurbana\/wp-json\/wp\/v2\/types\/post"}],"author":[{"embeddable":true,"href":"https:\/\/blogs.diariosur.es\/pasarelaurbana\/wp-json\/wp\/v2\/users\/54"}],"replies":[{"embeddable":true,"href":"https:\/\/blogs.diariosur.es\/pasarelaurbana\/wp-json\/wp\/v2\/comments?post=5544"}],"version-history":[{"count":0,"href":"https:\/\/blogs.diariosur.es\/pasarelaurbana\/wp-json\/wp\/v2\/posts\/5544\/revisions"}],"wp:attachment":[{"href":"https:\/\/blogs.diariosur.es\/pasarelaurbana\/wp-json\/wp\/v2\/media?parent=5544"}],"wp:term":[{"taxonomy":"category","embeddable":true,"href":"https:\/\/blogs.diariosur.es\/pasarelaurbana\/wp-json\/wp\/v2\/categories?post=5544"},{"taxonomy":"post_tag","embeddable":true,"href":"https:\/\/blogs.diariosur.es\/pasarelaurbana\/wp-json\/wp\/v2\/tags?post=5544"}],"curies":[{"name":"wp","href":"https:\/\/api.w.org\/{rel}","templated":true}]}}