{"id":5565,"date":"2013-11-26T15:51:51","date_gmt":"2013-11-26T14:51:51","guid":{"rendered":"http:\/\/blogs.diariosur.es\/pasarelaurbana\/?p=5565"},"modified":"2013-11-26T15:51:51","modified_gmt":"2013-11-26T14:51:51","slug":"las-rayas-bicolor-un-basico-que-siempre-funciona","status":"publish","type":"post","link":"https:\/\/blogs.diariosur.es\/pasarelaurbana\/2013\/11\/26\/las-rayas-bicolor-un-basico-que-siempre-funciona\/","title":{"rendered":"Las rayas bicolor, un b\u00e1sico que siempre funciona"},"content":{"rendered":"<p style=\"text-align: center;\">\u00a1Buenas! Hoy toca nueva protagonista del &#8216;street style&#8217; malague\u00f1o. En este caso nos lo trae <strong>Victoria Zarco<\/strong>, una joven de 25 a\u00f1os maestra e int\u00e9rprete de lengua de signos. Me gust\u00f3 su look cuando me la cruc\u00e9 por la plaza de la Constituci\u00f3n por su sencillez y su car\u00e1cter pr\u00e1ctico. Como siempre os digo (y a las fotos me remito) en la mayor\u00eda de los casos el \u00e9xito de un &#8216;outfit&#8217; reside en la armon\u00eda, el equilibrio y en la propia actitud de la persona que lo lleva. Es decir, un simple pantal\u00f3n negro con un jersey de rayas, un buen abrigo y unas botas funciona a la perfecci\u00f3n acompa\u00f1ado de unas gafas de sol favorecedoras, una melena bien peinada y algo tan simple -pero de lo que a veces nos olvidamos- como es una sonrisa (el mejor de los complementos). El resultado de estos ingredientes es el estilismos que propone Victoria, ideal para ir abrigadita y c\u00f3moda a la oficina o simplemente a dar un paseo por el Centro. Me gusta el jersey. Las rayas blancas y negras son el nuevo marinero del oto\u00f1o. Un cl\u00e1sico que siempre sienta bien y que ofrece m\u00faltipes combinaciones (me encanta con burdeos, mostaza, con azul klein o rosa palo, por ejemplo). A fichar tambi\u00e9n el abrigo de lana gris de corte masculino. \u00a1Os dejo con ella! \u00a1Hasta ma\u00f1ana! Os espero en Twitter: @almunogues<\/p>\n<p>&nbsp;<\/p>\n<p><a href=\"\/pasarelaurbana\/wp-content\/uploads\/sites\/49\/2013\/11\/301.jpg\"><img loading=\"lazy\" class=\"aligncenter size-full wp-image-5567\" title=\"30\" src=\"\/pasarelaurbana\/wp-content\/uploads\/sites\/49\/2013\/11\/301.jpg\" alt=\"\" width=\"600\" height=\"803\" srcset=\"https:\/\/static-blogs.diariosur.es\/wp-content\/uploads\/sites\/49\/2013\/11\/301.jpg 600w, https:\/\/static-blogs.diariosur.es\/wp-content\/uploads\/sites\/49\/2013\/11\/301-224x300.jpg 224w\" sizes=\"(max-width: 600px) 100vw, 600px\" \/><\/a><!--more--><\/p>\n<p><a href=\"\/pasarelaurbana\/wp-content\/uploads\/sites\/49\/2013\/11\/311.jpg\"><img loading=\"lazy\" class=\"aligncenter size-full wp-image-5568\" title=\"31\" src=\"\/pasarelaurbana\/wp-content\/uploads\/sites\/49\/2013\/11\/311.jpg\" alt=\"\" width=\"600\" height=\"803\" srcset=\"https:\/\/static-blogs.diariosur.es\/wp-content\/uploads\/sites\/49\/2013\/11\/311.jpg 600w, https:\/\/static-blogs.diariosur.es\/wp-content\/uploads\/sites\/49\/2013\/11\/311-224x300.jpg 224w\" sizes=\"(max-width: 600px) 100vw, 600px\" \/><\/a><\/p>\n<p><a href=\"\/pasarelaurbana\/wp-content\/uploads\/sites\/49\/2013\/11\/321.jpg\"><img loading=\"lazy\" class=\"aligncenter size-full wp-image-5569\" title=\"32\" src=\"\/pasarelaurbana\/wp-content\/uploads\/sites\/49\/2013\/11\/321.jpg\" alt=\"\" width=\"600\" height=\"803\" srcset=\"https:\/\/static-blogs.diariosur.es\/wp-content\/uploads\/sites\/49\/2013\/11\/321.jpg 600w, https:\/\/static-blogs.diariosur.es\/wp-content\/uploads\/sites\/49\/2013\/11\/321-224x300.jpg 224w\" sizes=\"(max-width: 600px) 100vw, 600px\" \/><\/a><\/p>\n<p>&nbsp;<\/p>\n<p><a href=\"\/pasarelaurbana\/wp-content\/uploads\/sites\/49\/2013\/11\/331.jpg\"><img loading=\"lazy\" class=\"aligncenter size-full wp-image-5570\" title=\"33\" src=\"\/pasarelaurbana\/wp-content\/uploads\/sites\/49\/2013\/11\/331.jpg\" alt=\"\" width=\"600\" height=\"803\" srcset=\"https:\/\/static-blogs.diariosur.es\/wp-content\/uploads\/sites\/49\/2013\/11\/331.jpg 600w, https:\/\/static-blogs.diariosur.es\/wp-content\/uploads\/sites\/49\/2013\/11\/331-224x300.jpg 224w\" sizes=\"(max-width: 600px) 100vw, 600px\" \/><\/a><\/p>\n<p><a href=\"\/pasarelaurbana\/wp-content\/uploads\/sites\/49\/2013\/11\/341.jpg\"><img loading=\"lazy\" class=\"aligncenter size-full wp-image-5571\" title=\"34\" src=\"\/pasarelaurbana\/wp-content\/uploads\/sites\/49\/2013\/11\/341.jpg\" alt=\"\" width=\"600\" height=\"803\" srcset=\"https:\/\/static-blogs.diariosur.es\/wp-content\/uploads\/sites\/49\/2013\/11\/341.jpg 600w, https:\/\/static-blogs.diariosur.es\/wp-content\/uploads\/sites\/49\/2013\/11\/341-224x300.jpg 224w\" sizes=\"(max-width: 600px) 100vw, 600px\" \/><\/a><\/p>\n<p><a href=\"\/pasarelaurbana\/wp-content\/uploads\/sites\/49\/2013\/11\/351.jpg\"><img loading=\"lazy\" class=\"aligncenter  wp-image-5566\" title=\"35\" src=\"\/pasarelaurbana\/wp-content\/uploads\/sites\/49\/2013\/11\/351.jpg\" alt=\"\" width=\"600\" height=\"803\" srcset=\"https:\/\/static-blogs.diariosur.es\/wp-content\/uploads\/sites\/49\/2013\/11\/351.jpg 600w, https:\/\/static-blogs.diariosur.es\/wp-content\/uploads\/sites\/49\/2013\/11\/351-224x300.jpg 224w\" sizes=\"(max-width: 600px) 100vw, 600px\" \/><\/a><\/p>\n<p style=\"text-align: center;\"><strong>Victoria Zarco<\/strong>. Maestra e int\u00e9rprete de lengua de signos. 25 a\u00f1os<\/p>\n<p style=\"text-align: center;\">Abrigo: Pull&#038;Bear<\/p>\n<p style=\"text-align: center;\">Jersey: Zara<\/p>\n<p style=\"text-align: center;\">Pantalones: Pull&#038;bear<\/p>\n<p style=\"text-align: center;\">Botines: Sfera<\/p>\n<p style=\"text-align: center;\">Bolso Satchel: Jo &#038; Mr. Joe (a la venta en El Corte Ingl\u00e9s)<\/p>\n<p style=\"text-align: center;\">Gafas: Ray-Ban<\/p>\n","protected":false},"excerpt":{"rendered":"<p>\u00a1Buenas! Hoy toca nueva protagonista del &#8216;street style&#8217; malague\u00f1o. En este caso nos lo trae Victoria Zarco, una joven de 25 a\u00f1os maestra e int\u00e9rprete de lengua de signos. Me gust\u00f3 su look cuando me la cruc\u00e9 por la plaza de la Constituci\u00f3n por su sencillez y su car\u00e1cter pr\u00e1ctico. Como siempre os digo (y [&hellip;]<\/p>\n","protected":false},"author":54,"featured_media":0,"comment_status":"open","ping_status":"open","sticky":false,"template":"","format":"standard","meta":[],"categories":[2],"tags":[],"_links":{"self":[{"href":"https:\/\/blogs.diariosur.es\/pasarelaurbana\/wp-json\/wp\/v2\/posts\/5565"}],"collection":[{"href":"https:\/\/blogs.diariosur.es\/pasarelaurbana\/wp-json\/wp\/v2\/posts"}],"about":[{"href":"https:\/\/blogs.diariosur.es\/pasarelaurbana\/wp-json\/wp\/v2\/types\/post"}],"author":[{"embeddable":true,"href":"https:\/\/blogs.diariosur.es\/pasarelaurbana\/wp-json\/wp\/v2\/users\/54"}],"replies":[{"embeddable":true,"href":"https:\/\/blogs.diariosur.es\/pasarelaurbana\/wp-json\/wp\/v2\/comments?post=5565"}],"version-history":[{"count":0,"href":"https:\/\/blogs.diariosur.es\/pasarelaurbana\/wp-json\/wp\/v2\/posts\/5565\/revisions"}],"wp:attachment":[{"href":"https:\/\/blogs.diariosur.es\/pasarelaurbana\/wp-json\/wp\/v2\/media?parent=5565"}],"wp:term":[{"taxonomy":"category","embeddable":true,"href":"https:\/\/blogs.diariosur.es\/pasarelaurbana\/wp-json\/wp\/v2\/categories?post=5565"},{"taxonomy":"post_tag","embeddable":true,"href":"https:\/\/blogs.diariosur.es\/pasarelaurbana\/wp-json\/wp\/v2\/tags?post=5565"}],"curies":[{"name":"wp","href":"https:\/\/api.w.org\/{rel}","templated":true}]}}