{"id":5581,"date":"2013-11-28T18:08:31","date_gmt":"2013-11-28T17:08:31","guid":{"rendered":"http:\/\/blogs.diariosur.es\/pasarelaurbana\/?p=5581"},"modified":"2013-11-28T18:08:31","modified_gmt":"2013-11-28T17:08:31","slug":"de-tiendas-malaguenas-sin-salir-del-sofa","status":"publish","type":"post","link":"https:\/\/blogs.diariosur.es\/pasarelaurbana\/2013\/11\/28\/de-tiendas-malaguenas-sin-salir-del-sofa\/","title":{"rendered":"De tiendas malague\u00f1as sin salir del sof\u00e1"},"content":{"rendered":"<p style=\"text-align: center;\">La cuenta atr\u00e1s para Navidad ya ha comenzado. Ma\u00f1ana el encendido del alumbrado (que por si no lo sab\u00e9is ser\u00e1 a las 18.00 horas en la plaza de la Constituci\u00f3n) dar\u00e1 el pistoletazo de salida a una campa\u00f1a que los comerciantes esperan como agua de mayo con la esperanza de remontar unas ventas que siguen en la cuerda floja. Para que no se os eche el tiempo encima y vay\u00e1is pensando en los regalitos de Reyes hoy os he preparado un post que espero os sirva a la hora de planificar las pr\u00f3ximas compras. Con dos alicientes potentes: 1: podr\u00e9is llenar el saco de Sus Majestades de Oriente sin salir del sof\u00e1 (ni de la mantita) -que con este tiempo hay pocas ganas, la verdad- y 2: con vuestro gesto estar\u00e9is poniendo vuestro granito de arena a ayudar a un peque\u00f1o comercio malague\u00f1o, que en estos tiempos m\u00e1s que nunca necesitan que nos acordemos de ellos y apostemos por sus productos, que adem\u00e1s son fant\u00e1sticos. En concreto, os he seleccionado siete ciber-tiendas con sello malague\u00f1o. Siete firmas nacidas en M\u00e1laga que disponen de escaparate digital (a\u00fan son pocas pero la buena noticia es que su presencia va en aumento). De algunas ya os he hablado en alguna ocasi\u00f3n, otras os las presento hoy para que desde YA las incorpor\u00e9is a vuestro listado de favoritos. \u00bfPreparados? \u00a1Pues empezamos!<\/p>\n<p style=\"text-align: center;\"><a href=\"http:\/\/www.decorazondetiza.com\/\" rel=\"external nofollow\">Coraz\u00f3n de tiza<\/a><\/p>\n<p><a href=\"\/pasarelaurbana\/wp-content\/uploads\/sites\/49\/2013\/11\/tiza.jpg\"><img loading=\"lazy\" class=\"aligncenter  wp-image-5589\" title=\"tiza\" src=\"\/pasarelaurbana\/wp-content\/uploads\/sites\/49\/2013\/11\/tiza.jpg\" alt=\"\" width=\"600\" height=\"411\" srcset=\"https:\/\/static-blogs.diariosur.es\/wp-content\/uploads\/sites\/49\/2013\/11\/tiza.jpg 600w, https:\/\/static-blogs.diariosur.es\/wp-content\/uploads\/sites\/49\/2013\/11\/tiza-300x206.jpg 300w\" sizes=\"(max-width: 600px) 100vw, 600px\" \/><\/a><\/p>\n<p><!--more--><\/p>\n<p><a href=\"\/pasarelaurbana\/wp-content\/uploads\/sites\/49\/2013\/11\/tizados.jpg\"><img loading=\"lazy\" class=\"aligncenter size-full wp-image-5590\" title=\"tizados\" src=\"\/pasarelaurbana\/wp-content\/uploads\/sites\/49\/2013\/11\/tizados.jpg\" alt=\"\" width=\"600\" height=\"800\" srcset=\"https:\/\/static-blogs.diariosur.es\/wp-content\/uploads\/sites\/49\/2013\/11\/tizados.jpg 600w, https:\/\/static-blogs.diariosur.es\/wp-content\/uploads\/sites\/49\/2013\/11\/tizados-225x300.jpg 225w\" sizes=\"(max-width: 600px) 100vw, 600px\" \/><\/a><\/p>\n<p style=\"text-align: center;\">Preciosa esta tienda de calle Fajardo que cuenta con una magn\u00edfica tienda on line donde encontrar\u00e9is a golpe de rat\u00f3n el grueso de su colecci\u00f3n. \u00a0Yo os he seleccionado este vestido vaporoso en crudo con cuello joya de perlitas. \u00a1Una monada! Adem\u00e1s, tienen art\u00edculos de decoraci\u00f3n ideales, complementos hechos a mano y productos de Mr Wonderful.<\/p>\n<p style=\"text-align: center;\"><a href=\"http:\/\/www.flumenypepe.com\/\" rel=\"external nofollow\"><span style=\"color: #000000;\">Flumen&#038;Co<\/span><\/a><\/p>\n<p><a href=\"\/pasarelaurbana\/wp-content\/uploads\/sites\/49\/2013\/11\/fluemn.jpg\"><img loading=\"lazy\" class=\"aligncenter size-full wp-image-5592\" title=\"fluemn\" src=\"\/pasarelaurbana\/wp-content\/uploads\/sites\/49\/2013\/11\/fluemn.jpg\" alt=\"\" width=\"600\" height=\"458\" srcset=\"https:\/\/static-blogs.diariosur.es\/wp-content\/uploads\/sites\/49\/2013\/11\/fluemn.jpg 600w, https:\/\/static-blogs.diariosur.es\/wp-content\/uploads\/sites\/49\/2013\/11\/fluemn-300x229.jpg 300w\" sizes=\"(max-width: 600px) 100vw, 600px\" \/><\/a><\/p>\n<p><a href=\"\/pasarelaurbana\/wp-content\/uploads\/sites\/49\/2013\/11\/flumendos.jpg\"><img loading=\"lazy\" class=\"aligncenter size-full wp-image-5593\" title=\"flumendos\" src=\"\/pasarelaurbana\/wp-content\/uploads\/sites\/49\/2013\/11\/flumendos.jpg\" alt=\"\" width=\"600\" height=\"475\" srcset=\"https:\/\/static-blogs.diariosur.es\/wp-content\/uploads\/sites\/49\/2013\/11\/flumendos.jpg 600w, https:\/\/static-blogs.diariosur.es\/wp-content\/uploads\/sites\/49\/2013\/11\/flumendos-300x238.jpg 300w\" sizes=\"(max-width: 600px) 100vw, 600px\" \/><\/a><\/p>\n<p style=\"text-align: center;\">\u00a0Flumen&#038;Co es un negocio de \u2018tailoring\u2019 cuyo eje principal es la posibilidad de confeccionar camisetas a la carta tomando como base un muestrario de m\u00e1s de cien telas diferentes seleccionadas entre\u00a0 las mejores firmas nacionales e internacionales.\u00a0Desde su tienda \u2018on line\u2019 podr\u00e9is personalizar vuestras camisetas o sudaderas paso a paso y visualizar el resultado antes de formalizar el pedido. Muy original y con un plus: creaciones exclusivas y originales. \u00a0Ya os he hablado de esta marca (creada por tres emprendedores malague\u00f1os) en alguna ocasi\u00f3n, \u00a1soy muy fan!<\/p>\n<p style=\"text-align: center;\">\n<p style=\"text-align: center;\"><a href=\"http:\/\/www.pepaloves.es\/\" rel=\"external nofollow\">Pepa Loves<\/a><\/p>\n<p><a href=\"\/pasarelaurbana\/wp-content\/uploads\/sites\/49\/2013\/11\/pepa.jpg\"><img loading=\"lazy\" class=\"aligncenter size-full wp-image-5585\" title=\"pepa\" src=\"\/pasarelaurbana\/wp-content\/uploads\/sites\/49\/2013\/11\/pepa.jpg\" alt=\"\" width=\"600\" height=\"472\" srcset=\"https:\/\/static-blogs.diariosur.es\/wp-content\/uploads\/sites\/49\/2013\/11\/pepa.jpg 600w, https:\/\/static-blogs.diariosur.es\/wp-content\/uploads\/sites\/49\/2013\/11\/pepa-300x236.jpg 300w\" sizes=\"(max-width: 600px) 100vw, 600px\" \/><\/a><\/p>\n<p><a href=\"\/pasarelaurbana\/wp-content\/uploads\/sites\/49\/2013\/11\/pepados.jpg\"><img loading=\"lazy\" class=\"aligncenter size-full wp-image-5586\" title=\"pepados\" src=\"\/pasarelaurbana\/wp-content\/uploads\/sites\/49\/2013\/11\/pepados.jpg\" alt=\"\" width=\"600\" height=\"835\" srcset=\"https:\/\/static-blogs.diariosur.es\/wp-content\/uploads\/sites\/49\/2013\/11\/pepados.jpg 600w, https:\/\/static-blogs.diariosur.es\/wp-content\/uploads\/sites\/49\/2013\/11\/pepados-216x300.jpg 216w\" sizes=\"(max-width: 600px) 100vw, 600px\" \/><\/a><\/p>\n<p><a href=\"\/pasarelaurbana\/wp-content\/uploads\/sites\/49\/2013\/11\/pepatres.jpg\"><img loading=\"lazy\" class=\"aligncenter size-full wp-image-5587\" title=\"pepatres\" src=\"\/pasarelaurbana\/wp-content\/uploads\/sites\/49\/2013\/11\/pepatres.jpg\" alt=\"\" width=\"600\" height=\"835\" srcset=\"https:\/\/static-blogs.diariosur.es\/wp-content\/uploads\/sites\/49\/2013\/11\/pepatres.jpg 600w, https:\/\/static-blogs.diariosur.es\/wp-content\/uploads\/sites\/49\/2013\/11\/pepatres-216x300.jpg 216w\" sizes=\"(max-width: 600px) 100vw, 600px\" \/><\/a><\/p>\n<p style=\"text-align: center;\">Es una de nuestras firmas de moda m\u00e1s populares, con una fuerte presencia en toda Espa\u00f1a y con bastante \u00e9xito en el mundo blogger. Echadle un ojo a su nueva colecci\u00f3n, tiene cositas interesantes. A mi me ha encantado el cardigan con lacitos negros y el vestido de cisnes, \u00a1s\u00faper naif!<\/p>\n<p style=\"text-align: center;\">\u00a0<a href=\"http:\/\/www.nanef.es\/\" rel=\"external nofollow\">Nanef<\/a><\/p>\n<p><a href=\"\/pasarelaurbana\/wp-content\/uploads\/sites\/49\/2013\/11\/nanef.jpg\"><img loading=\"lazy\" class=\"aligncenter size-full wp-image-5582\" title=\"nanef\" src=\"\/pasarelaurbana\/wp-content\/uploads\/sites\/49\/2013\/11\/nanef.jpg\" alt=\"\" width=\"600\" height=\"360\" srcset=\"https:\/\/static-blogs.diariosur.es\/wp-content\/uploads\/sites\/49\/2013\/11\/nanef.jpg 600w, https:\/\/static-blogs.diariosur.es\/wp-content\/uploads\/sites\/49\/2013\/11\/nanef-300x180.jpg 300w\" sizes=\"(max-width: 600px) 100vw, 600px\" \/><\/a><\/p>\n<p><a href=\"\/pasarelaurbana\/wp-content\/uploads\/sites\/49\/2013\/11\/nanefdos.jpg\"><img loading=\"lazy\" class=\"aligncenter size-full wp-image-5583\" title=\"nanefdos\" src=\"\/pasarelaurbana\/wp-content\/uploads\/sites\/49\/2013\/11\/nanefdos.jpg\" alt=\"\" width=\"600\" height=\"506\" srcset=\"https:\/\/static-blogs.diariosur.es\/wp-content\/uploads\/sites\/49\/2013\/11\/nanefdos.jpg 600w, https:\/\/static-blogs.diariosur.es\/wp-content\/uploads\/sites\/49\/2013\/11\/nanefdos-300x253.jpg 300w\" sizes=\"(max-width: 600px) 100vw, 600px\" \/><\/a><\/p>\n<p style=\"text-align: center;\">La dise\u00f1adora malague\u00f1a Pilar Aparicio inaugur\u00f3 recientemente su tienda on line, donde pod\u00e9is ver algunos de sus elegantes productos. Pendientes y collares hechos con materiales de primera calidad y dise\u00f1os atemporales que nunca pasan de moda. Ideal para tener de fondo de armario (o de joyero). Otra magn\u00edfica opci\u00f3n para regalar estas fechas.<\/p>\n<p style=\"text-align: center;\"><a href=\"http:\/\/www.thirty30.es\/\" rel=\"external nofollow\">Thirty30- La Maison<\/a><\/p>\n<p><a href=\"\/pasarelaurbana\/wp-content\/uploads\/sites\/49\/2013\/11\/tirty1.jpg\"><img loading=\"lazy\" class=\"aligncenter size-full wp-image-5594\" title=\"tirty\" src=\"\/pasarelaurbana\/wp-content\/uploads\/sites\/49\/2013\/11\/tirty1.jpg\" alt=\"\" width=\"600\" height=\"379\" srcset=\"https:\/\/static-blogs.diariosur.es\/wp-content\/uploads\/sites\/49\/2013\/11\/tirty1.jpg 600w, https:\/\/static-blogs.diariosur.es\/wp-content\/uploads\/sites\/49\/2013\/11\/tirty1-300x190.jpg 300w\" sizes=\"(max-width: 600px) 100vw, 600px\" \/><\/a><\/p>\n<p><a href=\"\/pasarelaurbana\/wp-content\/uploads\/sites\/49\/2013\/11\/pelos.jpg\"><img loading=\"lazy\" class=\"aligncenter size-full wp-image-5584\" title=\"pelos\" src=\"\/pasarelaurbana\/wp-content\/uploads\/sites\/49\/2013\/11\/pelos.jpg\" alt=\"\" width=\"600\" height=\"639\" srcset=\"https:\/\/static-blogs.diariosur.es\/wp-content\/uploads\/sites\/49\/2013\/11\/pelos.jpg 600w, https:\/\/static-blogs.diariosur.es\/wp-content\/uploads\/sites\/49\/2013\/11\/pelos-282x300.jpg 282w\" sizes=\"(max-width: 600px) 100vw, 600px\" \/><\/a><\/p>\n<p style=\"text-align: center;\">Si a\u00fan no lo sab\u00edas, dos de las boutiques m\u00e1s conocidas del Centro, Thirty 30 y La Maison (ambas de la empresaria malague\u00f1a Gemma Rojas) tienen abierta una ventana en el ciberespacio, donde podr\u00e9is encontrar muchos de sus best seller. A mi me ha enamorado este abriguito de pelo, estilos\u00edsimo y perfecto para combatir el fr\u00edo. A partir de 80 euros el envio es gratuito.<\/p>\n<p style=\"text-align: center;\"><a href=\"http:\/\/mavicttocados.com\/\" rel=\"external nofollow\">Mavict Tocados<\/a><\/p>\n<p><a href=\"\/pasarelaurbana\/wp-content\/uploads\/sites\/49\/2013\/11\/mavict.jpg\"><img loading=\"lazy\" class=\"aligncenter size-full wp-image-5595\" title=\"mavict\" src=\"\/pasarelaurbana\/wp-content\/uploads\/sites\/49\/2013\/11\/mavict.jpg\" alt=\"\" width=\"600\" height=\"386\" srcset=\"https:\/\/static-blogs.diariosur.es\/wp-content\/uploads\/sites\/49\/2013\/11\/mavict.jpg 600w, https:\/\/static-blogs.diariosur.es\/wp-content\/uploads\/sites\/49\/2013\/11\/mavict-300x193.jpg 300w\" sizes=\"(max-width: 600px) 100vw, 600px\" \/><\/a><\/p>\n<p><a href=\"\/pasarelaurbana\/wp-content\/uploads\/sites\/49\/2013\/11\/mavicdos.jpg\"><img loading=\"lazy\" class=\"aligncenter size-full wp-image-5596\" title=\"mavicdos\" src=\"\/pasarelaurbana\/wp-content\/uploads\/sites\/49\/2013\/11\/mavicdos.jpg\" alt=\"\" width=\"600\" height=\"395\" srcset=\"https:\/\/static-blogs.diariosur.es\/wp-content\/uploads\/sites\/49\/2013\/11\/mavicdos.jpg 600w, https:\/\/static-blogs.diariosur.es\/wp-content\/uploads\/sites\/49\/2013\/11\/mavicdos-300x198.jpg 300w\" sizes=\"(max-width: 600px) 100vw, 600px\" \/><\/a><\/p>\n<p style=\"text-align: center;\">Otra estupenda alternativa si est\u00e1is buscando complementos &#8216;handmade&#8217; originales y hechos en M\u00e1laga. En Mavict encontrar\u00e9is desde tocados a cinturones preciosos (me chiflan unos que hace como con hojas doradas, ideal para realzar cualquier vestido b\u00e1sico). Muy a tener en cuenta si ten\u00e9is un evento especial.<\/p>\n<p style=\"text-align: center;\">\n<p style=\"text-align: center;\"><a href=\"http:\/\/www.lahabitaciondekate.com\/\" rel=\"external nofollow\">La habitaci\u00f3n de Kate<\/a><\/p>\n<p><a href=\"\/pasarelaurbana\/wp-content\/uploads\/sites\/49\/2013\/11\/kate.jpg\"><img loading=\"lazy\" class=\"aligncenter size-full wp-image-5597\" title=\"kate\" src=\"\/pasarelaurbana\/wp-content\/uploads\/sites\/49\/2013\/11\/kate.jpg\" alt=\"\" width=\"600\" height=\"458\" srcset=\"https:\/\/static-blogs.diariosur.es\/wp-content\/uploads\/sites\/49\/2013\/11\/kate.jpg 600w, https:\/\/static-blogs.diariosur.es\/wp-content\/uploads\/sites\/49\/2013\/11\/kate-300x229.jpg 300w\" sizes=\"(max-width: 600px) 100vw, 600px\" \/><\/a><\/p>\n<p><a href=\"\/pasarelaurbana\/wp-content\/uploads\/sites\/49\/2013\/11\/katedos.jpg\"><img loading=\"lazy\" class=\"aligncenter size-full wp-image-5598\" title=\"katedos\" src=\"\/pasarelaurbana\/wp-content\/uploads\/sites\/49\/2013\/11\/katedos.jpg\" alt=\"\" width=\"600\" height=\"770\" srcset=\"https:\/\/static-blogs.diariosur.es\/wp-content\/uploads\/sites\/49\/2013\/11\/katedos.jpg 600w, https:\/\/static-blogs.diariosur.es\/wp-content\/uploads\/sites\/49\/2013\/11\/katedos-234x300.jpg 234w\" sizes=\"(max-width: 600px) 100vw, 600px\" \/><\/a><\/p>\n<p><a href=\"\/pasarelaurbana\/wp-content\/uploads\/sites\/49\/2013\/11\/katetres.jpg\"><img loading=\"lazy\" class=\"aligncenter size-full wp-image-5599\" title=\"katetres\" src=\"\/pasarelaurbana\/wp-content\/uploads\/sites\/49\/2013\/11\/katetres.jpg\" alt=\"\" width=\"600\" height=\"600\" srcset=\"https:\/\/static-blogs.diariosur.es\/wp-content\/uploads\/sites\/49\/2013\/11\/katetres.jpg 600w, https:\/\/static-blogs.diariosur.es\/wp-content\/uploads\/sites\/49\/2013\/11\/katetres-150x150.jpg 150w, https:\/\/static-blogs.diariosur.es\/wp-content\/uploads\/sites\/49\/2013\/11\/katetres-300x300.jpg 300w\" sizes=\"(max-width: 600px) 100vw, 600px\" \/><\/a><\/p>\n<p style=\"text-align: center;\">\u00a0Parada obligada de toda fashionista que se precie, esta preciosa tienda de calle Oller\u00edas (especializada en ropa y complementos con sello british y vintage) tambi\u00e9n vende a golpe de rat\u00f3n, las 24 horas de d\u00eda los 7 d\u00edas de la semana. \u00a1Un lujo poder disfrutar de sus productos sin salir de casa! \u00bfQu\u00e9 os parece este vestido de cuadros, tan de moda, y este bolso bandolera de piel? \u00a1Yo ya los he puesto en mi lista de Reyes!<\/p>\n<p style=\"text-align: center;\">Hasta aqu\u00ed el post de este jueves. \u00a1Espero que os hayan gustado las ideas! Y recordad: esta Navidad m\u00e1s que nunca nuestros peque\u00f1os comercios y artesanos nos necesitan. \u00a1Toca echarles una mano!<\/p>\n","protected":false},"excerpt":{"rendered":"<p>La cuenta atr\u00e1s para Navidad ya ha comenzado. Ma\u00f1ana el encendido del alumbrado (que por si no lo sab\u00e9is ser\u00e1 a las 18.00 horas en la plaza de la Constituci\u00f3n) dar\u00e1 el pistoletazo de salida a una campa\u00f1a que los comerciantes esperan como agua de mayo con la esperanza de remontar unas ventas que siguen [&hellip;]<\/p>\n","protected":false},"author":54,"featured_media":0,"comment_status":"open","ping_status":"open","sticky":false,"template":"","format":"standard","meta":[],"categories":[2],"tags":[],"_links":{"self":[{"href":"https:\/\/blogs.diariosur.es\/pasarelaurbana\/wp-json\/wp\/v2\/posts\/5581"}],"collection":[{"href":"https:\/\/blogs.diariosur.es\/pasarelaurbana\/wp-json\/wp\/v2\/posts"}],"about":[{"href":"https:\/\/blogs.diariosur.es\/pasarelaurbana\/wp-json\/wp\/v2\/types\/post"}],"author":[{"embeddable":true,"href":"https:\/\/blogs.diariosur.es\/pasarelaurbana\/wp-json\/wp\/v2\/users\/54"}],"replies":[{"embeddable":true,"href":"https:\/\/blogs.diariosur.es\/pasarelaurbana\/wp-json\/wp\/v2\/comments?post=5581"}],"version-history":[{"count":0,"href":"https:\/\/blogs.diariosur.es\/pasarelaurbana\/wp-json\/wp\/v2\/posts\/5581\/revisions"}],"wp:attachment":[{"href":"https:\/\/blogs.diariosur.es\/pasarelaurbana\/wp-json\/wp\/v2\/media?parent=5581"}],"wp:term":[{"taxonomy":"category","embeddable":true,"href":"https:\/\/blogs.diariosur.es\/pasarelaurbana\/wp-json\/wp\/v2\/categories?post=5581"},{"taxonomy":"post_tag","embeddable":true,"href":"https:\/\/blogs.diariosur.es\/pasarelaurbana\/wp-json\/wp\/v2\/tags?post=5581"}],"curies":[{"name":"wp","href":"https:\/\/api.w.org\/{rel}","templated":true}]}}