{"id":5629,"date":"2013-12-04T15:41:59","date_gmt":"2013-12-04T14:41:59","guid":{"rendered":"http:\/\/blogs.diariosur.es\/pasarelaurbana\/?p=5629"},"modified":"2013-12-04T15:41:59","modified_gmt":"2013-12-04T14:41:59","slug":"una-estilosa-bufanda-para-un-look-navy","status":"publish","type":"post","link":"https:\/\/blogs.diariosur.es\/pasarelaurbana\/2013\/12\/04\/una-estilosa-bufanda-para-un-look-navy\/","title":{"rendered":"Una estilosa bufanda para un look navy"},"content":{"rendered":"<p style=\"text-align: center;\">\u00a1Buenas! Ante todo disculpad mi ausencia de este arranque de semana pero he andado bastante ajetreada y me ha sido imposible actualizar (lo se,\u00a0 suena a excusa barata pero es la verdad \ud83d\ude09 Hoy he estado de nuevo por el Centro fichando estilismos y estoy bastante contenta con el resultado (he cazado looks muy interesantes que os ir\u00e9 mostrando a partir de los pr\u00f3ximos d\u00edas, como siempre digo un mill\u00f3n de gracias a tod@s los que colabor\u00e1is y nos dej\u00e1is fotografiaros porque sin vuestra amabilidad este blog no ser\u00eda posible). Dicho esto, vamos sin m\u00e1s rodeos con nuestra protagonista de hoy. Os la presento: se llama <strong>Alexandra Fresc\u00f3<\/strong>, tiene 24 a\u00f1os y es estudiante universitaria. Para una jornada de compras apost\u00f3 por un &#8216;outfit&#8217; sencillo y c\u00f3modo pero con ese punto chic que lo hace especial, en su caso una maxi bufanda multicolor que da buen resultado combinada con jersey a rayas marinero, demostrando que el &#8216;navy&#8217; tambi\u00e9n es una magn\u00edfica alternativa para los meses de invierno (a mi personalmente me encanta). Remata el look con vaqueros entubados, botines de serraje, un &#8216;shopping bag&#8217; negro y un bonito abrigo de inspiraci\u00f3n militar -muy chulos los botones- de Stradivarius. \u00a1Os dejo con ella! Os espero en Twitter: @almunogues.<\/p>\n<p><a href=\"\/pasarelaurbana\/wp-content\/uploads\/sites\/49\/2013\/12\/60.jpg\"><img loading=\"lazy\" class=\"aligncenter size-full wp-image-5630\" title=\"60\" src=\"\/pasarelaurbana\/wp-content\/uploads\/sites\/49\/2013\/12\/60.jpg\" alt=\"\" width=\"600\" height=\"803\" srcset=\"https:\/\/static-blogs.diariosur.es\/wp-content\/uploads\/sites\/49\/2013\/12\/60.jpg 600w, https:\/\/static-blogs.diariosur.es\/wp-content\/uploads\/sites\/49\/2013\/12\/60-224x300.jpg 224w\" sizes=\"(max-width: 600px) 100vw, 600px\" \/><\/a><!--more--><a href=\"\/pasarelaurbana\/wp-content\/uploads\/sites\/49\/2013\/12\/61.jpg\"><img loading=\"lazy\" class=\"aligncenter size-full wp-image-5631\" title=\"61\" src=\"\/pasarelaurbana\/wp-content\/uploads\/sites\/49\/2013\/12\/61.jpg\" alt=\"\" width=\"600\" height=\"803\" srcset=\"https:\/\/static-blogs.diariosur.es\/wp-content\/uploads\/sites\/49\/2013\/12\/61.jpg 600w, https:\/\/static-blogs.diariosur.es\/wp-content\/uploads\/sites\/49\/2013\/12\/61-224x300.jpg 224w\" sizes=\"(max-width: 600px) 100vw, 600px\" \/><\/a><\/p>\n<p><a href=\"\/pasarelaurbana\/wp-content\/uploads\/sites\/49\/2013\/12\/62.jpg\"><img loading=\"lazy\" class=\"aligncenter size-full wp-image-5632\" title=\"62\" src=\"\/pasarelaurbana\/wp-content\/uploads\/sites\/49\/2013\/12\/62.jpg\" alt=\"\" width=\"600\" height=\"803\" srcset=\"https:\/\/static-blogs.diariosur.es\/wp-content\/uploads\/sites\/49\/2013\/12\/62.jpg 600w, https:\/\/static-blogs.diariosur.es\/wp-content\/uploads\/sites\/49\/2013\/12\/62-224x300.jpg 224w\" sizes=\"(max-width: 600px) 100vw, 600px\" \/><\/a><\/p>\n<p><a href=\"\/pasarelaurbana\/wp-content\/uploads\/sites\/49\/2013\/12\/63.jpg\"><img loading=\"lazy\" class=\"aligncenter  wp-image-5633\" title=\"63\" src=\"\/pasarelaurbana\/wp-content\/uploads\/sites\/49\/2013\/12\/63.jpg\" alt=\"\" width=\"600\" height=\"803\" srcset=\"https:\/\/static-blogs.diariosur.es\/wp-content\/uploads\/sites\/49\/2013\/12\/63.jpg 600w, https:\/\/static-blogs.diariosur.es\/wp-content\/uploads\/sites\/49\/2013\/12\/63-224x300.jpg 224w\" sizes=\"(max-width: 600px) 100vw, 600px\" \/><\/a><\/p>\n<p><a href=\"\/pasarelaurbana\/wp-content\/uploads\/sites\/49\/2013\/12\/64.jpg\"><img loading=\"lazy\" class=\"aligncenter size-full wp-image-5634\" title=\"64\" src=\"\/pasarelaurbana\/wp-content\/uploads\/sites\/49\/2013\/12\/64.jpg\" alt=\"\" width=\"600\" height=\"700\" srcset=\"https:\/\/static-blogs.diariosur.es\/wp-content\/uploads\/sites\/49\/2013\/12\/64.jpg 600w, https:\/\/static-blogs.diariosur.es\/wp-content\/uploads\/sites\/49\/2013\/12\/64-257x300.jpg 257w\" sizes=\"(max-width: 600px) 100vw, 600px\" \/><\/a><\/p>\n<p style=\"text-align: center;\"><strong>Alexandra Fresc\u00f3<\/strong>. Estudiante. 24 a\u00f1os<\/p>\n<p style=\"text-align: center;\">Abrigo: Stradivarius<\/p>\n<p style=\"text-align: center;\">Jersey: Mango<\/p>\n<p style=\"text-align: center;\">Vaqueros: Primark<\/p>\n<p style=\"text-align: center;\">Botas: Oysho<\/p>\n<p style=\"text-align: center;\">Bolso: Zara<\/p>\n<p style=\"text-align: center;\">Bufanda: Primark<\/p>\n<p style=\"text-align: center;\">Por cierto, si no lo hab\u00e9is visto os animo a leer el reportaje que publiqu\u00e9 ayer en SUR sobre la <strong>historia de \u00e9xito de Stella Rittwagen<\/strong>, la dise\u00f1adora malague\u00f1a de moda.\u00a0 <a href=\"http:\/\/www.diariosur.es\/malagatrend\/noticias\/stella-rittwagen-carihuela-escaparate-201312031416.html\" rel=\"external nofollow\">Stella Rittwagen: De la Carihuela al escaparate de Lafayette<\/a> . Lo encontrar\u00e9s dentro del portal <a href=\"http:\/\/www.diariosur.es\/malagatrend\/\" rel=\"external nofollow\">M\u00e1lagatrend\u00a0<\/a> el cual os recomiendo visitar, una nueva ventana que hemos abierto en SUR.es para asomarnos a lo m\u00e1s &#8216;trendy&#8217; que se cuece en M\u00e1laga.<\/p>\n","protected":false},"excerpt":{"rendered":"<p>\u00a1Buenas! Ante todo disculpad mi ausencia de este arranque de semana pero he andado bastante ajetreada y me ha sido imposible actualizar (lo se,\u00a0 suena a excusa barata pero es la verdad \ud83d\ude09 Hoy he estado de nuevo por el Centro fichando estilismos y estoy bastante contenta con el resultado (he cazado looks muy interesantes [&hellip;]<\/p>\n","protected":false},"author":54,"featured_media":0,"comment_status":"open","ping_status":"open","sticky":false,"template":"","format":"standard","meta":[],"categories":[2],"tags":[],"_links":{"self":[{"href":"https:\/\/blogs.diariosur.es\/pasarelaurbana\/wp-json\/wp\/v2\/posts\/5629"}],"collection":[{"href":"https:\/\/blogs.diariosur.es\/pasarelaurbana\/wp-json\/wp\/v2\/posts"}],"about":[{"href":"https:\/\/blogs.diariosur.es\/pasarelaurbana\/wp-json\/wp\/v2\/types\/post"}],"author":[{"embeddable":true,"href":"https:\/\/blogs.diariosur.es\/pasarelaurbana\/wp-json\/wp\/v2\/users\/54"}],"replies":[{"embeddable":true,"href":"https:\/\/blogs.diariosur.es\/pasarelaurbana\/wp-json\/wp\/v2\/comments?post=5629"}],"version-history":[{"count":0,"href":"https:\/\/blogs.diariosur.es\/pasarelaurbana\/wp-json\/wp\/v2\/posts\/5629\/revisions"}],"wp:attachment":[{"href":"https:\/\/blogs.diariosur.es\/pasarelaurbana\/wp-json\/wp\/v2\/media?parent=5629"}],"wp:term":[{"taxonomy":"category","embeddable":true,"href":"https:\/\/blogs.diariosur.es\/pasarelaurbana\/wp-json\/wp\/v2\/categories?post=5629"},{"taxonomy":"post_tag","embeddable":true,"href":"https:\/\/blogs.diariosur.es\/pasarelaurbana\/wp-json\/wp\/v2\/tags?post=5629"}],"curies":[{"name":"wp","href":"https:\/\/api.w.org\/{rel}","templated":true}]}}