{"id":5635,"date":"2013-12-06T23:23:37","date_gmt":"2013-12-06T22:23:37","guid":{"rendered":"http:\/\/blogs.diariosur.es\/pasarelaurbana\/?p=5635"},"modified":"2013-12-06T23:23:37","modified_gmt":"2013-12-06T22:23:37","slug":"aires-masculinos","status":"publish","type":"post","link":"https:\/\/blogs.diariosur.es\/pasarelaurbana\/2013\/12\/06\/aires-masculinos\/","title":{"rendered":"Aires masculinos"},"content":{"rendered":"<p style=\"text-align: center;\">Este oto\u00f1o la moda juega al despiste en cuesti\u00f3n de sexo. La inspiraci\u00f3n masculina se cuela en los armarios restando feminidad e imponiendo sus propias reglas. El llamado estilo \u2018tom boy\u2019 o \u2018boyfriend\u2019 pisa fuerte esta temporada encumbrando las l\u00edneas rectas y los atrevidos vol\u00famenes. Toca bajarse de los tacones y olvidarse de marcar cintura para buscar un contrapunto varonil. Los grandes dise\u00f1adores dictaron este nuevo mandamiento y la calle ha recogido el testigo. SUR lo comprob\u00f3 el pasado mi\u00e9rcoles durante una nueva sesi\u00f3n de \u2018street style\u2019 por el Centro de la ciudad. La pasarela urbana se rinde estos d\u00edas a los abrigos de siluetas \u2018oversize\u2019 -amplias- y a zapatos que parecen sacados de un vestidor de caballero.<br \/>\nEn materia de calzado triunfan los modelos tipo \u2018Oxford\u2019 y los mocasines (se llevan con plataforma, un \u2018must-have\u2019 que han incorporado a sus colecciones las principales firmas \u2018low cost\u2019). \u00bfEl objetivo? Como explican Helena L\u00f3pez-C\u00f3zar y Pilar Neff (dos de las malague\u00f1as que apuestan por esta tendencia), ir c\u00f3moda y con un punto chic combin\u00e1ndolos con prendas rom\u00e1nticas y de sello \u2018lady\u2019 que compensen dicho toque masculino.<br \/>\nRosa Ib\u00e1\u00f1ez, por su parte, opta por un abrigo amplio, el corte m\u00e1s \u2018trendy\u2019 de este invierno. Se llevan cuanto m\u00e1s grandes, mejor. La clave est\u00e1 en que parezca que lo hemos cogido prestado del armario de nuestro chico. De corte sastre, con grandes solapas, tipo gabardina\u2026las posibilidades son infinitas. \u00bfLa regla para acertar? Apostar por uno en clave tart\u00e1n (es decir, de cuadros escoceses, el estampado estrella de este oto\u00f1o-invierno) o en colores pasteles para endulzar los d\u00edas m\u00e1s grises del calendario).<\/p>\n<p><a href=\"\/pasarelaurbana\/wp-content\/uploads\/sites\/49\"><img loading=\"lazy\" class=\"aligncenter size-full wp-image-5637\" title=\"1\" src=\"\/pasarelaurbana\/wp-content\/uploads\/sites\/49\" alt=\"\" width=\"600\" height=\"803\" \/><\/a><!--more--><a href=\"\/pasarelaurbana\/wp-content\/uploads\/sites\/49\"><img loading=\"lazy\" class=\"aligncenter size-full wp-image-5638\" title=\"2\" src=\"\/pasarelaurbana\/wp-content\/uploads\/sites\/49\" alt=\"\" width=\"600\" height=\"803\" \/><\/a><\/p>\n<p><a href=\"\/pasarelaurbana\/wp-content\/uploads\/sites\/49\"><img loading=\"lazy\" class=\"aligncenter size-full wp-image-5639\" title=\"3\" src=\"\/pasarelaurbana\/wp-content\/uploads\/sites\/49\" alt=\"\" width=\"600\" height=\"803\" \/><\/a><\/p>\n<p><a href=\"\/pasarelaurbana\/wp-content\/uploads\/sites\/49\"><img loading=\"lazy\" class=\"aligncenter size-full wp-image-5640\" title=\"4\" src=\"\/pasarelaurbana\/wp-content\/uploads\/sites\/49\" alt=\"\" width=\"600\" height=\"803\" \/><\/a><\/p>\n<p><a href=\"\/pasarelaurbana\/wp-content\/uploads\/sites\/49\"><img loading=\"lazy\" class=\"aligncenter size-full wp-image-5641\" title=\"5\" src=\"\/pasarelaurbana\/wp-content\/uploads\/sites\/49\" alt=\"\" width=\"600\" height=\"803\" \/><\/a><\/p>\n<p style=\"text-align: center;\"><strong>Rocio Ortiz<\/strong>. Abogada. 25 a\u00f1os<\/p>\n<p style=\"text-align: center;\"><span style=\"text-decoration: underline;\">\u00abLe robo la ropa a mi marido, me gusta mucho su patronaje\u00bb<\/span><br \/>\nRoc\u00edo Ortiz se confiesa una apasionada del estilo masculino, \u00abmi rollo es muy \u2018tom boy\u2019, es la corriente con la que m\u00e1s me identific0\u00bb, advierte esta abogada malague\u00f1a. En su caso no se trata de una mera inspiraci\u00f3n, sino que va m\u00e1s all\u00e1: \u00abUso mucha ropa de las secciones de hombre, por ejemplo de Zara, me gusta rob\u00e1rsela a mi marido\u00bb, nos revel\u00f3 esta joven de 25 a\u00f1os el pasado mi\u00e9rcoles cuando la pillamos paseando por calle Larios. Ella misma nos desgran\u00f3 los motivos: \u00abEn general son prendas que tienen un patronaje diferente, menos estrecho, y que sientan mejor. No me gusta llevar la ropa muy ce\u00f1ida ni marcada\u00bb. Para una jornada de trabajo, Roc\u00edo eligi\u00f3 un jersey fino a rayas con rebec\u00f3n de punto, de Zara Man, que combin\u00f3 con un espectacular collar joya XLde Zara para contrarrestar y darle un punto de feminidad. Remat\u00f3 el \u2018look\u2019 con pantalones entubados ybotines negros de charol de Zara. Precioso el abrigo con detalle de botones de corazones, de Viktor&#038;Rolf, y el bolso, ideal para poner la nota de color en un estilismo monopolizado por d\u00fao blanco y negro.<\/p>\n<p style=\"text-align: center;\">Jersey y rebec\u00f3n: Zara de hombres.<\/p>\n<p style=\"text-align: center;\">Collar, botines y bolso:Zara.<\/p>\n<p style=\"text-align: center;\">Pantal\u00f3n: Mango.<\/p>\n<p style=\"text-align: center;\">Abrigo: Viktor&#038;Rolf.<\/p>\n<p style=\"text-align: center;\">Gafas: Ray-Ban.<\/p>\n<p style=\"text-align: center;\"><a href=\"\/pasarelaurbana\/wp-content\/uploads\/sites\/49\"><img loading=\"lazy\" class=\"aligncenter size-full wp-image-5642\" title=\"6\" src=\"\/pasarelaurbana\/wp-content\/uploads\/sites\/49\" alt=\"\" width=\"600\" height=\"803\" \/><\/a><\/p>\n<p style=\"text-align: center;\"><a href=\"\/pasarelaurbana\/wp-content\/uploads\/sites\/49\"><img loading=\"lazy\" class=\"aligncenter size-full wp-image-5643\" title=\"7\" src=\"\/pasarelaurbana\/wp-content\/uploads\/sites\/49\" alt=\"\" width=\"600\" height=\"803\" \/><\/a><\/p>\n<p style=\"text-align: center;\"><a href=\"\/pasarelaurbana\/wp-content\/uploads\/sites\/49\"><img loading=\"lazy\" class=\"aligncenter size-full wp-image-5644\" title=\"8\" src=\"\/pasarelaurbana\/wp-content\/uploads\/sites\/49\" alt=\"\" width=\"600\" height=\"803\" \/><\/a><\/p>\n<p style=\"text-align: center;\"><a href=\"\/pasarelaurbana\/wp-content\/uploads\/sites\/49\"><img loading=\"lazy\" class=\"aligncenter size-full wp-image-5645\" title=\"9\" src=\"\/pasarelaurbana\/wp-content\/uploads\/sites\/49\" alt=\"\" width=\"600\" height=\"803\" \/><\/a><\/p>\n<p style=\"text-align: center;\"><a href=\"\/pasarelaurbana\/wp-content\/uploads\/sites\/49\/2013\/12\/10.jpg\"><img loading=\"lazy\" class=\"aligncenter size-full wp-image-5646\" title=\"10\" src=\"\/pasarelaurbana\/wp-content\/uploads\/sites\/49\/2013\/12\/10.jpg\" alt=\"\" width=\"600\" height=\"803\" srcset=\"https:\/\/static-blogs.diariosur.es\/wp-content\/uploads\/sites\/49\/2013\/12\/10.jpg 600w, https:\/\/static-blogs.diariosur.es\/wp-content\/uploads\/sites\/49\/2013\/12\/10-224x300.jpg 224w\" sizes=\"(max-width: 600px) 100vw, 600px\" \/><\/a><\/p>\n<p style=\"text-align: center;\"><a href=\"\/pasarelaurbana\/wp-content\/uploads\/sites\/49\/2013\/12\/11.jpg\"><img loading=\"lazy\" class=\"aligncenter size-full wp-image-5647\" title=\"11\" src=\"\/pasarelaurbana\/wp-content\/uploads\/sites\/49\/2013\/12\/11.jpg\" alt=\"\" width=\"600\" height=\"803\" srcset=\"https:\/\/static-blogs.diariosur.es\/wp-content\/uploads\/sites\/49\/2013\/12\/11.jpg 600w, https:\/\/static-blogs.diariosur.es\/wp-content\/uploads\/sites\/49\/2013\/12\/11-224x300.jpg 224w\" sizes=\"(max-width: 600px) 100vw, 600px\" \/><\/a><\/p>\n<p style=\"text-align: center;\"><strong>Pilar Neff<\/strong>. Contable. 35 a\u00f1os<\/p>\n<p style=\"text-align: center;\"><span style=\"text-decoration: underline;\">El contraste ideal a un \u2018look lady\u2019: unos zapatos \u2018Oxford\u2019<\/span><br \/>\nNi taconazos de aguja ni plataformas de v\u00e9rtigo. Este oto\u00f1o lo m\u00e1s \u2018in\u2019 en cuanto a zapatos se refiere es calzarse unos masculinos tipo \u2018Oxford\u2019. Por ellos apuesta Pilar Neff, una contable de 35 a\u00f1os que logra con ellos el contraste perfecto a un \u2018look\u2019 muy \u2018lady\u2019 compuesto por jersey con pailletes, capa beige con remates en cuero, falda y medias oscuras. \u00abMe encanta este calzado porque adem\u00e1s de c\u00f3modo es muy estiloso\u00bb, nos indic\u00f3. \u00bfLa nota chic? Sus originales gafas tornasoladas de Michael Kors.<\/p>\n<p style=\"text-align: center;\">Capa: De una boutique de Granada.<\/p>\n<p style=\"text-align: center;\">Jersey, falda y cintur\u00f3n: todo de Zara.<\/p>\n<p style=\"text-align: center;\">Zapatos y bolso: Massimo Dutti.<\/p>\n<p style=\"text-align: center;\"><a href=\"\/pasarelaurbana\/wp-content\/uploads\/sites\/49\/2013\/12\/12.jpg\"><img loading=\"lazy\" class=\"aligncenter size-full wp-image-5648\" title=\"12\" src=\"\/pasarelaurbana\/wp-content\/uploads\/sites\/49\/2013\/12\/12.jpg\" alt=\"\" width=\"600\" height=\"803\" srcset=\"https:\/\/static-blogs.diariosur.es\/wp-content\/uploads\/sites\/49\/2013\/12\/12.jpg 600w, https:\/\/static-blogs.diariosur.es\/wp-content\/uploads\/sites\/49\/2013\/12\/12-224x300.jpg 224w\" sizes=\"(max-width: 600px) 100vw, 600px\" \/><\/a><\/p>\n<p style=\"text-align: center;\"><a href=\"\/pasarelaurbana\/wp-content\/uploads\/sites\/49\/2013\/12\/13.jpg\"><img loading=\"lazy\" class=\"aligncenter size-full wp-image-5649\" title=\"13\" src=\"\/pasarelaurbana\/wp-content\/uploads\/sites\/49\/2013\/12\/13.jpg\" alt=\"\" width=\"600\" height=\"803\" srcset=\"https:\/\/static-blogs.diariosur.es\/wp-content\/uploads\/sites\/49\/2013\/12\/13.jpg 600w, https:\/\/static-blogs.diariosur.es\/wp-content\/uploads\/sites\/49\/2013\/12\/13-224x300.jpg 224w\" sizes=\"(max-width: 600px) 100vw, 600px\" \/><\/a><\/p>\n<p style=\"text-align: center;\"><a href=\"\/pasarelaurbana\/wp-content\/uploads\/sites\/49\/2013\/12\/14.jpg\"><img loading=\"lazy\" class=\"aligncenter size-full wp-image-5650\" title=\"14\" src=\"\/pasarelaurbana\/wp-content\/uploads\/sites\/49\/2013\/12\/14.jpg\" alt=\"\" width=\"600\" height=\"803\" srcset=\"https:\/\/static-blogs.diariosur.es\/wp-content\/uploads\/sites\/49\/2013\/12\/14.jpg 600w, https:\/\/static-blogs.diariosur.es\/wp-content\/uploads\/sites\/49\/2013\/12\/14-224x300.jpg 224w\" sizes=\"(max-width: 600px) 100vw, 600px\" \/><\/a><\/p>\n<p style=\"text-align: center;\"><a href=\"\/pasarelaurbana\/wp-content\/uploads\/sites\/49\/2013\/12\/15.jpg\"><img loading=\"lazy\" class=\"aligncenter size-full wp-image-5636\" title=\"15\" src=\"\/pasarelaurbana\/wp-content\/uploads\/sites\/49\/2013\/12\/15.jpg\" alt=\"\" width=\"600\" height=\"803\" srcset=\"https:\/\/static-blogs.diariosur.es\/wp-content\/uploads\/sites\/49\/2013\/12\/15.jpg 600w, https:\/\/static-blogs.diariosur.es\/wp-content\/uploads\/sites\/49\/2013\/12\/15-224x300.jpg 224w\" sizes=\"(max-width: 600px) 100vw, 600px\" \/><\/a><\/p>\n<p style=\"text-align: center;\"><a href=\"\/pasarelaurbana\/wp-content\/uploads\/sites\/49\/2013\/12\/16.jpg\"><img loading=\"lazy\" class=\"aligncenter size-full wp-image-5652\" title=\"16\" src=\"\/pasarelaurbana\/wp-content\/uploads\/sites\/49\/2013\/12\/16.jpg\" alt=\"\" width=\"600\" height=\"803\" srcset=\"https:\/\/static-blogs.diariosur.es\/wp-content\/uploads\/sites\/49\/2013\/12\/16.jpg 600w, https:\/\/static-blogs.diariosur.es\/wp-content\/uploads\/sites\/49\/2013\/12\/16-224x300.jpg 224w\" sizes=\"(max-width: 600px) 100vw, 600px\" \/><\/a><\/p>\n<p style=\"text-align: center;\"><strong>Helena L\u00f3pez-C\u00f3zar<\/strong>. Estudiante de Econ\u00f3micas. 23 a\u00f1os<\/p>\n<p style=\"text-align: center;\"><span style=\"text-decoration: underline;\">Un look navide\u00f1o para quitarse el sombrero<\/span><br \/>\nHelena L\u00f3pez-C\u00f3zar es una apasionada de la moda. \u00abLe gusta tanto que en casa nos viste a todas, a sus hermanas y hasta a mi\u00bb, nos destac\u00f3 su madre cuando la paramos por calle Larios. Nos gust\u00f3 su \u2018outfit\u2019, muy navide\u00f1o, con un abrigo rojo protagonista. Ideal su vestido de inspiraci\u00f3n rom\u00e1ntica de Zara, con estampado de flores y p\u00e1jaros, que marid\u00f3 con acierto con unos zapatos masculinos tipo \u2018Oxford\u2019 en color gris. La guinda del estilismo la ponen los complementos: un sofisticado sombrero en verde botella y rojo -(\u00abme encantan, por mi los llevar\u00eda a diario pero me da corte porque aqu\u00ed en M\u00e1laga casi nadie los usa\u00bb, nos explic\u00f3 esta joven estudiante de Econ\u00f3micas de 23 a\u00f1os) y un camafeo herencia de su abuela.<\/p>\n<p style=\"text-align: center;\">Abrigo: Mango.<\/p>\n<p style=\"text-align: center;\">Vestido: Zara.<\/p>\n<p style=\"text-align: center;\">Camafeo: De su abuela.<\/p>\n<p style=\"text-align: center;\">Zapatos: Massimo Dutti.<\/p>\n<p style=\"text-align: center;\">Sombrero: Dayaday.<\/p>\n<p style=\"text-align: center;\">Bolso: Zara.<\/p>\n<p style=\"text-align: center;\"><a href=\"\/pasarelaurbana\/wp-content\/uploads\/sites\/49\/2013\/12\/17.jpg\"><img loading=\"lazy\" class=\"aligncenter size-full wp-image-5653\" title=\"17\" src=\"\/pasarelaurbana\/wp-content\/uploads\/sites\/49\/2013\/12\/17.jpg\" alt=\"\" width=\"600\" height=\"803\" srcset=\"https:\/\/static-blogs.diariosur.es\/wp-content\/uploads\/sites\/49\/2013\/12\/17.jpg 600w, https:\/\/static-blogs.diariosur.es\/wp-content\/uploads\/sites\/49\/2013\/12\/17-224x300.jpg 224w\" sizes=\"(max-width: 600px) 100vw, 600px\" \/><\/a><\/p>\n<p style=\"text-align: center;\"><a href=\"\/pasarelaurbana\/wp-content\/uploads\/sites\/49\/2013\/12\/18.jpg\"><img loading=\"lazy\" class=\"aligncenter size-full wp-image-5654\" title=\"18\" src=\"\/pasarelaurbana\/wp-content\/uploads\/sites\/49\/2013\/12\/18.jpg\" alt=\"\" width=\"600\" height=\"803\" srcset=\"https:\/\/static-blogs.diariosur.es\/wp-content\/uploads\/sites\/49\/2013\/12\/18.jpg 600w, https:\/\/static-blogs.diariosur.es\/wp-content\/uploads\/sites\/49\/2013\/12\/18-224x300.jpg 224w\" sizes=\"(max-width: 600px) 100vw, 600px\" \/><\/a><\/p>\n<p style=\"text-align: center;\"><a href=\"\/pasarelaurbana\/wp-content\/uploads\/sites\/49\/2013\/12\/20.jpg\"><img loading=\"lazy\" class=\"aligncenter size-full wp-image-5656\" title=\"20\" src=\"\/pasarelaurbana\/wp-content\/uploads\/sites\/49\/2013\/12\/20.jpg\" alt=\"\" width=\"600\" height=\"803\" srcset=\"https:\/\/static-blogs.diariosur.es\/wp-content\/uploads\/sites\/49\/2013\/12\/20.jpg 600w, https:\/\/static-blogs.diariosur.es\/wp-content\/uploads\/sites\/49\/2013\/12\/20-224x300.jpg 224w\" sizes=\"(max-width: 600px) 100vw, 600px\" \/><\/a><\/p>\n<p style=\"text-align: center;\"><a href=\"\/pasarelaurbana\/wp-content\/uploads\/sites\/49\/2013\/12\/21.jpg\"><img loading=\"lazy\" class=\"aligncenter size-full wp-image-5651\" title=\"21\" src=\"\/pasarelaurbana\/wp-content\/uploads\/sites\/49\/2013\/12\/21.jpg\" alt=\"\" width=\"600\" height=\"803\" srcset=\"https:\/\/static-blogs.diariosur.es\/wp-content\/uploads\/sites\/49\/2013\/12\/21.jpg 600w, https:\/\/static-blogs.diariosur.es\/wp-content\/uploads\/sites\/49\/2013\/12\/21-224x300.jpg 224w\" sizes=\"(max-width: 600px) 100vw, 600px\" \/><\/a><\/p>\n<p style=\"text-align: center;\"><strong>Rosa Ib\u00e1\u00f1ez<\/strong>. Ama de casa. 59 a\u00f1os<\/p>\n<p style=\"text-align: center;\"><span style=\"text-decoration: underline;\">Los abrigos \u2018oversize\u2019, tendencia clave de esta temporada<\/span><br \/>\nEs una de las tendencias imprescindibles de esta temporada.\u00a1Nada de marcar cintura! En materia de abrigos se imponen las siluetas \u2018oversize\u2019 que creen interesantes juegos de vol\u00famenes. Cortes rectos, amplios&#8230;y varoniles. Rosa Ib\u00e1\u00f1ez, una ama de casa malague\u00f1a de 59 a\u00f1os, opta por uno de ellos con los cl\u00e1sicos cuadros de Pr\u00edncipe de Gales. Lo combina con vaqueros, jersey en \u2018nude\u2019 -un color estrella este oto\u00f1o- y pa\u00f1uelo en tonos pasteles con los que logra endulzar el resultado final. En estos meses de fr\u00edo, los vestidos con leotardos son clave en su armario, como ella misma nos revel\u00f3.<\/p>\n<p style=\"text-align: center;\">Abrigo y jersey: De Zara.<\/p>\n<p style=\"text-align: center;\">Pa\u00f1uelo: De Musgo.<\/p>\n<p style=\"text-align: center;\">Vaqueros: H&#038;M.<\/p>\n<p style=\"text-align: center;\">Zapatos: Acosta.<\/p>\n<p style=\"text-align: center;\">\n","protected":false},"excerpt":{"rendered":"<p>Este oto\u00f1o la moda juega al despiste en cuesti\u00f3n de sexo. La inspiraci\u00f3n masculina se cuela en los armarios restando feminidad e imponiendo sus propias reglas. El llamado estilo \u2018tom boy\u2019 o \u2018boyfriend\u2019 pisa fuerte esta temporada encumbrando las l\u00edneas rectas y los atrevidos vol\u00famenes. Toca bajarse de los tacones y olvidarse de marcar cintura [&hellip;]<\/p>\n","protected":false},"author":54,"featured_media":0,"comment_status":"open","ping_status":"open","sticky":false,"template":"","format":"standard","meta":[],"categories":[2],"tags":[],"_links":{"self":[{"href":"https:\/\/blogs.diariosur.es\/pasarelaurbana\/wp-json\/wp\/v2\/posts\/5635"}],"collection":[{"href":"https:\/\/blogs.diariosur.es\/pasarelaurbana\/wp-json\/wp\/v2\/posts"}],"about":[{"href":"https:\/\/blogs.diariosur.es\/pasarelaurbana\/wp-json\/wp\/v2\/types\/post"}],"author":[{"embeddable":true,"href":"https:\/\/blogs.diariosur.es\/pasarelaurbana\/wp-json\/wp\/v2\/users\/54"}],"replies":[{"embeddable":true,"href":"https:\/\/blogs.diariosur.es\/pasarelaurbana\/wp-json\/wp\/v2\/comments?post=5635"}],"version-history":[{"count":0,"href":"https:\/\/blogs.diariosur.es\/pasarelaurbana\/wp-json\/wp\/v2\/posts\/5635\/revisions"}],"wp:attachment":[{"href":"https:\/\/blogs.diariosur.es\/pasarelaurbana\/wp-json\/wp\/v2\/media?parent=5635"}],"wp:term":[{"taxonomy":"category","embeddable":true,"href":"https:\/\/blogs.diariosur.es\/pasarelaurbana\/wp-json\/wp\/v2\/categories?post=5635"},{"taxonomy":"post_tag","embeddable":true,"href":"https:\/\/blogs.diariosur.es\/pasarelaurbana\/wp-json\/wp\/v2\/tags?post=5635"}],"curies":[{"name":"wp","href":"https:\/\/api.w.org\/{rel}","templated":true}]}}