{"id":5657,"date":"2013-12-05T16:14:12","date_gmt":"2013-12-05T15:14:12","guid":{"rendered":"http:\/\/blogs.diariosur.es\/pasarelaurbana\/?p=5657"},"modified":"2013-12-05T16:14:12","modified_gmt":"2013-12-05T15:14:12","slug":"los-ositos-de-mario-teo-se-ponen-el-delantal","status":"publish","type":"post","link":"https:\/\/blogs.diariosur.es\/pasarelaurbana\/2013\/12\/05\/los-ositos-de-mario-teo-se-ponen-el-delantal\/","title":{"rendered":"Los ositos de Mario Teo se ponen el delantal"},"content":{"rendered":"<p style=\"text-align: center;\">Hoy en pasarela urbana la solidaridad es la que est\u00e1 de moda. Esta ma\u00f1ana se ha inaugurado una nueva edici\u00f3n del Rastrillo de Nuevo Futuro. Una cita ben\u00e9fica que cada a\u00f1o da el pistoletazo de salida a la Navidad y que todos deber\u00edamos de marcar en rojo en nuestra agenda. Pues bien, en esta ocasi\u00f3n ha sido la boutique malague\u00f1a Mario Teo (filial de la casa Montesco Alta Costura) la encargada de dise\u00f1ar los delantares que llevar\u00e1 el personal que trabaje en esta iniciativa.\u00a0 <strong>Los creativos Carlos Aguirre y Mario Camino han apostado por un modelo&#8221; femenino y con tintes navide\u00f1os&#8221; en el que predominan los tonos verdes y el rojo. Adem\u00e1s, se trata de un delantal de plena tendencia ya que lleva el que es el estampado imprescindible de este oto\u00f1o: el tart\u00e1n<\/strong> (cuadros escoceses) que a su vez es tan caracter\u00edstico de la ropa y complementos de esta preciosa tienda malague\u00f1a ubicada en la c\u00e9ntrica calle Santos. Va rematado con detalles de lazos y ribetes y la guinda del dise\u00f1o la pone, como no pod\u00eda ser de otra manera, el entra\u00f1able osito distintivo de la firma Marioteo, en color gris. Se trata de la segunda ocasi\u00f3n en que Montesco viste a las voluntarias en su labor de servicio para esta causa solidaria.<br \/>\nCon cuatro d\u00e9cadas de labor fil\u00e1ntropa a sus espaldas, el Rastrillo de Nuevo Futuro vuelve cada a\u00f1o por<br \/>\nNavidad para recordar a los malague\u00f1os la necesidad de que aporten su granito de arena para que todos los<br \/>\nni\u00f1os tengan un hogar digno en el que vivir. Durante estas cuatro d\u00e9cadas de andadura (desde 1972) la<br \/>\nentidad ha acogido a m\u00e1s de 500 ni\u00f1os y j\u00f3venes desamparados, hu\u00e9rfanos o en riesgo de exclusi\u00f3n social.<br \/>\nCada a\u00f1o, las voluntarias del evento se esfuerzan por mejorar su organizaci\u00f3n y potenciar su difusi\u00f3n lo cual es digno de elogiar.\u00a0 &#8220;Desde Montesco Alta Costura y Marioteo esperamos haber contribuido con nuestro trabajo a que se conozca la labor de esta entidad y animamos a los malague\u00f1os a que se acerquen al Palacio de Ferias y Congresos de M\u00e1laga&#8221;, destacan Mario Camino y Carlos Aguirre de Montesco. Lo dicho, \u00a1todos a ayudar!<\/p>\n<p class=\"resumeArcticle\" style=\"font-size: 13px; text-align: center;\"><a href=\"\/pasarelaurbana\/wp-content\/uploads\/sites\/49\/2013\/12\/delantal.jpg\"><img loading=\"lazy\" class=\"aligncenter  wp-image-5658\" title=\"delantal\" src=\"\/pasarelaurbana\/wp-content\/uploads\/sites\/49\/2013\/12\/delantal.jpg\" alt=\"\" width=\"600\" height=\"800\" srcset=\"https:\/\/static-blogs.diariosur.es\/wp-content\/uploads\/sites\/49\/2013\/12\/delantal.jpg 600w, https:\/\/static-blogs.diariosur.es\/wp-content\/uploads\/sites\/49\/2013\/12\/delantal-225x300.jpg 225w\" sizes=\"(max-width: 600px) 100vw, 600px\" \/><\/a><!--more--><\/p>\n<p class=\"resumeArcticle\" style=\"font-size: 13px; text-align: center;\">Esta nueva edici\u00f3n, que permanecer\u00e1 abierta hasta el este pr\u00f3ximo lunes 9 de diciembre, cuenta con m\u00e1s de 70 puestos comerciales. Los visitantes podr\u00e1n encontrar art\u00edculos de todas las \u00edndoles como ropa, complementos, libros, juguetes, plantas, antig\u00fcedades y objetos de decoraci\u00f3n. Adem\u00e1s, habr\u00e1 un espacio dedicado a la gastronom\u00eda en la que los asistentes podr\u00e1n disfrutar de diversos tipos de comida y aun amplio programa de actividades paralelas como actuaciones musicales y espect\u00e1culos de flamenco.<\/p>\n<p style=\"text-align: center;\">&#8220;Es un evento en el que todo el mundo puede colaborar y dar vida a los ni\u00f1os&#8221;, ha indicado esta misma ma\u00f1ana en rueda de prensa la presidenta de la Asociaci\u00f3n. Recordad, pod\u00e9is acercaros a dar un paseo desde las 11.00 hasta las 22.00 horas ininterrumpidamente. El precio de la entrada que es de un euro ir\u00e1 destinado a la Asociaci\u00f3n Nuevo Futuro y el aparcamiento es gratuito.<\/p>\n<div>\n<p style=\"text-align: center;\"><a href=\"\/pasarelaurbana\/wp-content\/uploads\/sites\/49\/2013\/12\/carlos.jpg\"><img loading=\"lazy\" class=\"aligncenter size-full wp-image-5659\" title=\"carlos\" src=\"\/pasarelaurbana\/wp-content\/uploads\/sites\/49\/2013\/12\/carlos.jpg\" alt=\"\" width=\"600\" height=\"800\" srcset=\"https:\/\/static-blogs.diariosur.es\/wp-content\/uploads\/sites\/49\/2013\/12\/carlos.jpg 600w, https:\/\/static-blogs.diariosur.es\/wp-content\/uploads\/sites\/49\/2013\/12\/carlos-225x300.jpg 225w\" sizes=\"(max-width: 600px) 100vw, 600px\" \/><\/a><\/p>\n<p style=\"text-align: center;\">Arriba, Carlos Aguirre con personal del Rastrillo luciendo el delantal de este a\u00f1o. Abajo, el que dise\u00f1\u00f3 Montesco hace un par de ediciones.<\/p>\n<p style=\"text-align: center;\"><a href=\"\/pasarelaurbana\/wp-content\/uploads\/sites\/49\/2013\/12\/montesco.jpg\"><img loading=\"lazy\" class=\"aligncenter size-full wp-image-5660\" title=\"montesco\" src=\"\/pasarelaurbana\/wp-content\/uploads\/sites\/49\/2013\/12\/montesco.jpg\" alt=\"\" width=\"600\" height=\"800\" srcset=\"https:\/\/static-blogs.diariosur.es\/wp-content\/uploads\/sites\/49\/2013\/12\/montesco.jpg 600w, https:\/\/static-blogs.diariosur.es\/wp-content\/uploads\/sites\/49\/2013\/12\/montesco-225x300.jpg 225w\" sizes=\"(max-width: 600px) 100vw, 600px\" \/><\/a><\/p>\n<p style=\"text-align: center;\">\u00a1Espero que os haya gustado y que os animeis a ayudar!<\/p>\n<p style=\"text-align: center;\">AVISO A NAVEGANTES: Me voy de Puente as\u00ed que os espero el pr\u00f3ximo martes por aqu\u00ed. \u00a1Besitos!<\/p>\n<\/div>\n<p style=\"text-align: center;\"><input id=\"input_docid\" type=\"hidden\" name=\"input_docid\" value=\"\/1\/Teletipos\/11-450600961.XML\" \/> <input id=\"input_template\" type=\"hidden\" name=\"input_template\" \/><!--embed src=\"video.avi\"><\/embed--><\/p>\n","protected":false},"excerpt":{"rendered":"<p>Hoy en pasarela urbana la solidaridad es la que est\u00e1 de moda. Esta ma\u00f1ana se ha inaugurado una nueva edici\u00f3n del Rastrillo de Nuevo Futuro. Una cita ben\u00e9fica que cada a\u00f1o da el pistoletazo de salida a la Navidad y que todos deber\u00edamos de marcar en rojo en nuestra agenda. Pues bien, en esta ocasi\u00f3n [&hellip;]<\/p>\n","protected":false},"author":54,"featured_media":0,"comment_status":"open","ping_status":"open","sticky":false,"template":"","format":"standard","meta":[],"categories":[2],"tags":[],"_links":{"self":[{"href":"https:\/\/blogs.diariosur.es\/pasarelaurbana\/wp-json\/wp\/v2\/posts\/5657"}],"collection":[{"href":"https:\/\/blogs.diariosur.es\/pasarelaurbana\/wp-json\/wp\/v2\/posts"}],"about":[{"href":"https:\/\/blogs.diariosur.es\/pasarelaurbana\/wp-json\/wp\/v2\/types\/post"}],"author":[{"embeddable":true,"href":"https:\/\/blogs.diariosur.es\/pasarelaurbana\/wp-json\/wp\/v2\/users\/54"}],"replies":[{"embeddable":true,"href":"https:\/\/blogs.diariosur.es\/pasarelaurbana\/wp-json\/wp\/v2\/comments?post=5657"}],"version-history":[{"count":0,"href":"https:\/\/blogs.diariosur.es\/pasarelaurbana\/wp-json\/wp\/v2\/posts\/5657\/revisions"}],"wp:attachment":[{"href":"https:\/\/blogs.diariosur.es\/pasarelaurbana\/wp-json\/wp\/v2\/media?parent=5657"}],"wp:term":[{"taxonomy":"category","embeddable":true,"href":"https:\/\/blogs.diariosur.es\/pasarelaurbana\/wp-json\/wp\/v2\/categories?post=5657"},{"taxonomy":"post_tag","embeddable":true,"href":"https:\/\/blogs.diariosur.es\/pasarelaurbana\/wp-json\/wp\/v2\/tags?post=5657"}],"curies":[{"name":"wp","href":"https:\/\/api.w.org\/{rel}","templated":true}]}}