{"id":5680,"date":"2013-12-14T00:37:19","date_gmt":"2013-12-13T23:37:19","guid":{"rendered":"http:\/\/blogs.diariosur.es\/pasarelaurbana\/?p=5680"},"modified":"2013-12-14T00:37:19","modified_gmt":"2013-12-13T23:37:19","slug":"el-armario-de-jesus-segado","status":"publish","type":"post","link":"https:\/\/blogs.diariosur.es\/pasarelaurbana\/2013\/12\/14\/el-armario-de-jesus-segado\/","title":{"rendered":"El armario de Jes\u00fas Segado"},"content":{"rendered":"<p style=\"text-align: center;\">De peque\u00f1o aprovechaba los retales de tela que cog\u00eda de su madre, modista, para confeccionarle capas a sus madelman. Por entonces la costura era para \u00e9l un juego, un pasatiempo que hoy d\u00eda sigue ilusion\u00e1ndole con la misma pasi\u00f3n que cuando era ni\u00f1o. Al terminar BUP Jes\u00fas Segado ten\u00eda claro que no quer\u00eda estudiar una carrera. Lo suyo era la aguja y para formarse ingres\u00f3 en la Escuela de Arte de M\u00e1laga donde en el tercer curso ya le hab\u00edan fichado para su primer trabajo. Tras quince a\u00f1os dise\u00f1ando para diferentes firmas se lanz\u00f3 a la aventura de montar su propio taller de alta costura en la Carrera de Capuchinos, desde el que da forma a delicados vestidos de novia y de fiesta con un marcado sello personal influenciado por el que es su gran referente: Balenciaga. Todo un cl\u00e1sico como su estilo personal, \u00abaunque con un punto actual de modernidad\u00bb, matiza el dise\u00f1ador malague\u00f1o en cuyo vestidor de madera oscura -perfectamente ordenado- predominan los tonos neutros, los vaqueros oscuros y los trajes de chaqueta negros, azules marinos y grises.<br \/>\nBlancos, rosas y azules ti\u00f1en en exclusiva sus camisas, que usa entalladas y con contrastes de estampados. Eso s\u00ed, sin estridencias. Con la discreci\u00f3n por bandera y sin correr demasiados riesgos. \u00abLos colores chillones no me favorecen nada as\u00ed que en general busco prendas sencillas de base cl\u00e1sica pero con alg\u00fan detalle especial\u00bb, indica. Mientras que por el d\u00eda hace alguna concesi\u00f3n al estilo \u2018sporty chic\u2019 (en forma de americanas de l\u00edneas m\u00e1s informales, deportivas y tejidos \u2018denim\u2019), al caer el sol Jes\u00fas Segado es incondicional a la sobriedad del traje de chaqueta, cuya seriedad rompe apostando por complementos llamativos. \u00bfSus favoritos? Los cinturones de colores, las pajaritas (una de las principales se\u00f1as de identidad de sus \u2018outfits\u2019) y los pa\u00f1uelos (tiene una amplia colecci\u00f3n), que rara vez faltan en sus estilismos.<br \/>\nLos zapatos son otra de sus debilidades. Le gustan protagonistas, con la fuerza suficiente para realzar un look (como los beiges de Farrutx que propone para su look de fiesta en la foto de m\u00e1s abajo, tomada en la terraza de su casa en La Malagueta). A la pregunta de si se considera fashionista, Segado no oculta su amor por la moda, que sigue desde un estilo propio muy marcado al margen de tendencias pasajeras. \u00abSolo llevo aquello que se que me sienta bien y con lo que estoy c\u00f3modo\u00bb, advierte.<\/p>\n<p style=\"text-align: center;\">Os dejo con sus estilismos al detalle fotografiados por mi compi <strong>\u00c1lvaro Cabrera<\/strong>.<\/p>\n<p style=\"text-align: center;\"><a href=\"\/pasarelaurbana\/wp-content\/uploads\/sites\/49\/2013\/12\/131.jpg\"><img loading=\"lazy\" class=\"aligncenter size-full wp-image-5694\" title=\"13\" src=\"\/pasarelaurbana\/wp-content\/uploads\/sites\/49\/2013\/12\/131.jpg\" alt=\"\" width=\"600\" height=\"415\" srcset=\"https:\/\/static-blogs.diariosur.es\/wp-content\/uploads\/sites\/49\/2013\/12\/131.jpg 600w, https:\/\/static-blogs.diariosur.es\/wp-content\/uploads\/sites\/49\/2013\/12\/131-300x208.jpg 300w\" sizes=\"(max-width: 600px) 100vw, 600px\" \/><\/a><!--more--><strong>LOOK DE D\u00cdA<\/strong>: <span style=\"text-decoration: underline;\">Camisa con mezcla de estampados, vaqueros, americana y deportivas<\/span><\/p>\n<p style=\"text-align: center;\"><a href=\"\/pasarelaurbana\/wp-content\/uploads\/sites\/49\/2013\/12\/110.jpg\"><img loading=\"lazy\" class=\"aligncenter size-full wp-image-5682\" title=\"1\" src=\"\/pasarelaurbana\/wp-content\/uploads\/sites\/49\/2013\/12\/110.jpg\" alt=\"\" width=\"600\" height=\"388\" srcset=\"https:\/\/static-blogs.diariosur.es\/wp-content\/uploads\/sites\/49\/2013\/12\/110.jpg 600w, https:\/\/static-blogs.diariosur.es\/wp-content\/uploads\/sites\/49\/2013\/12\/110-300x194.jpg 300w\" sizes=\"(max-width: 600px) 100vw, 600px\" \/><\/a><\/p>\n<p style=\"text-align: center;\"><a href=\"\/pasarelaurbana\/wp-content\/uploads\/sites\/49\/2013\/12\/22.jpg\"><img loading=\"lazy\" class=\"aligncenter size-full wp-image-5683\" title=\"2\" src=\"\/pasarelaurbana\/wp-content\/uploads\/sites\/49\/2013\/12\/22.jpg\" alt=\"\" width=\"600\" height=\"393\" srcset=\"https:\/\/static-blogs.diariosur.es\/wp-content\/uploads\/sites\/49\/2013\/12\/22.jpg 600w, https:\/\/static-blogs.diariosur.es\/wp-content\/uploads\/sites\/49\/2013\/12\/22-300x197.jpg 300w\" sizes=\"(max-width: 600px) 100vw, 600px\" \/><\/a><\/p>\n<p style=\"text-align: center;\"><a href=\"\/pasarelaurbana\/wp-content\/uploads\/sites\/49\/2013\/12\/31.jpg\"><img loading=\"lazy\" class=\"aligncenter size-full wp-image-5684\" title=\"3\" src=\"\/pasarelaurbana\/wp-content\/uploads\/sites\/49\/2013\/12\/31.jpg\" alt=\"\" width=\"600\" height=\"883\" srcset=\"https:\/\/static-blogs.diariosur.es\/wp-content\/uploads\/sites\/49\/2013\/12\/31.jpg 600w, https:\/\/static-blogs.diariosur.es\/wp-content\/uploads\/sites\/49\/2013\/12\/31-204x300.jpg 204w\" sizes=\"(max-width: 600px) 100vw, 600px\" \/><\/a><\/p>\n<p style=\"text-align: center;\"><a href=\"\/pasarelaurbana\/wp-content\/uploads\/sites\/49\/2013\/12\/41.jpg\"><img loading=\"lazy\" class=\"aligncenter size-full wp-image-5685\" title=\"4\" src=\"\/pasarelaurbana\/wp-content\/uploads\/sites\/49\/2013\/12\/41.jpg\" alt=\"\" width=\"600\" height=\"383\" srcset=\"https:\/\/static-blogs.diariosur.es\/wp-content\/uploads\/sites\/49\/2013\/12\/41.jpg 600w, https:\/\/static-blogs.diariosur.es\/wp-content\/uploads\/sites\/49\/2013\/12\/41-300x192.jpg 300w\" sizes=\"(max-width: 600px) 100vw, 600px\" \/><\/a><\/p>\n<p style=\"text-align: center;\"><a href=\"\/pasarelaurbana\/wp-content\/uploads\/sites\/49\/2013\/12\/56.jpg\"><img loading=\"lazy\" class=\"aligncenter size-full wp-image-5686\" title=\"5\" src=\"\/pasarelaurbana\/wp-content\/uploads\/sites\/49\/2013\/12\/56.jpg\" alt=\"\" width=\"600\" height=\"892\" srcset=\"https:\/\/static-blogs.diariosur.es\/wp-content\/uploads\/sites\/49\/2013\/12\/56.jpg 600w, https:\/\/static-blogs.diariosur.es\/wp-content\/uploads\/sites\/49\/2013\/12\/56-202x300.jpg 202w\" sizes=\"(max-width: 600px) 100vw, 600px\" \/><\/a><\/p>\n<p style=\"text-align: center;\">Su look de d\u00eda: vaqueros de <strong>Roberto Verino<\/strong>, camisa de distintos cuadros de <strong>Purificaci\u00f3n Garc\u00eda<\/strong> y americana con chaleco enguatado de <strong>Caramelo<\/strong>. Completa el &#8216;outfit&#8217; con unas estilosas deportivas de <strong>Prada<\/strong>.<\/p>\n<p style=\"text-align: center;\"><strong>PARA IR A CENAR<\/strong>: <span style=\"text-decoration: underline;\">Camisa blanca con americana, pajarita y pantalones de cuadros<\/span><\/p>\n<p style=\"text-align: center;\"><a href=\"\/pasarelaurbana\/wp-content\/uploads\/sites\/49\/2013\/12\/65.jpg\"><img loading=\"lazy\" class=\"aligncenter size-full wp-image-5687\" title=\"6\" src=\"\/pasarelaurbana\/wp-content\/uploads\/sites\/49\/2013\/12\/65.jpg\" alt=\"\" width=\"600\" height=\"394\" srcset=\"https:\/\/static-blogs.diariosur.es\/wp-content\/uploads\/sites\/49\/2013\/12\/65.jpg 600w, https:\/\/static-blogs.diariosur.es\/wp-content\/uploads\/sites\/49\/2013\/12\/65-300x197.jpg 300w\" sizes=\"(max-width: 600px) 100vw, 600px\" \/><\/a><\/p>\n<p style=\"text-align: center;\"><a href=\"\/pasarelaurbana\/wp-content\/uploads\/sites\/49\/2013\/12\/71.jpg\"><img loading=\"lazy\" class=\"aligncenter size-full wp-image-5688\" title=\"7\" src=\"\/pasarelaurbana\/wp-content\/uploads\/sites\/49\/2013\/12\/71.jpg\" alt=\"\" width=\"600\" height=\"923\" srcset=\"https:\/\/static-blogs.diariosur.es\/wp-content\/uploads\/sites\/49\/2013\/12\/71.jpg 600w, https:\/\/static-blogs.diariosur.es\/wp-content\/uploads\/sites\/49\/2013\/12\/71-195x300.jpg 195w\" sizes=\"(max-width: 600px) 100vw, 600px\" \/><\/a><\/p>\n<p style=\"text-align: center;\"><a href=\"\/pasarelaurbana\/wp-content\/uploads\/sites\/49\/2013\/12\/81.jpg\"><img loading=\"lazy\" class=\"aligncenter size-full wp-image-5689\" title=\"8\" src=\"\/pasarelaurbana\/wp-content\/uploads\/sites\/49\/2013\/12\/81.jpg\" alt=\"\" width=\"600\" height=\"869\" srcset=\"https:\/\/static-blogs.diariosur.es\/wp-content\/uploads\/sites\/49\/2013\/12\/81.jpg 600w, https:\/\/static-blogs.diariosur.es\/wp-content\/uploads\/sites\/49\/2013\/12\/81-207x300.jpg 207w\" sizes=\"(max-width: 600px) 100vw, 600px\" \/><\/a><\/p>\n<p style=\"text-align: center;\"><a href=\"\/pasarelaurbana\/wp-content\/uploads\/sites\/49\/2013\/12\/91.jpg\"><img loading=\"lazy\" class=\"aligncenter size-full wp-image-5690\" title=\"9\" src=\"\/pasarelaurbana\/wp-content\/uploads\/sites\/49\/2013\/12\/91.jpg\" alt=\"\" width=\"600\" height=\"964\" srcset=\"https:\/\/static-blogs.diariosur.es\/wp-content\/uploads\/sites\/49\/2013\/12\/91.jpg 600w, https:\/\/static-blogs.diariosur.es\/wp-content\/uploads\/sites\/49\/2013\/12\/91-187x300.jpg 187w\" sizes=\"(max-width: 600px) 100vw, 600px\" \/><\/a><\/p>\n<p style=\"text-align: center;\"><a href=\"\/pasarelaurbana\/wp-content\/uploads\/sites\/49\/2013\/12\/101.jpg\"><img loading=\"lazy\" class=\"aligncenter size-full wp-image-5691\" title=\"10\" src=\"\/pasarelaurbana\/wp-content\/uploads\/sites\/49\/2013\/12\/101.jpg\" alt=\"\" width=\"600\" height=\"870\" srcset=\"https:\/\/static-blogs.diariosur.es\/wp-content\/uploads\/sites\/49\/2013\/12\/101.jpg 600w, https:\/\/static-blogs.diariosur.es\/wp-content\/uploads\/sites\/49\/2013\/12\/101-207x300.jpg 207w\" sizes=\"(max-width: 600px) 100vw, 600px\" \/><\/a><\/p>\n<p style=\"text-align: center;\"><a href=\"\/pasarelaurbana\/wp-content\/uploads\/sites\/49\/2013\/12\/111.jpg\"><img loading=\"lazy\" class=\"aligncenter size-full wp-image-5692\" title=\"11\" src=\"\/pasarelaurbana\/wp-content\/uploads\/sites\/49\/2013\/12\/111.jpg\" alt=\"\" width=\"600\" height=\"948\" srcset=\"https:\/\/static-blogs.diariosur.es\/wp-content\/uploads\/sites\/49\/2013\/12\/111.jpg 600w, https:\/\/static-blogs.diariosur.es\/wp-content\/uploads\/sites\/49\/2013\/12\/111-190x300.jpg 190w\" sizes=\"(max-width: 600px) 100vw, 600px\" \/><\/a><\/p>\n<p style=\"text-align: center;\"><a href=\"\/pasarelaurbana\/wp-content\/uploads\/sites\/49\/2013\/12\/121.jpg\"><img loading=\"lazy\" class=\"aligncenter size-full wp-image-5693\" title=\"12\" src=\"\/pasarelaurbana\/wp-content\/uploads\/sites\/49\/2013\/12\/121.jpg\" alt=\"\" width=\"600\" height=\"780\" srcset=\"https:\/\/static-blogs.diariosur.es\/wp-content\/uploads\/sites\/49\/2013\/12\/121.jpg 600w, https:\/\/static-blogs.diariosur.es\/wp-content\/uploads\/sites\/49\/2013\/12\/121-231x300.jpg 231w\" sizes=\"(max-width: 600px) 100vw, 600px\" \/><\/a><\/p>\n<p style=\"text-align: center;\">Su apuesta para ir a cenar: camisa blanca de<strong> Guess<\/strong>, chaqueta azul de <strong>Caramelo<\/strong> con los botones de colores y pantal\u00f3n de cuadros y pajarita vaquera con estamapdo de flores (preciosa) de <strong>Purificaci\u00f3n Garc\u00eda<\/strong>. Los zapatos son de <strong>Farrutx<\/strong>.<\/p>\n<p style=\"text-align: center;\"><strong>UN LOOK PARA EVENTO<\/strong>:<span style=\"text-decoration: underline;\"> Traje gris con pajarita de flores y zapatos de contraste en beige<\/span><\/p>\n<p style=\"text-align: center;\"><a href=\"\/pasarelaurbana\/wp-content\/uploads\/sites\/49\/2013\/12\/141.jpg\"><img loading=\"lazy\" class=\"aligncenter size-full wp-image-5695\" title=\"14\" src=\"\/pasarelaurbana\/wp-content\/uploads\/sites\/49\/2013\/12\/141.jpg\" alt=\"\" width=\"600\" height=\"378\" srcset=\"https:\/\/static-blogs.diariosur.es\/wp-content\/uploads\/sites\/49\/2013\/12\/141.jpg 600w, https:\/\/static-blogs.diariosur.es\/wp-content\/uploads\/sites\/49\/2013\/12\/141-300x189.jpg 300w\" sizes=\"(max-width: 600px) 100vw, 600px\" \/><\/a><\/p>\n<p style=\"text-align: center;\"><a href=\"\/pasarelaurbana\/wp-content\/uploads\/sites\/49\/2013\/12\/151.jpg\"><img loading=\"lazy\" class=\"aligncenter size-full wp-image-5681\" title=\"15\" src=\"\/pasarelaurbana\/wp-content\/uploads\/sites\/49\/2013\/12\/151.jpg\" alt=\"\" width=\"600\" height=\"834\" srcset=\"https:\/\/static-blogs.diariosur.es\/wp-content\/uploads\/sites\/49\/2013\/12\/151.jpg 600w, https:\/\/static-blogs.diariosur.es\/wp-content\/uploads\/sites\/49\/2013\/12\/151-216x300.jpg 216w\" sizes=\"(max-width: 600px) 100vw, 600px\" \/><\/a><\/p>\n<p style=\"text-align: center;\"><a href=\"\/pasarelaurbana\/wp-content\/uploads\/sites\/49\/2013\/12\/161.jpg\"><img loading=\"lazy\" class=\"aligncenter size-full wp-image-5697\" title=\"16\" src=\"\/pasarelaurbana\/wp-content\/uploads\/sites\/49\/2013\/12\/161.jpg\" alt=\"\" width=\"600\" height=\"949\" srcset=\"https:\/\/static-blogs.diariosur.es\/wp-content\/uploads\/sites\/49\/2013\/12\/161.jpg 600w, https:\/\/static-blogs.diariosur.es\/wp-content\/uploads\/sites\/49\/2013\/12\/161-190x300.jpg 190w\" sizes=\"(max-width: 600px) 100vw, 600px\" \/><\/a><\/p>\n<p style=\"text-align: center;\"><a href=\"\/pasarelaurbana\/wp-content\/uploads\/sites\/49\/2013\/12\/171.jpg\"><img loading=\"lazy\" class=\"aligncenter size-full wp-image-5698\" title=\"17\" src=\"\/pasarelaurbana\/wp-content\/uploads\/sites\/49\/2013\/12\/171.jpg\" alt=\"\" width=\"600\" height=\"909\" srcset=\"https:\/\/static-blogs.diariosur.es\/wp-content\/uploads\/sites\/49\/2013\/12\/171.jpg 600w, https:\/\/static-blogs.diariosur.es\/wp-content\/uploads\/sites\/49\/2013\/12\/171-198x300.jpg 198w\" sizes=\"(max-width: 600px) 100vw, 600px\" \/><\/a><\/p>\n<p style=\"text-align: center;\">Para un evento Segado elige camisa blanca con ojales rojos de\u00a0<strong>Carolina Herrera<\/strong>, traje gris de\u00a0<strong>Purificaci\u00f3n Garc\u00eda<\/strong>\u00a0y zapatos beiges de\u00a0<strong>Farrutx<\/strong>. El pa\u00f1uelo es de\u00a0<strong>Mario Teo<\/strong>.<\/p>\n<p style=\"text-align: center;\"><a href=\"\/pasarelaurbana\/wp-content\/uploads\/sites\/49\/2013\/12\/181.jpg\"><img loading=\"lazy\" class=\"aligncenter size-full wp-image-5699\" title=\"18\" src=\"\/pasarelaurbana\/wp-content\/uploads\/sites\/49\/2013\/12\/181.jpg\" alt=\"\" width=\"600\" height=\"400\" srcset=\"https:\/\/static-blogs.diariosur.es\/wp-content\/uploads\/sites\/49\/2013\/12\/181.jpg 600w, https:\/\/static-blogs.diariosur.es\/wp-content\/uploads\/sites\/49\/2013\/12\/181-300x200.jpg 300w\" sizes=\"(max-width: 600px) 100vw, 600px\" \/><\/a><\/p>\n<p style=\"text-align: center;\">Esta camisa es una de las que m\u00e1s valor sentimental tiene para \u00e9l. La conserva desde la d\u00e9cada de los 80 cuando se la bord\u00f3 una amiga suya, Mari Carmen Soler. \u00a0La combina con vaqueros.<\/p>\n<p style=\"text-align: center;\"><span style=\"text-decoration: underline;\">SUS COMPLEMENTOS<\/span><\/p>\n<p style=\"text-align: center;\"><a href=\"\/pasarelaurbana\/wp-content\/uploads\/sites\/49\/2013\/12\/191.jpg\"><img loading=\"lazy\" class=\"aligncenter size-full wp-image-5700\" title=\"19\" src=\"\/pasarelaurbana\/wp-content\/uploads\/sites\/49\/2013\/12\/191.jpg\" alt=\"\" width=\"600\" height=\"400\" srcset=\"https:\/\/static-blogs.diariosur.es\/wp-content\/uploads\/sites\/49\/2013\/12\/191.jpg 600w, https:\/\/static-blogs.diariosur.es\/wp-content\/uploads\/sites\/49\/2013\/12\/191-300x200.jpg 300w\" sizes=\"(max-width: 600px) 100vw, 600px\" \/><\/a><\/p>\n<p style=\"text-align: center;\">Una muestra de su colecci\u00f3n de cinturones, de<strong> Purificaci\u00f3n Garc\u00eda, Levis, Orly y de una marca inglesa<\/strong>.<\/p>\n<p style=\"text-align: center;\"><a href=\"\/pasarelaurbana\/wp-content\/uploads\/sites\/49\/2013\/12\/201.jpg\"><img loading=\"lazy\" class=\"aligncenter size-full wp-image-5701\" title=\"20\" src=\"\/pasarelaurbana\/wp-content\/uploads\/sites\/49\/2013\/12\/201.jpg\" alt=\"\" width=\"600\" height=\"400\" srcset=\"https:\/\/static-blogs.diariosur.es\/wp-content\/uploads\/sites\/49\/2013\/12\/201.jpg 600w, https:\/\/static-blogs.diariosur.es\/wp-content\/uploads\/sites\/49\/2013\/12\/201-300x200.jpg 300w\" sizes=\"(max-width: 600px) 100vw, 600px\" \/><\/a><\/p>\n<p style=\"text-align: center;\">Los pa\u00f1uelos son una de sus se\u00f1as de identidad. Los de la derecha son de <strong>Soloio, Armani y Massimo Dutti<\/strong>.<\/p>\n<p style=\"text-align: center;\"><a href=\"\/pasarelaurbana\/wp-content\/uploads\/sites\/49\/2013\/12\/211.jpg\"><img loading=\"lazy\" class=\"aligncenter size-full wp-image-5696\" title=\"21\" src=\"\/pasarelaurbana\/wp-content\/uploads\/sites\/49\/2013\/12\/211.jpg\" alt=\"\" width=\"600\" height=\"400\" srcset=\"https:\/\/static-blogs.diariosur.es\/wp-content\/uploads\/sites\/49\/2013\/12\/211.jpg 600w, https:\/\/static-blogs.diariosur.es\/wp-content\/uploads\/sites\/49\/2013\/12\/211-300x200.jpg 300w\" sizes=\"(max-width: 600px) 100vw, 600px\" \/><\/a><\/p>\n<p style=\"text-align: center;\">Y terminamos como siempre con una foto del making off, en este caso con unas vistas excepcionales: la terraza del piso de Jes\u00fas en la Malagueta, desde el que el dise\u00f1ador fotograf\u00eda casi a diario los amaneceres. Unas estampas de gran belleza que comparte con sus seguidores de Facebook (poni\u00e9ndonos los dientes largos jejeje). Para la ocasi\u00f3n, Segado eligi\u00f3 camisa gris con jersey cl\u00e1sico de rombos de <strong>Carolina Herrera<\/strong> y vaqueros, uno de sus uniformes de batalla. Una servidora llev\u00f3 total look de <strong>Zara<\/strong> a base de falda tapicera y jersey amarillo. El collar es de <strong>Andr\u00e9s Olivares<\/strong>. \u00a0Desde aqu\u00ed mi agradecimiento a Jes\u00fas, por el que siento una gran admiraci\u00f3n. A mi juicio, uno de los mejores dise\u00f1adores de alta costura que tenemos la suerte de tener en M\u00e1laga (donde podemos presumir de grandes maestros de la aguja).<\/p>\n<p style=\"text-align: center;\"><span style=\"text-decoration: underline;\">SU RUTA DE TIENDAS<\/span><\/p>\n<p style=\"text-align: center;\">1. <strong>Purificaci\u00f3n Garc\u00eda<\/strong>. Los trajes y camisas de esta firma, entre sus b\u00e1sicos.<br \/>\n2. <strong>Caramelo<\/strong>. En el armario del dise\u00f1ador no faltan las chaquetas de esta marca.<br \/>\n3. <strong>Mario Teo<\/strong>. De esta boutique, en calle Santos, le pierden las pajaritas.<br \/>\n4. <strong>Farrutx<\/strong>. Le encantan sus zapatos, \u00abson c\u00f3modos y distintos\u00bb.<br \/>\n5. <strong>Roberto Verino<\/strong>. \u00abMe gustan especialmente sus vaqueros y chaquetas\u00bb.<\/p>\n<p style=\"text-align: center;\">Espero que os haya gustado. \u00a1Feliz fin de semana!<\/p>\n<p style=\"text-align: center;\">\n","protected":false},"excerpt":{"rendered":"<p>De peque\u00f1o aprovechaba los retales de tela que cog\u00eda de su madre, modista, para confeccionarle capas a sus madelman. Por entonces la costura era para \u00e9l un juego, un pasatiempo que hoy d\u00eda sigue ilusion\u00e1ndole con la misma pasi\u00f3n que cuando era ni\u00f1o. Al terminar BUP Jes\u00fas Segado ten\u00eda claro que no quer\u00eda estudiar una [&hellip;]<\/p>\n","protected":false},"author":54,"featured_media":0,"comment_status":"open","ping_status":"open","sticky":false,"template":"","format":"standard","meta":[],"categories":[2],"tags":[],"_links":{"self":[{"href":"https:\/\/blogs.diariosur.es\/pasarelaurbana\/wp-json\/wp\/v2\/posts\/5680"}],"collection":[{"href":"https:\/\/blogs.diariosur.es\/pasarelaurbana\/wp-json\/wp\/v2\/posts"}],"about":[{"href":"https:\/\/blogs.diariosur.es\/pasarelaurbana\/wp-json\/wp\/v2\/types\/post"}],"author":[{"embeddable":true,"href":"https:\/\/blogs.diariosur.es\/pasarelaurbana\/wp-json\/wp\/v2\/users\/54"}],"replies":[{"embeddable":true,"href":"https:\/\/blogs.diariosur.es\/pasarelaurbana\/wp-json\/wp\/v2\/comments?post=5680"}],"version-history":[{"count":0,"href":"https:\/\/blogs.diariosur.es\/pasarelaurbana\/wp-json\/wp\/v2\/posts\/5680\/revisions"}],"wp:attachment":[{"href":"https:\/\/blogs.diariosur.es\/pasarelaurbana\/wp-json\/wp\/v2\/media?parent=5680"}],"wp:term":[{"taxonomy":"category","embeddable":true,"href":"https:\/\/blogs.diariosur.es\/pasarelaurbana\/wp-json\/wp\/v2\/categories?post=5680"},{"taxonomy":"post_tag","embeddable":true,"href":"https:\/\/blogs.diariosur.es\/pasarelaurbana\/wp-json\/wp\/v2\/tags?post=5680"}],"curies":[{"name":"wp","href":"https:\/\/api.w.org\/{rel}","templated":true}]}}