{"id":5714,"date":"2013-12-13T15:51:23","date_gmt":"2013-12-13T14:51:23","guid":{"rendered":"http:\/\/blogs.diariosur.es\/pasarelaurbana\/?p=5714"},"modified":"2013-12-13T15:51:23","modified_gmt":"2013-12-13T14:51:23","slug":"la-malaguena-belen-zotano-estrena-tienda-on-line","status":"publish","type":"post","link":"https:\/\/blogs.diariosur.es\/pasarelaurbana\/2013\/12\/13\/la-malaguena-belen-zotano-estrena-tienda-on-line\/","title":{"rendered":"La malague\u00f1a Bel\u00e9n Zotano estrena tienda on line"},"content":{"rendered":"<p style=\"text-align: center;\">\u00a1Nueva firma malague\u00f1a en el ciberespacio! \u00a1Por suerte cada vez tenemos m\u00e1s marcas locales a golpe de rat\u00f3n, lo cual se agradece! La \u00faltima en abrir escaparate virtual ha sido la dise\u00f1adora de complementos <strong>Bel\u00e9n Zotano<\/strong> (en cuyo armario me col\u00e9 hace unos meses, pod\u00e9is recordarlo <a href=\"https:\/\/blogs.diariosur.es\/pasarelaurbana\/2013\/09\/21\/el-armario-de-belen-zotano\/\">aqu\u00ed<\/a>). Desde ayer es posible adquirir<strong> su colecci\u00f3n Acetato<\/strong> a trav\u00e9s de su <a href=\"http:\/\/belenzotano.com\/\" rel=\"external nofollow\">p\u00e1gina web <\/a>a la que ir\u00e1 subiendo progresivamente el resto de sus productos. Como ella misma nos cont\u00f3, todo comenz\u00f3 cuando descubri\u00f3 una tienda en Sevilla de abalorios. Empez\u00f3 a hacerse sus propios collares y pendientes y empezaron a lloverle pedidos de amigos y familiares hasta el punto de que decidi\u00f3 dejar su trabajo de electr\u00f3nica en el PTA para dedicarse al dise\u00f1o, un campo que le apasiona. Desde entonces, Bel\u00e9n Zotano se ha convertido en una de las firmas artesanales m\u00e1s reconocidas de M\u00e1laga, especialmente por sus piezas de alta bisuter\u00eda realizadas con cristales de Swarovski e inspiradas, seg\u00fan la propia Bel\u00e9n, en &#8221; la luz y el colorido de Andaluc\u00eda&#8221;. Su cat\u00e1logo cuenta con una amplia variedad de modelos y materiales que, adem\u00e1s, pueden combinarse para crear art\u00edculos originales y \u00fanicos a medida de cada cliente. Los pendientes grandes juegan un papel central, as\u00ed como las colecciones de flamenca y de novia.\u00a0 Os dejo con una selecci\u00f3n de algunos de mis favoritos. Y recordad: ma\u00f1ana como cada s\u00e1bado tenemos especial moda en SUR.es. En mi caso os abrir\u00e9 la puerta del armario de un conocido dise\u00f1ador de alta costura. \u00a1Buen fin de semana!<\/p>\n<p>\u00a0<a href=\"\/pasarelaurbana\/wp-content\/uploads\/sites\/49\/2013\/12\/belenuno.jpg\"><img loading=\"lazy\" class=\"aligncenter size-full wp-image-5715\" title=\"belenuno\" src=\"\/pasarelaurbana\/wp-content\/uploads\/sites\/49\/2013\/12\/belenuno.jpg\" alt=\"\" width=\"600\" height=\"451\" srcset=\"https:\/\/static-blogs.diariosur.es\/wp-content\/uploads\/sites\/49\/2013\/12\/belenuno.jpg 600w, https:\/\/static-blogs.diariosur.es\/wp-content\/uploads\/sites\/49\/2013\/12\/belenuno-300x226.jpg 300w\" sizes=\"(max-width: 600px) 100vw, 600px\" \/><\/a><!--more--><a href=\"\/pasarelaurbana\/wp-content\/uploads\/sites\/49\/2013\/12\/belendos.jpg\"><img loading=\"lazy\" class=\"aligncenter size-full wp-image-5717\" title=\"belendos\" src=\"\/pasarelaurbana\/wp-content\/uploads\/sites\/49\/2013\/12\/belendos.jpg\" alt=\"\" width=\"500\" height=\"316\" srcset=\"https:\/\/static-blogs.diariosur.es\/wp-content\/uploads\/sites\/49\/2013\/12\/belendos.jpg 500w, https:\/\/static-blogs.diariosur.es\/wp-content\/uploads\/sites\/49\/2013\/12\/belendos-300x190.jpg 300w\" sizes=\"(max-width: 500px) 100vw, 500px\" \/><\/a><\/p>\n<p>&nbsp;<\/p>\n<p><a href=\"\/pasarelaurbana\/wp-content\/uploads\/sites\/49\/2013\/12\/belentres.jpg\"><img loading=\"lazy\" class=\"aligncenter size-full wp-image-5719\" title=\"belentres\" src=\"\/pasarelaurbana\/wp-content\/uploads\/sites\/49\/2013\/12\/belentres.jpg\" alt=\"\" width=\"500\" height=\"301\" srcset=\"https:\/\/static-blogs.diariosur.es\/wp-content\/uploads\/sites\/49\/2013\/12\/belentres.jpg 500w, https:\/\/static-blogs.diariosur.es\/wp-content\/uploads\/sites\/49\/2013\/12\/belentres-300x181.jpg 300w\" sizes=\"(max-width: 500px) 100vw, 500px\" \/><\/a><\/p>\n<p><a href=\"\/pasarelaurbana\/wp-content\/uploads\/sites\/49\/2013\/12\/belencuatro.jpg\"><img loading=\"lazy\" class=\"aligncenter size-full wp-image-5716\" title=\"belencuatro\" src=\"\/pasarelaurbana\/wp-content\/uploads\/sites\/49\/2013\/12\/belencuatro.jpg\" alt=\"\" width=\"500\" height=\"295\" srcset=\"https:\/\/static-blogs.diariosur.es\/wp-content\/uploads\/sites\/49\/2013\/12\/belencuatro.jpg 500w, https:\/\/static-blogs.diariosur.es\/wp-content\/uploads\/sites\/49\/2013\/12\/belencuatro-300x177.jpg 300w\" sizes=\"(max-width: 500px) 100vw, 500px\" \/><\/a><\/p>\n<p><a href=\"\/pasarelaurbana\/wp-content\/uploads\/sites\/49\/2013\/12\/belenseis.jpg\"><img loading=\"lazy\" class=\"aligncenter size-full wp-image-5718\" title=\"belenseis\" src=\"\/pasarelaurbana\/wp-content\/uploads\/sites\/49\/2013\/12\/belenseis.jpg\" alt=\"\" width=\"500\" height=\"707\" srcset=\"https:\/\/static-blogs.diariosur.es\/wp-content\/uploads\/sites\/49\/2013\/12\/belenseis.jpg 500w, https:\/\/static-blogs.diariosur.es\/wp-content\/uploads\/sites\/49\/2013\/12\/belenseis-212x300.jpg 212w\" sizes=\"(max-width: 500px) 100vw, 500px\" \/><\/a><\/p>\n","protected":false},"excerpt":{"rendered":"<p>\u00a1Nueva firma malague\u00f1a en el ciberespacio! \u00a1Por suerte cada vez tenemos m\u00e1s marcas locales a golpe de rat\u00f3n, lo cual se agradece! La \u00faltima en abrir escaparate virtual ha sido la dise\u00f1adora de complementos Bel\u00e9n Zotano (en cuyo armario me col\u00e9 hace unos meses, pod\u00e9is recordarlo aqu\u00ed). Desde ayer es posible adquirir su colecci\u00f3n Acetato [&hellip;]<\/p>\n","protected":false},"author":54,"featured_media":0,"comment_status":"open","ping_status":"open","sticky":false,"template":"","format":"standard","meta":[],"categories":[2],"tags":[],"_links":{"self":[{"href":"https:\/\/blogs.diariosur.es\/pasarelaurbana\/wp-json\/wp\/v2\/posts\/5714"}],"collection":[{"href":"https:\/\/blogs.diariosur.es\/pasarelaurbana\/wp-json\/wp\/v2\/posts"}],"about":[{"href":"https:\/\/blogs.diariosur.es\/pasarelaurbana\/wp-json\/wp\/v2\/types\/post"}],"author":[{"embeddable":true,"href":"https:\/\/blogs.diariosur.es\/pasarelaurbana\/wp-json\/wp\/v2\/users\/54"}],"replies":[{"embeddable":true,"href":"https:\/\/blogs.diariosur.es\/pasarelaurbana\/wp-json\/wp\/v2\/comments?post=5714"}],"version-history":[{"count":0,"href":"https:\/\/blogs.diariosur.es\/pasarelaurbana\/wp-json\/wp\/v2\/posts\/5714\/revisions"}],"wp:attachment":[{"href":"https:\/\/blogs.diariosur.es\/pasarelaurbana\/wp-json\/wp\/v2\/media?parent=5714"}],"wp:term":[{"taxonomy":"category","embeddable":true,"href":"https:\/\/blogs.diariosur.es\/pasarelaurbana\/wp-json\/wp\/v2\/categories?post=5714"},{"taxonomy":"post_tag","embeddable":true,"href":"https:\/\/blogs.diariosur.es\/pasarelaurbana\/wp-json\/wp\/v2\/tags?post=5714"}],"curies":[{"name":"wp","href":"https:\/\/api.w.org\/{rel}","templated":true}]}}