{"id":5727,"date":"2013-12-21T01:12:11","date_gmt":"2013-12-21T00:12:11","guid":{"rendered":"http:\/\/blogs.diariosur.es\/pasarelaurbana\/?p=5727"},"modified":"2013-12-21T01:12:11","modified_gmt":"2013-12-21T00:12:11","slug":"complementos-para-deslumbrar","status":"publish","type":"post","link":"https:\/\/blogs.diariosur.es\/pasarelaurbana\/2013\/12\/21\/complementos-para-deslumbrar\/","title":{"rendered":"Complementos para deslumbrar"},"content":{"rendered":"<p style=\"text-align: center;\">Solo quedan tres d\u00edas. La Navidad dar\u00e1 este pr\u00f3ximo martes su pistoletazo de salida oficial con la celebraci\u00f3n de la Nochebuena. Toca pues desempolvar las lentejuelas, las pieles y las plumas para brillar con luz propia. Si elegir el vestido adecuado es fundamental, acertar con los complementos es clave para que el look final sea de sobresaliente. Un buen zapato, cintur\u00f3n o collar pueden marcar la diferencia entre un estilismo corriente y uno espectacular.<br \/>\nEn el caso de \u2018outfits\u2019 sencillos y discretos (v\u00e9ase un simple LBD, \u2018little black dress\u2019, o lo que es lo mismo, un vestidito negro de c\u00f3ctel, una pieza imprescindible de todo fondo de armario) un collar XXL es la guinda perfecta para realzarlo y transformarlo en festivo. Se llevan de grandes dimensiones, tipo babero cuajados de pedrer\u00eda o con maxi perlas y, como es tradici\u00f3n en estas fechas, con destellos metalizados. Abstenerse las m\u00e1s recatadas. Las tendencias le dan el turno a la ostentaci\u00f3n, que se impone en accesorios. La elecci\u00f3n del calzado es igual de importante a la hora de rematar un estilismo navide\u00f1o. En estas fechas una buena opci\u00f3n es optar por unos zapatos de sal\u00f3n con la pulsera metalizada o con cristales o unos taconazos con la punta con brillo. El estilo masculino es otra moda que arrasa (se llevan los mocasines con plataforma en plata o dorado). Eso s\u00ed, si se elige un tac\u00f3n de v\u00e9rtigo conviene echar unas manoletinas en el bolso para cuando empiecen a doler los pies.<br \/>\nLos cinturones son otro complemento que dan mucho juego en los \u2018outfits\u2019 de Nochebuena y Nochevieja. Si el vestido lo permite porque no sea muy llamativo los modelos de cuerdas trenzadas con aplicaciones doradas de la malague\u00f1a Laura Olea quedan espectaculares. \u00bfOtra posibilidad? Lucir una chaqueta joya . \u00a1Son s\u00faper sofisticadas!<\/p>\n<p style=\"text-align: center;\">Os dejo con una selecci\u00f3n de accesorios fichados en tiendas malague\u00f1as. \u00a1Feliz fin de semana!<\/p>\n<p><a href=\"\/pasarelaurbana\/wp-content\/uploads\/sites\/49\/2013\/12\/iphone-218.jpg\"><img loading=\"lazy\" class=\"aligncenter size-full wp-image-5733\" title=\"iphone 218\" src=\"\/pasarelaurbana\/wp-content\/uploads\/sites\/49\/2013\/12\/iphone-218.jpg\" alt=\"\" width=\"600\" height=\"803\" srcset=\"https:\/\/static-blogs.diariosur.es\/wp-content\/uploads\/sites\/49\/2013\/12\/iphone-218.jpg 600w, https:\/\/static-blogs.diariosur.es\/wp-content\/uploads\/sites\/49\/2013\/12\/iphone-218-224x300.jpg 224w\" sizes=\"(max-width: 600px) 100vw, 600px\" \/><\/a><\/p>\n<p style=\"text-align: center;\"><strong>Los brocados barrocos y los trenzados son tendencia<\/strong><br \/>\nLa inspiraci\u00f3n barroca sigue pisando fuerte esta temporada en forma de ostentosos brocados e hilos dorados. En materia de complementos los cordones trenzados con pasamaner\u00eda son otro \u2018must\u2019.<\/p>\n<p style=\"text-align: center;\">Zapatos: Sarah World. Cinturones y bolsos: Olvido Madrid.<\/p>\n<p><!--more--><a href=\"\/pasarelaurbana\/wp-content\/uploads\/sites\/49\/2013\/12\/iphone-219.jpg\"><img loading=\"lazy\" class=\"aligncenter size-full wp-image-5734\" title=\"iphone 219\" src=\"\/pasarelaurbana\/wp-content\/uploads\/sites\/49\/2013\/12\/iphone-219.jpg\" alt=\"\" width=\"600\" height=\"803\" srcset=\"https:\/\/static-blogs.diariosur.es\/wp-content\/uploads\/sites\/49\/2013\/12\/iphone-219.jpg 600w, https:\/\/static-blogs.diariosur.es\/wp-content\/uploads\/sites\/49\/2013\/12\/iphone-219-224x300.jpg 224w\" sizes=\"(max-width: 600px) 100vw, 600px\" \/><\/a><a href=\"\/pasarelaurbana\/wp-content\/uploads\/sites\/49\/2013\/12\/iphone-226.jpg\"><img loading=\"lazy\" class=\"aligncenter size-full wp-image-5728\" title=\"iphone 226\" src=\"\/pasarelaurbana\/wp-content\/uploads\/sites\/49\/2013\/12\/iphone-226.jpg\" alt=\"\" width=\"600\" height=\"448\" srcset=\"https:\/\/static-blogs.diariosur.es\/wp-content\/uploads\/sites\/49\/2013\/12\/iphone-226.jpg 600w, https:\/\/static-blogs.diariosur.es\/wp-content\/uploads\/sites\/49\/2013\/12\/iphone-226-300x224.jpg 300w\" sizes=\"(max-width: 600px) 100vw, 600px\" \/><\/a><\/p>\n<p><a href=\"\/pasarelaurbana\/wp-content\/uploads\/sites\/49\/2013\/12\/iphone-213.jpg\"><img loading=\"lazy\" class=\"aligncenter size-full wp-image-5731\" title=\"iphone 213\" src=\"\/pasarelaurbana\/wp-content\/uploads\/sites\/49\/2013\/12\/iphone-213.jpg\" alt=\"\" width=\"600\" height=\"803\" srcset=\"https:\/\/static-blogs.diariosur.es\/wp-content\/uploads\/sites\/49\/2013\/12\/iphone-213.jpg 600w, https:\/\/static-blogs.diariosur.es\/wp-content\/uploads\/sites\/49\/2013\/12\/iphone-213-224x300.jpg 224w\" sizes=\"(max-width: 600px) 100vw, 600px\" \/><\/a><\/p>\n<p style=\"text-align: center;\"><strong>Vuelven los cinturones, toca marcar cintura<\/strong><br \/>\nLos maxi cinturones vuelven a ser tendencia. Una moda que adem\u00e1s es perfecta para los estilismos navide\u00f1os ya que son piezas vistosas que hacen especial cualquier traje. La malague\u00f1a Laura Olea ha lanzado una colecci\u00f3n joya dirigida a realzar la silueta femenina.Se trata de modelos coronados con cristales, piezas met\u00e1licas y detalles de terciopelo. \u00abCon un simple vestidito de algod\u00f3n o vaqueros con camisa blanca quedan ideales\u00bb, explica la dise\u00f1adora.<\/p>\n<p style=\"text-align: center;\">Cinturones: Los tres de la foto peque\u00f1a son de Lulabai. El que lleva el vestido es de Laura Olea. Zapatos: El modelo con encajes en el tac\u00f3n es de Magrit para \u00d3palo.<\/p>\n<p style=\"text-align: center;\"><a href=\"\/pasarelaurbana\/wp-content\/uploads\/sites\/49\/2013\/12\/iphone-214.jpg\"><img loading=\"lazy\" class=\"aligncenter size-full wp-image-5732\" title=\"iphone 214\" src=\"\/pasarelaurbana\/wp-content\/uploads\/sites\/49\/2013\/12\/iphone-214.jpg\" alt=\"\" width=\"600\" height=\"448\" srcset=\"https:\/\/static-blogs.diariosur.es\/wp-content\/uploads\/sites\/49\/2013\/12\/iphone-214.jpg 600w, https:\/\/static-blogs.diariosur.es\/wp-content\/uploads\/sites\/49\/2013\/12\/iphone-214-300x224.jpg 300w\" sizes=\"(max-width: 600px) 100vw, 600px\" \/><\/a><\/p>\n<p style=\"text-align: center;\"><a href=\"\/pasarelaurbana\/wp-content\/uploads\/sites\/49\/2013\/12\/bolso-blancodos.jpg\"><img loading=\"lazy\" class=\"aligncenter size-full wp-image-5738\" title=\"bolso-blancodos\" src=\"\/pasarelaurbana\/wp-content\/uploads\/sites\/49\/2013\/12\/bolso-blancodos.jpg\" alt=\"\" width=\"459\" height=\"336\" srcset=\"https:\/\/static-blogs.diariosur.es\/wp-content\/uploads\/sites\/49\/2013\/12\/bolso-blancodos.jpg 459w, https:\/\/static-blogs.diariosur.es\/wp-content\/uploads\/sites\/49\/2013\/12\/bolso-blancodos-300x220.jpg 300w\" sizes=\"(max-width: 459px) 100vw, 459px\" \/><\/a><\/p>\n<p style=\"text-align: center;\"><a href=\"\/pasarelaurbana\/wp-content\/uploads\/sites\/49\/2013\/12\/iphone-222.jpg\"><img loading=\"lazy\" class=\"aligncenter size-full wp-image-5735\" title=\"iphone 222\" src=\"\/pasarelaurbana\/wp-content\/uploads\/sites\/49\/2013\/12\/iphone-222.jpg\" alt=\"\" width=\"600\" height=\"448\" srcset=\"https:\/\/static-blogs.diariosur.es\/wp-content\/uploads\/sites\/49\/2013\/12\/iphone-222.jpg 600w, https:\/\/static-blogs.diariosur.es\/wp-content\/uploads\/sites\/49\/2013\/12\/iphone-222-300x224.jpg 300w\" sizes=\"(max-width: 600px) 100vw, 600px\" \/><\/a><\/p>\n<p style=\"text-align: center;\"><strong>Un \u2018clutch\u2019 metalizado, el bolso perfecto<\/strong><br \/>\nEn lo que a bolsos se refiere, el \u2018clutch\u2019 o modelo de mano de peque\u00f1as dimensiones es el rey de estas fiestas. Se llevan en tonos metalizados y con pedrer\u00eda.<\/p>\n<p style=\"text-align: center;\">Bolsos: El de arriba es de Blanco y el dorado de \u00d3palo, al igual que la peineta.<\/p>\n<p style=\"text-align: center;\"><a href=\"\/pasarelaurbana\/wp-content\/uploads\/sites\/49\/2013\/12\/iphone-223.jpg\"><img loading=\"lazy\" class=\"aligncenter size-full wp-image-5736\" title=\"iphone 223\" src=\"\/pasarelaurbana\/wp-content\/uploads\/sites\/49\/2013\/12\/iphone-223.jpg\" alt=\"\" width=\"600\" height=\"803\" srcset=\"https:\/\/static-blogs.diariosur.es\/wp-content\/uploads\/sites\/49\/2013\/12\/iphone-223.jpg 600w, https:\/\/static-blogs.diariosur.es\/wp-content\/uploads\/sites\/49\/2013\/12\/iphone-223-224x300.jpg 224w\" sizes=\"(max-width: 600px) 100vw, 600px\" \/><\/a><\/p>\n<p style=\"text-align: center;\"><a href=\"\/pasarelaurbana\/wp-content\/uploads\/sites\/49\/2013\/12\/iphone-224.jpg\"><img loading=\"lazy\" class=\"aligncenter size-full wp-image-5737\" title=\"iphone 224\" src=\"\/pasarelaurbana\/wp-content\/uploads\/sites\/49\/2013\/12\/iphone-224.jpg\" alt=\"\" width=\"600\" height=\"803\" srcset=\"https:\/\/static-blogs.diariosur.es\/wp-content\/uploads\/sites\/49\/2013\/12\/iphone-224.jpg 600w, https:\/\/static-blogs.diariosur.es\/wp-content\/uploads\/sites\/49\/2013\/12\/iphone-224-224x300.jpg 224w\" sizes=\"(max-width: 600px) 100vw, 600px\" \/><\/a><\/p>\n<p style=\"text-align: center;\"><a href=\"\/pasarelaurbana\/wp-content\/uploads\/sites\/49\/2013\/12\/collar-nmlm.jpg\"><img loading=\"lazy\" class=\"aligncenter  wp-image-5730\" title=\"collar-nmlm\" src=\"\/pasarelaurbana\/wp-content\/uploads\/sites\/49\/2013\/12\/collar-nmlm.jpg\" alt=\"\" width=\"600\" height=\"448\" srcset=\"https:\/\/static-blogs.diariosur.es\/wp-content\/uploads\/sites\/49\/2013\/12\/collar-nmlm.jpg 600w, https:\/\/static-blogs.diariosur.es\/wp-content\/uploads\/sites\/49\/2013\/12\/collar-nmlm-300x224.jpg 300w\" sizes=\"(max-width: 600px) 100vw, 600px\" \/><\/a><\/p>\n<p style=\"text-align: center;\"><strong>Las chaquetas joya, ideales para realzar looks b\u00e1sicos<\/strong><br \/>\nTan importante como un buen complemento es llevar una chaqueta llamativa, capaz de transformar cualquier \u2018outfit\u2019 sencillo. Un collar de perlas grande es otra apuesta segura en Navidad.<\/p>\n<p style=\"text-align: center;\">Sobre estas l\u00edneas: Chaqueta metalizada y bomber bordada de L\u2019etude. Collar de perlas y flores doradas de \u2018No me llames mu\u00f1eca\u2019.<\/p>\n<p style=\"text-align: center;\">\n","protected":false},"excerpt":{"rendered":"<p>Solo quedan tres d\u00edas. La Navidad dar\u00e1 este pr\u00f3ximo martes su pistoletazo de salida oficial con la celebraci\u00f3n de la Nochebuena. Toca pues desempolvar las lentejuelas, las pieles y las plumas para brillar con luz propia. Si elegir el vestido adecuado es fundamental, acertar con los complementos es clave para que el look final sea [&hellip;]<\/p>\n","protected":false},"author":54,"featured_media":0,"comment_status":"open","ping_status":"open","sticky":false,"template":"","format":"standard","meta":[],"categories":[2],"tags":[],"_links":{"self":[{"href":"https:\/\/blogs.diariosur.es\/pasarelaurbana\/wp-json\/wp\/v2\/posts\/5727"}],"collection":[{"href":"https:\/\/blogs.diariosur.es\/pasarelaurbana\/wp-json\/wp\/v2\/posts"}],"about":[{"href":"https:\/\/blogs.diariosur.es\/pasarelaurbana\/wp-json\/wp\/v2\/types\/post"}],"author":[{"embeddable":true,"href":"https:\/\/blogs.diariosur.es\/pasarelaurbana\/wp-json\/wp\/v2\/users\/54"}],"replies":[{"embeddable":true,"href":"https:\/\/blogs.diariosur.es\/pasarelaurbana\/wp-json\/wp\/v2\/comments?post=5727"}],"version-history":[{"count":0,"href":"https:\/\/blogs.diariosur.es\/pasarelaurbana\/wp-json\/wp\/v2\/posts\/5727\/revisions"}],"wp:attachment":[{"href":"https:\/\/blogs.diariosur.es\/pasarelaurbana\/wp-json\/wp\/v2\/media?parent=5727"}],"wp:term":[{"taxonomy":"category","embeddable":true,"href":"https:\/\/blogs.diariosur.es\/pasarelaurbana\/wp-json\/wp\/v2\/categories?post=5727"},{"taxonomy":"post_tag","embeddable":true,"href":"https:\/\/blogs.diariosur.es\/pasarelaurbana\/wp-json\/wp\/v2\/tags?post=5727"}],"curies":[{"name":"wp","href":"https:\/\/api.w.org\/{rel}","templated":true}]}}