{"id":5745,"date":"2013-12-28T02:31:15","date_gmt":"2013-12-28T01:31:15","guid":{"rendered":"http:\/\/blogs.diariosur.es\/pasarelaurbana\/?p=5745"},"modified":"2013-12-28T02:31:15","modified_gmt":"2013-12-28T01:31:15","slug":"las-pajes-mas-estilosas","status":"publish","type":"post","link":"https:\/\/blogs.diariosur.es\/pasarelaurbana\/2013\/12\/28\/las-pajes-mas-estilosas\/","title":{"rendered":"Las pajes m\u00e1s estilosas"},"content":{"rendered":"<p style=\"text-align: center;\">Sus Majestades de Oriente ya vienen de camino.  Son d\u00edas intensos. De compras, de paseos y caminatas a la b\u00fasqueda del regalo perfecto. El calendario impone ir de tiendas y, para ello, nada mejor que optar por la comodidad. Solo hay que salir a la calle y repasar al detalle las tendencias que dominan en estas fechas se\u00f1aladas el \u2018street style\u2019 malague\u00f1o. Sobre la pasarela urbana triunfan los looks pr\u00e1cticos y funcionales, sin grandes alardes ni complicaciones pero con ese punto chic y estiloso que los haga especiales. Para afrontar las jornadas maratonianas y cumplir con las funciones de paje sin morir en el intento toca recurrir a vaqueros, amplios jerseys \u2018ovesize\u2019, chaquetones bien abrigados que permitan aguantar las horas a la intemperie de escaparate en escaparate o vestiditos sueltos.<br \/>\nEs el momento de bajarse de los taconazos de v\u00e9rtigo y sacar del zapatero las deportivas (bien combinadas ofrecen posibilidades muy interesantes, como demuestra Jazm\u00edn Duong, una de las protagonistas de esta p\u00e1gina) o los mocasines de inspiraci\u00f3n masculina, tendencia imprescindible de este oto\u00f1o, por los que apuesta Mar\u00eda Jos\u00e9 Naranjo, a quien pillamos cargada de bolsas por calle Larios terminando de llenar los sacos de los Reyes Magos. \u00abSiempre que puedo compro los regalos en peque\u00f1os comercios malague\u00f1os\u00bb, confes\u00f3.<br \/>\nLas prendas b\u00e1sicas son las mejores aliadas estos d\u00edas. \u00bfEl truco? Combinarlas con complementos llamativos que realcen el \u2018outfit\u2019 final. Un buen ejemplo lo encontramos en el estilismo de Marta Sarria, compuesto de vestido suelto de algod\u00f3n con blazer oscura y una espectacular maxi bufanda que le imprime sofisticaci\u00f3n. El turbante de Melani Mu\u00f1oz tambi\u00e9n es una buena alternativa. As\u00ed son los looks de las pajes m\u00e1s fashion.<\/p>\n<p><a href=\"\/pasarelaurbana\/wp-content\/uploads\/sites\/49\/2013\/12\/102.jpg\"><img loading=\"lazy\" class=\"aligncenter size-full wp-image-5747\" title=\"10\" src=\"\/pasarelaurbana\/wp-content\/uploads\/sites\/49\/2013\/12\/102.jpg\" alt=\"\" width=\"600\" height=\"803\" srcset=\"https:\/\/static-blogs.diariosur.es\/wp-content\/uploads\/sites\/49\/2013\/12\/102.jpg 600w, https:\/\/static-blogs.diariosur.es\/wp-content\/uploads\/sites\/49\/2013\/12\/102-224x300.jpg 224w\" sizes=\"(max-width: 600px) 100vw, 600px\" \/><\/a><!--more--><a href=\"\/pasarelaurbana\/wp-content\/uploads\/sites\/49\/2013\/12\/114.jpg\"><img loading=\"lazy\" class=\"aligncenter size-full wp-image-5748\" title=\"11\" src=\"\/pasarelaurbana\/wp-content\/uploads\/sites\/49\/2013\/12\/114.jpg\" alt=\"\" width=\"600\" height=\"803\" srcset=\"https:\/\/static-blogs.diariosur.es\/wp-content\/uploads\/sites\/49\/2013\/12\/114.jpg 600w, https:\/\/static-blogs.diariosur.es\/wp-content\/uploads\/sites\/49\/2013\/12\/114-224x300.jpg 224w\" sizes=\"(max-width: 600px) 100vw, 600px\" \/><\/a><a href=\"\/pasarelaurbana\/wp-content\/uploads\/sites\/49\/2013\/12\/122.jpg\"><img loading=\"lazy\" class=\"aligncenter size-full wp-image-5749\" title=\"12\" src=\"\/pasarelaurbana\/wp-content\/uploads\/sites\/49\/2013\/12\/122.jpg\" alt=\"\" width=\"600\" height=\"803\" srcset=\"https:\/\/static-blogs.diariosur.es\/wp-content\/uploads\/sites\/49\/2013\/12\/122.jpg 600w, https:\/\/static-blogs.diariosur.es\/wp-content\/uploads\/sites\/49\/2013\/12\/122-224x300.jpg 224w\" sizes=\"(max-width: 600px) 100vw, 600px\" \/><\/a><\/p>\n<p><a href=\"\/pasarelaurbana\/wp-content\/uploads\/sites\/49\/2013\/12\/132.jpg\"><img loading=\"lazy\" class=\"aligncenter size-full wp-image-5750\" title=\"13\" src=\"\/pasarelaurbana\/wp-content\/uploads\/sites\/49\/2013\/12\/132.jpg\" alt=\"\" width=\"600\" height=\"803\" srcset=\"https:\/\/static-blogs.diariosur.es\/wp-content\/uploads\/sites\/49\/2013\/12\/132.jpg 600w, https:\/\/static-blogs.diariosur.es\/wp-content\/uploads\/sites\/49\/2013\/12\/132-224x300.jpg 224w\" sizes=\"(max-width: 600px) 100vw, 600px\" \/><\/a><\/p>\n<p><a href=\"\/pasarelaurbana\/wp-content\/uploads\/sites\/49\/2013\/12\/142.jpg\"><img loading=\"lazy\" class=\"aligncenter size-full wp-image-5751\" title=\"14\" src=\"\/pasarelaurbana\/wp-content\/uploads\/sites\/49\/2013\/12\/142.jpg\" alt=\"\" width=\"600\" height=\"803\" srcset=\"https:\/\/static-blogs.diariosur.es\/wp-content\/uploads\/sites\/49\/2013\/12\/142.jpg 600w, https:\/\/static-blogs.diariosur.es\/wp-content\/uploads\/sites\/49\/2013\/12\/142-224x300.jpg 224w\" sizes=\"(max-width: 600px) 100vw, 600px\" \/><\/a><a href=\"\/pasarelaurbana\/wp-content\/uploads\/sites\/49\/2013\/12\/152.jpg\"><img loading=\"lazy\" class=\"aligncenter size-full wp-image-5752\" title=\"15\" src=\"\/pasarelaurbana\/wp-content\/uploads\/sites\/49\/2013\/12\/152.jpg\" alt=\"\" width=\"600\" height=\"803\" srcset=\"https:\/\/static-blogs.diariosur.es\/wp-content\/uploads\/sites\/49\/2013\/12\/152.jpg 600w, https:\/\/static-blogs.diariosur.es\/wp-content\/uploads\/sites\/49\/2013\/12\/152-224x300.jpg 224w\" sizes=\"(max-width: 600px) 100vw, 600px\" \/><\/a><\/p>\n<p style=\"text-align: center;\"><strong>Jazm\u00edn Duong<\/strong>. Estudiante de dise\u00f1o de moda. 26 a\u00f1os<\/p>\n<p style=\"text-align: center;\"><span style=\"text-decoration: underline;\">Un look de aires \u2018vintage\u2019 con c\u00f3modas deportivas<\/span><br \/>\nAnte todo, ir c\u00f3moda. Esa es la m\u00e1xima que siguen la mayor\u00eda de malague\u00f1as a la hora de vestirse para afrontar una intensa jornada de compras navide\u00f1as, a tenor de las respuestas recabadas a pie de calle. El tac\u00f3n queda descartado (solo reservado a las m\u00e1s valientes e incondicionales). Es el turno pues de las manoletinas, las botas y las deportivas. Las dos primera son m\u00e1s sencillas de combinar. Pero, \u00bfy los tenis? Incluirlos en el look y conseguir un punto sofisticado con ellos es un ejercicio delicado. Optar por un modelo llamativo, como hace Jazm\u00edn Duong, facilita la tarea ya que acaparan todo el protagonismo. Perfecta la propuesta de esta estilosa estudiante de dise\u00f1o de moda, que apuesta por unas coloridas Nike en naranja fl\u00faor y cordones azul klein para encargar los regalos a Sus Majestades. La marida con \u00e9xito con shorts vaqueros, un jersey \u2018oversize\u2019 y una chaqueta de ante marr\u00f3n de segunda mano. \u00abMi estilo es alternativo, con toques vintage\u00bb, nos confes\u00f3 esta joven malague\u00f1a de 26 a\u00f1os. Sin duda la suya es una lecci\u00f3n magistral de \u2018sporty chic\u2019.<\/p>\n<p style=\"text-align: center;\">Jersey: Zara.  =trim($celdas[$i][1]);<\/p>\n<p style=\"text-align: center;\">Chaqueta y shorts: De segunda mano.  =trim($celdas[$i][1]);<\/p>\n<p style=\"text-align: center;\">Deportivas: Nike.<\/p>\n<p style=\"text-align: center;\">Bolso: Mango.<\/p>\n<p style=\"text-align: center;\"><a href=\"\/pasarelaurbana\/wp-content\/uploads\/sites\/49\/2013\/12\/162.jpg\"><img loading=\"lazy\" class=\"aligncenter size-full wp-image-5753\" title=\"16\" src=\"\/pasarelaurbana\/wp-content\/uploads\/sites\/49\/2013\/12\/162.jpg\" alt=\"\" width=\"600\" height=\"803\" srcset=\"https:\/\/static-blogs.diariosur.es\/wp-content\/uploads\/sites\/49\/2013\/12\/162.jpg 600w, https:\/\/static-blogs.diariosur.es\/wp-content\/uploads\/sites\/49\/2013\/12\/162-224x300.jpg 224w\" sizes=\"(max-width: 600px) 100vw, 600px\" \/><\/a><\/p>\n<p style=\"text-align: center;\"><a href=\"\/pasarelaurbana\/wp-content\/uploads\/sites\/49\/2013\/12\/172.jpg\"><img loading=\"lazy\" class=\"aligncenter size-full wp-image-5754\" title=\"17\" src=\"\/pasarelaurbana\/wp-content\/uploads\/sites\/49\/2013\/12\/172.jpg\" alt=\"\" width=\"600\" height=\"803\" srcset=\"https:\/\/static-blogs.diariosur.es\/wp-content\/uploads\/sites\/49\/2013\/12\/172.jpg 600w, https:\/\/static-blogs.diariosur.es\/wp-content\/uploads\/sites\/49\/2013\/12\/172-224x300.jpg 224w\" sizes=\"(max-width: 600px) 100vw, 600px\" \/><\/a><\/p>\n<p style=\"text-align: center;\"><a href=\"\/pasarelaurbana\/wp-content\/uploads\/sites\/49\/2013\/12\/182.jpg\"><img loading=\"lazy\" class=\"aligncenter size-full wp-image-5755\" title=\"18\" src=\"\/pasarelaurbana\/wp-content\/uploads\/sites\/49\/2013\/12\/182.jpg\" alt=\"\" width=\"600\" height=\"803\" srcset=\"https:\/\/static-blogs.diariosur.es\/wp-content\/uploads\/sites\/49\/2013\/12\/182.jpg 600w, https:\/\/static-blogs.diariosur.es\/wp-content\/uploads\/sites\/49\/2013\/12\/182-224x300.jpg 224w\" sizes=\"(max-width: 600px) 100vw, 600px\" \/><\/a><\/p>\n<p style=\"text-align: center;\"><a href=\"\/pasarelaurbana\/wp-content\/uploads\/sites\/49\/2013\/12\/192.jpg\"><img loading=\"lazy\" class=\"aligncenter size-full wp-image-5756\" title=\"19\" src=\"\/pasarelaurbana\/wp-content\/uploads\/sites\/49\/2013\/12\/192.jpg\" alt=\"\" width=\"600\" height=\"803\" srcset=\"https:\/\/static-blogs.diariosur.es\/wp-content\/uploads\/sites\/49\/2013\/12\/192.jpg 600w, https:\/\/static-blogs.diariosur.es\/wp-content\/uploads\/sites\/49\/2013\/12\/192-224x300.jpg 224w\" sizes=\"(max-width: 600px) 100vw, 600px\" \/><\/a><\/p>\n<p style=\"text-align: center;\"><a href=\"\/pasarelaurbana\/wp-content\/uploads\/sites\/49\/2013\/12\/202.jpg\"><img loading=\"lazy\" class=\"aligncenter size-full wp-image-5746\" title=\"20\" src=\"\/pasarelaurbana\/wp-content\/uploads\/sites\/49\/2013\/12\/202.jpg\" alt=\"\" width=\"600\" height=\"803\" srcset=\"https:\/\/static-blogs.diariosur.es\/wp-content\/uploads\/sites\/49\/2013\/12\/202.jpg 600w, https:\/\/static-blogs.diariosur.es\/wp-content\/uploads\/sites\/49\/2013\/12\/202-224x300.jpg 224w\" sizes=\"(max-width: 600px) 100vw, 600px\" \/><\/a><\/p>\n<p style=\"text-align: center;\"><strong>Marta Sarria<\/strong>. Licenciada en Direcci\u00f3n y Administraci\u00f3n de empresas. 23 a\u00f1os<\/p>\n<p style=\"text-align: center;\"><span style=\"text-decoration: underline;\">Una maxibufanda, la aliada perfecta para el fr\u00edo<\/span><br \/>\nTan importante como ir c\u00f3moda estos d\u00edas es el ir bien abrigada para aguantar las caminatas a la intemperie a la caza de regalos. Nos gusta la apuesta de Marta Sarria, una joven de 23 a\u00f1os licenciada en Direcci\u00f3n y Administraci\u00f3n de Empresas quien recurre a una elegante maxi bufanda de estampados combinados (tart\u00e1n y pata de gallo) que se convierte por m\u00e9ritos propios en la protagonista de su \u2018outfit\u2019, con permiso de sus originales gafas de pasta redondas, tra\u00eddas de Hong Kong.<\/p>\n<p style=\"text-align: center;\">Vestido, chaqueta y maxi bufanda: Todo de Zara.  =trim($celdas[$i][1]);<\/p>\n<p style=\"text-align: center;\">Botines: Pull&#038;Bear.<\/p>\n<p style=\"text-align: center;\">Bolso: Loewe.<\/p>\n<p style=\"text-align: center;\">Gafas: Tra\u00eddas de Hong Kong.<\/p>\n<p style=\"text-align: center;\"><a href=\"\/pasarelaurbana\/wp-content\/uploads\/sites\/49\/2013\/12\/212.jpg\"><img loading=\"lazy\" class=\"aligncenter size-full wp-image-5758\" title=\"21\" src=\"\/pasarelaurbana\/wp-content\/uploads\/sites\/49\/2013\/12\/212.jpg\" alt=\"\" width=\"600\" height=\"803\" srcset=\"https:\/\/static-blogs.diariosur.es\/wp-content\/uploads\/sites\/49\/2013\/12\/212.jpg 600w, https:\/\/static-blogs.diariosur.es\/wp-content\/uploads\/sites\/49\/2013\/12\/212-224x300.jpg 224w\" sizes=\"(max-width: 600px) 100vw, 600px\" \/><\/a><\/p>\n<p style=\"text-align: center;\"><a href=\"\/pasarelaurbana\/wp-content\/uploads\/sites\/49\/2013\/12\/221.jpg\"><img loading=\"lazy\" class=\"aligncenter size-full wp-image-5759\" title=\"22\" src=\"\/pasarelaurbana\/wp-content\/uploads\/sites\/49\/2013\/12\/221.jpg\" alt=\"\" width=\"600\" height=\"803\" srcset=\"https:\/\/static-blogs.diariosur.es\/wp-content\/uploads\/sites\/49\/2013\/12\/221.jpg 600w, https:\/\/static-blogs.diariosur.es\/wp-content\/uploads\/sites\/49\/2013\/12\/221-224x300.jpg 224w\" sizes=\"(max-width: 600px) 100vw, 600px\" \/><\/a><\/p>\n<p style=\"text-align: center;\"><a href=\"\/pasarelaurbana\/wp-content\/uploads\/sites\/49\/2013\/12\/231.jpg\"><img loading=\"lazy\" class=\"aligncenter size-full wp-image-5760\" title=\"23\" src=\"\/pasarelaurbana\/wp-content\/uploads\/sites\/49\/2013\/12\/231.jpg\" alt=\"\" width=\"600\" height=\"803\" srcset=\"https:\/\/static-blogs.diariosur.es\/wp-content\/uploads\/sites\/49\/2013\/12\/231.jpg 600w, https:\/\/static-blogs.diariosur.es\/wp-content\/uploads\/sites\/49\/2013\/12\/231-224x300.jpg 224w\" sizes=\"(max-width: 600px) 100vw, 600px\" \/><\/a><\/p>\n<p style=\"text-align: center;\"><a href=\"\/pasarelaurbana\/wp-content\/uploads\/sites\/49\/2013\/12\/24.jpg\"><img loading=\"lazy\" class=\"aligncenter size-full wp-image-5761\" title=\"24\" src=\"\/pasarelaurbana\/wp-content\/uploads\/sites\/49\/2013\/12\/24.jpg\" alt=\"\" width=\"600\" height=\"803\" srcset=\"https:\/\/static-blogs.diariosur.es\/wp-content\/uploads\/sites\/49\/2013\/12\/24.jpg 600w, https:\/\/static-blogs.diariosur.es\/wp-content\/uploads\/sites\/49\/2013\/12\/24-224x300.jpg 224w\" sizes=\"(max-width: 600px) 100vw, 600px\" \/><\/a><\/p>\n<p style=\"text-align: center;\"><a href=\"\/pasarelaurbana\/wp-content\/uploads\/sites\/49\/2013\/12\/25.jpg\"><img loading=\"lazy\" class=\"aligncenter size-full wp-image-5762\" title=\"25\" src=\"\/pasarelaurbana\/wp-content\/uploads\/sites\/49\/2013\/12\/25.jpg\" alt=\"\" width=\"600\" height=\"803\" srcset=\"https:\/\/static-blogs.diariosur.es\/wp-content\/uploads\/sites\/49\/2013\/12\/25.jpg 600w, https:\/\/static-blogs.diariosur.es\/wp-content\/uploads\/sites\/49\/2013\/12\/25-224x300.jpg 224w\" sizes=\"(max-width: 600px) 100vw, 600px\" \/><\/a><\/p>\n<p style=\"text-align: center;\"><strong>Melani Mu\u00f1oz<\/strong>. Administrativa de hospital. 27 a\u00f1os<\/p>\n<p style=\"text-align: center;\"><span style=\"text-decoration: underline;\">Los turbantes, un complemento de moda este oto\u00f1o<\/span><br \/>\nAsegura que se arregla seg\u00fan se levanta. Unos d\u00edas m\u00e1s cl\u00e1sica, otros m\u00e1s rockera, alternativa&#8230;\u00bfY si la ma\u00f1ana empieza con una apretada ruta de tiendas para ir fichando regalos para Reyes? \u00a1Pues se pone un turbante! \u00abEs un complemento que da mucho juego y que da un resultado muy estiloso aunque vayas con prendas b\u00e1sicas de fondo de armario\u00bb, nos subray\u00f3 Melani Mu\u00f1oz, una administrativa de hospital de 27 a\u00f1os con la que nos topamos por calle Liborio Garc\u00eda con los deberes sin hacer, \u00absoy m\u00e1s de las que compra a \u00faltima hora, pero ya estoy mirando\u00bb, nos explic\u00f3. Para la ocasi\u00f3n eligi\u00f3 jersey beige con chaquet\u00f3n nude de corte recto, vaqueros entubados y botines.<\/p>\n<p style=\"text-align: center;\">Jersey y chaquet\u00f3n: Primark.  =trim($celdas[$i][1]);<\/p>\n<p style=\"text-align: center;\">Vaquero y botines: Zara.<\/p>\n<p style=\"text-align: center;\">Bolso: Pimkie.<\/p>\n<p style=\"text-align: center;\">Turbante: De su fondo de armario.<\/p>\n<p style=\"text-align: center;\"><a href=\"\/pasarelaurbana\/wp-content\/uploads\/sites\/49\/2013\/12\/26.jpg\"><img loading=\"lazy\" class=\"aligncenter size-full wp-image-5763\" title=\"26\" src=\"\/pasarelaurbana\/wp-content\/uploads\/sites\/49\/2013\/12\/26.jpg\" alt=\"\" width=\"600\" height=\"803\" srcset=\"https:\/\/static-blogs.diariosur.es\/wp-content\/uploads\/sites\/49\/2013\/12\/26.jpg 600w, https:\/\/static-blogs.diariosur.es\/wp-content\/uploads\/sites\/49\/2013\/12\/26-224x300.jpg 224w\" sizes=\"(max-width: 600px) 100vw, 600px\" \/><\/a><\/p>\n<p style=\"text-align: center;\"><a href=\"\/pasarelaurbana\/wp-content\/uploads\/sites\/49\/2013\/12\/27.jpg\"><img loading=\"lazy\" class=\"aligncenter size-full wp-image-5764\" title=\"27\" src=\"\/pasarelaurbana\/wp-content\/uploads\/sites\/49\/2013\/12\/27.jpg\" alt=\"\" width=\"600\" height=\"803\" srcset=\"https:\/\/static-blogs.diariosur.es\/wp-content\/uploads\/sites\/49\/2013\/12\/27.jpg 600w, https:\/\/static-blogs.diariosur.es\/wp-content\/uploads\/sites\/49\/2013\/12\/27-224x300.jpg 224w\" sizes=\"(max-width: 600px) 100vw, 600px\" \/><\/a><\/p>\n<p style=\"text-align: center;\"><a href=\"\/pasarelaurbana\/wp-content\/uploads\/sites\/49\/2013\/12\/28.jpg\"><img loading=\"lazy\" class=\"aligncenter size-full wp-image-5765\" title=\"28\" src=\"\/pasarelaurbana\/wp-content\/uploads\/sites\/49\/2013\/12\/28.jpg\" alt=\"\" width=\"600\" height=\"803\" srcset=\"https:\/\/static-blogs.diariosur.es\/wp-content\/uploads\/sites\/49\/2013\/12\/28.jpg 600w, https:\/\/static-blogs.diariosur.es\/wp-content\/uploads\/sites\/49\/2013\/12\/28-224x300.jpg 224w\" sizes=\"(max-width: 600px) 100vw, 600px\" \/><\/a><\/p>\n<p style=\"text-align: center;\"><a href=\"\/pasarelaurbana\/wp-content\/uploads\/sites\/49\/2013\/12\/29.jpg\"><img loading=\"lazy\" class=\"aligncenter size-full wp-image-5766\" title=\"29\" src=\"\/pasarelaurbana\/wp-content\/uploads\/sites\/49\/2013\/12\/29.jpg\" alt=\"\" width=\"600\" height=\"803\" srcset=\"https:\/\/static-blogs.diariosur.es\/wp-content\/uploads\/sites\/49\/2013\/12\/29.jpg 600w, https:\/\/static-blogs.diariosur.es\/wp-content\/uploads\/sites\/49\/2013\/12\/29-224x300.jpg 224w\" sizes=\"(max-width: 600px) 100vw, 600px\" \/><\/a><\/p>\n<p style=\"text-align: center;\"><a href=\"\/pasarelaurbana\/wp-content\/uploads\/sites\/49\/2013\/12\/30.jpg\"><img loading=\"lazy\" class=\"aligncenter size-full wp-image-5757\" title=\"30\" src=\"\/pasarelaurbana\/wp-content\/uploads\/sites\/49\/2013\/12\/30.jpg\" alt=\"\" width=\"600\" height=\"803\" srcset=\"https:\/\/static-blogs.diariosur.es\/wp-content\/uploads\/sites\/49\/2013\/12\/30.jpg 600w, https:\/\/static-blogs.diariosur.es\/wp-content\/uploads\/sites\/49\/2013\/12\/30-224x300.jpg 224w\" sizes=\"(max-width: 600px) 100vw, 600px\" \/><\/a><\/p>\n<p style=\"text-align: center;\"><strong>Mar\u00eda Jos\u00e9 Naranjo<\/strong>. Ama de casa. 58 a\u00f1os<\/p>\n<p style=\"text-align: center;\"><span style=\"text-decoration: underline;\">Broches de flores, el toque chic para un jersey b\u00e1sico<\/span><br \/>\nHay detalles que marcan la diferencia y son capaces de transformarlo todo. Buen ejemplo de ello son los broches de flores de plata vieja con los que Mar\u00eda Jos\u00e9 Naranjo consigue realzar un jersey b\u00e1sico azul marino de Zara y hacerlo especial. Combinado con camisa blanca y pantalones Capri de cuadros escoceses (un \u2018print\u2019 que arrasa esta temporada) constituye un look id\u00f3neo para encarar una larga ma\u00f1ana de compras navide\u00f1as por el Centro. \u00abBusco ir c\u00f3moda pero con un toque de estilo\u00bb nos confes\u00f3 esta ama de casa de 58 a\u00f1os a quien pillamos ultimando la b\u00fasqueda de regalos, \u00abprefiero hacerlo con tiempo\u00bb.<\/p>\n<p style=\"text-align: center;\">Jersey y pantal\u00f3n: Zara.<\/p>\n<p style=\"text-align: center;\">Camisa: Springfield.<\/p>\n<p style=\"text-align: center;\">Zapatos de aires masculinos: Antonio Parriego.<\/p>\n<p style=\"text-align: center;\">Bolso: Loewe.<\/p>\n<p>&nbsp;<\/p>\n","protected":false},"excerpt":{"rendered":"<p>Sus Majestades de Oriente ya vienen de camino. Son d\u00edas intensos. De compras, de paseos y caminatas a la b\u00fasqueda del regalo perfecto. El calendario impone ir de tiendas y, para ello, nada mejor que optar por la comodidad. Solo hay que salir a la calle y repasar al detalle las tendencias que dominan en [&hellip;]<\/p>\n","protected":false},"author":54,"featured_media":0,"comment_status":"open","ping_status":"open","sticky":false,"template":"","format":"standard","meta":[],"categories":[2],"tags":[],"_links":{"self":[{"href":"https:\/\/blogs.diariosur.es\/pasarelaurbana\/wp-json\/wp\/v2\/posts\/5745"}],"collection":[{"href":"https:\/\/blogs.diariosur.es\/pasarelaurbana\/wp-json\/wp\/v2\/posts"}],"about":[{"href":"https:\/\/blogs.diariosur.es\/pasarelaurbana\/wp-json\/wp\/v2\/types\/post"}],"author":[{"embeddable":true,"href":"https:\/\/blogs.diariosur.es\/pasarelaurbana\/wp-json\/wp\/v2\/users\/54"}],"replies":[{"embeddable":true,"href":"https:\/\/blogs.diariosur.es\/pasarelaurbana\/wp-json\/wp\/v2\/comments?post=5745"}],"version-history":[{"count":0,"href":"https:\/\/blogs.diariosur.es\/pasarelaurbana\/wp-json\/wp\/v2\/posts\/5745\/revisions"}],"wp:attachment":[{"href":"https:\/\/blogs.diariosur.es\/pasarelaurbana\/wp-json\/wp\/v2\/media?parent=5745"}],"wp:term":[{"taxonomy":"category","embeddable":true,"href":"https:\/\/blogs.diariosur.es\/pasarelaurbana\/wp-json\/wp\/v2\/categories?post=5745"},{"taxonomy":"post_tag","embeddable":true,"href":"https:\/\/blogs.diariosur.es\/pasarelaurbana\/wp-json\/wp\/v2\/tags?post=5745"}],"curies":[{"name":"wp","href":"https:\/\/api.w.org\/{rel}","templated":true}]}}