{"id":5768,"date":"2013-12-20T18:18:17","date_gmt":"2013-12-20T17:18:17","guid":{"rendered":"http:\/\/blogs.diariosur.es\/pasarelaurbana\/?p=5768"},"modified":"2013-12-20T18:18:17","modified_gmt":"2013-12-20T17:18:17","slug":"flumenco-estrenan-taller-showroom","status":"publish","type":"post","link":"https:\/\/blogs.diariosur.es\/pasarelaurbana\/2013\/12\/20\/flumenco-estrenan-taller-showroom\/","title":{"rendered":"Flumen&#038;Co estrenan taller-showroom"},"content":{"rendered":"<p style=\"text-align: center;\">La semana que despedimos ha sido intensa en noticias relacionadas con la moda malague\u00f1a. \u00a1Y eso me gusta! Porque que las firmas locales den titulares es sin\u00f3nimo de que progresan, de que se reinventan, de que siguen avanzando por el buen camino&#8230;\u00a1y eso hay que celebrarlo, y contarlo! Y precisamente de ello va el post de hoy. &#8220;Tras un largo periplo y mucho trabajo&#8221; -en sus propias palabras- la marca &#8216;made in M\u00e1laga&#8217; Flumen&#038;Co, inaugura su primera tienda-taller-showroom (tres en uno, jeje) en la c\u00e9ntrica calle Salvago. Se trata de un nuevo concepto de tienda, alejada de bajos comerciales, m\u00e1s \u00edntima y decorada con un gusto exquisito. Hace unos d\u00edas tuve la suerte de visitarla y deciros que me encant\u00f3. Se trata, como ellos explican, del <strong>primer &#8216;Tailoring Shop&#8217; de M\u00e1laga<\/strong>. Esto es, un espacio en el que el cliente puede elegir las telas (tienen un precioso muestrario con m\u00e1s de 80 referencias, muchas de ellas procedentes de dise\u00f1adores japoneses) y dise\u00f1arse con ellas su propia camiseta o sudadera totalmente personalizada y a la carta. Precisamente <strong>la filosof\u00eda Do It Yourself (DIY) es el eje central de esta firma, dirigida por cuatro socios y amigos<\/strong>:\u00a0Juan Antonio del R\u00edo (alias Flumen), Irene Olmedo, Pepe Mart\u00edn y Cristina Botija. Y es que en los tiempos que corren, el cliente no solo tiene la raz\u00f3n. Tiene la idea. El af\u00e1n por dejar su impronta en su ropa y darle su sello personal para as\u00ed intentar diferenciarse del resto.Y de ello va Flumen&#038;Co:\u00a0\u00a0lo primero es seleccionar un modelo (de tirantes, con cuello de pico, redondo, m\u00e1s ancha, m\u00e1s ajustada\u2026) y acto seguido las telas. Hay diferentes alternativas: colocarlas solo en el bolsillo, en frontal y bolsillo (personalmente mi favorita porque permite crear combinaciones llamativas), en la manga o en forma de huella de pie (el logo de la empresa).<\/p>\n<p style=\"text-align: center;\">En Flumen&#038;Co tambi\u00e9n encontrar\u00e9is <strong>pulseras, cordones y gafas de pasta con las patillas de hilos de colores<\/strong> (muy originales), mochilas&#8230;\u00a1<strong>hasta objetos de decoraci\u00f3n<\/strong>! Y es que estos creativos y artistazos le meten mano a todo. Ellos mismos de hecho han dise\u00f1ado y confeccionado las l\u00e1mparas de cordones (muy de estilo industrial) que cuelgan de su showroom, los ciervos de tela que presiden su &#8216;saloncito&#8217; (me parecen ideales!!!! ya estoy pensando d\u00f3nde poner uno en casa) o los cuadros que visten sus estancias. \u00a1Y todo ello lo venden! Adem\u00e1s, ultiman acuerdos con diferentes firmas de ropa que hasta ahora no tienen presencia en M\u00e1laga para incluirlas en su tienda (estaremos atentos!). Si quer\u00e9is conocer el universo Flumen&#038;Co pegad al porterillo del tercero derecha de la calle Salvago n\u00famero 2 (os atender\u00e1n en horario comercial de 10 a 14 y de 17 a 21 horas) \u00a1Muy recomendable! Tambi\u00e9n pod\u00e9is encontrar sus art\u00edculos en su\u00a0<a href=\"http:\/\/www.flumenypepe.com\/\" rel=\"external nofollow\">\u00a0tienda on line<\/a>.<\/p>\n<p style=\"text-align: center;\">Os dejo con un resumen fotogr\u00e1fico de su nueva tienda. \u00a1Hasta ma\u00f1ana! Os espero en Twitter @almunogues<\/p>\n<p><a href=\"\/pasarelaurbana\/wp-content\/uploads\/sites\/49\/2013\/12\/44.jpg\"><img loading=\"lazy\" class=\"aligncenter size-full wp-image-5769\" title=\"44\" src=\"\/pasarelaurbana\/wp-content\/uploads\/sites\/49\/2013\/12\/44.jpg\" alt=\"\" width=\"600\" height=\"803\" srcset=\"https:\/\/static-blogs.diariosur.es\/wp-content\/uploads\/sites\/49\/2013\/12\/44.jpg 600w, https:\/\/static-blogs.diariosur.es\/wp-content\/uploads\/sites\/49\/2013\/12\/44-224x300.jpg 224w\" sizes=\"(max-width: 600px) 100vw, 600px\" \/><\/a><!--more--><a href=\"\/pasarelaurbana\/wp-content\/uploads\/sites\/49\/2013\/12\/411.jpg\"><img loading=\"lazy\" class=\"aligncenter size-full wp-image-5776\" title=\"41\" src=\"\/pasarelaurbana\/wp-content\/uploads\/sites\/49\/2013\/12\/411.jpg\" alt=\"\" width=\"600\" height=\"448\" srcset=\"https:\/\/static-blogs.diariosur.es\/wp-content\/uploads\/sites\/49\/2013\/12\/411.jpg 600w, https:\/\/static-blogs.diariosur.es\/wp-content\/uploads\/sites\/49\/2013\/12\/411-300x224.jpg 300w\" sizes=\"(max-width: 600px) 100vw, 600px\" \/><\/a><\/p>\n<p><a href=\"\/pasarelaurbana\/wp-content\/uploads\/sites\/49\/2013\/12\/35.jpg\"><img loading=\"lazy\" class=\"aligncenter size-full wp-image-5770\" title=\"35\" src=\"\/pasarelaurbana\/wp-content\/uploads\/sites\/49\/2013\/12\/35.jpg\" alt=\"\" width=\"600\" height=\"803\" srcset=\"https:\/\/static-blogs.diariosur.es\/wp-content\/uploads\/sites\/49\/2013\/12\/35.jpg 600w, https:\/\/static-blogs.diariosur.es\/wp-content\/uploads\/sites\/49\/2013\/12\/35-224x300.jpg 224w\" sizes=\"(max-width: 600px) 100vw, 600px\" \/><\/a><\/p>\n<p><a href=\"\/pasarelaurbana\/wp-content\/uploads\/sites\/49\/2013\/12\/36.jpg\"><img loading=\"lazy\" class=\"aligncenter size-full wp-image-5771\" title=\"36\" src=\"\/pasarelaurbana\/wp-content\/uploads\/sites\/49\/2013\/12\/36.jpg\" alt=\"\" width=\"600\" height=\"803\" srcset=\"https:\/\/static-blogs.diariosur.es\/wp-content\/uploads\/sites\/49\/2013\/12\/36.jpg 600w, https:\/\/static-blogs.diariosur.es\/wp-content\/uploads\/sites\/49\/2013\/12\/36-224x300.jpg 224w\" sizes=\"(max-width: 600px) 100vw, 600px\" \/><\/a><\/p>\n<p><a href=\"\/pasarelaurbana\/wp-content\/uploads\/sites\/49\/2013\/12\/37.jpg\"><img loading=\"lazy\" class=\"aligncenter size-full wp-image-5772\" title=\"37\" src=\"\/pasarelaurbana\/wp-content\/uploads\/sites\/49\/2013\/12\/37.jpg\" alt=\"\" width=\"600\" height=\"803\" srcset=\"https:\/\/static-blogs.diariosur.es\/wp-content\/uploads\/sites\/49\/2013\/12\/37.jpg 600w, https:\/\/static-blogs.diariosur.es\/wp-content\/uploads\/sites\/49\/2013\/12\/37-224x300.jpg 224w\" sizes=\"(max-width: 600px) 100vw, 600px\" \/><\/a><\/p>\n<p><a href=\"\/pasarelaurbana\/wp-content\/uploads\/sites\/49\/2013\/12\/38.jpg\"><img loading=\"lazy\" class=\"aligncenter size-full wp-image-5773\" title=\"38\" src=\"\/pasarelaurbana\/wp-content\/uploads\/sites\/49\/2013\/12\/38.jpg\" alt=\"\" width=\"600\" height=\"803\" srcset=\"https:\/\/static-blogs.diariosur.es\/wp-content\/uploads\/sites\/49\/2013\/12\/38.jpg 600w, https:\/\/static-blogs.diariosur.es\/wp-content\/uploads\/sites\/49\/2013\/12\/38-224x300.jpg 224w\" sizes=\"(max-width: 600px) 100vw, 600px\" \/><\/a><\/p>\n<p><a href=\"\/pasarelaurbana\/wp-content\/uploads\/sites\/49\/2013\/12\/39.jpg\"><img loading=\"lazy\" class=\"aligncenter size-full wp-image-5774\" title=\"39\" src=\"\/pasarelaurbana\/wp-content\/uploads\/sites\/49\/2013\/12\/39.jpg\" alt=\"\" width=\"600\" height=\"803\" srcset=\"https:\/\/static-blogs.diariosur.es\/wp-content\/uploads\/sites\/49\/2013\/12\/39.jpg 600w, https:\/\/static-blogs.diariosur.es\/wp-content\/uploads\/sites\/49\/2013\/12\/39-224x300.jpg 224w\" sizes=\"(max-width: 600px) 100vw, 600px\" \/><\/a><\/p>\n<p><a href=\"\/pasarelaurbana\/wp-content\/uploads\/sites\/49\/2013\/12\/40.jpg\"><img loading=\"lazy\" class=\"aligncenter size-full wp-image-5775\" title=\"40\" src=\"\/pasarelaurbana\/wp-content\/uploads\/sites\/49\/2013\/12\/40.jpg\" alt=\"\" width=\"600\" height=\"803\" srcset=\"https:\/\/static-blogs.diariosur.es\/wp-content\/uploads\/sites\/49\/2013\/12\/40.jpg 600w, https:\/\/static-blogs.diariosur.es\/wp-content\/uploads\/sites\/49\/2013\/12\/40-224x300.jpg 224w\" sizes=\"(max-width: 600px) 100vw, 600px\" \/><\/a><\/p>\n<p><a href=\"\/pasarelaurbana\/wp-content\/uploads\/sites\/49\/2013\/12\/421.jpg\"><img loading=\"lazy\" class=\"aligncenter size-full wp-image-5777\" title=\"42\" src=\"\/pasarelaurbana\/wp-content\/uploads\/sites\/49\/2013\/12\/421.jpg\" alt=\"\" width=\"600\" height=\"803\" srcset=\"https:\/\/static-blogs.diariosur.es\/wp-content\/uploads\/sites\/49\/2013\/12\/421.jpg 600w, https:\/\/static-blogs.diariosur.es\/wp-content\/uploads\/sites\/49\/2013\/12\/421-224x300.jpg 224w\" sizes=\"(max-width: 600px) 100vw, 600px\" \/><\/a><\/p>\n<p><a href=\"\/pasarelaurbana\/wp-content\/uploads\/sites\/49\/2013\/12\/43.jpg\"><img loading=\"lazy\" class=\"aligncenter size-full wp-image-5778\" title=\"43\" src=\"\/pasarelaurbana\/wp-content\/uploads\/sites\/49\/2013\/12\/43.jpg\" alt=\"\" width=\"600\" height=\"803\" srcset=\"https:\/\/static-blogs.diariosur.es\/wp-content\/uploads\/sites\/49\/2013\/12\/43.jpg 600w, https:\/\/static-blogs.diariosur.es\/wp-content\/uploads\/sites\/49\/2013\/12\/43-224x300.jpg 224w\" sizes=\"(max-width: 600px) 100vw, 600px\" \/><\/a><\/p>\n<p>&nbsp;<\/p>\n<p>&nbsp;<\/p>\n<p>&nbsp;<\/p>\n","protected":false},"excerpt":{"rendered":"<p>La semana que despedimos ha sido intensa en noticias relacionadas con la moda malague\u00f1a. \u00a1Y eso me gusta! Porque que las firmas locales den titulares es sin\u00f3nimo de que progresan, de que se reinventan, de que siguen avanzando por el buen camino&#8230;\u00a1y eso hay que celebrarlo, y contarlo! Y precisamente de ello va el post [&hellip;]<\/p>\n","protected":false},"author":54,"featured_media":0,"comment_status":"open","ping_status":"open","sticky":false,"template":"","format":"standard","meta":[],"categories":[2],"tags":[],"_links":{"self":[{"href":"https:\/\/blogs.diariosur.es\/pasarelaurbana\/wp-json\/wp\/v2\/posts\/5768"}],"collection":[{"href":"https:\/\/blogs.diariosur.es\/pasarelaurbana\/wp-json\/wp\/v2\/posts"}],"about":[{"href":"https:\/\/blogs.diariosur.es\/pasarelaurbana\/wp-json\/wp\/v2\/types\/post"}],"author":[{"embeddable":true,"href":"https:\/\/blogs.diariosur.es\/pasarelaurbana\/wp-json\/wp\/v2\/users\/54"}],"replies":[{"embeddable":true,"href":"https:\/\/blogs.diariosur.es\/pasarelaurbana\/wp-json\/wp\/v2\/comments?post=5768"}],"version-history":[{"count":0,"href":"https:\/\/blogs.diariosur.es\/pasarelaurbana\/wp-json\/wp\/v2\/posts\/5768\/revisions"}],"wp:attachment":[{"href":"https:\/\/blogs.diariosur.es\/pasarelaurbana\/wp-json\/wp\/v2\/media?parent=5768"}],"wp:term":[{"taxonomy":"category","embeddable":true,"href":"https:\/\/blogs.diariosur.es\/pasarelaurbana\/wp-json\/wp\/v2\/categories?post=5768"},{"taxonomy":"post_tag","embeddable":true,"href":"https:\/\/blogs.diariosur.es\/pasarelaurbana\/wp-json\/wp\/v2\/tags?post=5768"}],"curies":[{"name":"wp","href":"https:\/\/api.w.org\/{rel}","templated":true}]}}