{"id":6194,"date":"2014-02-15T11:39:34","date_gmt":"2014-02-15T10:39:34","guid":{"rendered":"http:\/\/blogs.diariosur.es\/pasarelaurbana\/?p=6194"},"modified":"2014-02-15T11:39:34","modified_gmt":"2014-02-15T10:39:34","slug":"el-armario-de-nines-maza","status":"publish","type":"post","link":"https:\/\/blogs.diariosur.es\/pasarelaurbana\/2014\/02\/15\/el-armario-de-nines-maza\/","title":{"rendered":"El armario de Nines Maza"},"content":{"rendered":"<p style=\"text-align: center;\">En su cabeza a\u00fan resuena el tintineo del pie de la m\u00e1quina de coser de su abuela, bordadora de profesi\u00f3n, de la que hered\u00f3 una pasi\u00f3n incondicional hacia la costura. \u00abElla me ense\u00f1\u00f3 a valorar los buenos tejidos, a sacar hilos, hacer vainicas&#8230;era una artista\u00bb, recuerda. No fue la \u00fanica que le transmiti\u00f3 el amor por la moda. Su otra abuela, dice, era toda una \u2018fashion victim\u2019 a la que le encantaba ir de tiendas. \u00abElla siempre dec\u00eda que prefer\u00eda estrenar un buen vestido a comer bien, supongo que de ah\u00ed me viene, bromea esta periodista, community manager de la agencia creativa \u2018La madre de los Beatles\u2019, y miembro de la junta directiva de la Federaci\u00f3n Malague\u00f1a de Pe\u00f1as, organismo al que llev\u00f3 el gabinete de prensa durante m\u00e1s de diez a\u00f1os.<br \/>\nNines Maza, malague\u00f1a de 35 a\u00f1os, es una amante de la est\u00e9tica oriental. Le pierden los kimonos -tiene unos seis en su armario- y los pantalones vaqueros, \u00abes una prenda fundamental porque es un comod\u00edn que va con todo, en mi d\u00eda a d\u00eda son esenciales\u00bb, revela. Las camisas vaporosas tampoco faltan en sus estilismos. Le gustan de seda o de gasa, con detalles que sorprendan y las hagan especiales.<br \/>\nAl caer el sol se rinde a los vestidos, que suele llevar sueltos, de l\u00edneas rectas, \u00abaunque \u00faltimamente me gustan tambi\u00e9n los fruncidos a la cintura\u00bb, se\u00f1ala. Los acabados metalizados -en forma de pailletes, cristales o incrustaciones de pedrer\u00eda- tambi\u00e9n son muy recurrentes en sus looks. \u00abMe encanta el punto festivo de los &#8216;brilli-brilli&#8217;, eso s\u00ed, para no recargar el resultado final los llevo con bases neutras para no caer en excesos\u00bb.<br \/>\nLa ropa demasiado ce\u00f1ida y las mini faldas est\u00e1n vetadas en su armario, un espacio ordenado por tipo de prendas donde predominan los tonos negros,grises, azules y beiges. Puestos a elegir, prefiere los estampados lisos para delegar todo el protagonismo del \u2018outfit\u2019 en los complementos XL, imprescindibles en sus estilismos. \u00abMe pierden los collares joya XL as\u00ed que cuando los llevo intento que el resto del look sea m\u00e1s discreto\u00bb, advierte. Los bolsos y los zapatos -confiesa que tiene en torno a un centenar- son las debilidades de Maza, que recomienda aprovechar los remates finales de las rebajas -como los que hay estos d\u00edas en tiendas- para cazar chollos e ir creando un buen fondo de armario. \u00abHay que comprar con cabeza y cuidar mucho las cosas para que perduren\u00bb,recuerda esta amante de las superposiciones y de las mezclas arriesgadas para quien la moda es un divertido juego, \u00abla clave est\u00e1 en encontrar tu estilo y ser fiel a \u00e9l\u00bb.<\/p>\n<p style=\"text-align: center;\">Os dejo con sus looks al detalle con fotos de mi compa\u00f1era Yhasmina Garc\u00eda. \u00a1Buen fin de semana!<\/p>\n<p style=\"text-align: center;\"><a href=\"\/pasarelaurbana\/wp-content\/uploads\/sites\/49\/2014\/02\/73.jpg\"><img loading=\"lazy\" class=\"aligncenter size-full wp-image-6202\" title=\"7\" src=\"\/pasarelaurbana\/wp-content\/uploads\/sites\/49\/2014\/02\/73.jpg\" alt=\"\" width=\"600\" height=\"400\" srcset=\"https:\/\/static-blogs.diariosur.es\/wp-content\/uploads\/sites\/49\/2014\/02\/73.jpg 600w, https:\/\/static-blogs.diariosur.es\/wp-content\/uploads\/sites\/49\/2014\/02\/73-300x200.jpg 300w\" sizes=\"(max-width: 600px) 100vw, 600px\" \/><\/a><!--more--><strong>LOOK DE D\u00cdA<\/strong>: <span style=\"text-decoration: underline;\">Camisa rom\u00e1ntica, vaqueros y botines<\/span><\/p>\n<p style=\"text-align: center;\"><a href=\"\/pasarelaurbana\/wp-content\/uploads\/sites\/49\/2014\/02\/113.jpg\"><img loading=\"lazy\" class=\"aligncenter  wp-image-6196\" title=\"1\" src=\"\/pasarelaurbana\/wp-content\/uploads\/sites\/49\/2014\/02\/113.jpg\" alt=\"\" width=\"600\" height=\"400\" srcset=\"https:\/\/static-blogs.diariosur.es\/wp-content\/uploads\/sites\/49\/2014\/02\/113.jpg 600w, https:\/\/static-blogs.diariosur.es\/wp-content\/uploads\/sites\/49\/2014\/02\/113-300x200.jpg 300w\" sizes=\"(max-width: 600px) 100vw, 600px\" \/><\/a><\/p>\n<p style=\"text-align: center;\"><a href=\"\/pasarelaurbana\/wp-content\/uploads\/sites\/49\/2014\/02\/211.jpg\"><img loading=\"lazy\" class=\"aligncenter size-full wp-image-6197\" title=\"2\" src=\"\/pasarelaurbana\/wp-content\/uploads\/sites\/49\/2014\/02\/211.jpg\" alt=\"\" width=\"600\" height=\"400\" srcset=\"https:\/\/static-blogs.diariosur.es\/wp-content\/uploads\/sites\/49\/2014\/02\/211.jpg 600w, https:\/\/static-blogs.diariosur.es\/wp-content\/uploads\/sites\/49\/2014\/02\/211-300x200.jpg 300w\" sizes=\"(max-width: 600px) 100vw, 600px\" \/><\/a><\/p>\n<p style=\"text-align: center;\"><a href=\"\/pasarelaurbana\/wp-content\/uploads\/sites\/49\/2014\/02\/33.jpg\"><img loading=\"lazy\" class=\"aligncenter size-full wp-image-6198\" title=\"3\" src=\"\/pasarelaurbana\/wp-content\/uploads\/sites\/49\/2014\/02\/33.jpg\" alt=\"\" width=\"600\" height=\"400\" srcset=\"https:\/\/static-blogs.diariosur.es\/wp-content\/uploads\/sites\/49\/2014\/02\/33.jpg 600w, https:\/\/static-blogs.diariosur.es\/wp-content\/uploads\/sites\/49\/2014\/02\/33-300x200.jpg 300w\" sizes=\"(max-width: 600px) 100vw, 600px\" \/><\/a><\/p>\n<p style=\"text-align: center;\"><a href=\"\/pasarelaurbana\/wp-content\/uploads\/sites\/49\/2014\/02\/43.jpg\"><img loading=\"lazy\" class=\"aligncenter size-full wp-image-6199\" title=\"4\" src=\"\/pasarelaurbana\/wp-content\/uploads\/sites\/49\/2014\/02\/43.jpg\" alt=\"\" width=\"600\" height=\"400\" srcset=\"https:\/\/static-blogs.diariosur.es\/wp-content\/uploads\/sites\/49\/2014\/02\/43.jpg 600w, https:\/\/static-blogs.diariosur.es\/wp-content\/uploads\/sites\/49\/2014\/02\/43-300x200.jpg 300w\" sizes=\"(max-width: 600px) 100vw, 600px\" \/><\/a><\/p>\n<p style=\"text-align: center;\"><a href=\"\/pasarelaurbana\/wp-content\/uploads\/sites\/49\/2014\/02\/52.jpg\"><img loading=\"lazy\" class=\"aligncenter size-full wp-image-6200\" title=\"5\" src=\"\/pasarelaurbana\/wp-content\/uploads\/sites\/49\/2014\/02\/52.jpg\" alt=\"\" width=\"600\" height=\"400\" srcset=\"https:\/\/static-blogs.diariosur.es\/wp-content\/uploads\/sites\/49\/2014\/02\/52.jpg 600w, https:\/\/static-blogs.diariosur.es\/wp-content\/uploads\/sites\/49\/2014\/02\/52-300x200.jpg 300w\" sizes=\"(max-width: 600px) 100vw, 600px\" \/><\/a><\/p>\n<p style=\"text-align: center;\">Para ir a trabajar elige camisa vaporosa con cuello bordado de <strong>Pepe Jeans<\/strong>, vaqueros de<strong> Zara<\/strong>, botines y bolso de besos de<strong> Bimba y Lola<\/strong>.<\/p>\n<p style=\"text-align: center;\"><strong>PARA SALIR A CENAR<\/strong>: <span style=\"text-decoration: underline;\">Mono palabra de honor con kimono y collar joya XL<\/span><\/p>\n<p style=\"text-align: center;\"><a href=\"\/pasarelaurbana\/wp-content\/uploads\/sites\/49\/2014\/02\/92.jpg\"><img loading=\"lazy\" class=\"aligncenter size-full wp-image-6204\" title=\"9\" src=\"\/pasarelaurbana\/wp-content\/uploads\/sites\/49\/2014\/02\/92.jpg\" alt=\"\" width=\"600\" height=\"1031\" srcset=\"https:\/\/static-blogs.diariosur.es\/wp-content\/uploads\/sites\/49\/2014\/02\/92.jpg 600w, https:\/\/static-blogs.diariosur.es\/wp-content\/uploads\/sites\/49\/2014\/02\/92-175x300.jpg 175w, https:\/\/static-blogs.diariosur.es\/wp-content\/uploads\/sites\/49\/2014\/02\/92-596x1024.jpg 596w\" sizes=\"(max-width: 600px) 100vw, 600px\" \/><\/a><\/p>\n<p style=\"text-align: center;\"><a href=\"\/pasarelaurbana\/wp-content\/uploads\/sites\/49\/2014\/02\/62.jpg\"><img loading=\"lazy\" class=\"aligncenter size-full wp-image-6201\" title=\"6\" src=\"\/pasarelaurbana\/wp-content\/uploads\/sites\/49\/2014\/02\/62.jpg\" alt=\"\" width=\"600\" height=\"978\" srcset=\"https:\/\/static-blogs.diariosur.es\/wp-content\/uploads\/sites\/49\/2014\/02\/62.jpg 600w, https:\/\/static-blogs.diariosur.es\/wp-content\/uploads\/sites\/49\/2014\/02\/62-184x300.jpg 184w\" sizes=\"(max-width: 600px) 100vw, 600px\" \/><\/a><\/p>\n<p style=\"text-align: center;\"><a href=\"\/pasarelaurbana\/wp-content\/uploads\/sites\/49\/2014\/02\/103.jpg\"><img loading=\"lazy\" class=\"aligncenter size-full wp-image-6205\" title=\"10\" src=\"\/pasarelaurbana\/wp-content\/uploads\/sites\/49\/2014\/02\/103.jpg\" alt=\"\" width=\"600\" height=\"400\" srcset=\"https:\/\/static-blogs.diariosur.es\/wp-content\/uploads\/sites\/49\/2014\/02\/103.jpg 600w, https:\/\/static-blogs.diariosur.es\/wp-content\/uploads\/sites\/49\/2014\/02\/103-300x200.jpg 300w\" sizes=\"(max-width: 600px) 100vw, 600px\" \/><\/a><\/p>\n<p style=\"text-align: center;\"><a href=\"\/pasarelaurbana\/wp-content\/uploads\/sites\/49\/2014\/02\/114.jpg\"><img loading=\"lazy\" class=\"aligncenter size-full wp-image-6206\" title=\"11\" src=\"\/pasarelaurbana\/wp-content\/uploads\/sites\/49\/2014\/02\/114.jpg\" alt=\"\" width=\"600\" height=\"900\" srcset=\"https:\/\/static-blogs.diariosur.es\/wp-content\/uploads\/sites\/49\/2014\/02\/114.jpg 600w, https:\/\/static-blogs.diariosur.es\/wp-content\/uploads\/sites\/49\/2014\/02\/114-200x300.jpg 200w\" sizes=\"(max-width: 600px) 100vw, 600px\" \/><\/a><\/p>\n<p style=\"text-align: center;\">Su apuesta para salir a cenar: mono palabra de honor de <strong>Rachel Roy<\/strong> con kimono <strong>vintage<\/strong>. Completa el estilismo con zapatos azul klein de <strong>Zar<\/strong>a, bolso celeste, tambi\u00e9n de Zara, y maxi collar de flores de <strong>Ten to nine<\/strong>.<\/p>\n<p style=\"text-align: center;\"><strong>SU PROPUESTA PARA UN EVENTO<\/strong>: <span style=\"text-decoration: underline;\">Top de pailletes, falda tut\u00fa y estola de pelo<\/span><\/p>\n<p style=\"text-align: center;\"><a href=\"\/pasarelaurbana\/wp-content\/uploads\/sites\/49\/2014\/02\/122.jpg\"><img loading=\"lazy\" class=\"aligncenter size-full wp-image-6195\" title=\"12\" src=\"\/pasarelaurbana\/wp-content\/uploads\/sites\/49\/2014\/02\/122.jpg\" alt=\"\" width=\"600\" height=\"400\" srcset=\"https:\/\/static-blogs.diariosur.es\/wp-content\/uploads\/sites\/49\/2014\/02\/122.jpg 600w, https:\/\/static-blogs.diariosur.es\/wp-content\/uploads\/sites\/49\/2014\/02\/122-300x200.jpg 300w\" sizes=\"(max-width: 600px) 100vw, 600px\" \/><\/a><\/p>\n<p style=\"text-align: center;\"><a href=\"\/pasarelaurbana\/wp-content\/uploads\/sites\/49\/2014\/02\/143.jpg\"><img loading=\"lazy\" class=\"aligncenter size-full wp-image-6209\" title=\"14\" src=\"\/pasarelaurbana\/wp-content\/uploads\/sites\/49\/2014\/02\/143.jpg\" alt=\"\" width=\"600\" height=\"900\" srcset=\"https:\/\/static-blogs.diariosur.es\/wp-content\/uploads\/sites\/49\/2014\/02\/143.jpg 600w, https:\/\/static-blogs.diariosur.es\/wp-content\/uploads\/sites\/49\/2014\/02\/143-200x300.jpg 200w\" sizes=\"(max-width: 600px) 100vw, 600px\" \/><\/a><\/p>\n<p style=\"text-align: center;\"><a href=\"\/pasarelaurbana\/wp-content\/uploads\/sites\/49\/2014\/02\/182.jpg\"><img loading=\"lazy\" class=\"aligncenter size-full wp-image-6213\" title=\"18\" src=\"\/pasarelaurbana\/wp-content\/uploads\/sites\/49\/2014\/02\/182.jpg\" alt=\"\" width=\"600\" height=\"900\" srcset=\"https:\/\/static-blogs.diariosur.es\/wp-content\/uploads\/sites\/49\/2014\/02\/182.jpg 600w, https:\/\/static-blogs.diariosur.es\/wp-content\/uploads\/sites\/49\/2014\/02\/182-200x300.jpg 200w\" sizes=\"(max-width: 600px) 100vw, 600px\" \/><\/a><\/p>\n<p style=\"text-align: center;\"><a href=\"\/pasarelaurbana\/wp-content\/uploads\/sites\/49\/2014\/02\/192.jpg\"><img loading=\"lazy\" class=\"aligncenter size-full wp-image-6214\" title=\"19\" src=\"\/pasarelaurbana\/wp-content\/uploads\/sites\/49\/2014\/02\/192.jpg\" alt=\"\" width=\"600\" height=\"400\" srcset=\"https:\/\/static-blogs.diariosur.es\/wp-content\/uploads\/sites\/49\/2014\/02\/192.jpg 600w, https:\/\/static-blogs.diariosur.es\/wp-content\/uploads\/sites\/49\/2014\/02\/192-300x200.jpg 300w\" sizes=\"(max-width: 600px) 100vw, 600px\" \/><\/a><\/p>\n<p style=\"text-align: center;\"><a href=\"\/pasarelaurbana\/wp-content\/uploads\/sites\/49\/2014\/02\/153.jpg\"><img loading=\"lazy\" class=\"aligncenter size-full wp-image-6210\" title=\"15\" src=\"\/pasarelaurbana\/wp-content\/uploads\/sites\/49\/2014\/02\/153.jpg\" alt=\"\" width=\"600\" height=\"400\" srcset=\"https:\/\/static-blogs.diariosur.es\/wp-content\/uploads\/sites\/49\/2014\/02\/153.jpg 600w, https:\/\/static-blogs.diariosur.es\/wp-content\/uploads\/sites\/49\/2014\/02\/153-300x200.jpg 300w\" sizes=\"(max-width: 600px) 100vw, 600px\" \/><\/a><\/p>\n<p style=\"text-align: center;\"><a href=\"\/pasarelaurbana\/wp-content\/uploads\/sites\/49\/2014\/02\/163.jpg\"><img loading=\"lazy\" class=\"aligncenter size-full wp-image-6211\" title=\"16\" src=\"\/pasarelaurbana\/wp-content\/uploads\/sites\/49\/2014\/02\/163.jpg\" alt=\"\" width=\"600\" height=\"400\" srcset=\"https:\/\/static-blogs.diariosur.es\/wp-content\/uploads\/sites\/49\/2014\/02\/163.jpg 600w, https:\/\/static-blogs.diariosur.es\/wp-content\/uploads\/sites\/49\/2014\/02\/163-300x200.jpg 300w\" sizes=\"(max-width: 600px) 100vw, 600px\" \/><\/a><\/p>\n<p style=\"text-align: center;\"><a href=\"\/pasarelaurbana\/wp-content\/uploads\/sites\/49\/2014\/02\/173.jpg\"><img loading=\"lazy\" class=\"aligncenter size-full wp-image-6212\" title=\"17\" src=\"\/pasarelaurbana\/wp-content\/uploads\/sites\/49\/2014\/02\/173.jpg\" alt=\"\" width=\"600\" height=\"400\" srcset=\"https:\/\/static-blogs.diariosur.es\/wp-content\/uploads\/sites\/49\/2014\/02\/173.jpg 600w, https:\/\/static-blogs.diariosur.es\/wp-content\/uploads\/sites\/49\/2014\/02\/173-300x200.jpg 300w\" sizes=\"(max-width: 600px) 100vw, 600px\" \/><\/a><\/p>\n<p style=\"text-align: center;\">Top de pailletes plateadas de<strong> Zara<\/strong>, falda de tul de <strong>Bailly Bijoux<\/strong> y estola de pelo gris perla de <strong>Day a Day<\/strong> es su propuesta para acudir a un evento. Completa el estilismo con pendientes de inspiraci\u00f3n rom\u00e1ntica de la firma malague\u00f1a <strong>No me llames mu\u00f1eca<\/strong> y clutch sobre lila de <strong>Malababa<\/strong>.<\/p>\n<p style=\"text-align: center;\"><span style=\"text-decoration: underline;\">PRENDAS ESPECIALES EN SU ARMARIO<br \/>\n<\/span><\/p>\n<p style=\"text-align: center;\"><a href=\"\/pasarelaurbana\/wp-content\/uploads\/sites\/49\/2014\/02\/202.jpg\"><img loading=\"lazy\" class=\"aligncenter size-full wp-image-6215\" title=\"20\" src=\"\/pasarelaurbana\/wp-content\/uploads\/sites\/49\/2014\/02\/202.jpg\" alt=\"\" width=\"600\" height=\"400\" srcset=\"https:\/\/static-blogs.diariosur.es\/wp-content\/uploads\/sites\/49\/2014\/02\/202.jpg 600w, https:\/\/static-blogs.diariosur.es\/wp-content\/uploads\/sites\/49\/2014\/02\/202-300x200.jpg 300w\" sizes=\"(max-width: 600px) 100vw, 600px\" \/><\/a><\/p>\n<p style=\"text-align: center;\">Camisa de mariposas de<strong> Thirty30<\/strong>, \u00abmi favorita\u00bb, top lencero de los a\u00f1os 40 herencia <strong>de su abuela <\/strong>(cosido por ella) y vestido gris fruncido a la cintura con corazones 3D de <strong>Bailly Bijoux<\/strong>.<\/p>\n<p style=\"text-align: center;\"><span style=\"text-decoration: underline;\">SUS COMPLEMENTOS<\/span><\/p>\n<p style=\"text-align: center;\"><a href=\"\/pasarelaurbana\/wp-content\/uploads\/sites\/49\/2014\/02\/212.jpg\"><img loading=\"lazy\" class=\"aligncenter size-full wp-image-6216\" title=\"21\" src=\"\/pasarelaurbana\/wp-content\/uploads\/sites\/49\/2014\/02\/212.jpg\" alt=\"\" width=\"600\" height=\"400\" srcset=\"https:\/\/static-blogs.diariosur.es\/wp-content\/uploads\/sites\/49\/2014\/02\/212.jpg 600w, https:\/\/static-blogs.diariosur.es\/wp-content\/uploads\/sites\/49\/2014\/02\/212-300x200.jpg 300w\" sizes=\"(max-width: 600px) 100vw, 600px\" \/><\/a><\/p>\n<p style=\"text-align: center;\">Los zapatos -y los bolsos- son sus grandes pasiones. Los de arriba son de <strong>Bimba y Lola, Furla, Ion Fiz (para Fosco), Zara y M\u00f3nica Garc\u00eda.<\/strong><\/p>\n<p style=\"text-align: center;\"><a href=\"\/pasarelaurbana\/wp-content\/uploads\/sites\/49\/2014\/02\/232.jpg\"><img loading=\"lazy\" class=\"aligncenter size-full wp-image-6218\" title=\"23\" src=\"\/pasarelaurbana\/wp-content\/uploads\/sites\/49\/2014\/02\/232.jpg\" alt=\"\" width=\"600\" height=\"400\" srcset=\"https:\/\/static-blogs.diariosur.es\/wp-content\/uploads\/sites\/49\/2014\/02\/232.jpg 600w, https:\/\/static-blogs.diariosur.es\/wp-content\/uploads\/sites\/49\/2014\/02\/232-300x200.jpg 300w\" sizes=\"(max-width: 600px) 100vw, 600px\" \/><\/a><\/p>\n<p style=\"text-align: center;\"><a href=\"\/pasarelaurbana\/wp-content\/uploads\/sites\/49\/2014\/02\/222.jpg\"><img loading=\"lazy\" class=\"aligncenter size-full wp-image-6217\" title=\"22\" src=\"\/pasarelaurbana\/wp-content\/uploads\/sites\/49\/2014\/02\/222.jpg\" alt=\"\" width=\"600\" height=\"400\" srcset=\"https:\/\/static-blogs.diariosur.es\/wp-content\/uploads\/sites\/49\/2014\/02\/222.jpg 600w, https:\/\/static-blogs.diariosur.es\/wp-content\/uploads\/sites\/49\/2014\/02\/222-300x200.jpg 300w\" sizes=\"(max-width: 600px) 100vw, 600px\" \/><\/a><\/p>\n<p style=\"text-align: center;\">Los collares grandes no faltan en sus \u2018outfits\u2019. Los de la derecha son de<strong> Bimba y Lola, Azulay, Ten to nine, Thirty30, Coraz\u00f3n de Tiza y mercadillos<\/strong>.<\/p>\n<p style=\"text-align: center;\"><a href=\"\/pasarelaurbana\/wp-content\/uploads\/sites\/49\/2014\/02\/242.jpg\"><img loading=\"lazy\" class=\"aligncenter size-full wp-image-6219\" title=\"24\" src=\"\/pasarelaurbana\/wp-content\/uploads\/sites\/49\/2014\/02\/242.jpg\" alt=\"\" width=\"600\" height=\"400\" srcset=\"https:\/\/static-blogs.diariosur.es\/wp-content\/uploads\/sites\/49\/2014\/02\/242.jpg 600w, https:\/\/static-blogs.diariosur.es\/wp-content\/uploads\/sites\/49\/2014\/02\/242-300x200.jpg 300w\" sizes=\"(max-width: 600px) 100vw, 600px\" \/><\/a><\/p>\n<p style=\"text-align: center;\"><a href=\"\/pasarelaurbana\/wp-content\/uploads\/sites\/49\/2014\/02\/252.jpg\"><img loading=\"lazy\" class=\"aligncenter size-full wp-image-6207\" title=\"25\" src=\"\/pasarelaurbana\/wp-content\/uploads\/sites\/49\/2014\/02\/252.jpg\" alt=\"\" width=\"600\" height=\"900\" srcset=\"https:\/\/static-blogs.diariosur.es\/wp-content\/uploads\/sites\/49\/2014\/02\/252.jpg 600w, https:\/\/static-blogs.diariosur.es\/wp-content\/uploads\/sites\/49\/2014\/02\/252-200x300.jpg 200w\" sizes=\"(max-width: 600px) 100vw, 600px\" \/><\/a><\/p>\n<p style=\"text-align: center;\">Y terminamos como siempre compartiendo unas fotitos del shooting con Nines&#8230;y sus perritos, Carrie y Norit, dos monadas que no dejaron de tirarnos sus pelotitas para reclamarnos juego durante la sesi\u00f3n. Nines eligi\u00f3 un total look negro compuesto de jersey b\u00e1sico con top peplum de cuero encima, de<strong> Zara<\/strong>, pantalones entubados y collar joya de <strong>No me llames mu\u00f1eca<\/strong>. En mi caso tambi\u00e9n opt\u00e9 por un &#8216;outfit&#8217; bicolor compuesto por jersey a rayas de Zara y falda plisada de <strong>Stradivarius<\/strong> con zapatos de sal\u00f3n, tambi\u00e9n de Zara. Remat\u00e9 el look con un cintur\u00f3n joya con flores en amarilllo fl\u00faor muy chulo para darle una nota de color (qu\u00e9 pena que no se vea jeje).<\/p>\n<p style=\"text-align: center;\"><span style=\"text-decoration: underline;\">SU RUTA DE TIENDAS<\/span><\/p>\n<p style=\"text-align: center;\">1. <strong>Zara<\/strong>. Una de sus tiendas de cabecera para prendas b\u00e1sicas y de tendencia.<br \/>\n2. <strong>La Maison<\/strong>. \u00abPara ocasiones especiales recurro a esta boutique malague\u00f1a\u00bb<br \/>\n3. <strong>Cool<\/strong>. Otra de sus paradas imprescindibles para ropa y complementos.<br \/>\n4. <strong>Ten to nine<\/strong>. En ella busca accesorios, est\u00e1 en calle Salinas.<br \/>\n5. <strong>Mercadillos<\/strong>. \u00abLos que m\u00e1s me gustan son los de Ba\u00f1os del Carmen y Muelle 1&#8243;<\/p>\n<p style=\"text-align: center;\">\u00a1Espero que os haya gustado! \u00a1Feliz finde!<\/p>\n<p style=\"text-align: center;\">\n","protected":false},"excerpt":{"rendered":"<p>En su cabeza a\u00fan resuena el tintineo del pie de la m\u00e1quina de coser de su abuela, bordadora de profesi\u00f3n, de la que hered\u00f3 una pasi\u00f3n incondicional hacia la costura. \u00abElla me ense\u00f1\u00f3 a valorar los buenos tejidos, a sacar hilos, hacer vainicas&#8230;era una artista\u00bb, recuerda. No fue la \u00fanica que le transmiti\u00f3 el amor [&hellip;]<\/p>\n","protected":false},"author":54,"featured_media":0,"comment_status":"open","ping_status":"open","sticky":false,"template":"","format":"standard","meta":[],"categories":[2],"tags":[],"_links":{"self":[{"href":"https:\/\/blogs.diariosur.es\/pasarelaurbana\/wp-json\/wp\/v2\/posts\/6194"}],"collection":[{"href":"https:\/\/blogs.diariosur.es\/pasarelaurbana\/wp-json\/wp\/v2\/posts"}],"about":[{"href":"https:\/\/blogs.diariosur.es\/pasarelaurbana\/wp-json\/wp\/v2\/types\/post"}],"author":[{"embeddable":true,"href":"https:\/\/blogs.diariosur.es\/pasarelaurbana\/wp-json\/wp\/v2\/users\/54"}],"replies":[{"embeddable":true,"href":"https:\/\/blogs.diariosur.es\/pasarelaurbana\/wp-json\/wp\/v2\/comments?post=6194"}],"version-history":[{"count":0,"href":"https:\/\/blogs.diariosur.es\/pasarelaurbana\/wp-json\/wp\/v2\/posts\/6194\/revisions"}],"wp:attachment":[{"href":"https:\/\/blogs.diariosur.es\/pasarelaurbana\/wp-json\/wp\/v2\/media?parent=6194"}],"wp:term":[{"taxonomy":"category","embeddable":true,"href":"https:\/\/blogs.diariosur.es\/pasarelaurbana\/wp-json\/wp\/v2\/categories?post=6194"},{"taxonomy":"post_tag","embeddable":true,"href":"https:\/\/blogs.diariosur.es\/pasarelaurbana\/wp-json\/wp\/v2\/tags?post=6194"}],"curies":[{"name":"wp","href":"https:\/\/api.w.org\/{rel}","templated":true}]}}