{"id":6237,"date":"2014-02-18T19:11:21","date_gmt":"2014-02-18T18:11:21","guid":{"rendered":"http:\/\/blogs.diariosur.es\/pasarelaurbana\/?p=6237"},"modified":"2014-02-18T19:11:21","modified_gmt":"2014-02-18T18:11:21","slug":"las-capas-el-bicolor-y-los-zapatos-masculinos-claves-en-cibeles-repasamos-los-mejores-looks","status":"publish","type":"post","link":"https:\/\/blogs.diariosur.es\/pasarelaurbana\/2014\/02\/18\/las-capas-el-bicolor-y-los-zapatos-masculinos-claves-en-cibeles-repasamos-los-mejores-looks\/","title":{"rendered":"Las capas, el bicolor y los zapatos masculinos, claves en Cibeles. Repasamos los mejores looks"},"content":{"rendered":"<p style=\"text-align: center;\">Se acab\u00f3. Despu\u00e9s de cuatro intensas jornadas la Merdeces-Benz Fashion Week Madrid pleg\u00f3 ayer la pasarela oficial -la de los dise\u00f1adores consagrados- para dar paso a las propuestas de los nuevos modistos, que durante este martes se dan cita en la Samsung EGO. 40 dise\u00f1adores han desfilado por esta 59 edici\u00f3n en la que, una vez m\u00e1s, ha \u00a0predominado el bicolor. El binomio blanco y negro ha sido el gran protagonista de las colecciones de <strong>Mart\u00edn Lamothe, \u00c1ngel Schlesser, Juana Mart\u00edn, Roberto Torreta<\/strong> o de nuestro malague\u00f1o <strong>David Delf\u00edn<\/strong> que vuelven a apostar por esta cl\u00e1sica pareja crom\u00e1tica para el pr\u00f3ximo oto\u00f1o-invierno, una temporada en la que tambi\u00e9n ser\u00e1n imprescindibles las capas, una de las prendas que m\u00e1s hemos visto sobre la pasarela madrile\u00f1a estos \u00faltimos d\u00edas . Personalmente me quedo con las de <strong>Amaya Arzuaga<\/strong>. La dise\u00f1adora\u00a0juega con ellas d\u00e1ndoles formas y combinaciones infinitas y\u00a0reinvent\u00e1ndolas una y otra vez en materiales que van desde el\u00a0<em>cashmere<\/em>, hasta el cuero el\u00e1stico, la piel estampada y plastificada o el neopreno.. \u00a0\u00bfEl resultado? S\u00faper estiloso y femenino. Maravillosa su colecci\u00f3n, una de mis favoritas.<\/p>\n<p style=\"text-align: center;\">Las asimetr\u00edas y los acabados metalizados tambi\u00e9n han tenido un importante hueco en esta \u00faltima edici\u00f3n de la MBFWM, donde los complementos han desempe\u00f1ado un importante papel. A destacar, las carteras con flecos de <strong>Roberto Verino<\/strong>, los bolsos con coloridas cadenas de mosquetones de <strong>Pelayo<\/strong> para David Delfin, los collares y brazaletes futuristas en tama\u00f1o XL con cadenas doradas de <strong>Aristocrazy<\/strong> o los Oxford de <strong>Victorio y Lucchino <\/strong>(que<strong> <\/strong>me han enamorado).\u00a0Los andaluces bajan a la mujer de los taconazos y apuestan por la comodidad de un calzado plano , tanto para los looks de d\u00eda como para los de noche. Todo un flechazo sus zapatos, mezcla de tres acabados diferentes, con los laterales transparentes. La inspiraci\u00f3n masculina tambi\u00e9n pis\u00f3 Ifema de la mano de <strong>Ailanto<\/strong> y sus Oxford con plataformas, de\u00a0<strong>David Delf\u00edn<\/strong>, fiel una vez m\u00e1s a las botas Dr Martens -maridadas en esta ocasi\u00f3n con medias de rejilla- o de <strong>Juanjo Oliva<\/strong>, \u00a0con sus preciosos Oxford en oro pulido. Todo un capricho para el pr\u00f3ximo oto\u00f1o-invierno, que llega cargado de asimetr\u00edas, siluetas oversize y y destellos metalizados.<\/p>\n<p style=\"text-align: center;\">Un a\u00f1o m\u00e1s -y ya van dos-<strong> Juan Vidal<\/strong> y su colecci\u00f3n inspirada en Diana, la diosa de la caza, se ha alzado con el premio L&#8217;Oreal Paris a la mejor de esta edici\u00f3n. Extravagante y sofisticada, cargada de gui\u00f1os \u00e9tnicos y geom\u00e9tricos&#8230;pero a mi no me ha llegado. En su lugar -y sobra decir que para gustos colores- mis triunfadores sobre la pasarela han sido <strong>Amaya Arzuaga<\/strong> (con impecables vol\u00famenes arquitect\u00f3nicos) <strong>Teresa Helbig <\/strong>-(quien convierte las tachuelas en todo un arte con una colecci\u00f3n de est\u00e9tica sixty cargada de luz y color) y <strong>Duyos<\/strong>. Soberbios sus vestidos a base de mantones de Manila y dem\u00e1s tesoros encontrados en una mercer\u00eda de 1911. Otros de mis favoritos: <strong>Alianto<\/strong>, con sus gui\u00f1os al arte bot\u00e1nico con divertidas mariposas y faldas metalizadas, <strong>Mar\u00eda Barros<\/strong> con sus vol\u00famenes setenteros y sus favorecedoras blusas con lazadas y <strong>Hannibal Laguna<\/strong>, con ese resultado siempre tan delicado e hiperfemenino.<\/p>\n<p style=\"text-align: center;\">Os dejo con un resumen de mis propuestas favoritas. \u00bfCoinciden con las vuestras? \u00a1Hasta ma\u00f1ana!<\/p>\n<p style=\"text-align: center;\">Aviso: <strong>Ma\u00f1ana estar\u00e9 desde las 10 en calle Larios <\/strong>buscando el mejor street style. \u00a1Os espero!<\/p>\n<p><a href=\"\/pasarelaurbana\/wp-content\/uploads\/sites\/49\/2014\/02\/183.jpg\"><img loading=\"lazy\" class=\"aligncenter size-full wp-image-6256\" title=\"18\" src=\"\/pasarelaurbana\/wp-content\/uploads\/sites\/49\/2014\/02\/183.jpg\" alt=\"\" width=\"600\" height=\"600\" srcset=\"https:\/\/static-blogs.diariosur.es\/wp-content\/uploads\/sites\/49\/2014\/02\/183.jpg 600w, https:\/\/static-blogs.diariosur.es\/wp-content\/uploads\/sites\/49\/2014\/02\/183-150x150.jpg 150w, https:\/\/static-blogs.diariosur.es\/wp-content\/uploads\/sites\/49\/2014\/02\/183-300x300.jpg 300w\" sizes=\"(max-width: 600px) 100vw, 600px\" \/><\/a><\/p>\n<p><!--more--><!--more--><\/p>\n<p style=\"text-align: center;\">Amaya Arzuaga<\/p>\n<p><a href=\"\/pasarelaurbana\/wp-content\/uploads\/sites\/49\/2014\/02\/117.jpg\"><img loading=\"lazy\" class=\"aligncenter size-full wp-image-6239\" title=\"1\" src=\"\/pasarelaurbana\/wp-content\/uploads\/sites\/49\/2014\/02\/117.jpg\" alt=\"\" width=\"600\" height=\"900\" srcset=\"https:\/\/static-blogs.diariosur.es\/wp-content\/uploads\/sites\/49\/2014\/02\/117.jpg 600w, https:\/\/static-blogs.diariosur.es\/wp-content\/uploads\/sites\/49\/2014\/02\/117-200x300.jpg 200w\" sizes=\"(max-width: 600px) 100vw, 600px\" \/><\/a><a href=\"\/pasarelaurbana\/wp-content\/uploads\/sites\/49\/2014\/02\/215.jpg\"><img loading=\"lazy\" class=\"aligncenter size-full wp-image-6240\" title=\"2\" src=\"\/pasarelaurbana\/wp-content\/uploads\/sites\/49\/2014\/02\/215.jpg\" alt=\"\" width=\"600\" height=\"900\" srcset=\"https:\/\/static-blogs.diariosur.es\/wp-content\/uploads\/sites\/49\/2014\/02\/215.jpg 600w, https:\/\/static-blogs.diariosur.es\/wp-content\/uploads\/sites\/49\/2014\/02\/215-200x300.jpg 200w\" sizes=\"(max-width: 600px) 100vw, 600px\" \/><\/a><\/p>\n<p style=\"text-align: center;\"><a href=\"\/pasarelaurbana\/wp-content\/uploads\/sites\/49\/2014\/02\/174.jpg\"><img loading=\"lazy\" class=\"aligncenter size-full wp-image-6255\" title=\"17\" src=\"\/pasarelaurbana\/wp-content\/uploads\/sites\/49\/2014\/02\/174.jpg\" alt=\"\" width=\"600\" height=\"900\" srcset=\"https:\/\/static-blogs.diariosur.es\/wp-content\/uploads\/sites\/49\/2014\/02\/174.jpg 600w, https:\/\/static-blogs.diariosur.es\/wp-content\/uploads\/sites\/49\/2014\/02\/174-200x300.jpg 200w\" sizes=\"(max-width: 600px) 100vw, 600px\" \/><\/a><\/p>\n<p style=\"text-align: center;\">Roberto Verino<\/p>\n<p style=\"text-align: center;\"><a href=\"\/pasarelaurbana\/wp-content\/uploads\/sites\/49\/2014\/02\/35.jpg\"><img loading=\"lazy\" class=\"aligncenter size-full wp-image-6241\" title=\"3\" src=\"\/pasarelaurbana\/wp-content\/uploads\/sites\/49\/2014\/02\/35.jpg\" alt=\"\" width=\"600\" height=\"900\" srcset=\"https:\/\/static-blogs.diariosur.es\/wp-content\/uploads\/sites\/49\/2014\/02\/35.jpg 600w, https:\/\/static-blogs.diariosur.es\/wp-content\/uploads\/sites\/49\/2014\/02\/35-200x300.jpg 200w\" sizes=\"(max-width: 600px) 100vw, 600px\" \/><\/a><\/p>\n<p style=\"text-align: center;\">Miguel Palacio<\/p>\n<p style=\"text-align: center;\"><a href=\"\/pasarelaurbana\/wp-content\/uploads\/sites\/49\/2014\/02\/45.jpg\"><img loading=\"lazy\" class=\"aligncenter size-full wp-image-6242\" title=\"4\" src=\"\/pasarelaurbana\/wp-content\/uploads\/sites\/49\/2014\/02\/45.jpg\" alt=\"\" width=\"600\" height=\"900\" srcset=\"https:\/\/static-blogs.diariosur.es\/wp-content\/uploads\/sites\/49\/2014\/02\/45.jpg 600w, https:\/\/static-blogs.diariosur.es\/wp-content\/uploads\/sites\/49\/2014\/02\/45-200x300.jpg 200w\" sizes=\"(max-width: 600px) 100vw, 600px\" \/><\/a><\/p>\n<p style=\"text-align: center;\">Devota &#038; Lomba<\/p>\n<p style=\"text-align: center;\"><a href=\"\/pasarelaurbana\/wp-content\/uploads\/sites\/49\/2014\/02\/55.jpg\"><img loading=\"lazy\" class=\"aligncenter size-full wp-image-6243\" title=\"5\" src=\"\/pasarelaurbana\/wp-content\/uploads\/sites\/49\/2014\/02\/55.jpg\" alt=\"\" width=\"600\" height=\"900\" srcset=\"https:\/\/static-blogs.diariosur.es\/wp-content\/uploads\/sites\/49\/2014\/02\/55.jpg 600w, https:\/\/static-blogs.diariosur.es\/wp-content\/uploads\/sites\/49\/2014\/02\/55-200x300.jpg 200w\" sizes=\"(max-width: 600px) 100vw, 600px\" \/><\/a><\/p>\n<p style=\"text-align: center;\"><a href=\"\/pasarelaurbana\/wp-content\/uploads\/sites\/49\/2014\/02\/64.jpg\"><img loading=\"lazy\" class=\"aligncenter size-full wp-image-6244\" title=\"6\" src=\"\/pasarelaurbana\/wp-content\/uploads\/sites\/49\/2014\/02\/64.jpg\" alt=\"\" width=\"600\" height=\"900\" srcset=\"https:\/\/static-blogs.diariosur.es\/wp-content\/uploads\/sites\/49\/2014\/02\/64.jpg 600w, https:\/\/static-blogs.diariosur.es\/wp-content\/uploads\/sites\/49\/2014\/02\/64-200x300.jpg 200w\" sizes=\"(max-width: 600px) 100vw, 600px\" \/><\/a><\/p>\n<p style=\"text-align: center;\">Duyos<\/p>\n<p style=\"text-align: center;\"><a href=\"\/pasarelaurbana\/wp-content\/uploads\/sites\/49\/2014\/02\/75.jpg\"><img loading=\"lazy\" class=\"aligncenter size-full wp-image-6245\" title=\"7\" src=\"\/pasarelaurbana\/wp-content\/uploads\/sites\/49\/2014\/02\/75.jpg\" alt=\"\" width=\"600\" height=\"900\" srcset=\"https:\/\/static-blogs.diariosur.es\/wp-content\/uploads\/sites\/49\/2014\/02\/75.jpg 600w, https:\/\/static-blogs.diariosur.es\/wp-content\/uploads\/sites\/49\/2014\/02\/75-200x300.jpg 200w\" sizes=\"(max-width: 600px) 100vw, 600px\" \/><\/a><\/p>\n<p style=\"text-align: center;\"><a href=\"\/pasarelaurbana\/wp-content\/uploads\/sites\/49\/2014\/02\/84.jpg\"><img loading=\"lazy\" class=\"aligncenter size-full wp-image-6246\" title=\"8\" src=\"\/pasarelaurbana\/wp-content\/uploads\/sites\/49\/2014\/02\/84.jpg\" alt=\"\" width=\"600\" height=\"900\" srcset=\"https:\/\/static-blogs.diariosur.es\/wp-content\/uploads\/sites\/49\/2014\/02\/84.jpg 600w, https:\/\/static-blogs.diariosur.es\/wp-content\/uploads\/sites\/49\/2014\/02\/84-200x300.jpg 200w\" sizes=\"(max-width: 600px) 100vw, 600px\" \/><\/a><\/p>\n<p style=\"text-align: center;\"><a href=\"\/pasarelaurbana\/wp-content\/uploads\/sites\/49\/2014\/02\/93.jpg\"><img loading=\"lazy\" class=\"aligncenter size-full wp-image-6247\" title=\"9\" src=\"\/pasarelaurbana\/wp-content\/uploads\/sites\/49\/2014\/02\/93.jpg\" alt=\"\" width=\"600\" height=\"900\" srcset=\"https:\/\/static-blogs.diariosur.es\/wp-content\/uploads\/sites\/49\/2014\/02\/93.jpg 600w, https:\/\/static-blogs.diariosur.es\/wp-content\/uploads\/sites\/49\/2014\/02\/93-200x300.jpg 200w\" sizes=\"(max-width: 600px) 100vw, 600px\" \/><\/a><\/p>\n<p style=\"text-align: center;\">Mar\u00eda Barros<\/p>\n<p style=\"text-align: center;\"><a href=\"\/pasarelaurbana\/wp-content\/uploads\/sites\/49\/2014\/02\/104.jpg\"><img loading=\"lazy\" class=\"aligncenter size-full wp-image-6248\" title=\"10\" src=\"\/pasarelaurbana\/wp-content\/uploads\/sites\/49\/2014\/02\/104.jpg\" alt=\"\" width=\"600\" height=\"900\" srcset=\"https:\/\/static-blogs.diariosur.es\/wp-content\/uploads\/sites\/49\/2014\/02\/104.jpg 600w, https:\/\/static-blogs.diariosur.es\/wp-content\/uploads\/sites\/49\/2014\/02\/104-200x300.jpg 200w\" sizes=\"(max-width: 600px) 100vw, 600px\" \/><\/a><\/p>\n<p style=\"text-align: center;\">Alianto<\/p>\n<p style=\"text-align: center;\"><a href=\"\/pasarelaurbana\/wp-content\/uploads\/sites\/49\/2014\/02\/118.jpg\"><img loading=\"lazy\" class=\"aligncenter size-full wp-image-6249\" title=\"11\" src=\"\/pasarelaurbana\/wp-content\/uploads\/sites\/49\/2014\/02\/118.jpg\" alt=\"\" width=\"600\" height=\"900\" srcset=\"https:\/\/static-blogs.diariosur.es\/wp-content\/uploads\/sites\/49\/2014\/02\/118.jpg 600w, https:\/\/static-blogs.diariosur.es\/wp-content\/uploads\/sites\/49\/2014\/02\/118-200x300.jpg 200w\" sizes=\"(max-width: 600px) 100vw, 600px\" \/><\/a><\/p>\n<p style=\"text-align: center;\"><a href=\"\/pasarelaurbana\/wp-content\/uploads\/sites\/49\/2014\/02\/124.jpg\"><img loading=\"lazy\" class=\"aligncenter size-full wp-image-6250\" title=\"12\" src=\"\/pasarelaurbana\/wp-content\/uploads\/sites\/49\/2014\/02\/124.jpg\" alt=\"\" width=\"600\" height=\"900\" srcset=\"https:\/\/static-blogs.diariosur.es\/wp-content\/uploads\/sites\/49\/2014\/02\/124.jpg 600w, https:\/\/static-blogs.diariosur.es\/wp-content\/uploads\/sites\/49\/2014\/02\/124-200x300.jpg 200w\" sizes=\"(max-width: 600px) 100vw, 600px\" \/><\/a><\/p>\n<p style=\"text-align: center;\">Teresa Helbig<\/p>\n<p style=\"text-align: center;\"><a href=\"\/pasarelaurbana\/wp-content\/uploads\/sites\/49\/2014\/02\/134.jpg\"><img loading=\"lazy\" class=\"aligncenter size-full wp-image-6251\" title=\"13\" src=\"\/pasarelaurbana\/wp-content\/uploads\/sites\/49\/2014\/02\/134.jpg\" alt=\"\" width=\"600\" height=\"900\" srcset=\"https:\/\/static-blogs.diariosur.es\/wp-content\/uploads\/sites\/49\/2014\/02\/134.jpg 600w, https:\/\/static-blogs.diariosur.es\/wp-content\/uploads\/sites\/49\/2014\/02\/134-200x300.jpg 200w\" sizes=\"(max-width: 600px) 100vw, 600px\" \/><\/a><\/p>\n<p style=\"text-align: center;\"><a href=\"\/pasarelaurbana\/wp-content\/uploads\/sites\/49\/2014\/02\/145.jpg\"><img loading=\"lazy\" class=\"aligncenter size-full wp-image-6252\" title=\"14\" src=\"\/pasarelaurbana\/wp-content\/uploads\/sites\/49\/2014\/02\/145.jpg\" alt=\"\" width=\"600\" height=\"900\" srcset=\"https:\/\/static-blogs.diariosur.es\/wp-content\/uploads\/sites\/49\/2014\/02\/145.jpg 600w, https:\/\/static-blogs.diariosur.es\/wp-content\/uploads\/sites\/49\/2014\/02\/145-200x300.jpg 200w\" sizes=\"(max-width: 600px) 100vw, 600px\" \/><\/a><\/p>\n<p style=\"text-align: center;\"><a href=\"\/pasarelaurbana\/wp-content\/uploads\/sites\/49\/2014\/02\/154.jpg\"><img loading=\"lazy\" class=\"aligncenter size-full wp-image-6238\" title=\"15\" src=\"\/pasarelaurbana\/wp-content\/uploads\/sites\/49\/2014\/02\/154.jpg\" alt=\"\" width=\"600\" height=\"900\" srcset=\"https:\/\/static-blogs.diariosur.es\/wp-content\/uploads\/sites\/49\/2014\/02\/154.jpg 600w, https:\/\/static-blogs.diariosur.es\/wp-content\/uploads\/sites\/49\/2014\/02\/154-200x300.jpg 200w\" sizes=\"(max-width: 600px) 100vw, 600px\" \/><\/a><\/p>\n<p style=\"text-align: center;\"><a href=\"\/pasarelaurbana\/wp-content\/uploads\/sites\/49\/2014\/02\/164.jpg\"><img loading=\"lazy\" class=\"aligncenter size-full wp-image-6254\" title=\"16\" src=\"\/pasarelaurbana\/wp-content\/uploads\/sites\/49\/2014\/02\/164.jpg\" alt=\"\" width=\"599\" height=\"899\" srcset=\"https:\/\/static-blogs.diariosur.es\/wp-content\/uploads\/sites\/49\/2014\/02\/164.jpg 599w, https:\/\/static-blogs.diariosur.es\/wp-content\/uploads\/sites\/49\/2014\/02\/164-200x300.jpg 200w\" sizes=\"(max-width: 599px) 100vw, 599px\" \/><\/a><\/p>\n<p style=\"text-align: center;\">Victorio&#038;Lucchino<\/p>\n<p style=\"text-align: center;\"><a href=\"\/pasarelaurbana\/wp-content\/uploads\/sites\/49\/2014\/02\/194.jpg\"><img loading=\"lazy\" class=\"aligncenter size-full wp-image-6257\" title=\"19\" src=\"\/pasarelaurbana\/wp-content\/uploads\/sites\/49\/2014\/02\/194.jpg\" alt=\"\" width=\"601\" height=\"901\" srcset=\"https:\/\/static-blogs.diariosur.es\/wp-content\/uploads\/sites\/49\/2014\/02\/194.jpg 601w, https:\/\/static-blogs.diariosur.es\/wp-content\/uploads\/sites\/49\/2014\/02\/194-200x300.jpg 200w\" sizes=\"(max-width: 601px) 100vw, 601px\" \/><\/a><\/p>\n<p style=\"text-align: center;\">Juan Vidal<\/p>\n<p style=\"text-align: center;\"><a href=\"\/pasarelaurbana\/wp-content\/uploads\/sites\/49\/2014\/02\/203.jpg\"><img loading=\"lazy\" class=\"aligncenter size-full wp-image-6258\" title=\"20\" src=\"\/pasarelaurbana\/wp-content\/uploads\/sites\/49\/2014\/02\/203.jpg\" alt=\"\" width=\"600\" height=\"900\" srcset=\"https:\/\/static-blogs.diariosur.es\/wp-content\/uploads\/sites\/49\/2014\/02\/203.jpg 600w, https:\/\/static-blogs.diariosur.es\/wp-content\/uploads\/sites\/49\/2014\/02\/203-200x300.jpg 200w\" sizes=\"(max-width: 600px) 100vw, 600px\" \/><\/a><\/p>\n<p style=\"text-align: center;\">David Delf\u00edn<\/p>\n<p style=\"text-align: center;\"><a href=\"\/pasarelaurbana\/wp-content\/uploads\/sites\/49\/2014\/02\/216.jpg\"><img loading=\"lazy\" class=\"aligncenter size-full wp-image-6259\" title=\"21\" src=\"\/pasarelaurbana\/wp-content\/uploads\/sites\/49\/2014\/02\/216.jpg\" alt=\"\" width=\"600\" height=\"901\" srcset=\"https:\/\/static-blogs.diariosur.es\/wp-content\/uploads\/sites\/49\/2014\/02\/216.jpg 600w, https:\/\/static-blogs.diariosur.es\/wp-content\/uploads\/sites\/49\/2014\/02\/216-200x300.jpg 200w\" sizes=\"(max-width: 600px) 100vw, 600px\" \/><\/a><\/p>\n<p style=\"text-align: center;\"><a href=\"\/pasarelaurbana\/wp-content\/uploads\/sites\/49\/2014\/02\/224.jpg\"><img loading=\"lazy\" class=\"aligncenter size-full wp-image-6260\" title=\"22\" src=\"\/pasarelaurbana\/wp-content\/uploads\/sites\/49\/2014\/02\/224.jpg\" alt=\"\" width=\"600\" height=\"903\" srcset=\"https:\/\/static-blogs.diariosur.es\/wp-content\/uploads\/sites\/49\/2014\/02\/224.jpg 600w, https:\/\/static-blogs.diariosur.es\/wp-content\/uploads\/sites\/49\/2014\/02\/224-199x300.jpg 199w\" sizes=\"(max-width: 600px) 100vw, 600px\" \/><\/a><\/p>\n<p style=\"text-align: center;\">Juanjo Oliva<\/p>\n<p style=\"text-align: center;\"><a href=\"\/pasarelaurbana\/wp-content\/uploads\/sites\/49\/2014\/02\/233.jpg\"><img loading=\"lazy\" class=\"aligncenter size-full wp-image-6261\" title=\"23\" src=\"\/pasarelaurbana\/wp-content\/uploads\/sites\/49\/2014\/02\/233.jpg\" alt=\"\" width=\"600\" height=\"900\" srcset=\"https:\/\/static-blogs.diariosur.es\/wp-content\/uploads\/sites\/49\/2014\/02\/233.jpg 600w, https:\/\/static-blogs.diariosur.es\/wp-content\/uploads\/sites\/49\/2014\/02\/233-200x300.jpg 200w\" sizes=\"(max-width: 600px) 100vw, 600px\" \/><\/a><\/p>\n<p style=\"text-align: center;\">Hannibal Laguna<\/p>\n<p style=\"text-align: center;\"><a href=\"\/pasarelaurbana\/wp-content\/uploads\/sites\/49\/2014\/02\/243.jpg\"><img loading=\"lazy\" class=\"aligncenter size-full wp-image-6262\" title=\"24\" src=\"\/pasarelaurbana\/wp-content\/uploads\/sites\/49\/2014\/02\/243.jpg\" alt=\"\" width=\"600\" height=\"900\" srcset=\"https:\/\/static-blogs.diariosur.es\/wp-content\/uploads\/sites\/49\/2014\/02\/243.jpg 600w, https:\/\/static-blogs.diariosur.es\/wp-content\/uploads\/sites\/49\/2014\/02\/243-200x300.jpg 200w\" sizes=\"(max-width: 600px) 100vw, 600px\" \/><\/a><\/p>\n<p style=\"text-align: center;\"><a href=\"\/pasarelaurbana\/wp-content\/uploads\/sites\/49\/2014\/02\/253.jpg\"><img loading=\"lazy\" class=\"aligncenter size-full wp-image-6253\" title=\"25\" src=\"\/pasarelaurbana\/wp-content\/uploads\/sites\/49\/2014\/02\/253.jpg\" alt=\"\" width=\"600\" height=\"900\" srcset=\"https:\/\/static-blogs.diariosur.es\/wp-content\/uploads\/sites\/49\/2014\/02\/253.jpg 600w, https:\/\/static-blogs.diariosur.es\/wp-content\/uploads\/sites\/49\/2014\/02\/253-200x300.jpg 200w\" sizes=\"(max-width: 600px) 100vw, 600px\" \/><\/a><\/p>\n","protected":false},"excerpt":{"rendered":"<p>Se acab\u00f3. Despu\u00e9s de cuatro intensas jornadas la Merdeces-Benz Fashion Week Madrid pleg\u00f3 ayer la pasarela oficial -la de los dise\u00f1adores consagrados- para dar paso a las propuestas de los nuevos modistos, que durante este martes se dan cita en la Samsung EGO. 40 dise\u00f1adores han desfilado por esta 59 edici\u00f3n en la que, una [&hellip;]<\/p>\n","protected":false},"author":54,"featured_media":0,"comment_status":"open","ping_status":"open","sticky":false,"template":"","format":"standard","meta":[],"categories":[2],"tags":[],"_links":{"self":[{"href":"https:\/\/blogs.diariosur.es\/pasarelaurbana\/wp-json\/wp\/v2\/posts\/6237"}],"collection":[{"href":"https:\/\/blogs.diariosur.es\/pasarelaurbana\/wp-json\/wp\/v2\/posts"}],"about":[{"href":"https:\/\/blogs.diariosur.es\/pasarelaurbana\/wp-json\/wp\/v2\/types\/post"}],"author":[{"embeddable":true,"href":"https:\/\/blogs.diariosur.es\/pasarelaurbana\/wp-json\/wp\/v2\/users\/54"}],"replies":[{"embeddable":true,"href":"https:\/\/blogs.diariosur.es\/pasarelaurbana\/wp-json\/wp\/v2\/comments?post=6237"}],"version-history":[{"count":0,"href":"https:\/\/blogs.diariosur.es\/pasarelaurbana\/wp-json\/wp\/v2\/posts\/6237\/revisions"}],"wp:attachment":[{"href":"https:\/\/blogs.diariosur.es\/pasarelaurbana\/wp-json\/wp\/v2\/media?parent=6237"}],"wp:term":[{"taxonomy":"category","embeddable":true,"href":"https:\/\/blogs.diariosur.es\/pasarelaurbana\/wp-json\/wp\/v2\/categories?post=6237"},{"taxonomy":"post_tag","embeddable":true,"href":"https:\/\/blogs.diariosur.es\/pasarelaurbana\/wp-json\/wp\/v2\/tags?post=6237"}],"curies":[{"name":"wp","href":"https:\/\/api.w.org\/{rel}","templated":true}]}}