{"id":6264,"date":"2014-02-19T16:12:17","date_gmt":"2014-02-19T15:12:17","guid":{"rendered":"http:\/\/blogs.diariosur.es\/pasarelaurbana\/?p=6264"},"modified":"2014-02-19T16:12:17","modified_gmt":"2014-02-19T15:12:17","slug":"un-look-marino-y-mostaza-que-irradia-estilazo","status":"publish","type":"post","link":"https:\/\/blogs.diariosur.es\/pasarelaurbana\/2014\/02\/19\/un-look-marino-y-mostaza-que-irradia-estilazo\/","title":{"rendered":"Un look marino y mostaza que irradia estilazo"},"content":{"rendered":"<p style=\"text-align: center;\">\u00a1Feliz mi\u00e9rcoles! Tras el<a href=\"https:\/\/blogs.diariosur.es\/pasarelaurbana\/2014\/02\/18\/las-capas-el-bicolor-y-los-zapatos-masculinos-claves-en-cibeles-repasamos-los-mejores-looks\/\"> empacho de desfiles <\/a>de los \u00faltimos d\u00edas, en los que el foco de la moda ha estado puesto en Madrid (que como sabr\u00e9is ech\u00f3 ayer el tel\u00f3n a la 59 edici\u00f3n de su Fashion Week, antigua Cibeles) hoy volvemos a poner nuestras miras en la calle, que al fin y al cabo es la gran soberana. Como ya va siendo habitual, en el ecuador de la semana toca sesi\u00f3n de &#8216;street style&#8217; por el Centro de M\u00e1laga. Y la de hoy ha sido un \u00e9xito. El tiempo -por fin- acompa\u00f1aba y sobre la pasarela urbana hemos visto looks interesant\u00edsimos con un estilazo de nivel (\u00a1Ayyy qu\u00e9 contenta estoy como dir\u00eda Macario!) y reflejo de algunas de las tendencias que ser\u00e1n clave esta primavera. Entre ellos el de nuestra protagonista de hoy. Os la presento: se llama <strong>Sonia Trujillo<\/strong>, tiene 42 a\u00f1os y es comercial de Zara. Su &#8216;outfit&#8217; es uno de esos flechazos que enamoran a primera vista. Me encanta tanto la combinaci\u00f3n de prendas -blusa crop-top de lunares con palazzo (v\u00e9ase, pantal\u00f3n de pata ancha) plisado- como el d\u00fao de colores elegido: azul marino y mostaza, dos tonos que maridan de maravilla y crean un resultado elegant\u00edsimo adem\u00e1s de ser favorecedores 100%. Ideal las sandalias de tiras tipo cangrejeras que lleva con calcetines negros debajo para poder lucirlas en invierno (me apunto la idea). En definitiva, un look que ME ENCANTA, de esos que anoto para copiar, ya que las prendas no solo quedan bien juntas, sino que son s\u00faper vers\u00e1tiles y ponibles por separado. \u00a1Os dejo con Sonia! \u00a1Hasta ma\u00f1ana!<\/p>\n<p><a href=\"\/pasarelaurbana\/wp-content\/uploads\/sites\/49\/2014\/02\/119.jpg\"><img loading=\"lazy\" class=\"aligncenter  wp-image-6266\" title=\"1\" src=\"\/pasarelaurbana\/wp-content\/uploads\/sites\/49\/2014\/02\/119.jpg\" alt=\"\" width=\"600\" height=\"803\" srcset=\"https:\/\/static-blogs.diariosur.es\/wp-content\/uploads\/sites\/49\/2014\/02\/119.jpg 600w, https:\/\/static-blogs.diariosur.es\/wp-content\/uploads\/sites\/49\/2014\/02\/119-224x300.jpg 224w\" sizes=\"(max-width: 600px) 100vw, 600px\" \/><\/a><!--more--><a href=\"\/pasarelaurbana\/wp-content\/uploads\/sites\/49\/2014\/02\/217.jpg\"><img loading=\"lazy\" class=\"aligncenter size-full wp-image-6267\" title=\"2\" src=\"\/pasarelaurbana\/wp-content\/uploads\/sites\/49\/2014\/02\/217.jpg\" alt=\"\" width=\"600\" height=\"803\" srcset=\"https:\/\/static-blogs.diariosur.es\/wp-content\/uploads\/sites\/49\/2014\/02\/217.jpg 600w, https:\/\/static-blogs.diariosur.es\/wp-content\/uploads\/sites\/49\/2014\/02\/217-224x300.jpg 224w\" sizes=\"(max-width: 600px) 100vw, 600px\" \/><\/a><\/p>\n<p><a href=\"\/pasarelaurbana\/wp-content\/uploads\/sites\/49\/2014\/02\/36.jpg\"><img loading=\"lazy\" class=\"aligncenter size-full wp-image-6268\" title=\"3\" src=\"\/pasarelaurbana\/wp-content\/uploads\/sites\/49\/2014\/02\/36.jpg\" alt=\"\" width=\"600\" height=\"803\" srcset=\"https:\/\/static-blogs.diariosur.es\/wp-content\/uploads\/sites\/49\/2014\/02\/36.jpg 600w, https:\/\/static-blogs.diariosur.es\/wp-content\/uploads\/sites\/49\/2014\/02\/36-224x300.jpg 224w\" sizes=\"(max-width: 600px) 100vw, 600px\" \/><\/a><\/p>\n<p><a href=\"\/pasarelaurbana\/wp-content\/uploads\/sites\/49\/2014\/02\/47.jpg\"><img loading=\"lazy\" class=\"aligncenter size-full wp-image-6271\" title=\"4\" src=\"\/pasarelaurbana\/wp-content\/uploads\/sites\/49\/2014\/02\/47.jpg\" alt=\"\" width=\"524\" height=\"739\" srcset=\"https:\/\/static-blogs.diariosur.es\/wp-content\/uploads\/sites\/49\/2014\/02\/47.jpg 524w, https:\/\/static-blogs.diariosur.es\/wp-content\/uploads\/sites\/49\/2014\/02\/47-213x300.jpg 213w\" sizes=\"(max-width: 524px) 100vw, 524px\" \/><\/a><\/p>\n<p><a href=\"\/pasarelaurbana\/wp-content\/uploads\/sites\/49\/2014\/02\/56.jpg\"><img loading=\"lazy\" class=\"aligncenter size-full wp-image-6270\" title=\"5\" src=\"\/pasarelaurbana\/wp-content\/uploads\/sites\/49\/2014\/02\/56.jpg\" alt=\"\" width=\"600\" height=\"803\" srcset=\"https:\/\/static-blogs.diariosur.es\/wp-content\/uploads\/sites\/49\/2014\/02\/56.jpg 600w, https:\/\/static-blogs.diariosur.es\/wp-content\/uploads\/sites\/49\/2014\/02\/56-224x300.jpg 224w\" sizes=\"(max-width: 600px) 100vw, 600px\" \/><\/a><\/p>\n<p style=\"text-align: center;\"><a href=\"\/pasarelaurbana\/wp-content\/uploads\/sites\/49\/2014\/02\/65.jpg\"><img loading=\"lazy\" class=\"aligncenter size-full wp-image-6265\" title=\"6\" src=\"\/pasarelaurbana\/wp-content\/uploads\/sites\/49\/2014\/02\/65.jpg\" alt=\"\" width=\"600\" height=\"803\" srcset=\"https:\/\/static-blogs.diariosur.es\/wp-content\/uploads\/sites\/49\/2014\/02\/65.jpg 600w, https:\/\/static-blogs.diariosur.es\/wp-content\/uploads\/sites\/49\/2014\/02\/65-224x300.jpg 224w\" sizes=\"(max-width: 600px) 100vw, 600px\" \/><\/a><\/p>\n<p style=\"text-align: center;\"><strong>Sonia Trujillo<\/strong>. 42 a\u00f1os. Comercial<\/p>\n<p style=\"text-align: center;\">Total look: Zara, nueva colecci\u00f3n<\/p>\n<p style=\"text-align: center;\">\n","protected":false},"excerpt":{"rendered":"<p>\u00a1Feliz mi\u00e9rcoles! Tras el empacho de desfiles de los \u00faltimos d\u00edas, en los que el foco de la moda ha estado puesto en Madrid (que como sabr\u00e9is ech\u00f3 ayer el tel\u00f3n a la 59 edici\u00f3n de su Fashion Week, antigua Cibeles) hoy volvemos a poner nuestras miras en la calle, que al fin y al [&hellip;]<\/p>\n","protected":false},"author":54,"featured_media":0,"comment_status":"open","ping_status":"open","sticky":false,"template":"","format":"standard","meta":[],"categories":[2],"tags":[],"_links":{"self":[{"href":"https:\/\/blogs.diariosur.es\/pasarelaurbana\/wp-json\/wp\/v2\/posts\/6264"}],"collection":[{"href":"https:\/\/blogs.diariosur.es\/pasarelaurbana\/wp-json\/wp\/v2\/posts"}],"about":[{"href":"https:\/\/blogs.diariosur.es\/pasarelaurbana\/wp-json\/wp\/v2\/types\/post"}],"author":[{"embeddable":true,"href":"https:\/\/blogs.diariosur.es\/pasarelaurbana\/wp-json\/wp\/v2\/users\/54"}],"replies":[{"embeddable":true,"href":"https:\/\/blogs.diariosur.es\/pasarelaurbana\/wp-json\/wp\/v2\/comments?post=6264"}],"version-history":[{"count":0,"href":"https:\/\/blogs.diariosur.es\/pasarelaurbana\/wp-json\/wp\/v2\/posts\/6264\/revisions"}],"wp:attachment":[{"href":"https:\/\/blogs.diariosur.es\/pasarelaurbana\/wp-json\/wp\/v2\/media?parent=6264"}],"wp:term":[{"taxonomy":"category","embeddable":true,"href":"https:\/\/blogs.diariosur.es\/pasarelaurbana\/wp-json\/wp\/v2\/categories?post=6264"},{"taxonomy":"post_tag","embeddable":true,"href":"https:\/\/blogs.diariosur.es\/pasarelaurbana\/wp-json\/wp\/v2\/tags?post=6264"}],"curies":[{"name":"wp","href":"https:\/\/api.w.org\/{rel}","templated":true}]}}