{"id":6301,"date":"2014-02-21T16:07:31","date_gmt":"2014-02-21T15:07:31","guid":{"rendered":"http:\/\/blogs.diariosur.es\/pasarelaurbana\/?p=6301"},"modified":"2014-02-21T16:07:31","modified_gmt":"2014-02-21T15:07:31","slug":"el-armario-mas-solidario","status":"publish","type":"post","link":"https:\/\/blogs.diariosur.es\/pasarelaurbana\/2014\/02\/21\/el-armario-mas-solidario\/","title":{"rendered":"El armario m\u00e1s solidario"},"content":{"rendered":"<p class=\"MsoNormal\" style=\"text-indent: 35.4pt; text-align: center;\">\u00a1Feliz viernes! Para acabar la semana hoy os traigo una noticia solidaria que me parece una genial iniciativa. Se trata de un<strong> proyecto impulsado por la<\/strong> <strong>Organizaci\u00f3n Social de Acci\u00f3n Humanitaria (OSAH Espa\u00f1ola)<\/strong> y que hasta la fecha ha permitido vestir a 8.400 malague\u00f1os en riesgo de exclusi\u00f3n social. \u00bfC\u00f3mo? Pues a trav\u00e9s de su programa de recogida de ropa, calzado y juguetes usados denominado precisamente &#8216;Armario solidario&#8217; y que adem\u00e1s tiene un objetivo a\u00f1adido: concienciar de la importancia del correcto<span> tratamiento de los residuos textiles. La campa\u00f1a est\u00e1 gestionada por m\u00e1s de doce voluntarios y se nutre de las donaciones que los ciudadanos realizan a\u00a0 trav\u00e9s de los contenedores morados que OSAH tiene instalados en la v\u00eda p\u00fablica, o bien llevando directamente sus prendas al centro de la organizaci\u00f3n en M\u00e1laga.\u00a0<\/span><\/p>\n<p class=\"MsoNormal\" style=\"text-indent: 35.4pt; text-align: center;\"><span style=\"font-size: 12pt; line-height: 115%; font-family: 'Times New Roman',serif;\">\u00a0Como destacan desde OSAH las prendas que integran este peculiar armario son totalmente gratuitas, &#8220;y no entregamos nada que nosotros no usar\u00edamos\u201d. <strong>Una vez recogidos los recursos, voluntarios de OSAH se encargan de la clasificaci\u00f3n de los mismos, separando lo que est\u00e1 en buen estado para que llegue a las familias necesitadas<\/strong>. La ropa y complementos que no pasan la criba se env\u00edan a\u00a0 plantas de reciclaje para darle una segunda vida y evitar la alta contaminaci\u00f3n que producen estos residuos si no son tratados correctamente. <\/span><\/p>\n<p class=\"MsoNormal\" style=\"text-indent: 35.4pt; text-align: center;\"><span style=\"font-size: 12pt; line-height: 115%; font-family: 'Times New Roman',serif;\">Para los interesados en beneficiarse de este proyecto:\u00a0<\/span><span style=\"font-size: 12pt; line-height: 115%; font-family: 'Times New Roman',serif;\"><strong>las puertas del armario solidario abren los lunes y mi\u00e9rcoles de 17.00 a 20.00 horas.<\/strong> Todas las prendas est\u00e1n perchadas y ordenadas como en los comercios para facilitar su elecci\u00f3n. Para poder realizar la retirada, anteriormente es necesario ser atendido por los trabajadores sociales de la entidad en horario de 09.00 a 13.00 de lunes a\u00a0 viernes, con el fin de que se realice una valoraci\u00f3n de la situaci\u00f3n de la persona y de sus necesidades, mediante la entrega de documentaci\u00f3n. La sede de OSAH en M\u00e1laga se encuentra en el barrio de Carranque, en el n\u00famero 36 de la calle Virgen de la Servita. <\/span><\/p>\n<p class=\"MsoNormal\" style=\"text-indent: 35.4pt; text-align: center;\">Lo dicho, me parece <strong>una iniciativa estupenda muy a tener en cuenta cuando hacemos el cambio de armario<\/strong> y nos surge mucha ropa de la que queremos desprendernos. \u00a1Qu\u00e9 mejor que hacerlo para una buena causa! \u00a1Yo me apunto la idea!, \u00bfy vosotros?<\/p>\n<p class=\"MsoNormal\" style=\"text-align: justify; text-indent: 35.4pt;\"><a href=\"\/pasarelaurbana\/wp-content\/uploads\/sites\/49\/2014\/02\/dos1.jpg\"><img loading=\"lazy\" class=\"aligncenter size-full wp-image-6303\" title=\"dos\" src=\"\/pasarelaurbana\/wp-content\/uploads\/sites\/49\/2014\/02\/dos1.jpg\" alt=\"\" width=\"600\" height=\"338\" srcset=\"https:\/\/static-blogs.diariosur.es\/wp-content\/uploads\/sites\/49\/2014\/02\/dos1.jpg 600w, https:\/\/static-blogs.diariosur.es\/wp-content\/uploads\/sites\/49\/2014\/02\/dos1-300x169.jpg 300w\" sizes=\"(max-width: 600px) 100vw, 600px\" \/><\/a><!--more--><\/p>\n<p class=\"MsoNormal\" style=\"text-align: justify; text-indent: 35.4pt;\"><a href=\"\/pasarelaurbana\/wp-content\/uploads\/sites\/49\/2014\/02\/tres1.jpg\"><img loading=\"lazy\" class=\"aligncenter size-full wp-image-6304\" title=\"tres\" src=\"\/pasarelaurbana\/wp-content\/uploads\/sites\/49\/2014\/02\/tres1.jpg\" alt=\"\" width=\"600\" height=\"450\" srcset=\"https:\/\/static-blogs.diariosur.es\/wp-content\/uploads\/sites\/49\/2014\/02\/tres1.jpg 600w, https:\/\/static-blogs.diariosur.es\/wp-content\/uploads\/sites\/49\/2014\/02\/tres1-300x225.jpg 300w\" sizes=\"(max-width: 600px) 100vw, 600px\" \/><\/a><\/p>\n<p class=\"MsoNormal\" style=\"text-align: justify; text-indent: 35.4pt;\"><span style=\"font-size: 12pt; line-height: 115%; font-family: 'Times New Roman',serif;\"><br \/>\n<\/span><\/p>\n","protected":false},"excerpt":{"rendered":"<p>\u00a1Feliz viernes! Para acabar la semana hoy os traigo una noticia solidaria que me parece una genial iniciativa. Se trata de un proyecto impulsado por la Organizaci\u00f3n Social de Acci\u00f3n Humanitaria (OSAH Espa\u00f1ola) y que hasta la fecha ha permitido vestir a 8.400 malague\u00f1os en riesgo de exclusi\u00f3n social. \u00bfC\u00f3mo? Pues a trav\u00e9s de su [&hellip;]<\/p>\n","protected":false},"author":54,"featured_media":0,"comment_status":"open","ping_status":"open","sticky":false,"template":"","format":"standard","meta":[],"categories":[2],"tags":[],"_links":{"self":[{"href":"https:\/\/blogs.diariosur.es\/pasarelaurbana\/wp-json\/wp\/v2\/posts\/6301"}],"collection":[{"href":"https:\/\/blogs.diariosur.es\/pasarelaurbana\/wp-json\/wp\/v2\/posts"}],"about":[{"href":"https:\/\/blogs.diariosur.es\/pasarelaurbana\/wp-json\/wp\/v2\/types\/post"}],"author":[{"embeddable":true,"href":"https:\/\/blogs.diariosur.es\/pasarelaurbana\/wp-json\/wp\/v2\/users\/54"}],"replies":[{"embeddable":true,"href":"https:\/\/blogs.diariosur.es\/pasarelaurbana\/wp-json\/wp\/v2\/comments?post=6301"}],"version-history":[{"count":0,"href":"https:\/\/blogs.diariosur.es\/pasarelaurbana\/wp-json\/wp\/v2\/posts\/6301\/revisions"}],"wp:attachment":[{"href":"https:\/\/blogs.diariosur.es\/pasarelaurbana\/wp-json\/wp\/v2\/media?parent=6301"}],"wp:term":[{"taxonomy":"category","embeddable":true,"href":"https:\/\/blogs.diariosur.es\/pasarelaurbana\/wp-json\/wp\/v2\/categories?post=6301"},{"taxonomy":"post_tag","embeddable":true,"href":"https:\/\/blogs.diariosur.es\/pasarelaurbana\/wp-json\/wp\/v2\/tags?post=6301"}],"curies":[{"name":"wp","href":"https:\/\/api.w.org\/{rel}","templated":true}]}}