{"id":6552,"date":"2014-03-27T16:10:18","date_gmt":"2014-03-27T15:10:18","guid":{"rendered":"http:\/\/blogs.diariosur.es\/pasarelaurbana\/?p=6552"},"modified":"2014-03-27T16:10:18","modified_gmt":"2014-03-27T15:10:18","slug":"bienvenida-dolores","status":"publish","type":"post","link":"https:\/\/blogs.diariosur.es\/pasarelaurbana\/2014\/03\/27\/bienvenida-dolores\/","title":{"rendered":"\u00a1Bienvenida Dolores!"},"content":{"rendered":"<p style=\"text-align: center;\">Os lo anunciaba hace dos semanas. Dolores Promesas, una de las firmas que m\u00e1s ech\u00e1bamos de menos en M\u00e1laga, inaugura tienda en la capital. \u00a1Notici\u00f3n para todas las que amamos sus dise\u00f1os! Pues bien, lleg\u00f3 el gran d\u00eda. <strong>Ayer tarde, la firma madrile\u00f1a desembarc\u00f3 en calle Compa\u00f1\u00eda n\u00famero 15.<\/strong>Y lo hizo con una fiesta por todo lo alto para celebrar su puesta de largo en la Costa del Sol. Al acto asistieron, entre otras,<span style=\"font-family: Calibri,sans-serif; font-size: x-small;\"><span style=\"font-family: Verdana,sans-serif; font-size: small;\">las dise\u00f1adoras de la firma (<\/span><span style=\"font-family: Verdana,sans-serif; font-size: small;\">A<strong>licia Hern\u00e1ndez<\/strong><\/span><strong><span style=\"font-family: Verdana,sans-serif; font-size: small;\"> y <\/span><\/strong><span style=\"font-family: Verdana,sans-serif; font-size: small;\"><strong>Miryam Pintado<\/strong>)<\/span><span style=\"font-family: Verdana,sans-serif; font-size: small;\">, su socio fundador (<\/span><span style=\"font-family: Verdana,sans-serif; font-size: small;\"><strong>Javier Lape\u00f1a<\/strong>) y las actrices <\/span><span style=\"font-family: Verdana,sans-serif; font-size: small;\"><strong>Megan Montaner, Silvia Alonso, Alejandra Onieva y Andrea Duro<\/strong>,<\/span><span style=\"font-family: Verdana,sans-serif; font-size: small;\"> que aprovecharon su estancia en M\u00e1laga con motivo del Festival de Cine para conocer la nueva tienda; un precioso local<\/span><\/span> de 130 metros cuadrados que sigue la filosof\u00eda del resto de establecimientos de la marca. As\u00ed, <strong>cada rinc\u00f3n de la boutique est\u00e1 personalizado y cuidado hasta el \u00faltimo detalle para transmitir la esencia de Dolores Promesas<\/strong>, donde prima la est\u00e9tica n\u00e4if.\u00a0 Por supuesto, no falta su caracter\u00edstico atrezzo: papeles pintados personalizados, rom\u00e1nticos maceteros con flores -preciosos los de tela de saco con puntillas que cuelgan de distinats paredes, un flechazo que pienso imitar en breve para casa-, espejos con marcos dorados, muebles vintage rescatados de antiguas casas de campo tapizados con tejidos de la colecci\u00f3n y suelos hidr\u00e1ulicos de mosaicos con el que han querido hacer un gui\u00f1o a Andaluc\u00eda.<\/p>\n<p style=\"text-align: center;\">En la tienda de M\u00e1laga se comercializan todas las l\u00edneas de Dolores Promesas. Por un lado, la colecci\u00f3n de ropa, tanto de chica como de chico y, por otro, la de complementos, un \u00e1rea dedicada a su exclusiva l\u00ednea Dolores Promesas Heaven en la que es posible pedir cita para recibir un trato m\u00e1s personalizado. <strong>Con esta apertura, la firma suma ya 23 tiendas repartidas por Espa\u00f1a. En Andaluc\u00eda, disponen de locales en C\u00f3rdoba, Granada, Sevilla y Almer\u00eda.<\/strong>Y suma y sigue. Y es que la empresa, que finaliz\u00f3 el pasado ejercicio con un aumento del 10% en su facturaci\u00f3n, hasta los 5,3 millones de euros, continuar\u00e1 adelante con su plan de expansi\u00f3n, que le llevar\u00e1 a poner en marcha otros tres nuevos establecimientos en 2014, adem\u00e1s de buscar oportunidades en el mercado internacional, en pa\u00edses como Francia, Reino Unido o Estados Unidos.<\/p>\n<p style=\"text-align: center;\">Una servidora tuvo la suerte de asistir ayer tarde a la fiesta de inauguraci\u00f3n, donde ya me enamor\u00e9 de un sinf\u00edn de prendas \u00a1Deseando estoy de bajar un d\u00eda tranquila al Centro y prob\u00e1rmelas!). Os dejo con un <strong>resumen, en fotos, <\/strong>del acto. Y recordad: <strong>ma\u00f1ana publicar\u00e9 una entrevista que os va a encantar.<\/strong> \u00a1Hasta entonces! \u00a1Feliz jueves!<\/p>\n<p><a href=\"\/pasarelaurbana\/wp-content\/uploads\/sites\/49\/2014\/03\/126.jpg\"><img loading=\"lazy\" class=\"aligncenter  wp-image-6554\" title=\"1\" src=\"\/pasarelaurbana\/wp-content\/uploads\/sites\/49\/2014\/03\/126.jpg\" alt=\"\" width=\"600\" height=\"600\" srcset=\"https:\/\/static-blogs.diariosur.es\/wp-content\/uploads\/sites\/49\/2014\/03\/126.jpg 600w, https:\/\/static-blogs.diariosur.es\/wp-content\/uploads\/sites\/49\/2014\/03\/126-150x150.jpg 150w, https:\/\/static-blogs.diariosur.es\/wp-content\/uploads\/sites\/49\/2014\/03\/126-300x300.jpg 300w\" sizes=\"(max-width: 600px) 100vw, 600px\" \/><\/a><!--more--><a href=\"\/pasarelaurbana\/wp-content\/uploads\/sites\/49\/2014\/03\/210.jpg\"><img loading=\"lazy\" class=\"aligncenter size-full wp-image-6556\" title=\"2\" src=\"\/pasarelaurbana\/wp-content\/uploads\/sites\/49\/2014\/03\/210.jpg\" alt=\"\" width=\"600\" height=\"600\" srcset=\"https:\/\/static-blogs.diariosur.es\/wp-content\/uploads\/sites\/49\/2014\/03\/210.jpg 600w, https:\/\/static-blogs.diariosur.es\/wp-content\/uploads\/sites\/49\/2014\/03\/210-150x150.jpg 150w, https:\/\/static-blogs.diariosur.es\/wp-content\/uploads\/sites\/49\/2014\/03\/210-300x300.jpg 300w\" sizes=\"(max-width: 600px) 100vw, 600px\" \/><\/a><\/p>\n<p><a href=\"\/pasarelaurbana\/wp-content\/uploads\/sites\/49\/2014\/03\/38.jpg\"><img loading=\"lazy\" class=\"aligncenter size-full wp-image-6557\" title=\"3\" src=\"\/pasarelaurbana\/wp-content\/uploads\/sites\/49\/2014\/03\/38.jpg\" alt=\"\" width=\"600\" height=\"600\" srcset=\"https:\/\/static-blogs.diariosur.es\/wp-content\/uploads\/sites\/49\/2014\/03\/38.jpg 600w, https:\/\/static-blogs.diariosur.es\/wp-content\/uploads\/sites\/49\/2014\/03\/38-150x150.jpg 150w, https:\/\/static-blogs.diariosur.es\/wp-content\/uploads\/sites\/49\/2014\/03\/38-300x300.jpg 300w\" sizes=\"(max-width: 600px) 100vw, 600px\" \/><\/a><\/p>\n<p><a href=\"\/pasarelaurbana\/wp-content\/uploads\/sites\/49\/2014\/03\/48.jpg\"><img loading=\"lazy\" class=\"aligncenter size-full wp-image-6558\" title=\"4\" src=\"\/pasarelaurbana\/wp-content\/uploads\/sites\/49\/2014\/03\/48.jpg\" alt=\"\" width=\"600\" height=\"600\" srcset=\"https:\/\/static-blogs.diariosur.es\/wp-content\/uploads\/sites\/49\/2014\/03\/48.jpg 600w, https:\/\/static-blogs.diariosur.es\/wp-content\/uploads\/sites\/49\/2014\/03\/48-150x150.jpg 150w, https:\/\/static-blogs.diariosur.es\/wp-content\/uploads\/sites\/49\/2014\/03\/48-300x300.jpg 300w\" sizes=\"(max-width: 600px) 100vw, 600px\" \/><\/a><\/p>\n<p><a href=\"\/pasarelaurbana\/wp-content\/uploads\/sites\/49\/2014\/03\/59.jpg\"><img loading=\"lazy\" class=\"aligncenter size-full wp-image-6559\" title=\"5\" src=\"\/pasarelaurbana\/wp-content\/uploads\/sites\/49\/2014\/03\/59.jpg\" alt=\"\" width=\"600\" height=\"600\" srcset=\"https:\/\/static-blogs.diariosur.es\/wp-content\/uploads\/sites\/49\/2014\/03\/59.jpg 600w, https:\/\/static-blogs.diariosur.es\/wp-content\/uploads\/sites\/49\/2014\/03\/59-150x150.jpg 150w, https:\/\/static-blogs.diariosur.es\/wp-content\/uploads\/sites\/49\/2014\/03\/59-300x300.jpg 300w\" sizes=\"(max-width: 600px) 100vw, 600px\" \/><\/a><\/p>\n<p><a href=\"\/pasarelaurbana\/wp-content\/uploads\/sites\/49\/2014\/03\/69.jpg\"><img loading=\"lazy\" class=\"aligncenter size-full wp-image-6560\" title=\"6\" src=\"\/pasarelaurbana\/wp-content\/uploads\/sites\/49\/2014\/03\/69.jpg\" alt=\"\" width=\"600\" height=\"600\" srcset=\"https:\/\/static-blogs.diariosur.es\/wp-content\/uploads\/sites\/49\/2014\/03\/69.jpg 600w, https:\/\/static-blogs.diariosur.es\/wp-content\/uploads\/sites\/49\/2014\/03\/69-150x150.jpg 150w, https:\/\/static-blogs.diariosur.es\/wp-content\/uploads\/sites\/49\/2014\/03\/69-300x300.jpg 300w\" sizes=\"(max-width: 600px) 100vw, 600px\" \/><\/a><\/p>\n<p><a href=\"\/pasarelaurbana\/wp-content\/uploads\/sites\/49\/2014\/03\/76.jpg\"><img loading=\"lazy\" class=\"aligncenter size-full wp-image-6561\" title=\"7\" src=\"\/pasarelaurbana\/wp-content\/uploads\/sites\/49\/2014\/03\/76.jpg\" alt=\"\" width=\"600\" height=\"600\" srcset=\"https:\/\/static-blogs.diariosur.es\/wp-content\/uploads\/sites\/49\/2014\/03\/76.jpg 600w, https:\/\/static-blogs.diariosur.es\/wp-content\/uploads\/sites\/49\/2014\/03\/76-150x150.jpg 150w, https:\/\/static-blogs.diariosur.es\/wp-content\/uploads\/sites\/49\/2014\/03\/76-300x300.jpg 300w\" sizes=\"(max-width: 600px) 100vw, 600px\" \/><\/a><\/p>\n<p><a href=\"\/pasarelaurbana\/wp-content\/uploads\/sites\/49\/2014\/03\/86.jpg\"><img loading=\"lazy\" class=\"aligncenter size-full wp-image-6562\" title=\"8\" src=\"\/pasarelaurbana\/wp-content\/uploads\/sites\/49\/2014\/03\/86.jpg\" alt=\"\" width=\"600\" height=\"600\" srcset=\"https:\/\/static-blogs.diariosur.es\/wp-content\/uploads\/sites\/49\/2014\/03\/86.jpg 600w, https:\/\/static-blogs.diariosur.es\/wp-content\/uploads\/sites\/49\/2014\/03\/86-150x150.jpg 150w, https:\/\/static-blogs.diariosur.es\/wp-content\/uploads\/sites\/49\/2014\/03\/86-300x300.jpg 300w\" sizes=\"(max-width: 600px) 100vw, 600px\" \/><\/a><\/p>\n<p><a href=\"\/pasarelaurbana\/wp-content\/uploads\/sites\/49\/2014\/03\/106.jpg\"><img loading=\"lazy\" class=\"aligncenter size-full wp-image-6564\" title=\"10\" src=\"\/pasarelaurbana\/wp-content\/uploads\/sites\/49\/2014\/03\/106.jpg\" alt=\"\" width=\"600\" height=\"600\" srcset=\"https:\/\/static-blogs.diariosur.es\/wp-content\/uploads\/sites\/49\/2014\/03\/106.jpg 600w, https:\/\/static-blogs.diariosur.es\/wp-content\/uploads\/sites\/49\/2014\/03\/106-150x150.jpg 150w, https:\/\/static-blogs.diariosur.es\/wp-content\/uploads\/sites\/49\/2014\/03\/106-300x300.jpg 300w\" sizes=\"(max-width: 600px) 100vw, 600px\" \/><\/a><\/p>\n<p><a href=\"\/pasarelaurbana\/wp-content\/uploads\/sites\/49\/2014\/03\/96.jpg\"><img loading=\"lazy\" class=\"aligncenter size-full wp-image-6563\" title=\"9\" src=\"\/pasarelaurbana\/wp-content\/uploads\/sites\/49\/2014\/03\/96.jpg\" alt=\"\" width=\"600\" height=\"600\" srcset=\"https:\/\/static-blogs.diariosur.es\/wp-content\/uploads\/sites\/49\/2014\/03\/96.jpg 600w, https:\/\/static-blogs.diariosur.es\/wp-content\/uploads\/sites\/49\/2014\/03\/96-150x150.jpg 150w, https:\/\/static-blogs.diariosur.es\/wp-content\/uploads\/sites\/49\/2014\/03\/96-300x300.jpg 300w\" sizes=\"(max-width: 600px) 100vw, 600px\" \/><\/a><\/p>\n<p><a href=\"\/pasarelaurbana\/wp-content\/uploads\/sites\/49\/2014\/03\/1111.jpg\"><img loading=\"lazy\" class=\"aligncenter size-full wp-image-6565\" title=\"11\" src=\"\/pasarelaurbana\/wp-content\/uploads\/sites\/49\/2014\/03\/1111.jpg\" alt=\"\" width=\"600\" height=\"600\" srcset=\"https:\/\/static-blogs.diariosur.es\/wp-content\/uploads\/sites\/49\/2014\/03\/1111.jpg 600w, https:\/\/static-blogs.diariosur.es\/wp-content\/uploads\/sites\/49\/2014\/03\/1111-150x150.jpg 150w, https:\/\/static-blogs.diariosur.es\/wp-content\/uploads\/sites\/49\/2014\/03\/1111-300x300.jpg 300w\" sizes=\"(max-width: 600px) 100vw, 600px\" \/><\/a><\/p>\n<p><a href=\"\/pasarelaurbana\/wp-content\/uploads\/sites\/49\/2014\/03\/127.jpg\"><img loading=\"lazy\" class=\"aligncenter size-full wp-image-6566\" title=\"12\" src=\"\/pasarelaurbana\/wp-content\/uploads\/sites\/49\/2014\/03\/127.jpg\" alt=\"\" width=\"600\" height=\"600\" srcset=\"https:\/\/static-blogs.diariosur.es\/wp-content\/uploads\/sites\/49\/2014\/03\/127.jpg 600w, https:\/\/static-blogs.diariosur.es\/wp-content\/uploads\/sites\/49\/2014\/03\/127-150x150.jpg 150w, https:\/\/static-blogs.diariosur.es\/wp-content\/uploads\/sites\/49\/2014\/03\/127-300x300.jpg 300w\" sizes=\"(max-width: 600px) 100vw, 600px\" \/><\/a><\/p>\n<p><a href=\"\/pasarelaurbana\/wp-content\/uploads\/sites\/49\/2014\/03\/136.jpg\"><img loading=\"lazy\" class=\"aligncenter size-full wp-image-6567\" title=\"13\" src=\"\/pasarelaurbana\/wp-content\/uploads\/sites\/49\/2014\/03\/136.jpg\" alt=\"\" width=\"600\" height=\"600\" srcset=\"https:\/\/static-blogs.diariosur.es\/wp-content\/uploads\/sites\/49\/2014\/03\/136.jpg 600w, https:\/\/static-blogs.diariosur.es\/wp-content\/uploads\/sites\/49\/2014\/03\/136-150x150.jpg 150w, https:\/\/static-blogs.diariosur.es\/wp-content\/uploads\/sites\/49\/2014\/03\/136-300x300.jpg 300w\" sizes=\"(max-width: 600px) 100vw, 600px\" \/><\/a><\/p>\n<p><a href=\"\/pasarelaurbana\/wp-content\/uploads\/sites\/49\/2014\/03\/145.jpg\"><img loading=\"lazy\" class=\"aligncenter size-full wp-image-6568\" title=\"14\" src=\"\/pasarelaurbana\/wp-content\/uploads\/sites\/49\/2014\/03\/145.jpg\" alt=\"\" width=\"600\" height=\"600\" srcset=\"https:\/\/static-blogs.diariosur.es\/wp-content\/uploads\/sites\/49\/2014\/03\/145.jpg 600w, https:\/\/static-blogs.diariosur.es\/wp-content\/uploads\/sites\/49\/2014\/03\/145-150x150.jpg 150w, https:\/\/static-blogs.diariosur.es\/wp-content\/uploads\/sites\/49\/2014\/03\/145-300x300.jpg 300w\" sizes=\"(max-width: 600px) 100vw, 600px\" \/><\/a><a href=\"\/pasarelaurbana\/wp-content\/uploads\/sites\/49\/2014\/03\/154.jpg\"><img loading=\"lazy\" class=\"aligncenter size-full wp-image-6555\" title=\"15\" src=\"\/pasarelaurbana\/wp-content\/uploads\/sites\/49\/2014\/03\/154.jpg\" alt=\"\" width=\"600\" height=\"600\" srcset=\"https:\/\/static-blogs.diariosur.es\/wp-content\/uploads\/sites\/49\/2014\/03\/154.jpg 600w, https:\/\/static-blogs.diariosur.es\/wp-content\/uploads\/sites\/49\/2014\/03\/154-150x150.jpg 150w, https:\/\/static-blogs.diariosur.es\/wp-content\/uploads\/sites\/49\/2014\/03\/154-300x300.jpg 300w\" sizes=\"(max-width: 600px) 100vw, 600px\" \/><\/a><\/p>\n<p><a href=\"\/pasarelaurbana\/wp-content\/uploads\/sites\/49\/2014\/03\/164.jpg\"><img loading=\"lazy\" class=\"aligncenter size-full wp-image-6570\" title=\"16\" src=\"\/pasarelaurbana\/wp-content\/uploads\/sites\/49\/2014\/03\/164.jpg\" alt=\"\" width=\"600\" height=\"600\" srcset=\"https:\/\/static-blogs.diariosur.es\/wp-content\/uploads\/sites\/49\/2014\/03\/164.jpg 600w, https:\/\/static-blogs.diariosur.es\/wp-content\/uploads\/sites\/49\/2014\/03\/164-150x150.jpg 150w, https:\/\/static-blogs.diariosur.es\/wp-content\/uploads\/sites\/49\/2014\/03\/164-300x300.jpg 300w\" sizes=\"(max-width: 600px) 100vw, 600px\" \/><\/a><\/p>\n<p style=\"text-align: center;\">Sobre estas l\u00edneas, detalles de algunos de mis rincones favoritos de la tienda (un diez a la decoraci\u00f3n, preciosa) y del ambiente de la fiesta de ayer.<\/p>\n<p style=\"text-align: center;\">\u00a0Abajo, el estilismo que eleg\u00ed para la ocasi\u00f3n: sudadera blanca y pantal\u00f3n jogging de <strong>H&#038;M<\/strong> (New) con blazer naranja de <strong>Zara<\/strong>, collar joya en celeste (aunque no lo creais es de <strong>mercadillo<\/strong>), y salones en blanco anacarado de H&#038;M. El bolso plata es de <strong>Parfois<\/strong>.<\/p>\n<p><a href=\"\/pasarelaurbana\/wp-content\/uploads\/sites\/49\/2014\/03\/184.jpg\"><img loading=\"lazy\" class=\"aligncenter size-full wp-image-6572\" title=\"18\" src=\"\/pasarelaurbana\/wp-content\/uploads\/sites\/49\/2014\/03\/184.jpg\" alt=\"\" width=\"600\" height=\"600\" srcset=\"https:\/\/static-blogs.diariosur.es\/wp-content\/uploads\/sites\/49\/2014\/03\/184.jpg 600w, https:\/\/static-blogs.diariosur.es\/wp-content\/uploads\/sites\/49\/2014\/03\/184-150x150.jpg 150w, https:\/\/static-blogs.diariosur.es\/wp-content\/uploads\/sites\/49\/2014\/03\/184-300x300.jpg 300w\" sizes=\"(max-width: 600px) 100vw, 600px\" \/><\/a><\/p>\n<p><a href=\"\/pasarelaurbana\/wp-content\/uploads\/sites\/49\/2014\/03\/194.jpg\"><img loading=\"lazy\" class=\"aligncenter size-full wp-image-6569\" title=\"19\" src=\"\/pasarelaurbana\/wp-content\/uploads\/sites\/49\/2014\/03\/194.jpg\" alt=\"\" width=\"600\" height=\"600\" srcset=\"https:\/\/static-blogs.diariosur.es\/wp-content\/uploads\/sites\/49\/2014\/03\/194.jpg 600w, https:\/\/static-blogs.diariosur.es\/wp-content\/uploads\/sites\/49\/2014\/03\/194-150x150.jpg 150w, https:\/\/static-blogs.diariosur.es\/wp-content\/uploads\/sites\/49\/2014\/03\/194-300x300.jpg 300w\" sizes=\"(max-width: 600px) 100vw, 600px\" \/><\/a><\/p>\n<p><a href=\"\/pasarelaurbana\/wp-content\/uploads\/sites\/49\/2014\/03\/173.jpg\"><img loading=\"lazy\" class=\"aligncenter size-full wp-image-6571\" title=\"17\" src=\"\/pasarelaurbana\/wp-content\/uploads\/sites\/49\/2014\/03\/173.jpg\" alt=\"\" width=\"600\" height=\"600\" srcset=\"https:\/\/static-blogs.diariosur.es\/wp-content\/uploads\/sites\/49\/2014\/03\/173.jpg 600w, https:\/\/static-blogs.diariosur.es\/wp-content\/uploads\/sites\/49\/2014\/03\/173-150x150.jpg 150w, https:\/\/static-blogs.diariosur.es\/wp-content\/uploads\/sites\/49\/2014\/03\/173-300x300.jpg 300w\" sizes=\"(max-width: 600px) 100vw, 600px\" \/><\/a><\/p>\n<p><a href=\"\/pasarelaurbana\/wp-content\/uploads\/sites\/49\/2014\/03\/204.jpg\"><img loading=\"lazy\" class=\"aligncenter size-full wp-image-6553\" title=\"20\" src=\"\/pasarelaurbana\/wp-content\/uploads\/sites\/49\/2014\/03\/204.jpg\" alt=\"\" width=\"600\" height=\"600\" srcset=\"https:\/\/static-blogs.diariosur.es\/wp-content\/uploads\/sites\/49\/2014\/03\/204.jpg 600w, https:\/\/static-blogs.diariosur.es\/wp-content\/uploads\/sites\/49\/2014\/03\/204-150x150.jpg 150w, https:\/\/static-blogs.diariosur.es\/wp-content\/uploads\/sites\/49\/2014\/03\/204-300x300.jpg 300w\" sizes=\"(max-width: 600px) 100vw, 600px\" \/><\/a><\/p>\n","protected":false},"excerpt":{"rendered":"<p>Os lo anunciaba hace dos semanas. Dolores Promesas, una de las firmas que m\u00e1s ech\u00e1bamos de menos en M\u00e1laga, inaugura tienda en la capital. \u00a1Notici\u00f3n para todas las que amamos sus dise\u00f1os! Pues bien, lleg\u00f3 el gran d\u00eda. Ayer tarde, la firma madrile\u00f1a desembarc\u00f3 en calle Compa\u00f1\u00eda n\u00famero 15.Y lo hizo con una fiesta por [&hellip;]<\/p>\n","protected":false},"author":54,"featured_media":0,"comment_status":"open","ping_status":"open","sticky":false,"template":"","format":"standard","meta":[],"categories":[2],"tags":[],"_links":{"self":[{"href":"https:\/\/blogs.diariosur.es\/pasarelaurbana\/wp-json\/wp\/v2\/posts\/6552"}],"collection":[{"href":"https:\/\/blogs.diariosur.es\/pasarelaurbana\/wp-json\/wp\/v2\/posts"}],"about":[{"href":"https:\/\/blogs.diariosur.es\/pasarelaurbana\/wp-json\/wp\/v2\/types\/post"}],"author":[{"embeddable":true,"href":"https:\/\/blogs.diariosur.es\/pasarelaurbana\/wp-json\/wp\/v2\/users\/54"}],"replies":[{"embeddable":true,"href":"https:\/\/blogs.diariosur.es\/pasarelaurbana\/wp-json\/wp\/v2\/comments?post=6552"}],"version-history":[{"count":0,"href":"https:\/\/blogs.diariosur.es\/pasarelaurbana\/wp-json\/wp\/v2\/posts\/6552\/revisions"}],"wp:attachment":[{"href":"https:\/\/blogs.diariosur.es\/pasarelaurbana\/wp-json\/wp\/v2\/media?parent=6552"}],"wp:term":[{"taxonomy":"category","embeddable":true,"href":"https:\/\/blogs.diariosur.es\/pasarelaurbana\/wp-json\/wp\/v2\/categories?post=6552"},{"taxonomy":"post_tag","embeddable":true,"href":"https:\/\/blogs.diariosur.es\/pasarelaurbana\/wp-json\/wp\/v2\/tags?post=6552"}],"curies":[{"name":"wp","href":"https:\/\/api.w.org\/{rel}","templated":true}]}}