{"id":6635,"date":"2014-04-07T15:49:54","date_gmt":"2014-04-07T13:49:54","guid":{"rendered":"http:\/\/blogs.diariosur.es\/pasarelaurbana\/?p=6635"},"modified":"2014-04-07T15:49:54","modified_gmt":"2014-04-07T13:49:54","slug":"tarifa-con-ninos-y-perros","status":"publish","type":"post","link":"https:\/\/blogs.diariosur.es\/pasarelaurbana\/2014\/04\/07\/tarifa-con-ninos-y-perros\/","title":{"rendered":"Tarifa con ni\u00f1os y perros"},"content":{"rendered":"<p style=\"text-align: center;\">\u00a1Feliz lunes! Tras una mini escapada empiezo la semana con las pilas s\u00faper cargadas. Como sab\u00e9is, los protagonistas de esta espacio son los looks que fichamos en las calles de M\u00e1laga y las noticias de moda ligadas a la provincia. Pero de vez en cuando <strong>me permito un peque\u00f1o par\u00e9ntesis para compartir con vosotr@s otras de mis pasiones: la decoraci\u00f3n, los viajes, la cocina.., en definitiva, pinceladas de eso que llaman &#8216;life style&#8217;<\/strong> y de lo que soy una entusiasta. Dicho esto, y como os anunciaba al comienzo del post, este finde he desconectado en Tarifa, en uno de esos sitios que una siente la necesidad de compartir y de recomendar. Un oasis de paz en mitad del campo perfecto para ir con ni\u00f1os y con perros (los admiten y, dentro de unas normas de convivencia b\u00e1sicas, dejan tenerlos en las zonas comunes). Para nosotros Coco -un labrador precioso y buenazo- es uno m\u00e1s de la familia, as\u00ed que cuando salimos de viaje intentamos buscar alojamientos donde \u00e9l pueda acompa\u00f1arnos y disfrutar con nosotros. Precisamente el hecho de que aceptaran perros fue lo que nos anim\u00f3 a reservar en el<strong> <a href=\"http:\/\/www.cortijolaspinas.es\/es\/\" rel=\"external nofollow\">Cortijo las Pi\u00f1as<\/a>.<\/strong> Las fotos de su web ya nos hac\u00edan intuir que \u00edbamos a un sitio maravilloso. Pero, para nuestra sorpresa, la realidad super\u00f3 todas nuestras previsiones. La tranquilidad que se respira, sus infinitas zonas verdes (para que los ni\u00f1os correteen) con columpios, sus pistas deportivas (con porter\u00edas, red para jugar al tenis y canastas de baloncesto), sus cuadras de caballos, su piscina, la ubicaci\u00f3n de sus apartamentos, rodeados de bonitos patios con mesitas para disfrutar del exterior&#8230;TODO en resumen nos enamor\u00f3 y permiti\u00f3 que pas\u00e1ramos un fin de semana inolvidable. Alejandro estaba como loco corriendo de un sitio para otro y Coco ni os cuento, en su salsa feliz. El personal del alojamiento, todos familia, encantador, as\u00ed que sin duda volveremos. Recomendable 100%.<\/p>\n<p style=\"text-align: center;\">El cortijo invita a no salir y a exprimir cada uno de sus rincones (un plus: los apartamentos tienen peque\u00f1as cocinas con lo cual pod\u00e9is hacer all\u00ed las cenas por ejemplo), pero a\u00fan as\u00ed si quer\u00e9is hacer actividades tambi\u00e9n ten\u00e9is a mano un sinf\u00edn de posibilidades. Os cuento lo que hicimos nosotros, por si os da ideas para planificar una futura escapada en familia. Las <strong>dunas de Punta Paloma<\/strong> est\u00e1n justo en frente del cortijo, as\u00ed que aprovechamos para visitarlas. Ni que decir tiene que Alejandro (que a sus dos a\u00f1itos est\u00e1 \u00e1vido de conocer el mundo) se lo pas\u00f3 como un enano revolc\u00e1ndose por las monta\u00f1as de arena. Una opci\u00f3n muy divertida para los peques. Por la tarde, un<strong> paseo por el casco antiguo de Tarifa<\/strong> es una de las mejores alternativas. Hay tiendecitas y bares muy chulos que merecen la pena una parada (en el post os digo algunos). Si os apetece<strong> tomar algo en un chiringuito a pie de playa os recomiendo el <a href=\"http:\/\/www.hotelartevidatarifa.com\/\" rel=\"external nofollow\">Arte Vida<\/a><\/strong>, donde adem\u00e1s se come bastante bien (riqu\u00edsimas sus croquetas variadas, que adem\u00e1s a Ale le encantaron).Si os pilla buen d\u00eda sin viento pod\u00e9is aprovechar y pasar el d\u00eda en su playa, Los Lances.<\/p>\n<p style=\"text-align: center;\">Como veis, son planes sencillos, sin demasiadas florituras y, lo m\u00e1s importante, sin estr\u00e9s. Pero al final la vida es eso, disfrutar de los peque\u00f1os momentos que nos regalan las cosas m\u00e1s simples. Un plan perfecto para pasar un finde con ni\u00f1os y si ten\u00e9is mascota, sin renunciar a su compa\u00f1\u00eda. \u00a1Espero que os de ideas! Os dejo con las fotos. Y ma\u00f1ana, m\u00e1s moda. Os espero en Twitter: @almunogues.<\/p>\n<p style=\"text-align: center;\"><a href=\"\/pasarelaurbana\/wp-content\/uploads\/sites\/49\/2014\/04\/montaje.jpg\"><img loading=\"lazy\" class=\"aligncenter size-full wp-image-6657\" title=\"montaje\" src=\"\/pasarelaurbana\/wp-content\/uploads\/sites\/49\/2014\/04\/montaje.jpg\" alt=\"\" width=\"600\" height=\"600\" srcset=\"https:\/\/static-blogs.diariosur.es\/wp-content\/uploads\/sites\/49\/2014\/04\/montaje.jpg 600w, https:\/\/static-blogs.diariosur.es\/wp-content\/uploads\/sites\/49\/2014\/04\/montaje-150x150.jpg 150w, https:\/\/static-blogs.diariosur.es\/wp-content\/uploads\/sites\/49\/2014\/04\/montaje-300x300.jpg 300w\" sizes=\"(max-width: 600px) 100vw, 600px\" \/><\/a><!--more--><a href=\"\/pasarelaurbana\/wp-content\/uploads\/sites\/49\/2014\/04\/101.jpg\"><img loading=\"lazy\" class=\"aligncenter size-full wp-image-6643\" title=\"10\" src=\"\/pasarelaurbana\/wp-content\/uploads\/sites\/49\/2014\/04\/101.jpg\" alt=\"\" width=\"600\" height=\"800\" srcset=\"https:\/\/static-blogs.diariosur.es\/wp-content\/uploads\/sites\/49\/2014\/04\/101.jpg 600w, https:\/\/static-blogs.diariosur.es\/wp-content\/uploads\/sites\/49\/2014\/04\/101-225x300.jpg 225w\" sizes=\"(max-width: 600px) 100vw, 600px\" \/><\/a><\/p>\n<p style=\"text-align: center;\"><a href=\"\/pasarelaurbana\/wp-content\/uploads\/sites\/49\/2014\/04\/42.jpg\"><img loading=\"lazy\" class=\"aligncenter size-full wp-image-6637\" title=\"4\" src=\"\/pasarelaurbana\/wp-content\/uploads\/sites\/49\/2014\/04\/42.jpg\" alt=\"\" width=\"600\" height=\"600\" srcset=\"https:\/\/static-blogs.diariosur.es\/wp-content\/uploads\/sites\/49\/2014\/04\/42.jpg 600w, https:\/\/static-blogs.diariosur.es\/wp-content\/uploads\/sites\/49\/2014\/04\/42-150x150.jpg 150w, https:\/\/static-blogs.diariosur.es\/wp-content\/uploads\/sites\/49\/2014\/04\/42-300x300.jpg 300w\" sizes=\"(max-width: 600px) 100vw, 600px\" \/><\/a><\/p>\n<p style=\"text-align: center;\"><a href=\"\/pasarelaurbana\/wp-content\/uploads\/sites\/49\/2014\/04\/51.jpg\"><img loading=\"lazy\" class=\"aligncenter size-full wp-image-6638\" title=\"5\" src=\"\/pasarelaurbana\/wp-content\/uploads\/sites\/49\/2014\/04\/51.jpg\" alt=\"\" width=\"600\" height=\"600\" srcset=\"https:\/\/static-blogs.diariosur.es\/wp-content\/uploads\/sites\/49\/2014\/04\/51.jpg 600w, https:\/\/static-blogs.diariosur.es\/wp-content\/uploads\/sites\/49\/2014\/04\/51-150x150.jpg 150w, https:\/\/static-blogs.diariosur.es\/wp-content\/uploads\/sites\/49\/2014\/04\/51-300x300.jpg 300w\" sizes=\"(max-width: 600px) 100vw, 600px\" \/><\/a><\/p>\n<p style=\"text-align: center;\">Arriba, interior del aparatamento, como veis con una peque\u00f1a cocina y con chimenea.<\/p>\n<p style=\"text-align: center;\"><a href=\"\/pasarelaurbana\/wp-content\/uploads\/sites\/49\/2014\/04\/71.jpg\"><img loading=\"lazy\" class=\"aligncenter size-full wp-image-6640\" title=\"7\" src=\"\/pasarelaurbana\/wp-content\/uploads\/sites\/49\/2014\/04\/71.jpg\" alt=\"\" width=\"600\" height=\"600\" srcset=\"https:\/\/static-blogs.diariosur.es\/wp-content\/uploads\/sites\/49\/2014\/04\/71.jpg 600w, https:\/\/static-blogs.diariosur.es\/wp-content\/uploads\/sites\/49\/2014\/04\/71-150x150.jpg 150w, https:\/\/static-blogs.diariosur.es\/wp-content\/uploads\/sites\/49\/2014\/04\/71-300x300.jpg 300w\" sizes=\"(max-width: 600px) 100vw, 600px\" \/><\/a><\/p>\n<p style=\"text-align: center;\"><a href=\"\/pasarelaurbana\/wp-content\/uploads\/sites\/49\/2014\/04\/81.jpg\"><img loading=\"lazy\" class=\"aligncenter size-full wp-image-6641\" title=\"8\" src=\"\/pasarelaurbana\/wp-content\/uploads\/sites\/49\/2014\/04\/81.jpg\" alt=\"\" width=\"600\" height=\"600\" srcset=\"https:\/\/static-blogs.diariosur.es\/wp-content\/uploads\/sites\/49\/2014\/04\/81.jpg 600w, https:\/\/static-blogs.diariosur.es\/wp-content\/uploads\/sites\/49\/2014\/04\/81-150x150.jpg 150w, https:\/\/static-blogs.diariosur.es\/wp-content\/uploads\/sites\/49\/2014\/04\/81-300x300.jpg 300w\" sizes=\"(max-width: 600px) 100vw, 600px\" \/><\/a><\/p>\n<p style=\"text-align: center;\"><a href=\"\/pasarelaurbana\/wp-content\/uploads\/sites\/49\/2014\/04\/91.jpg\"><img loading=\"lazy\" class=\"aligncenter size-full wp-image-6642\" title=\"9\" src=\"\/pasarelaurbana\/wp-content\/uploads\/sites\/49\/2014\/04\/91.jpg\" alt=\"\" width=\"600\" height=\"450\" srcset=\"https:\/\/static-blogs.diariosur.es\/wp-content\/uploads\/sites\/49\/2014\/04\/91.jpg 600w, https:\/\/static-blogs.diariosur.es\/wp-content\/uploads\/sites\/49\/2014\/04\/91-300x225.jpg 300w\" sizes=\"(max-width: 600px) 100vw, 600px\" \/><\/a><\/p>\n<p style=\"text-align: center;\"><a href=\"\/pasarelaurbana\/wp-content\/uploads\/sites\/49\/2014\/04\/231.jpg\"><img loading=\"lazy\" class=\"aligncenter  wp-image-6660\" title=\"23\" src=\"\/pasarelaurbana\/wp-content\/uploads\/sites\/49\/2014\/04\/231.jpg\" alt=\"\" width=\"600\" height=\"800\" srcset=\"https:\/\/static-blogs.diariosur.es\/wp-content\/uploads\/sites\/49\/2014\/04\/231.jpg 600w, https:\/\/static-blogs.diariosur.es\/wp-content\/uploads\/sites\/49\/2014\/04\/231-225x300.jpg 225w\" sizes=\"(max-width: 600px) 100vw, 600px\" \/><\/a><\/p>\n<p style=\"text-align: center;\"><a href=\"\/pasarelaurbana\/wp-content\/uploads\/sites\/49\/2014\/04\/19.jpg\"><img loading=\"lazy\" class=\"aligncenter size-full wp-image-6651\" title=\"19\" src=\"\/pasarelaurbana\/wp-content\/uploads\/sites\/49\/2014\/04\/19.jpg\" alt=\"\" width=\"600\" height=\"800\" srcset=\"https:\/\/static-blogs.diariosur.es\/wp-content\/uploads\/sites\/49\/2014\/04\/19.jpg 600w, https:\/\/static-blogs.diariosur.es\/wp-content\/uploads\/sites\/49\/2014\/04\/19-225x300.jpg 225w\" sizes=\"(max-width: 600px) 100vw, 600px\" \/><\/a><\/p>\n<p style=\"text-align: center;\"><a href=\"\/pasarelaurbana\/wp-content\/uploads\/sites\/49\/2014\/04\/221.jpg\"><img loading=\"lazy\" class=\"aligncenter size-full wp-image-6659\" title=\"22\" src=\"\/pasarelaurbana\/wp-content\/uploads\/sites\/49\/2014\/04\/221.jpg\" alt=\"\" width=\"600\" height=\"800\" srcset=\"https:\/\/static-blogs.diariosur.es\/wp-content\/uploads\/sites\/49\/2014\/04\/221.jpg 600w, https:\/\/static-blogs.diariosur.es\/wp-content\/uploads\/sites\/49\/2014\/04\/221-225x300.jpg 225w\" sizes=\"(max-width: 600px) 100vw, 600px\" \/><\/a><\/p>\n<p style=\"text-align: center;\"><a href=\"\/pasarelaurbana\/wp-content\/uploads\/sites\/49\/2014\/04\/25.jpg\"><img loading=\"lazy\" class=\"aligncenter size-full wp-image-6665\" title=\"25\" src=\"\/pasarelaurbana\/wp-content\/uploads\/sites\/49\/2014\/04\/25.jpg\" alt=\"\" width=\"600\" height=\"600\" srcset=\"https:\/\/static-blogs.diariosur.es\/wp-content\/uploads\/sites\/49\/2014\/04\/25.jpg 600w, https:\/\/static-blogs.diariosur.es\/wp-content\/uploads\/sites\/49\/2014\/04\/25-150x150.jpg 150w, https:\/\/static-blogs.diariosur.es\/wp-content\/uploads\/sites\/49\/2014\/04\/25-300x300.jpg 300w\" sizes=\"(max-width: 600px) 100vw, 600px\" \/><\/a><\/p>\n<p style=\"text-align: center;\"><a href=\"\/pasarelaurbana\/wp-content\/uploads\/sites\/49\/2014\/04\/26.jpg\"><img loading=\"lazy\" class=\"aligncenter size-full wp-image-6666\" title=\"26\" src=\"\/pasarelaurbana\/wp-content\/uploads\/sites\/49\/2014\/04\/26.jpg\" alt=\"\" width=\"600\" height=\"600\" srcset=\"https:\/\/static-blogs.diariosur.es\/wp-content\/uploads\/sites\/49\/2014\/04\/26.jpg 600w, https:\/\/static-blogs.diariosur.es\/wp-content\/uploads\/sites\/49\/2014\/04\/26-150x150.jpg 150w, https:\/\/static-blogs.diariosur.es\/wp-content\/uploads\/sites\/49\/2014\/04\/26-300x300.jpg 300w\" sizes=\"(max-width: 600px) 100vw, 600px\" \/><\/a><\/p>\n<p style=\"text-align: center;\"><a href=\"\/pasarelaurbana\/wp-content\/uploads\/sites\/49\/2014\/04\/27.jpg\"><img loading=\"lazy\" class=\"aligncenter size-full wp-image-6664\" title=\"27\" src=\"\/pasarelaurbana\/wp-content\/uploads\/sites\/49\/2014\/04\/27.jpg\" alt=\"\" width=\"600\" height=\"600\" srcset=\"https:\/\/static-blogs.diariosur.es\/wp-content\/uploads\/sites\/49\/2014\/04\/27.jpg 600w, https:\/\/static-blogs.diariosur.es\/wp-content\/uploads\/sites\/49\/2014\/04\/27-150x150.jpg 150w, https:\/\/static-blogs.diariosur.es\/wp-content\/uploads\/sites\/49\/2014\/04\/27-300x300.jpg 300w\" sizes=\"(max-width: 600px) 100vw, 600px\" \/><\/a><\/p>\n<p style=\"text-align: center;\"><a href=\"\/pasarelaurbana\/wp-content\/uploads\/sites\/49\/2014\/04\/coco.jpg\"><img loading=\"lazy\" class=\"aligncenter size-full wp-image-6648\" title=\"coco\" src=\"\/pasarelaurbana\/wp-content\/uploads\/sites\/49\/2014\/04\/coco.jpg\" alt=\"\" width=\"600\" height=\"800\" srcset=\"https:\/\/static-blogs.diariosur.es\/wp-content\/uploads\/sites\/49\/2014\/04\/coco.jpg 600w, https:\/\/static-blogs.diariosur.es\/wp-content\/uploads\/sites\/49\/2014\/04\/coco-225x300.jpg 225w\" sizes=\"(max-width: 600px) 100vw, 600px\" \/><\/a><\/p>\n<p style=\"text-align: center;\">Sobre estas l\u00edneas, algunos de los rincones del cortijo. Para el primer d\u00eda eleg\u00ed estos pantalones jogging de la nueva colecci\u00f3n de <strong>H&#038;M<\/strong> comod\u00edsimos, que llev\u00e9 con camiseta a rayas -para mi b\u00e1sica en primavera. Las gafas, que ya se han convertido en una de mis favoritas, son nuevas de <strong>Stradivarius<\/strong>.<\/p>\n<p style=\"text-align: center;\"><a href=\"\/pasarelaurbana\/wp-content\/uploads\/sites\/49\/2014\/04\/112.jpg\"><img loading=\"lazy\" class=\"aligncenter size-full wp-image-6644\" title=\"11\" src=\"\/pasarelaurbana\/wp-content\/uploads\/sites\/49\/2014\/04\/112.jpg\" alt=\"\" width=\"600\" height=\"800\" srcset=\"https:\/\/static-blogs.diariosur.es\/wp-content\/uploads\/sites\/49\/2014\/04\/112.jpg 600w, https:\/\/static-blogs.diariosur.es\/wp-content\/uploads\/sites\/49\/2014\/04\/112-225x300.jpg 225w\" sizes=\"(max-width: 600px) 100vw, 600px\" \/><\/a><\/p>\n<p style=\"text-align: center;\"><a href=\"\/pasarelaurbana\/wp-content\/uploads\/sites\/49\/2014\/04\/121.jpg\"><img loading=\"lazy\" class=\"aligncenter size-full wp-image-6645\" title=\"12\" src=\"\/pasarelaurbana\/wp-content\/uploads\/sites\/49\/2014\/04\/121.jpg\" alt=\"\" width=\"600\" height=\"800\" srcset=\"https:\/\/static-blogs.diariosur.es\/wp-content\/uploads\/sites\/49\/2014\/04\/121.jpg 600w, https:\/\/static-blogs.diariosur.es\/wp-content\/uploads\/sites\/49\/2014\/04\/121-225x300.jpg 225w\" sizes=\"(max-width: 600px) 100vw, 600px\" \/><\/a><\/p>\n<p style=\"text-align: center;\"><a href=\"\/pasarelaurbana\/wp-content\/uploads\/sites\/49\/2014\/04\/131.jpg\"><img loading=\"lazy\" class=\"aligncenter size-full wp-image-6646\" title=\"13\" src=\"\/pasarelaurbana\/wp-content\/uploads\/sites\/49\/2014\/04\/131.jpg\" alt=\"\" width=\"600\" height=\"800\" srcset=\"https:\/\/static-blogs.diariosur.es\/wp-content\/uploads\/sites\/49\/2014\/04\/131.jpg 600w, https:\/\/static-blogs.diariosur.es\/wp-content\/uploads\/sites\/49\/2014\/04\/131-225x300.jpg 225w\" sizes=\"(max-width: 600px) 100vw, 600px\" \/><\/a><\/p>\n<p style=\"text-align: center;\"><a href=\"\/pasarelaurbana\/wp-content\/uploads\/sites\/49\/2014\/04\/141.jpg\"><img loading=\"lazy\" class=\"aligncenter size-full wp-image-6647\" title=\"14\" src=\"\/pasarelaurbana\/wp-content\/uploads\/sites\/49\/2014\/04\/141.jpg\" alt=\"\" width=\"600\" height=\"450\" srcset=\"https:\/\/static-blogs.diariosur.es\/wp-content\/uploads\/sites\/49\/2014\/04\/141.jpg 600w, https:\/\/static-blogs.diariosur.es\/wp-content\/uploads\/sites\/49\/2014\/04\/141-300x225.jpg 300w\" sizes=\"(max-width: 600px) 100vw, 600px\" \/><\/a><\/p>\n<p style=\"text-align: center;\"><a href=\"\/pasarelaurbana\/wp-content\/uploads\/sites\/49\/2014\/04\/152.jpg\"><img loading=\"lazy\" class=\"aligncenter size-full wp-image-6663\" title=\"15\" src=\"\/pasarelaurbana\/wp-content\/uploads\/sites\/49\/2014\/04\/152.jpg\" alt=\"\" width=\"600\" height=\"800\" srcset=\"https:\/\/static-blogs.diariosur.es\/wp-content\/uploads\/sites\/49\/2014\/04\/152.jpg 600w, https:\/\/static-blogs.diariosur.es\/wp-content\/uploads\/sites\/49\/2014\/04\/152-225x300.jpg 225w\" sizes=\"(max-width: 600px) 100vw, 600px\" \/><\/a><\/p>\n<p style=\"text-align: center;\"><a href=\"\/pasarelaurbana\/wp-content\/uploads\/sites\/49\/2014\/04\/161.jpg\"><img loading=\"lazy\" class=\"aligncenter size-full wp-image-6649\" title=\"16\" src=\"\/pasarelaurbana\/wp-content\/uploads\/sites\/49\/2014\/04\/161.jpg\" alt=\"\" width=\"600\" height=\"800\" srcset=\"https:\/\/static-blogs.diariosur.es\/wp-content\/uploads\/sites\/49\/2014\/04\/161.jpg 600w, https:\/\/static-blogs.diariosur.es\/wp-content\/uploads\/sites\/49\/2014\/04\/161-225x300.jpg 225w\" sizes=\"(max-width: 600px) 100vw, 600px\" \/><\/a><\/p>\n<p style=\"text-align: center;\"><a href=\"\/pasarelaurbana\/wp-content\/uploads\/sites\/49\/2014\/04\/18.jpg\"><img loading=\"lazy\" class=\"aligncenter size-full wp-image-6650\" title=\"18\" src=\"\/pasarelaurbana\/wp-content\/uploads\/sites\/49\/2014\/04\/18.jpg\" alt=\"\" width=\"600\" height=\"600\" srcset=\"https:\/\/static-blogs.diariosur.es\/wp-content\/uploads\/sites\/49\/2014\/04\/18.jpg 600w, https:\/\/static-blogs.diariosur.es\/wp-content\/uploads\/sites\/49\/2014\/04\/18-150x150.jpg 150w, https:\/\/static-blogs.diariosur.es\/wp-content\/uploads\/sites\/49\/2014\/04\/18-300x300.jpg 300w\" sizes=\"(max-width: 600px) 100vw, 600px\" \/><\/a><\/p>\n<p style=\"text-align: center;\">Arriba, algunas de las estampas del Centro de Tarifa que me enamoraron. La <a href=\"https:\/\/www.facebook.com\/pages\/La-Alpargater%C3%ADa-de-Tarifa\/386943308002085\" rel=\"external nofollow\">Alpargater\u00eda<\/a> tiene unos modelos metalizados preciosos que me encantaron. \u00bfOtro fichaje? Las pulseras \u00e9tnicas tipo brazalete de <a href=\"http:\/\/www.hipanema.com\/\" rel=\"external nofollow\">Hipanema<\/a>, todo un flechazo del que ya estoy encaprichada. Todas las tiendas que os ense\u00f1o en estas fotos est\u00e1n en una de las principales calles comerciales del Centro, Nuestra Se\u00f1ora de la Luz.<\/p>\n<p style=\"text-align: center;\"><a href=\"\/pasarelaurbana\/wp-content\/uploads\/sites\/49\/2014\/04\/201.jpg\"><img loading=\"lazy\" class=\"aligncenter size-full wp-image-6669\" title=\"20\" src=\"\/pasarelaurbana\/wp-content\/uploads\/sites\/49\/2014\/04\/201.jpg\" alt=\"\" width=\"600\" height=\"450\" srcset=\"https:\/\/static-blogs.diariosur.es\/wp-content\/uploads\/sites\/49\/2014\/04\/201.jpg 600w, https:\/\/static-blogs.diariosur.es\/wp-content\/uploads\/sites\/49\/2014\/04\/201-300x225.jpg 300w\" sizes=\"(max-width: 600px) 100vw, 600px\" \/><\/a><\/p>\n<p style=\"text-align: center;\"><a href=\"\/pasarelaurbana\/wp-content\/uploads\/sites\/49\/2014\/04\/212.jpg\"><img loading=\"lazy\" class=\"aligncenter size-full wp-image-6662\" title=\"21\" src=\"\/pasarelaurbana\/wp-content\/uploads\/sites\/49\/2014\/04\/212.jpg\" alt=\"\" width=\"600\" height=\"450\" srcset=\"https:\/\/static-blogs.diariosur.es\/wp-content\/uploads\/sites\/49\/2014\/04\/212.jpg 600w, https:\/\/static-blogs.diariosur.es\/wp-content\/uploads\/sites\/49\/2014\/04\/212-300x225.jpg 300w\" sizes=\"(max-width: 600px) 100vw, 600px\" \/><\/a><\/p>\n<p style=\"text-align: center;\">Sobre estas l\u00edneas, el chiringuito Arte Vida, muy recomendable para comer o tomar un caf\u00e9 al ritmo de m\u00fasica chill out. La ensalada de queso de cabra, las croquetas y la presa ib\u00e9rica&#8230;de diez.<\/p>\n<p style=\"text-align: center;\"><a href=\"\/pasarelaurbana\/wp-content\/uploads\/sites\/49\/2014\/04\/241.jpg\"><img loading=\"lazy\" class=\"aligncenter size-full wp-image-6658\" title=\"24\" src=\"\/pasarelaurbana\/wp-content\/uploads\/sites\/49\/2014\/04\/241.jpg\" alt=\"\" width=\"600\" height=\"800\" srcset=\"https:\/\/static-blogs.diariosur.es\/wp-content\/uploads\/sites\/49\/2014\/04\/241.jpg 600w, https:\/\/static-blogs.diariosur.es\/wp-content\/uploads\/sites\/49\/2014\/04\/241-225x300.jpg 225w\" sizes=\"(max-width: 600px) 100vw, 600px\" \/><\/a><\/p>\n<p style=\"text-align: center;\">Y me despido con una de mis fotos favoritas del viaje, de mis dos soles.<\/p>\n<p style=\"text-align: center;\">\u00a1Espero que os haya gustado!<\/p>\n","protected":false},"excerpt":{"rendered":"<p>\u00a1Feliz lunes! Tras una mini escapada empiezo la semana con las pilas s\u00faper cargadas. Como sab\u00e9is, los protagonistas de esta espacio son los looks que fichamos en las calles de M\u00e1laga y las noticias de moda ligadas a la provincia. Pero de vez en cuando me permito un peque\u00f1o par\u00e9ntesis para compartir con vosotr@s otras [&hellip;]<\/p>\n","protected":false},"author":54,"featured_media":0,"comment_status":"open","ping_status":"open","sticky":false,"template":"","format":"standard","meta":[],"categories":[2],"tags":[],"_links":{"self":[{"href":"https:\/\/blogs.diariosur.es\/pasarelaurbana\/wp-json\/wp\/v2\/posts\/6635"}],"collection":[{"href":"https:\/\/blogs.diariosur.es\/pasarelaurbana\/wp-json\/wp\/v2\/posts"}],"about":[{"href":"https:\/\/blogs.diariosur.es\/pasarelaurbana\/wp-json\/wp\/v2\/types\/post"}],"author":[{"embeddable":true,"href":"https:\/\/blogs.diariosur.es\/pasarelaurbana\/wp-json\/wp\/v2\/users\/54"}],"replies":[{"embeddable":true,"href":"https:\/\/blogs.diariosur.es\/pasarelaurbana\/wp-json\/wp\/v2\/comments?post=6635"}],"version-history":[{"count":0,"href":"https:\/\/blogs.diariosur.es\/pasarelaurbana\/wp-json\/wp\/v2\/posts\/6635\/revisions"}],"wp:attachment":[{"href":"https:\/\/blogs.diariosur.es\/pasarelaurbana\/wp-json\/wp\/v2\/media?parent=6635"}],"wp:term":[{"taxonomy":"category","embeddable":true,"href":"https:\/\/blogs.diariosur.es\/pasarelaurbana\/wp-json\/wp\/v2\/categories?post=6635"},{"taxonomy":"post_tag","embeddable":true,"href":"https:\/\/blogs.diariosur.es\/pasarelaurbana\/wp-json\/wp\/v2\/tags?post=6635"}],"curies":[{"name":"wp","href":"https:\/\/api.w.org\/{rel}","templated":true}]}}