{"id":6782,"date":"2014-04-22T14:56:53","date_gmt":"2014-04-22T12:56:53","guid":{"rendered":"http:\/\/blogs.diariosur.es\/pasarelaurbana\/?p=6782"},"modified":"2014-04-22T14:56:53","modified_gmt":"2014-04-22T12:56:53","slug":"la-cantera-de-jovenes-disenadores-saca-musculo-en-el-malaga-crea","status":"publish","type":"post","link":"https:\/\/blogs.diariosur.es\/pasarelaurbana\/2014\/04\/22\/la-cantera-de-jovenes-disenadores-saca-musculo-en-el-malaga-crea\/","title":{"rendered":"La cantera de j\u00f3venes dise\u00f1adores saca m\u00fasculo en el M\u00e1laga Crea"},"content":{"rendered":"<p style=\"text-align: center;\">\u00a1Feliz martes! \u00bfQu\u00e9 tal el regreso tras Semana Santa? Como sab\u00e9is, he estado fuera unos d\u00edas, pero ya he vuelto con energ\u00edas renovadas y con esa ilusi\u00f3n y ganas que da el ser una apasionada de tu trabajo, como es mi caso. Dicho esto, hoy quiero hablaros de un evento que tendr\u00e1 lugar este fin de semana en M\u00e1laga y del que tengo el honor de formar parte. Se trata de la pasarela <strong>M\u00e1laga Crea de Moda<\/strong>, un magn\u00edfico escaparate que permitir\u00e1 que una treintena de j\u00f3venes dise\u00f1adores de la provincia muestren sus creaciones. Ser\u00e1 durante este viernes y s\u00e1bado, 25 y 26 de abril, en el Parque de Ocio Plaza Mayor\u00a0 a partir de las 20.30 horas.<\/p>\n<p style=\"text-align: center;\">La Pasarela MLGCREA Moda 2014 est\u00e1 organizada por el \u00c1rea de Juventud del Ayuntamiento de M\u00e1laga y cuenta con un jurado experto en el sector integrado por\u00a0la directora de la Agencia Nueva Moda, <strong>Mar\u00eda Jos\u00e9 Gonz\u00e1lez<\/strong>,\u00a0 la personal shopper\u00a0 <strong>Bel\u00e9n del Campo<\/strong>, el dise\u00f1ador malague\u00f1o de alta costura <strong>\u00c1ngel Palazuelos<\/strong> y <strong>una servidora<\/strong>, que acude en calidad de periodista especializada en moda.<\/p>\n<p style=\"text-align: center;\">En esta duod\u00e9cima edici\u00f3n de la muestra se han presentado <strong>31 dise\u00f1adores<\/strong>, de los que 15 son naturales de M\u00e1laga y 11 de otras provincias de Andaluc\u00eda. <strong>Al participar en las labores de preselecci\u00f3n he podido ver sus bocetos y trabajos de cerca y he de decir que el nivel es muy alto<\/strong>. La calidad de las presentaciones, la pasi\u00f3n que destila cada uno de los dossieres que tuve en mis manos me entusiasm\u00f3. Recuerdo el optimismo con el que sal\u00ed de aquella reuni\u00f3n con el resto de miembros del jurado en la Caja Blanca, que abandon\u00e9 con el buen sabor de boca que da el comprobar tan de cerca que la cantera de dise\u00f1adores malague\u00f1as tiene mucho que decir.<\/p>\n<p style=\"text-align: center;\">Tras ver sus creaciones sobre papel, el viernes llegar\u00e1 por fin el momento de ver sus colecciones en movimiento sobre la pasarela. En concreto, <strong>el d\u00eda 25<\/strong> ser\u00e1 el turno de 16 de los j\u00f3venes dise\u00f1adores participantes, que desfilar\u00e1n un total de 113 modelos. En concreto, mostrar\u00e1n sus creaciones Lara Rodr\u00edguez P\u00e9rez (colecci\u00f3n Game &#038; Sport), Alicia Luque (colecci\u00f3n Que salga el sol), SexyCrochet (colecci\u00f3n La Noche Estrellada), Pilar Arregui (colecci\u00f3n Amanecer), Signe Roedbro (colecci\u00f3n Knockout), Claudia Varanski (colecci\u00f3n Al-hatal), Caterina Fern\u00e1ndez (colecci\u00f3n Fusi\u00f3n de Colores), Mercedes Sanz (colecci\u00f3n Perla), \u00c1nver (colecci\u00f3n Minimal), \u00c1lvaro Olmedo (colecci\u00f3n Exceptions), Ken (colecci\u00f3n Princess), Jose Galva\u00f1 (colecci\u00f3n Primer Aviso), Antonio Zorrilla (colecci\u00e7on Pool Paradise), Carol Vargas (colecci\u00f3n Tropical Popsicle), Antonio Gal\u00e1n (colecci\u00f3n Glacial) y Miriam Ruiz Ram\u00edrez (colecci\u00f3n My Lover).<\/p>\n<p style=\"text-align: center;\">El s\u00e1bado <strong>26 de abril<\/strong>, d\u00eda del cierre, el turno llegar\u00e1 para los 15 dise\u00f1adores restantes, que desfilar\u00e1n 107 modelos. Este grupo lo forman Yasmina Medina (colecci\u00f3n Sombra Fr\u00eda), Fran Gallardo (colecci\u00f3n Gallard\u00eda &#038; Distinci\u00f3n), Isabel Kayser (colecci\u00f3n Aurora), Roc\u00edo Monserrat (colecci\u00f3n Mi Sue\u00f1o Victoriano), Lilith (colecci\u00f3n 13), Bart Avarota (colecci\u00f3n Deep Blue Sea), Julia Rubio (colecci\u00f3n El Azor, Taiga), Maite Garc\u00eda (colecci\u00f3n Entre Lazos y Volantes), Euphemio Fern\u00e1ndez (colecci\u00f3n N\u00e9mesis Fw20142015), Mar\u00eda A. (colecci\u00f3n Kyoto), Oz\u00fcl (colecci\u00f3n Juernes), Jorge S\u00e1nchez (colecci\u00f3n Albore\u00e1), Teresa Lara (colecci\u00f3n Escarlata), Manuel Jim\u00e9nez (colecci\u00f3n Elegante Pink) y Mar\u00eda Rengel (colecci\u00f3n Black Night).<\/p>\n<p style=\"text-align: center;\">Adem\u00e1s, durante el s\u00e1bado no solo desfilar\u00e1n los finalistas de esta muestra MLGCREA 2014. Los asistentes podr\u00e1n disfrutar tambi\u00e9n del desfile de la ganadora del segundo premio de la muestra de Moda de M\u00e1lagaCrea 2013, <strong>Virginia Morales<\/strong>, que presentar\u00e1 su nueva colecci\u00f3n llamada &#8216;Entrop\u00eda&#8217;, en la que dise\u00f1adota pretende plasmar la realidad social del ritmo de vida actual.<\/p>\n<p style=\"text-align: center;\">En la duod\u00e9cima edici\u00f3n de esta muestra<strong> se repartir\u00e1n tres premios econ\u00f3micos de 1.800, 1.200 y 800 euros<\/strong> para los tres dise\u00f1adores mejores valorados por el jurado, adem\u00e1s de un premio al mejor modelo de pasarela por 500 euros. Asimismo,\u00a0 los seleccionados del jurado tendr\u00e1n la oportunidad de mostrar y promocionar sus creaciones en<strong> la Pasarela Larios M\u00e1laga Fashion Week que, por primera vez, har\u00e1 un hueco en su pr\u00f3xima edici\u00f3n a los dise\u00f1adores noveles<\/strong>. Y hay un galard\u00f3n m\u00e1s: el especial de &#8216;Nuevas Tecnolog\u00edas&#8217;, mediante el cual los j\u00f3venes podr\u00e1n mostrar sus dise\u00f1os a golpe de rat\u00f3n de forma gratuita durante un a\u00f1o, gracias a la cesi\u00f3n de un dominio, hosting y plantilla web.<\/p>\n<p style=\"text-align: center;\">Si os gusta la moda y quer\u00e9is ver lo que se cuece entre las nuevas generaciones de dise\u00f1adores malague\u00f1os os animo a que os pas\u00e9is este viernes y s\u00e1bado por Plaza Mayor. La ocasi\u00f3n merece la pena. Yo estoy deseando ver los dise\u00f1os sobre la pasarela. \u00a1Hasta ma\u00f1ana!<\/p>\n<p><a href=\"\/pasarelaurbana\/wp-content\/uploads\/sites\/49\/2014\/04\/mcrea.jpg\"><img loading=\"lazy\" class=\"aligncenter size-full wp-image-6783\" title=\"mcrea\" src=\"\/pasarelaurbana\/wp-content\/uploads\/sites\/49\/2014\/04\/mcrea.jpg\" alt=\"\" width=\"600\" height=\"399\" srcset=\"https:\/\/static-blogs.diariosur.es\/wp-content\/uploads\/sites\/49\/2014\/04\/mcrea.jpg 600w, https:\/\/static-blogs.diariosur.es\/wp-content\/uploads\/sites\/49\/2014\/04\/mcrea-300x200.jpg 300w\" sizes=\"(max-width: 600px) 100vw, 600px\" \/><\/a><\/p>\n","protected":false},"excerpt":{"rendered":"<p>\u00a1Feliz martes! \u00bfQu\u00e9 tal el regreso tras Semana Santa? Como sab\u00e9is, he estado fuera unos d\u00edas, pero ya he vuelto con energ\u00edas renovadas y con esa ilusi\u00f3n y ganas que da el ser una apasionada de tu trabajo, como es mi caso. Dicho esto, hoy quiero hablaros de un evento que tendr\u00e1 lugar este fin [&hellip;]<\/p>\n","protected":false},"author":54,"featured_media":0,"comment_status":"open","ping_status":"open","sticky":false,"template":"","format":"standard","meta":[],"categories":[2],"tags":[],"_links":{"self":[{"href":"https:\/\/blogs.diariosur.es\/pasarelaurbana\/wp-json\/wp\/v2\/posts\/6782"}],"collection":[{"href":"https:\/\/blogs.diariosur.es\/pasarelaurbana\/wp-json\/wp\/v2\/posts"}],"about":[{"href":"https:\/\/blogs.diariosur.es\/pasarelaurbana\/wp-json\/wp\/v2\/types\/post"}],"author":[{"embeddable":true,"href":"https:\/\/blogs.diariosur.es\/pasarelaurbana\/wp-json\/wp\/v2\/users\/54"}],"replies":[{"embeddable":true,"href":"https:\/\/blogs.diariosur.es\/pasarelaurbana\/wp-json\/wp\/v2\/comments?post=6782"}],"version-history":[{"count":0,"href":"https:\/\/blogs.diariosur.es\/pasarelaurbana\/wp-json\/wp\/v2\/posts\/6782\/revisions"}],"wp:attachment":[{"href":"https:\/\/blogs.diariosur.es\/pasarelaurbana\/wp-json\/wp\/v2\/media?parent=6782"}],"wp:term":[{"taxonomy":"category","embeddable":true,"href":"https:\/\/blogs.diariosur.es\/pasarelaurbana\/wp-json\/wp\/v2\/categories?post=6782"},{"taxonomy":"post_tag","embeddable":true,"href":"https:\/\/blogs.diariosur.es\/pasarelaurbana\/wp-json\/wp\/v2\/tags?post=6782"}],"curies":[{"name":"wp","href":"https:\/\/api.w.org\/{rel}","templated":true}]}}