{"id":6784,"date":"2014-04-24T16:10:27","date_gmt":"2014-04-24T14:10:27","guid":{"rendered":"http:\/\/blogs.diariosur.es\/pasarelaurbana\/?p=6784"},"modified":"2014-04-24T16:10:27","modified_gmt":"2014-04-24T14:10:27","slug":"un-verano-vestido-de-guipur","status":"publish","type":"post","link":"https:\/\/blogs.diariosur.es\/pasarelaurbana\/2014\/04\/24\/un-verano-vestido-de-guipur\/","title":{"rendered":"Un verano vestido de guipur"},"content":{"rendered":"<p style=\"text-align: center;\">Se aproxima el verano. Los mercurios se elevan y toca ir haciendo hueco a tejidos ligeros y vaporosos que traspiren y nos sirvan de aliados para combatir las altas temperaturas. Por suerte, esta temporada las tendencias nos echan un capote encumbrando al<strong> guipur, el crochet y las rejillas al podio de los tejidos imprescindibles<\/strong> cara a esta primavera\/verano que ya empieza a hacerse notar en M\u00e1laga. El guipur, de hecho ya se ha colado entre los <em>must have<\/em> del momento. Basta con echar un vistado a las nuevas colecciones de las tiendas<em> low cost.<\/em> Todas, y digo TODAS sin excepci\u00f3n,<strong> se han rendido a la feminidad y elegancia de esta terminaci\u00f3n<\/strong>, que extiende su reinado por tops (en crop-tops est\u00e1 hasta en la sopa), shorts min\u00fasculos, vestidos, pantalones, faldas midi de tubo (solo aptas para tipazos, eso s\u00ed), alpargatas y hasta bolsos. \u00bfEl resultado? Un toque ultrarom\u00e1ntico y bohemio a cualquier look que a mi <strong>personalmente me gusta por su delicadeza y por la impronta de sofisticaci\u00f3n que aportan a cualquier &#8216;outfit&#8217;.<\/strong> \u00bfC\u00f3mo llevarlo? Pues depende del l\u00edmite de atrevimiento de cada cual. En el mercado hay desde prendas que abusan del efecto transparente a otras que falsean esas transparencias recurriendo a forros (hay algunos de colores m\u00e1s chillones como el short con fondo verde menta de Zara que os muestro en el post m\u00e1s abajo) creando en algunos casos contrastes muy interesantes. Si sois m\u00e1s cl\u00e1sicas pod\u00e9is optar por un vestido de guipur (un buen fondo de armario que nunca est\u00e1 de m\u00e1s) mientras que si os va lo de correr ciertos resgos a mi por ejemplo me gusta combinar una falda midi de este tejido con una camiseta sport con mensaje. Las blusas caladas son otra buena opci\u00f3n para, por ejemplo, ir a la oficina, marid\u00e1ndolas con vaqueros. \u00a1Para gustos, colores! <strong>Para ayudaros a decidir os dejo con una seleci\u00f3n de prendas que he fichado de distintas tiendas on line<\/strong>. \u00a1Os dejo con ellas! Hasta ma\u00f1ana!<\/p>\n<p style=\"text-align: center;\">Como sab\u00e9is, pod\u00e9is seguirme en Twitter,\u00a0 <strong>@almunogues<\/strong>, y desde hace unos d\u00edas tambi\u00e9n en Instagram (s\u00ed, ya tocaba volver!), como<strong> almudena30<\/strong>.<\/p>\n<p style=\"text-align: center;\">Y ahora, \u00a1marchando una de guipur! \u00a1Espero que os de ideas!<\/p>\n<p><a href=\"\/pasarelaurbana\/wp-content\/uploads\/sites\/49\/2014\/04\/mangovestido.jpg\"><img loading=\"lazy\" class=\"aligncenter size-full wp-image-6790\" title=\"mangovestido\" src=\"\/pasarelaurbana\/wp-content\/uploads\/sites\/49\/2014\/04\/mangovestido.jpg\" alt=\"\" width=\"600\" height=\"839\" srcset=\"https:\/\/static-blogs.diariosur.es\/wp-content\/uploads\/sites\/49\/2014\/04\/mangovestido.jpg 600w, https:\/\/static-blogs.diariosur.es\/wp-content\/uploads\/sites\/49\/2014\/04\/mangovestido-215x300.jpg 215w\" sizes=\"(max-width: 600px) 100vw, 600px\" \/><\/a><!--more--><\/p>\n<p style=\"text-align: center;\">Sobre estas l\u00edneas, vestido de <strong>Mango<\/strong> de efecto rejilla. \u00a1Precioso y s\u00faper veraniego!<\/p>\n<p><a href=\"\/pasarelaurbana\/wp-content\/uploads\/sites\/49\/2014\/04\/shortzara.jpg\"><img loading=\"lazy\" class=\"aligncenter  wp-image-6792\" title=\"shortzara\" src=\"\/pasarelaurbana\/wp-content\/uploads\/sites\/49\/2014\/04\/shortzara.jpg\" alt=\"\" width=\"600\" height=\"743\" srcset=\"https:\/\/static-blogs.diariosur.es\/wp-content\/uploads\/sites\/49\/2014\/04\/shortzara.jpg 600w, https:\/\/static-blogs.diariosur.es\/wp-content\/uploads\/sites\/49\/2014\/04\/shortzara-242x300.jpg 242w\" sizes=\"(max-width: 600px) 100vw, 600px\" \/><\/a><\/p>\n<p>&nbsp;<\/p>\n<p><a href=\"\/pasarelaurbana\/wp-content\/uploads\/sites\/49\/2014\/04\/zarafalda.jpg\"><img loading=\"lazy\" class=\"aligncenter size-full wp-image-6785\" title=\"zarafalda\" src=\"\/pasarelaurbana\/wp-content\/uploads\/sites\/49\/2014\/04\/zarafalda.jpg\" alt=\"\" width=\"600\" height=\"1076\" srcset=\"https:\/\/static-blogs.diariosur.es\/wp-content\/uploads\/sites\/49\/2014\/04\/zarafalda.jpg 600w, https:\/\/static-blogs.diariosur.es\/wp-content\/uploads\/sites\/49\/2014\/04\/zarafalda-167x300.jpg 167w, https:\/\/static-blogs.diariosur.es\/wp-content\/uploads\/sites\/49\/2014\/04\/zarafalda-571x1024.jpg 571w\" sizes=\"(max-width: 600px) 100vw, 600px\" \/><\/a><\/p>\n<p><a href=\"\/pasarelaurbana\/wp-content\/uploads\/sites\/49\/2014\/04\/zaracamisa.jpg\"><img loading=\"lazy\" class=\"aligncenter size-full wp-image-6796\" title=\"zaracamisa\" src=\"\/pasarelaurbana\/wp-content\/uploads\/sites\/49\/2014\/04\/zaracamisa.jpg\" alt=\"\" width=\"600\" height=\"973\" srcset=\"https:\/\/static-blogs.diariosur.es\/wp-content\/uploads\/sites\/49\/2014\/04\/zaracamisa.jpg 600w, https:\/\/static-blogs.diariosur.es\/wp-content\/uploads\/sites\/49\/2014\/04\/zaracamisa-185x300.jpg 185w\" sizes=\"(max-width: 600px) 100vw, 600px\" \/><\/a><\/p>\n<p><a href=\"\/pasarelaurbana\/wp-content\/uploads\/sites\/49\/2014\/04\/zarabolso.jpg\"><img loading=\"lazy\" class=\"aligncenter size-full wp-image-6795\" title=\"zarabolso\" src=\"\/pasarelaurbana\/wp-content\/uploads\/sites\/49\/2014\/04\/zarabolso.jpg\" alt=\"\" width=\"600\" height=\"547\" srcset=\"https:\/\/static-blogs.diariosur.es\/wp-content\/uploads\/sites\/49\/2014\/04\/zarabolso.jpg 600w, https:\/\/static-blogs.diariosur.es\/wp-content\/uploads\/sites\/49\/2014\/04\/zarabolso-300x274.jpg 300w\" sizes=\"(max-width: 600px) 100vw, 600px\" \/><\/a><\/p>\n<p style=\"text-align: center;\">En las cuatro fotos de arriba, short, falda, camisa y bolso efecto troquelado de <strong>Zara<\/strong>.<\/p>\n<p style=\"text-align: center;\"><a href=\"\/pasarelaurbana\/wp-content\/uploads\/sites\/49\/2014\/04\/vestido-dutti.jpg\"><img loading=\"lazy\" class=\"aligncenter size-full wp-image-6794\" title=\"vestido-dutti\" src=\"\/pasarelaurbana\/wp-content\/uploads\/sites\/49\/2014\/04\/vestido-dutti.jpg\" alt=\"\" width=\"600\" height=\"912\" srcset=\"https:\/\/static-blogs.diariosur.es\/wp-content\/uploads\/sites\/49\/2014\/04\/vestido-dutti.jpg 600w, https:\/\/static-blogs.diariosur.es\/wp-content\/uploads\/sites\/49\/2014\/04\/vestido-dutti-197x300.jpg 197w\" sizes=\"(max-width: 600px) 100vw, 600px\" \/><\/a><\/p>\n<p style=\"text-align: center;\"><a href=\"\/pasarelaurbana\/wp-content\/uploads\/sites\/49\/2014\/04\/camisa-guipu-duttir.jpg\"><img loading=\"lazy\" class=\"aligncenter size-full wp-image-6787\" title=\"camisa-guipu-duttir\" src=\"\/pasarelaurbana\/wp-content\/uploads\/sites\/49\/2014\/04\/camisa-guipu-duttir.jpg\" alt=\"\" width=\"600\" height=\"912\" srcset=\"https:\/\/static-blogs.diariosur.es\/wp-content\/uploads\/sites\/49\/2014\/04\/camisa-guipu-duttir.jpg 600w, https:\/\/static-blogs.diariosur.es\/wp-content\/uploads\/sites\/49\/2014\/04\/camisa-guipu-duttir-197x300.jpg 197w\" sizes=\"(max-width: 600px) 100vw, 600px\" \/><\/a><\/p>\n<p style=\"text-align: center;\">Vestido rojo de guipur (s\u00faper elegante y femenino) y blusa de <strong>Massimo Dutti.<\/strong><\/p>\n<p style=\"text-align: center;\"><a href=\"\/pasarelaurbana\/wp-content\/uploads\/sites\/49\/2014\/04\/camiseta-bershka.jpg\"><img loading=\"lazy\" class=\"aligncenter  wp-image-6788\" title=\"camiseta-bershka\" src=\"\/pasarelaurbana\/wp-content\/uploads\/sites\/49\/2014\/04\/camiseta-bershka.jpg\" alt=\"\" width=\"600\" height=\"769\" srcset=\"https:\/\/static-blogs.diariosur.es\/wp-content\/uploads\/sites\/49\/2014\/04\/camiseta-bershka.jpg 600w, https:\/\/static-blogs.diariosur.es\/wp-content\/uploads\/sites\/49\/2014\/04\/camiseta-bershka-234x300.jpg 234w\" sizes=\"(max-width: 600px) 100vw, 600px\" \/><\/a><\/p>\n<p style=\"text-align: center;\">Top de <strong>Bershka<\/strong> de l\u00ednea m\u00e1s deportiva. Me gusta con pantalones <em>jogging<\/em>. Abajo, bolso tambi\u00e9n de Bershka con flores de encajes.<\/p>\n<p style=\"text-align: center;\"><a href=\"\/pasarelaurbana\/wp-content\/uploads\/sites\/49\/2014\/04\/bershka-bolso.jpg\"><img loading=\"lazy\" class=\"aligncenter size-full wp-image-6786\" title=\"bershka-bolso\" src=\"\/pasarelaurbana\/wp-content\/uploads\/sites\/49\/2014\/04\/bershka-bolso.jpg\" alt=\"\" width=\"600\" height=\"427\" srcset=\"https:\/\/static-blogs.diariosur.es\/wp-content\/uploads\/sites\/49\/2014\/04\/bershka-bolso.jpg 600w, https:\/\/static-blogs.diariosur.es\/wp-content\/uploads\/sites\/49\/2014\/04\/bershka-bolso-300x214.jpg 300w\" sizes=\"(max-width: 600px) 100vw, 600px\" \/><\/a><\/p>\n<p style=\"text-align: center;\"><a href=\"\/pasarelaurbana\/wp-content\/uploads\/sites\/49\/2014\/04\/pull2.jpg\"><img loading=\"lazy\" class=\"aligncenter size-full wp-image-6791\" title=\"pull\" src=\"\/pasarelaurbana\/wp-content\/uploads\/sites\/49\/2014\/04\/pull2.jpg\" alt=\"\" width=\"600\" height=\"739\" srcset=\"https:\/\/static-blogs.diariosur.es\/wp-content\/uploads\/sites\/49\/2014\/04\/pull2.jpg 600w, https:\/\/static-blogs.diariosur.es\/wp-content\/uploads\/sites\/49\/2014\/04\/pull2-244x300.jpg 244w\" sizes=\"(max-width: 600px) 100vw, 600px\" \/><\/a><\/p>\n<p style=\"text-align: center;\">Vestido verde botella de<strong> Pull&#038;Bear<\/strong>.<\/p>\n<p style=\"text-align: center;\"><a href=\"\/pasarelaurbana\/wp-content\/uploads\/sites\/49\/2014\/04\/tophm.jpg\"><img loading=\"lazy\" class=\"aligncenter size-full wp-image-6793\" title=\"tophm\" src=\"\/pasarelaurbana\/wp-content\/uploads\/sites\/49\/2014\/04\/tophm.jpg\" alt=\"\" width=\"600\" height=\"702\" srcset=\"https:\/\/static-blogs.diariosur.es\/wp-content\/uploads\/sites\/49\/2014\/04\/tophm.jpg 600w, https:\/\/static-blogs.diariosur.es\/wp-content\/uploads\/sites\/49\/2014\/04\/tophm-256x300.jpg 256w\" sizes=\"(max-width: 600px) 100vw, 600px\" \/><\/a><\/p>\n<p style=\"text-align: center;\">Top de <strong>H&#038;M<\/strong>.<\/p>\n<p>&nbsp;<\/p>\n","protected":false},"excerpt":{"rendered":"<p>Se aproxima el verano. Los mercurios se elevan y toca ir haciendo hueco a tejidos ligeros y vaporosos que traspiren y nos sirvan de aliados para combatir las altas temperaturas. Por suerte, esta temporada las tendencias nos echan un capote encumbrando al guipur, el crochet y las rejillas al podio de los tejidos imprescindibles cara [&hellip;]<\/p>\n","protected":false},"author":54,"featured_media":0,"comment_status":"open","ping_status":"open","sticky":false,"template":"","format":"standard","meta":[],"categories":[2],"tags":[],"_links":{"self":[{"href":"https:\/\/blogs.diariosur.es\/pasarelaurbana\/wp-json\/wp\/v2\/posts\/6784"}],"collection":[{"href":"https:\/\/blogs.diariosur.es\/pasarelaurbana\/wp-json\/wp\/v2\/posts"}],"about":[{"href":"https:\/\/blogs.diariosur.es\/pasarelaurbana\/wp-json\/wp\/v2\/types\/post"}],"author":[{"embeddable":true,"href":"https:\/\/blogs.diariosur.es\/pasarelaurbana\/wp-json\/wp\/v2\/users\/54"}],"replies":[{"embeddable":true,"href":"https:\/\/blogs.diariosur.es\/pasarelaurbana\/wp-json\/wp\/v2\/comments?post=6784"}],"version-history":[{"count":0,"href":"https:\/\/blogs.diariosur.es\/pasarelaurbana\/wp-json\/wp\/v2\/posts\/6784\/revisions"}],"wp:attachment":[{"href":"https:\/\/blogs.diariosur.es\/pasarelaurbana\/wp-json\/wp\/v2\/media?parent=6784"}],"wp:term":[{"taxonomy":"category","embeddable":true,"href":"https:\/\/blogs.diariosur.es\/pasarelaurbana\/wp-json\/wp\/v2\/categories?post=6784"},{"taxonomy":"post_tag","embeddable":true,"href":"https:\/\/blogs.diariosur.es\/pasarelaurbana\/wp-json\/wp\/v2\/tags?post=6784"}],"curies":[{"name":"wp","href":"https:\/\/api.w.org\/{rel}","templated":true}]}}